{"id":59365,"date":"2021-11-09T11:42:28","date_gmt":"2021-11-09T11:42:28","guid":{"rendered":"https:\/\/www.ull.es\/portal\/noticias\/?p=59365"},"modified":"2021-11-09T11:42:28","modified_gmt":"2021-11-09T11:42:28","slug":"ii-edicion-chicas-con-cienciull","status":"publish","type":"post","link":"https:\/\/www.ull.es\/portal\/noticias\/2021\/ii-edicion-chicas-con-cienciull\/","title":{"rendered":"La II edici\u00f3n del programa Chicas con Cienci@ull arranca con la participaci\u00f3n de m\u00e1s de 450 escolares"},"content":{"rendered":"<p>La segunda edici\u00f3n del <a href=\"https:\/\/www.ull.es\/portal\/cienciaull\/chicasconcienciaull2aedicion\/\" target=\"_blank\" rel=\"noopener\" target=\"_blank\" rel=\"noopener\">Programa Educativo Chicas con Cienci@ULL<\/a> acaba de arrancar con un evento de presentaci\u00f3n al cual asistieron los representantes de los ocho centros educativos seleccionados para participar en ella. En esta jornada inicial se pudo conocer de primera mano el programa de actividades, as\u00ed como sus objetivos.<\/p>\n<p>Este programa educativo se compone de un conjunto de actividades que engloban din\u00e1micas de trabajos donde se mostrar\u00e1 la importancia de la figura de las mujeres canarias en la ciencia y la tecnolog\u00eda. Para ello, se proyectar\u00e1 y comentar\u00e1 un cap\u00edtulo de la <a href=\"https:\/\/www.ull.es\/portal\/cienciaull\/serie-divulgativa-chicas-con-cienciull\/\" target=\"_blank\" rel=\"noopener\" target=\"_blank\" rel=\"noopener\">serie Chicas con Cienci@ULL<\/a> que muestra la trayectoria de una investigadora de la Universidad de La Laguna, a trav\u00e9s de su protagonista y, se realizar\u00e1 tambi\u00e9n un taller cient\u00edfico pr\u00e1ctico impartido por una doctoranda de la Universidad de La Laguna.<\/p>\n<p>Adem\u00e1s, se realizar\u00e1 un concurso donde participar\u00e1n todos los proyectos que realice el alumnado siguiendo el m\u00e9todo cient\u00edfico y, finalmente, el profesorado podr\u00e1 realizar tambi\u00e9n un curso de formaci\u00f3n de 20 horas. El proyecto se realizar\u00e1 en modalidad virtual.<\/p>\n<p>En esta segunda edici\u00f3n se establecen un total de ocho plazas para centros de educaci\u00f3n secundaria p\u00fablicos de Canarias, con un total de 60 estudiantes por centro, de 3\u00ba y 4\u00ba de la ESO y 1\u00ba Bachillerato, para este curso escolar 2021\/2022.<\/p>\n<p>Los <a href=\"https:\/\/www.ull.es\/portal\/cienciaull\/centros-educativos-chicas-con-cienciull\/\" target=\"_blank\" rel=\"noopener\" target=\"_blank\" rel=\"noopener\">centros educativos participantes<\/a> son los siguientes: IES Adeje (Tenerife), IES Garo\u00e9 (El Hierro), IES Alonso P\u00e9rez D\u00edaz (La Palma), IES Marina Cebri\u00e1n (Tenerife), IES San Andr\u00e9s (Tenerife), IES Santa Ana (Tenerife), IES Alonso Quesada (Gran Canaria) y IES En Altavista (Lanzarote).<\/p>\n<p>El Programa Educativo Chicas con Cienci@ULL est\u00e1 organizado por la <a href=\"https:\/\/www.ull.es\/\" target=\"_blank\" rel=\"noopener\" target=\"_blank\" rel=\"noopener\">Universidad de La Laguna<\/a>, a trav\u00e9s de Cienci@ULL (Unidad de Cultura Cient\u00edfica y de la Innovaci\u00f3n)l, con la colaboraci\u00f3n de la <a href=\"http:\/\/www.juventudcanaria.com\/\" target=\"_blank\" rel=\"noopener\" target=\"_blank\" rel=\"noopener\">Direcci\u00f3n General de Juventud del Gobierno de Canarias<\/a> y <a href=\"http:\/\/www.juventudcanaria.com\/\" target=\"_blank\" rel=\"noopener\" target=\"_blank\" rel=\"noopener\">Fundaci\u00f3n Cepsa<\/a>.<\/p>\n","protected":false},"excerpt":{"rendered":"<p>La segunda edici\u00f3n del Programa Educativo Chicas con Cienci@ULL acaba de arrancar con un evento de presentaci\u00f3n al cual asistieron&#8230;<\/p>\n","protected":false},"author":21,"featured_media":59367,"comment_status":"closed","ping_status":"closed","sticky":false,"template":"","format":"standard","meta":{"inline_featured_image":false,"footnotes":""},"categories":[3785,345,350,2765],"tags":[7765,814,1049,7167,7962,2640],"acf":[],"yoast_head":"<!-- This site is optimized with the Yoast SEO plugin v21.3 - https:\/\/yoast.com\/wordpress\/plugins\/seo\/ -->\n<title>Arranca Ia II edici\u00f3n del programa educativo Chicas con Cienci@ull<\/title>\n<meta name=\"description\" content=\"Para esta iniciativa online se han seleccionado ocho centros eductaivos y se prev\u00e9 la participaci\u00f3n de m\u00e1s de 450 estudiantes.\" \/>\n<meta name=\"robots\" content=\"index, follow, max-snippet:-1, max-image-preview:large, max-video-preview:-1\" \/>\n<link rel=\"canonical\" href=\"https:\/\/www.ull.es\/portal\/noticias\/2021\/ii-edicion-chicas-con-cienciull\/\" \/>\n<meta property=\"og:locale\" content=\"es_ES\" \/>\n<meta property=\"og:type\" content=\"article\" \/>\n<meta property=\"og:title\" content=\"Arranca Ia II edici\u00f3n del programa educativo Chicas con Cienci@ull\" \/>\n<meta property=\"og:description\" content=\"Para esta iniciativa online se han seleccionado ocho centros eductaivos y se prev\u00e9 la participaci\u00f3n de m\u00e1s de 450 estudiantes.\" \/>\n<meta property=\"og:url\" content=\"https:\/\/www.ull.es\/portal\/noticias\/2021\/ii-edicion-chicas-con-cienciull\/\" \/>\n<meta property=\"og:site_name\" content=\"ULL - Noticias\" \/>\n<meta property=\"article:publisher\" content=\"https:\/\/www.facebook.com\/universidaddelalaguna\/\" \/>\n<meta property=\"article:published_time\" content=\"2021-11-09T11:42:28+00:00\" \/>\n<meta property=\"og:image\" content=\"https:\/\/www.ull.es\/portal\/noticias\/wp-content\/uploads\/sites\/13\/2021\/11\/Banner-Proyecto-Chicas-con-CienciULL-2021-2022-1600-x-600-4.png\" \/>\n\t<meta property=\"og:image:width\" content=\"1600\" \/>\n\t<meta property=\"og:image:height\" content=\"600\" \/>\n\t<meta property=\"og:image:type\" content=\"image\/png\" \/>\n<meta name=\"author\" content=\"prensa2\" \/>\n<meta name=\"twitter:card\" content=\"summary_large_image\" \/>\n<meta name=\"twitter:creator\" content=\"@CanalULL\" \/>\n<meta name=\"twitter:site\" content=\"@CanalULL\" \/>\n<meta name=\"twitter:label1\" content=\"Escrito por\" \/>\n\t<meta name=\"twitter:data1\" content=\"prensa2\" \/>\n\t<meta name=\"twitter:label2\" content=\"Tiempo de lectura\" \/>\n\t<meta name=\"twitter:data2\" content=\"2 minutos\" \/>\n<script type=\"application\/ld+json\" class=\"yoast-schema-graph\">{\"@context\":\"https:\/\/schema.org\",\"@graph\":[{\"@type\":\"WebPage\",\"@id\":\"https:\/\/www.ull.es\/portal\/noticias\/2021\/ii-edicion-chicas-con-cienciull\/\",\"url\":\"https:\/\/www.ull.es\/portal\/noticias\/2021\/ii-edicion-chicas-con-cienciull\/\",\"name\":\"Arranca Ia II edici\u00f3n del programa educativo Chicas con Cienci@ull\",\"isPartOf\":{\"@id\":\"https:\/\/www.ull.es\/portal\/noticias\/#website\"},\"datePublished\":\"2021-11-09T11:42:28+00:00\",\"dateModified\":\"2021-11-09T11:42:28+00:00\",\"author\":{\"@id\":\"https:\/\/www.ull.es\/portal\/noticias\/#\/schema\/person\/c3b2aa857797592927a03740d6664376\"},\"description\":\"Para esta iniciativa online se han seleccionado ocho centros eductaivos y se prev\u00e9 la participaci\u00f3n de m\u00e1s de 450 estudiantes.\",\"breadcrumb\":{\"@id\":\"https:\/\/www.ull.es\/portal\/noticias\/2021\/ii-edicion-chicas-con-cienciull\/#breadcrumb\"},\"inLanguage\":\"es\",\"potentialAction\":[{\"@type\":\"ReadAction\",\"target\":[\"https:\/\/www.ull.es\/portal\/noticias\/2021\/ii-edicion-chicas-con-cienciull\/\"]}]},{\"@type\":\"BreadcrumbList\",\"@id\":\"https:\/\/www.ull.es\/portal\/noticias\/2021\/ii-edicion-chicas-con-cienciull\/#breadcrumb\",\"itemListElement\":[{\"@type\":\"ListItem\",\"position\":1,\"name\":\"Portada\",\"item\":\"https:\/\/www.ull.es\/portal\/noticias\/\"},{\"@type\":\"ListItem\",\"position\":2,\"name\":\"La II edici\u00f3n del programa Chicas con Cienci@ull arranca con la participaci\u00f3n de m\u00e1s de 450 escolares\"}]},{\"@type\":\"WebSite\",\"@id\":\"https:\/\/www.ull.es\/portal\/noticias\/#website\",\"url\":\"https:\/\/www.ull.es\/portal\/noticias\/\",\"name\":\"ULL - Noticias\",\"description\":\"\",\"potentialAction\":[{\"@type\":\"SearchAction\",\"target\":{\"@type\":\"EntryPoint\",\"urlTemplate\":\"https:\/\/www.ull.es\/portal\/noticias\/?s={search_term_string}\"},\"query-input\":\"required name=search_term_string\"}],\"inLanguage\":\"es\"},{\"@type\":\"Person\",\"@id\":\"https:\/\/www.ull.es\/portal\/noticias\/#\/schema\/person\/c3b2aa857797592927a03740d6664376\",\"name\":\"prensa2\",\"image\":{\"@type\":\"ImageObject\",\"inLanguage\":\"es\",\"@id\":\"https:\/\/www.ull.es\/portal\/noticias\/#\/schema\/person\/image\/\",\"url\":\"https:\/\/secure.gravatar.com\/avatar\/b58f310a5de5feb33d1e026d2493f23c?s=96&d=mm&r=g\",\"contentUrl\":\"https:\/\/secure.gravatar.com\/avatar\/b58f310a5de5feb33d1e026d2493f23c?s=96&d=mm&r=g\",\"caption\":\"prensa2\"},\"url\":\"https:\/\/www.ull.es\/portal\/noticias\/author\/prensa2\/\"}]}<\/script>\n<!-- \/ Yoast SEO plugin. -->","yoast_head_json":{"title":"Arranca Ia II edici\u00f3n del programa educativo Chicas con Cienci@ull","description":"Para esta iniciativa online se han seleccionado ocho centros eductaivos y se prev\u00e9 la participaci\u00f3n de m\u00e1s de 450 estudiantes.","robots":{"index":"index","follow":"follow","max-snippet":"max-snippet:-1","max-image-preview":"max-image-preview:large","max-video-preview":"max-video-preview:-1"},"canonical":"https:\/\/www.ull.es\/portal\/noticias\/2021\/ii-edicion-chicas-con-cienciull\/","og_locale":"es_ES","og_type":"article","og_title":"Arranca Ia II edici\u00f3n del programa educativo Chicas con Cienci@ull","og_description":"Para esta iniciativa online se han seleccionado ocho centros eductaivos y se prev\u00e9 la participaci\u00f3n de m\u00e1s de 450 estudiantes.","og_url":"https:\/\/www.ull.es\/portal\/noticias\/2021\/ii-edicion-chicas-con-cienciull\/","og_site_name":"ULL - Noticias","article_publisher":"https:\/\/www.facebook.com\/universidaddelalaguna\/","article_published_time":"2021-11-09T11:42:28+00:00","og_image":[{"width":1600,"height":600,"url":"https:\/\/www.ull.es\/portal\/noticias\/wp-content\/uploads\/sites\/13\/2021\/11\/Banner-Proyecto-Chicas-con-CienciULL-2021-2022-1600-x-600-4.png","type":"image\/png"}],"author":"prensa2","twitter_card":"summary_large_image","twitter_creator":"@CanalULL","twitter_site":"@CanalULL","twitter_misc":{"Escrito por":"prensa2","Tiempo de lectura":"2 minutos"},"schema":{"@context":"https:\/\/schema.org","@graph":[{"@type":"WebPage","@id":"https:\/\/www.ull.es\/portal\/noticias\/2021\/ii-edicion-chicas-con-cienciull\/","url":"https:\/\/www.ull.es\/portal\/noticias\/2021\/ii-edicion-chicas-con-cienciull\/","name":"Arranca Ia II edici\u00f3n del programa educativo Chicas con Cienci@ull","isPartOf":{"@id":"https:\/\/www.ull.es\/portal\/noticias\/#website"},"datePublished":"2021-11-09T11:42:28+00:00","dateModified":"2021-11-09T11:42:28+00:00","author":{"@id":"https:\/\/www.ull.es\/portal\/noticias\/#\/schema\/person\/c3b2aa857797592927a03740d6664376"},"description":"Para esta iniciativa online se han seleccionado ocho centros eductaivos y se prev\u00e9 la participaci\u00f3n de m\u00e1s de 450 estudiantes.","breadcrumb":{"@id":"https:\/\/www.ull.es\/portal\/noticias\/2021\/ii-edicion-chicas-con-cienciull\/#breadcrumb"},"inLanguage":"es","potentialAction":[{"@type":"ReadAction","target":["https:\/\/www.ull.es\/portal\/noticias\/2021\/ii-edicion-chicas-con-cienciull\/"]}]},{"@type":"BreadcrumbList","@id":"https:\/\/www.ull.es\/portal\/noticias\/2021\/ii-edicion-chicas-con-cienciull\/#breadcrumb","itemListElement":[{"@type":"ListItem","position":1,"name":"Portada","item":"https:\/\/www.ull.es\/portal\/noticias\/"},{"@type":"ListItem","position":2,"name":"La II edici\u00f3n del programa Chicas con Cienci@ull arranca con la participaci\u00f3n de m\u00e1s de 450 escolares"}]},{"@type":"WebSite","@id":"https:\/\/www.ull.es\/portal\/noticias\/#website","url":"https:\/\/www.ull.es\/portal\/noticias\/","name":"ULL - Noticias","description":"","potentialAction":[{"@type":"SearchAction","target":{"@type":"EntryPoint","urlTemplate":"https:\/\/www.ull.es\/portal\/noticias\/?s={search_term_string}"},"query-input":"required name=search_term_string"}],"inLanguage":"es"},{"@type":"Person","@id":"https:\/\/www.ull.es\/portal\/noticias\/#\/schema\/person\/c3b2aa857797592927a03740d6664376","name":"prensa2","image":{"@type":"ImageObject","inLanguage":"es","@id":"https:\/\/www.ull.es\/portal\/noticias\/#\/schema\/person\/image\/","url":"https:\/\/secure.gravatar.com\/avatar\/b58f310a5de5feb33d1e026d2493f23c?s=96&d=mm&r=g","contentUrl":"https:\/\/secure.gravatar.com\/avatar\/b58f310a5de5feb33d1e026d2493f23c?s=96&d=mm&r=g","caption":"prensa2"},"url":"https:\/\/www.ull.es\/portal\/noticias\/author\/prensa2\/"}]}},"primary_category":{"id":350,"name":"Investigaci\u00f3n","slug":"investigacion","link":"https:\/\/www.ull.es\/portal\/noticias\/category\/investigacion\/"},"featured_image_thumbnail_url":"https:\/\/www.ull.es\/portal\/noticias\/wp-content\/uploads\/sites\/13\/2021\/11\/Banner-Proyecto-Chicas-con-CienciULL-2021-2022-1600-x-600-4-300x113.png","_links":{"self":[{"href":"https:\/\/www.ull.es\/portal\/noticias\/wp-json\/wp\/v2\/posts\/59365"}],"collection":[{"href":"https:\/\/www.ull.es\/portal\/noticias\/wp-json\/wp\/v2\/posts"}],"about":[{"href":"https:\/\/www.ull.es\/portal\/noticias\/wp-json\/wp\/v2\/types\/post"}],"author":[{"embeddable":true,"href":"https:\/\/www.ull.es\/portal\/noticias\/wp-json\/wp\/v2\/users\/21"}],"replies":[{"embeddable":true,"href":"https:\/\/www.ull.es\/portal\/noticias\/wp-json\/wp\/v2\/comments?post=59365"}],"version-history":[{"count":2,"href":"https:\/\/www.ull.es\/portal\/noticias\/wp-json\/wp\/v2\/posts\/59365\/revisions"}],"predecessor-version":[{"id":59368,"href":"https:\/\/www.ull.es\/portal\/noticias\/wp-json\/wp\/v2\/posts\/59365\/revisions\/59368"}],"wp:featuredmedia":[{"embeddable":true,"href":"https:\/\/www.ull.es\/portal\/noticias\/wp-json\/wp\/v2\/media\/59367"}],"wp:attachment":[{"href":"https:\/\/www.ull.es\/portal\/noticias\/wp-json\/wp\/v2\/media?parent=59365"}],"wp:term":[{"taxonomy":"category","embeddable":true,"href":"https:\/\/www.ull.es\/portal\/noticias\/wp-json\/wp\/v2\/categories?post=59365"},{"taxonomy":"post_tag","embeddable":true,"href":"https:\/\/www.ull.es\/portal\/noticias\/wp-json\/wp\/v2\/tags?post=59365"}],"curies":[{"name":"wp","href":"https:\/\/api.w.org\/{rel}","templated":true}]}}