{"id":59374,"date":"2021-11-09T12:45:13","date_gmt":"2021-11-09T12:45:13","guid":{"rendered":"https:\/\/www.ull.es\/portal\/noticias\/?p=59374"},"modified":"2021-11-10T09:05:59","modified_gmt":"2021-11-10T09:05:59","slug":"exposicion-solidaridad-la-palma","status":"publish","type":"post","link":"https:\/\/www.ull.es\/portal\/noticias\/2021\/exposicion-solidaridad-la-palma\/","title":{"rendered":"Una exposici\u00f3n de la ULL invita a la solidaridad con La Palma mostrando su belleza paisaj\u00edstica m\u00e1s all\u00e1 del volc\u00e1n"},"content":{"rendered":"<p><iframe loading=\"lazy\" title=\"Exposici\u00f3n La Palma: M\u00e1s que un volc\u00e1n\" width=\"750\" height=\"422\" src=\"https:\/\/www.youtube.com\/embed\/r3uQNB2eKyY?feature=oembed\" frameborder=\"0\" allow=\"accelerometer; autoplay; clipboard-write; encrypted-media; gyroscope; picture-in-picture\" allowfullscreen><\/iframe><\/p>\n<p>La erupci\u00f3n del volc\u00e1n de La Palma ha desatado una corriente de solidaridad que ha llegado a todas las instituciones canarias, incluida la Universidad de La Laguna. Con el fin tanto de recaudar fondos para apoyar a las personas damnificadas como de demostrar que, pese a todo, la isla sigue estando llena de paisajes dignos de visitar pese a la cat\u00e1strofe, el <a href=\"https:\/\/www.ull.es\/portal\/aulasycatedrasculturales\/aula-turismo-cultural\/\" target=\"_blank\" rel=\"noopener\" target=\"_blank\" rel=\"noopener\">Aula de Turismo Cultural<\/a> de la instituci\u00f3n acad\u00e9mica ha promovido una exposici\u00f3n de fotograf\u00edas de Benjam\u00edn Brito Fern\u00e1ndez que, bajo el t\u00edtulo \u201cLa Palma: mucho m\u00e1s que un volc\u00e1n\u201d, fue inaugurada ayer, lunes 8 de noviembre, y estar\u00e1 abierta hasta el pr\u00f3ximo viernes 19 en la <a href=\"https:\/\/www.ull.es\/vive-la-ull\/exposiciones\/nuestros-espacios\/\" target=\"_blank\" rel=\"noopener\" target=\"_blank\" rel=\"noopener\">Sala de Arte Paraninfo Pablo Gonz\u00e1lez Vera<\/a>.<\/p>\n<p style=\"text-align: center\"><a href=\"https:\/\/drive.google.com\/drive\/folders\/1IpboFX-HVl7rBuqNbfY03zL7buWnGWPb?usp=sharing\" target=\"_blank\" rel=\"noopener\" target=\"_blank\" rel=\"noopener\"><strong>Galer\u00eda de im\u00e1genes<\/strong><\/a><\/p>\n<div id=\"attachment_59376\" style=\"width: 210px\" class=\"wp-caption alignleft\"><a href=\"https:\/\/www.ull.es\/portal\/noticias\/wp-content\/uploads\/sites\/13\/2021\/11\/Expo-Mas-que-un-volcan-05.jpg\" target=\"_blank\" rel=\"noopener\" target=\"_blank\" rel=\"noopener\"><img aria-describedby=\"caption-attachment-59376\" decoding=\"async\" loading=\"lazy\" class=\"wp-image-59376 size-medium\" src=\"https:\/\/www.ull.es\/portal\/noticias\/wp-content\/uploads\/sites\/13\/2021\/11\/Expo-Mas-que-un-volcan-05-200x300.jpg\" alt=\"La rectora y el director del Aula de Turismo Cultural durante la inauguraci\u00f3n.\" width=\"200\" height=\"300\" srcset=\"https:\/\/www.ull.es\/portal\/noticias\/wp-content\/uploads\/sites\/13\/2021\/11\/Expo-Mas-que-un-volcan-05-200x300.jpg 200w, https:\/\/www.ull.es\/portal\/noticias\/wp-content\/uploads\/sites\/13\/2021\/11\/Expo-Mas-que-un-volcan-05-375x562.jpg 375w, https:\/\/www.ull.es\/portal\/noticias\/wp-content\/uploads\/sites\/13\/2021\/11\/Expo-Mas-que-un-volcan-05.jpg 683w\" sizes=\"(max-width: 200px) 100vw, 200px\" \/><\/a><p id=\"caption-attachment-59376\" class=\"wp-caption-text\">La rectora y el director del Aula de Turismo Cultural durante la inauguraci\u00f3n.<\/p><\/div>\n<p>En el acto inaugural estuvieron presentes, adem\u00e1s del director del aula organizadora, Vicente Zapata, y del autor de las fotograf\u00edas, la rectora, Rosa Aguilar, y el vicerrector de Cultura y Participaci\u00f3n Social, Juan Albino M\u00e9ndez, quienes destacaron el esp\u00edritu solidario de todas las personas que se ha coordinado para poner en marcha esta iniciativa de una manera tan r\u00e1pida. M\u00e9ndez, adem\u00e1s, reflexion\u00f3 que en el futuro inmediato ser\u00e1 necesario seguir pensando en La Palma cuando la erupci\u00f3n por fin cese y la isla deje de estar en los titulares de prensa, pues la solidaridad va a seguir siendo necesaria para la reconstrucci\u00f3n.<\/p>\n<p>El autor de las im\u00e1genes, Benjam\u00edn Brito, es un fot\u00f3grafo palmero que, cuando comenz\u00f3 la erupci\u00f3n, y tal y como sucedi\u00f3 a tantos otros de sus vecinos, se vio impelido a colaborar con su actividad en la recuperaci\u00f3n de la isla, por lo que busc\u00f3 la manera de montar esta exposici\u00f3n que, adem\u00e1s de recaudar fondos, sirviera para recordar la belleza de La Palma e incentivar que se siga visitando a pesar de la tragedia. Record\u00f3 que el turismo es, junto a la agricultura, uno de los sectores que se han visto resentidos por esta cat\u00e1strofe y, por ello, es necesario reactivarlo, siempre con precauci\u00f3n y respeto hacia las personas que se han visto m\u00e1s afectadas por la situaci\u00f3n.<\/p>\n<div id=\"attachment_59377\" style=\"width: 310px\" class=\"wp-caption alignright\"><a href=\"https:\/\/www.ull.es\/portal\/noticias\/wp-content\/uploads\/sites\/13\/2021\/11\/Expo-Mas-que-un-volcan-10.jpg\" target=\"_blank\" rel=\"noopener\" target=\"_blank\" rel=\"noopener\"><img aria-describedby=\"caption-attachment-59377\" decoding=\"async\" loading=\"lazy\" class=\"wp-image-59377 size-medium\" src=\"https:\/\/www.ull.es\/portal\/noticias\/wp-content\/uploads\/sites\/13\/2021\/11\/Expo-Mas-que-un-volcan-10-300x200.jpg\" alt=\"Benjam\u00edn Brito ante una de sus obras.\" width=\"300\" height=\"200\" srcset=\"https:\/\/www.ull.es\/portal\/noticias\/wp-content\/uploads\/sites\/13\/2021\/11\/Expo-Mas-que-un-volcan-10-300x200.jpg 300w, https:\/\/www.ull.es\/portal\/noticias\/wp-content\/uploads\/sites\/13\/2021\/11\/Expo-Mas-que-un-volcan-10-768x512.jpg 768w, https:\/\/www.ull.es\/portal\/noticias\/wp-content\/uploads\/sites\/13\/2021\/11\/Expo-Mas-que-un-volcan-10-375x250.jpg 375w, https:\/\/www.ull.es\/portal\/noticias\/wp-content\/uploads\/sites\/13\/2021\/11\/Expo-Mas-que-un-volcan-10-750x500.jpg 750w, https:\/\/www.ull.es\/portal\/noticias\/wp-content\/uploads\/sites\/13\/2021\/11\/Expo-Mas-que-un-volcan-10.jpg 1024w\" sizes=\"(max-width: 300px) 100vw, 300px\" \/><\/a><p id=\"caption-attachment-59377\" class=\"wp-caption-text\">Benjam\u00edn Brito ante una de sus obras.<\/p><\/div>\n<p>El profesor Zapata explic\u00f3 que la propuesta de exposici\u00f3n de Brito le lleg\u00f3 a trav\u00e9s de redes sociales por la mediaci\u00f3n de Miguel Guerra, un exalumno residente en La Palma que hizo de nexo entre el fot\u00f3grafo y el director del aula cultural universitaria. Record\u00f3, adem\u00e1s, la desinteresada colaboraci\u00f3n del resto de personas que han trabajado para hacer posible esta exposici\u00f3n: la empresa Fotojoven, que ha realizado las impresiones a un coste m\u00e1s ajustado sin perder calidad profesional; el dise\u00f1ador Javier Cabrera, responsable del cartel; el personal del vicerrectorado responsable del montaje, con Beatriz Mart\u00edn y Jos\u00e9 A. Gonz\u00e1lez a la cabeza; y un grupo de estudiantes que har\u00e1 turnos como personal de sala durante el tiempo que abra la muestra.<\/p>\n<p>La exposici\u00f3n est\u00e1 compuesta por quince fotograf\u00edas de diferente formato, reproducidas a alta calidad, que est\u00e1n a la venta con la particularidad de que el pago no ser\u00e1 directamente en la sala, sino mediante una donaci\u00f3n equivalente al precio marcado a alguna de las cuentas corrientes de los ayuntamientos y cabildo palmeros abiertas para recibir fondos de ayuda. Obviamente, al ser una iniciativa solidaria, cabe la posibilidad de donar m\u00e1s que el precio establecido y, de hecho, eso ya sucedi\u00f3 ayer, nada m\u00e1s comenzar el evento inaugural, cuando el profesor Zapata inform\u00f3 de que una persona hab\u00eda llamado para adquirir por 1.000 euros una imagen valorada en unos 140 euros.<\/p>\n<div id=\"attachment_59378\" style=\"width: 310px\" class=\"wp-caption alignleft\"><a href=\"https:\/\/www.ull.es\/portal\/noticias\/wp-content\/uploads\/sites\/13\/2021\/11\/Expo-Mas-que-un-volcan-14.jpg\" target=\"_blank\" rel=\"noopener\" target=\"_blank\" rel=\"noopener\"><img aria-describedby=\"caption-attachment-59378\" decoding=\"async\" loading=\"lazy\" class=\"wp-image-59378 size-medium\" src=\"https:\/\/www.ull.es\/portal\/noticias\/wp-content\/uploads\/sites\/13\/2021\/11\/Expo-Mas-que-un-volcan-14-300x200.jpg\" alt=\"El autor explica al vicerrector de Cultura y Participaci\u00f3n Social una de sus fotos.\" width=\"300\" height=\"200\" srcset=\"https:\/\/www.ull.es\/portal\/noticias\/wp-content\/uploads\/sites\/13\/2021\/11\/Expo-Mas-que-un-volcan-14-300x200.jpg 300w, https:\/\/www.ull.es\/portal\/noticias\/wp-content\/uploads\/sites\/13\/2021\/11\/Expo-Mas-que-un-volcan-14-768x512.jpg 768w, https:\/\/www.ull.es\/portal\/noticias\/wp-content\/uploads\/sites\/13\/2021\/11\/Expo-Mas-que-un-volcan-14-375x250.jpg 375w, https:\/\/www.ull.es\/portal\/noticias\/wp-content\/uploads\/sites\/13\/2021\/11\/Expo-Mas-que-un-volcan-14-750x500.jpg 750w, https:\/\/www.ull.es\/portal\/noticias\/wp-content\/uploads\/sites\/13\/2021\/11\/Expo-Mas-que-un-volcan-14.jpg 1024w\" sizes=\"(max-width: 300px) 100vw, 300px\" \/><\/a><p id=\"caption-attachment-59378\" class=\"wp-caption-text\">El autor explica al vicerrector de Cultura y Participaci\u00f3n Social una de sus fotos.<\/p><\/div>\n<p>Brito propone un recorrido visual por diferentes parajes de La Palma, destacando especialmente las im\u00e1genes nocturnas en las que destaca el asombroso cielo de la isla, los atardeceres sobre el Atl\u00e1ntico desde las espectaculares formaciones rocosas que abundan por toda la isla, y su rica y variada vegetaci\u00f3n. Tambi\u00e9n hay dos im\u00e1genes del volc\u00e1n en erupci\u00f3n, que poseen una inequ\u00edvoca potencia est\u00e9tica a pesar de la terrible realidad que muestran, y que han sido tituladas con nombres tan sugestivos como \u201cEl l\u00e1tigo de Guayota\u201d y \u201cRayo fr\u00edo\u201d. La caldera de Taburiente, la cascada de Los Tilos, la costa de Fuencaliente, las cumbres de Garaf\u00eda, los Llanos del Jable o el Roque de los Muchachos son solo algunas de las localidades fotografiadas con esmero por Brito y que recuerdan que, efectivamente, La Palma es mucho m\u00e1s que un volc\u00e1n.<\/p>\n","protected":false},"excerpt":{"rendered":"<p>La erupci\u00f3n del volc\u00e1n de La Palma ha desatado una corriente de solidaridad que ha llegado a todas las instituciones&#8230;<\/p>\n","protected":false},"author":21,"featured_media":59375,"comment_status":"closed","ping_status":"closed","sticky":false,"template":"","format":"image","meta":{"inline_featured_image":false,"footnotes":""},"categories":[344,345,3283,2765,5606],"tags":[589,7964,1201,1297,1729,7965,2604],"acf":[],"yoast_head":"<!-- This site is optimized with the Yoast SEO plugin v21.3 - https:\/\/yoast.com\/wordpress\/plugins\/seo\/ -->\n<title>Una exposici\u00f3n de la ULL invita a la solidaridad con La Palma mostrando su belleza paisaj\u00edstica m\u00e1s all\u00e1 del volc\u00e1n - ULL - Noticias<\/title>\n<meta name=\"robots\" content=\"index, follow, max-snippet:-1, max-image-preview:large, max-video-preview:-1\" \/>\n<link rel=\"canonical\" href=\"https:\/\/www.ull.es\/portal\/noticias\/2021\/exposicion-solidaridad-la-palma\/\" \/>\n<meta property=\"og:locale\" content=\"es_ES\" \/>\n<meta property=\"og:type\" content=\"article\" \/>\n<meta property=\"og:title\" content=\"Una exposici\u00f3n de la ULL invita a la solidaridad con La Palma mostrando su belleza paisaj\u00edstica m\u00e1s all\u00e1 del volc\u00e1n - ULL - Noticias\" \/>\n<meta property=\"og:description\" content=\"La erupci\u00f3n del volc\u00e1n de La Palma ha desatado una corriente de solidaridad que ha llegado a todas las instituciones...\" \/>\n<meta property=\"og:url\" content=\"https:\/\/www.ull.es\/portal\/noticias\/2021\/exposicion-solidaridad-la-palma\/\" \/>\n<meta property=\"og:site_name\" content=\"ULL - Noticias\" \/>\n<meta property=\"article:publisher\" content=\"https:\/\/www.facebook.com\/universidaddelalaguna\/\" \/>\n<meta property=\"article:published_time\" content=\"2021-11-09T12:45:13+00:00\" \/>\n<meta property=\"article:modified_time\" content=\"2021-11-10T09:05:59+00:00\" \/>\n<meta property=\"og:image\" content=\"https:\/\/www.ull.es\/portal\/noticias\/wp-content\/uploads\/sites\/13\/2021\/11\/Expo-Mas-que-un-volcan-17.jpg\" \/>\n\t<meta property=\"og:image:width\" content=\"1024\" \/>\n\t<meta property=\"og:image:height\" content=\"683\" \/>\n\t<meta property=\"og:image:type\" content=\"image\/jpeg\" \/>\n<meta name=\"author\" content=\"prensa2\" \/>\n<meta name=\"twitter:card\" content=\"summary_large_image\" \/>\n<meta name=\"twitter:creator\" content=\"@CanalULL\" \/>\n<meta name=\"twitter:site\" content=\"@CanalULL\" \/>\n<meta name=\"twitter:label1\" content=\"Escrito por\" \/>\n\t<meta name=\"twitter:data1\" content=\"prensa2\" \/>\n\t<meta name=\"twitter:label2\" content=\"Tiempo de lectura\" \/>\n\t<meta name=\"twitter:data2\" content=\"4 minutos\" \/>\n<script type=\"application\/ld+json\" class=\"yoast-schema-graph\">{\"@context\":\"https:\/\/schema.org\",\"@graph\":[{\"@type\":\"WebPage\",\"@id\":\"https:\/\/www.ull.es\/portal\/noticias\/2021\/exposicion-solidaridad-la-palma\/\",\"url\":\"https:\/\/www.ull.es\/portal\/noticias\/2021\/exposicion-solidaridad-la-palma\/\",\"name\":\"Una exposici\u00f3n de la ULL invita a la solidaridad con La Palma mostrando su belleza paisaj\u00edstica m\u00e1s all\u00e1 del volc\u00e1n - ULL - Noticias\",\"isPartOf\":{\"@id\":\"https:\/\/www.ull.es\/portal\/noticias\/#website\"},\"datePublished\":\"2021-11-09T12:45:13+00:00\",\"dateModified\":\"2021-11-10T09:05:59+00:00\",\"author\":{\"@id\":\"https:\/\/www.ull.es\/portal\/noticias\/#\/schema\/person\/c3b2aa857797592927a03740d6664376\"},\"breadcrumb\":{\"@id\":\"https:\/\/www.ull.es\/portal\/noticias\/2021\/exposicion-solidaridad-la-palma\/#breadcrumb\"},\"inLanguage\":\"es\",\"potentialAction\":[{\"@type\":\"ReadAction\",\"target\":[\"https:\/\/www.ull.es\/portal\/noticias\/2021\/exposicion-solidaridad-la-palma\/\"]}]},{\"@type\":\"BreadcrumbList\",\"@id\":\"https:\/\/www.ull.es\/portal\/noticias\/2021\/exposicion-solidaridad-la-palma\/#breadcrumb\",\"itemListElement\":[{\"@type\":\"ListItem\",\"position\":1,\"name\":\"Portada\",\"item\":\"https:\/\/www.ull.es\/portal\/noticias\/\"},{\"@type\":\"ListItem\",\"position\":2,\"name\":\"Una exposici\u00f3n de la ULL invita a la solidaridad con La Palma mostrando su belleza paisaj\u00edstica m\u00e1s all\u00e1 del volc\u00e1n\"}]},{\"@type\":\"WebSite\",\"@id\":\"https:\/\/www.ull.es\/portal\/noticias\/#website\",\"url\":\"https:\/\/www.ull.es\/portal\/noticias\/\",\"name\":\"ULL - Noticias\",\"description\":\"\",\"potentialAction\":[{\"@type\":\"SearchAction\",\"target\":{\"@type\":\"EntryPoint\",\"urlTemplate\":\"https:\/\/www.ull.es\/portal\/noticias\/?s={search_term_string}\"},\"query-input\":\"required name=search_term_string\"}],\"inLanguage\":\"es\"},{\"@type\":\"Person\",\"@id\":\"https:\/\/www.ull.es\/portal\/noticias\/#\/schema\/person\/c3b2aa857797592927a03740d6664376\",\"name\":\"prensa2\",\"image\":{\"@type\":\"ImageObject\",\"inLanguage\":\"es\",\"@id\":\"https:\/\/www.ull.es\/portal\/noticias\/#\/schema\/person\/image\/\",\"url\":\"https:\/\/secure.gravatar.com\/avatar\/b58f310a5de5feb33d1e026d2493f23c?s=96&d=mm&r=g\",\"contentUrl\":\"https:\/\/secure.gravatar.com\/avatar\/b58f310a5de5feb33d1e026d2493f23c?s=96&d=mm&r=g\",\"caption\":\"prensa2\"},\"url\":\"https:\/\/www.ull.es\/portal\/noticias\/author\/prensa2\/\"}]}<\/script>\n<!-- \/ Yoast SEO plugin. -->","yoast_head_json":{"title":"Una exposici\u00f3n de la ULL invita a la solidaridad con La Palma mostrando su belleza paisaj\u00edstica m\u00e1s all\u00e1 del volc\u00e1n - ULL - Noticias","robots":{"index":"index","follow":"follow","max-snippet":"max-snippet:-1","max-image-preview":"max-image-preview:large","max-video-preview":"max-video-preview:-1"},"canonical":"https:\/\/www.ull.es\/portal\/noticias\/2021\/exposicion-solidaridad-la-palma\/","og_locale":"es_ES","og_type":"article","og_title":"Una exposici\u00f3n de la ULL invita a la solidaridad con La Palma mostrando su belleza paisaj\u00edstica m\u00e1s all\u00e1 del volc\u00e1n - ULL - Noticias","og_description":"La erupci\u00f3n del volc\u00e1n de La Palma ha desatado una corriente de solidaridad que ha llegado a todas las instituciones...","og_url":"https:\/\/www.ull.es\/portal\/noticias\/2021\/exposicion-solidaridad-la-palma\/","og_site_name":"ULL - Noticias","article_publisher":"https:\/\/www.facebook.com\/universidaddelalaguna\/","article_published_time":"2021-11-09T12:45:13+00:00","article_modified_time":"2021-11-10T09:05:59+00:00","og_image":[{"width":1024,"height":683,"url":"https:\/\/www.ull.es\/portal\/noticias\/wp-content\/uploads\/sites\/13\/2021\/11\/Expo-Mas-que-un-volcan-17.jpg","type":"image\/jpeg"}],"author":"prensa2","twitter_card":"summary_large_image","twitter_creator":"@CanalULL","twitter_site":"@CanalULL","twitter_misc":{"Escrito por":"prensa2","Tiempo de lectura":"4 minutos"},"schema":{"@context":"https:\/\/schema.org","@graph":[{"@type":"WebPage","@id":"https:\/\/www.ull.es\/portal\/noticias\/2021\/exposicion-solidaridad-la-palma\/","url":"https:\/\/www.ull.es\/portal\/noticias\/2021\/exposicion-solidaridad-la-palma\/","name":"Una exposici\u00f3n de la ULL invita a la solidaridad con La Palma mostrando su belleza paisaj\u00edstica m\u00e1s all\u00e1 del volc\u00e1n - ULL - Noticias","isPartOf":{"@id":"https:\/\/www.ull.es\/portal\/noticias\/#website"},"datePublished":"2021-11-09T12:45:13+00:00","dateModified":"2021-11-10T09:05:59+00:00","author":{"@id":"https:\/\/www.ull.es\/portal\/noticias\/#\/schema\/person\/c3b2aa857797592927a03740d6664376"},"breadcrumb":{"@id":"https:\/\/www.ull.es\/portal\/noticias\/2021\/exposicion-solidaridad-la-palma\/#breadcrumb"},"inLanguage":"es","potentialAction":[{"@type":"ReadAction","target":["https:\/\/www.ull.es\/portal\/noticias\/2021\/exposicion-solidaridad-la-palma\/"]}]},{"@type":"BreadcrumbList","@id":"https:\/\/www.ull.es\/portal\/noticias\/2021\/exposicion-solidaridad-la-palma\/#breadcrumb","itemListElement":[{"@type":"ListItem","position":1,"name":"Portada","item":"https:\/\/www.ull.es\/portal\/noticias\/"},{"@type":"ListItem","position":2,"name":"Una exposici\u00f3n de la ULL invita a la solidaridad con La Palma mostrando su belleza paisaj\u00edstica m\u00e1s all\u00e1 del volc\u00e1n"}]},{"@type":"WebSite","@id":"https:\/\/www.ull.es\/portal\/noticias\/#website","url":"https:\/\/www.ull.es\/portal\/noticias\/","name":"ULL - Noticias","description":"","potentialAction":[{"@type":"SearchAction","target":{"@type":"EntryPoint","urlTemplate":"https:\/\/www.ull.es\/portal\/noticias\/?s={search_term_string}"},"query-input":"required name=search_term_string"}],"inLanguage":"es"},{"@type":"Person","@id":"https:\/\/www.ull.es\/portal\/noticias\/#\/schema\/person\/c3b2aa857797592927a03740d6664376","name":"prensa2","image":{"@type":"ImageObject","inLanguage":"es","@id":"https:\/\/www.ull.es\/portal\/noticias\/#\/schema\/person\/image\/","url":"https:\/\/secure.gravatar.com\/avatar\/b58f310a5de5feb33d1e026d2493f23c?s=96&d=mm&r=g","contentUrl":"https:\/\/secure.gravatar.com\/avatar\/b58f310a5de5feb33d1e026d2493f23c?s=96&d=mm&r=g","caption":"prensa2"},"url":"https:\/\/www.ull.es\/portal\/noticias\/author\/prensa2\/"}]}},"primary_category":{"id":345,"name":"Destacado","slug":"destacado","link":"https:\/\/www.ull.es\/portal\/noticias\/category\/destacado\/"},"featured_image_thumbnail_url":"https:\/\/www.ull.es\/portal\/noticias\/wp-content\/uploads\/sites\/13\/2021\/11\/Expo-Mas-que-un-volcan-17-300x200.jpg","_links":{"self":[{"href":"https:\/\/www.ull.es\/portal\/noticias\/wp-json\/wp\/v2\/posts\/59374"}],"collection":[{"href":"https:\/\/www.ull.es\/portal\/noticias\/wp-json\/wp\/v2\/posts"}],"about":[{"href":"https:\/\/www.ull.es\/portal\/noticias\/wp-json\/wp\/v2\/types\/post"}],"author":[{"embeddable":true,"href":"https:\/\/www.ull.es\/portal\/noticias\/wp-json\/wp\/v2\/users\/21"}],"replies":[{"embeddable":true,"href":"https:\/\/www.ull.es\/portal\/noticias\/wp-json\/wp\/v2\/comments?post=59374"}],"version-history":[{"count":2,"href":"https:\/\/www.ull.es\/portal\/noticias\/wp-json\/wp\/v2\/posts\/59374\/revisions"}],"predecessor-version":[{"id":59392,"href":"https:\/\/www.ull.es\/portal\/noticias\/wp-json\/wp\/v2\/posts\/59374\/revisions\/59392"}],"wp:featuredmedia":[{"embeddable":true,"href":"https:\/\/www.ull.es\/portal\/noticias\/wp-json\/wp\/v2\/media\/59375"}],"wp:attachment":[{"href":"https:\/\/www.ull.es\/portal\/noticias\/wp-json\/wp\/v2\/media?parent=59374"}],"wp:term":[{"taxonomy":"category","embeddable":true,"href":"https:\/\/www.ull.es\/portal\/noticias\/wp-json\/wp\/v2\/categories?post=59374"},{"taxonomy":"post_tag","embeddable":true,"href":"https:\/\/www.ull.es\/portal\/noticias\/wp-json\/wp\/v2\/tags?post=59374"}],"curies":[{"name":"wp","href":"https:\/\/api.w.org\/{rel}","templated":true}]}}