{"id":59398,"date":"2021-11-10T11:03:20","date_gmt":"2021-11-10T11:03:20","guid":{"rendered":"https:\/\/www.ull.es\/portal\/noticias\/?p=59398"},"modified":"2021-11-10T13:00:15","modified_gmt":"2021-11-10T13:00:15","slug":"investigadores-de-la-ull-encuentran-las-primeras-evidencias-de-microplasticos-en-fondos-costeros-canarios","status":"publish","type":"post","link":"https:\/\/www.ull.es\/portal\/noticias\/2021\/investigadores-de-la-ull-encuentran-las-primeras-evidencias-de-microplasticos-en-fondos-costeros-canarios\/","title":{"rendered":"Investigadores de la ULL encuentran las primeras evidencias de micropl\u00e1sticos en fondos costeros canarios"},"content":{"rendered":"<p>El <a href=\"http:\/\/jhborges.webs.ull.es\/\" target=\"_blank\" rel=\"noopener\">grupo de investigaci\u00f3n en Qu\u00edmica Anal\u00edtica Aplicada<\/a> de la Universidad de La Laguna, coordinado por el profesor titular de Qu\u00edmica Anal\u00edtica, Javier Hern\u00e1ndez Borges, ha publicado recientemente en la revista <a href=\"https:\/\/www.sciencedirect.com\/science\/article\/pii\/S0045653521030022?via%3Dihub\" target=\"_blank\" rel=\"noopener\">Chemosphere<\/a>, los resultados del primer estudio llevado a cabo en Canarias, en concreto en la isla de La Palma, sobre la presencia de micropl\u00e1sticos en sedimentos de los fondos marinos de Canarias. Este trabajo se enmarca dentro de la tesis doctoral de la bi\u00f3loga marina Cristina Villanova Solano y ha contado con la financiaci\u00f3n de diversas entidades a trav\u00e9s del proyecto MICROSED, promovido por la Fundaci\u00f3n Diario de Avisos y en colaboraci\u00f3n con otros proyectos de estudio de micropl\u00e1sticos en el medio marino.<\/p>\n<p>Tras llevar a cabo muestreos mediante buceo aut\u00f3nomo a 5-7 metros de profundidad en cuatro localizaciones diferentes de la isla de La Palma (Santa Cruz de La Palma, Puerto Esp\u00edndola, Tazacorte y Puerto Naos), haciendo uso de cores met\u00e1licos de 10 cm de profundidad, las muestras fueron trasladadas al laboratorio del grupo investigador en la Universidad de La Laguna donde, tras realizar una digesti\u00f3n de las mismas para eliminar la materia org\u00e1nica, los micropl\u00e1sticos encontrados fueron clasificados atendiendo a su tama\u00f1o, color y forma para, posteriormente, identificar su composici\u00f3n.<\/p>\n<p>Este primer estudio revel\u00f3 la existencia de algo m\u00e1s de un 98% de microfibras transparentes (86,0%) y azules (9,8%) con una longitud media de 2423 \u00b5m, siendo el 2% restante fragmentos (pl\u00e1sticos r\u00edgidos con bordes irregulares). La concentraci\u00f3n promedio de fibras ascendi\u00f3 a un total de 2682 \u00b1 827 \u00edtems\/kg peso seco, bastante superior a la gran mayor\u00eda de los estudios similares llevados a cabo en otras partes del mundo.<\/p>\n<p>El an\u00e1lisis por microscop\u00eda infrarroja de la composici\u00f3n de un grupo importante de estas microfibras revel\u00f3 que la gran mayor\u00eda de ellas (algo m\u00e1s de un 81%) eran de naturaleza celul\u00f3sica, es decir, fibras naturales o semisint\u00e9ticas como el algod\u00f3n o el lino, en el primer caso, o el ray\u00f3n o la viscosa en el segundo. Alrededor de un 12% eran fibras 100% sint\u00e9ticas, fundamentalmente de poli\u00e9ster, nylon, acrilato o polietileno, mientras que un 6,5% no pudo ser identificado debido a su degradaci\u00f3n.<\/p>\n<p>Tanto en un caso como en otro se trata de microfibras que provienen del lavado de los tejidos y cuya aparici\u00f3n en el medio marino estar\u00eda asociada a vertidos de aguas de diferente \u00edndole, entre ellas las de aguas residuales, puesto que las estaciones depuradoras de aguas residuales no son capaces de retener en su totalidad estos nuevos contaminantes.<\/p>\n<p>Tras estudiar los emisarios existentes en las zonas de muestreo se pudo comprobar que, si bien existe un mayor n\u00famero de emisarios en la cara este de la isla, el contenido en microfibras en las muestras de Tazacorte y Puerto Naos era mayor; de hecho, exist\u00edan diferencias significativas entre el contenido de las localidades en la cara este y oeste. El estudio de la din\u00e1mica oce\u00e1nica y atmosf\u00e9rica revel\u00f3 que en la cara este de la isla se produce un \u201cefecto de lavado\u201d de las microfibras, que son desplazadas hacia el sur por las corrientes. Sin embargo, la existencia de una zona de calma en la cara oeste, promovida tambi\u00e9n por el efecto de apantallamiento que tiene la orograf\u00eda de la isla, hace en la cara oeste se est\u00e9n acumulando un mayor n\u00famero de microfibras.<\/p>\n<p>A eso hay que a\u00f1adir que en el mes en el que se realiz\u00f3 el muestreo, un remolino oce\u00e1nico localizado al sur de la isla podr\u00eda estar devolviendo a la cara oeste las microfibras provenientes de los vertidos de la cara este, explican los investigadores. Se trata de una posible hip\u00f3tesis que estudios posteriores podr\u00edan confirmar, dado que es la primera vez que se lleva a cabo un trabajo de estas caracter\u00edsticas, incluyendo la din\u00e1mica oce\u00e1nica y atmosf\u00e9rica, de vital importancia para entender el transporte y acumulaci\u00f3n de estas part\u00edculas en el medio oce\u00e1nico.<\/p>\n<p>Este trabajo se ha llevado a cabo en colaboraci\u00f3n con el Centro Oceanogr\u00e1fico de Canarias perteneciente al Instituto Espa\u00f1ol de Oceanograf\u00eda, a la que pertenece el investigador Eugenio Fraile, firmante del trabajo, y la Universidad de Las Palmas de Gran Canaria, con la participaci\u00f3n de los profesores Daura Vega Moreno y Francisco Mach\u00edn, que han sido, junto con Eugenio Fraile, los encargados de llevar a cabo el estudio de la din\u00e1mica oce\u00e1nica y atmosf\u00e9rica, as\u00ed como con la Universidad Aut\u00f3noma de Madrid, con la participaci\u00f3n de los profesores Miguel Gonz\u00e1lez Pleiter y Francisca Fern\u00e1ndez Pi\u00f1as, que han colaborado en la identificaci\u00f3n de la composici\u00f3n de los micropl\u00e1sticos encontrados.<\/p>\n<p>Adem\u00e1s de este estudio ya publicado, el grupo de investigaci\u00f3n de la Universidad de La Laguna ha llevado a cabo muestreos en todas las islas del archipi\u00e9lago, exhibiendo en algunos casos concentraciones m\u00e1s altas de fragmentos e hilos de pesca en determinados enclaves. En la actualidad se est\u00e1 procediendo a su an\u00e1lisis con mayor profundidad, sobre todo en lo que a su composici\u00f3n y distribuci\u00f3n debida a la din\u00e1mica oce\u00e1nica se refiere, conjuntamente con los anteriores autores del citado trabajo. la publicaci\u00f3n est\u00e1 disponible gratuitamente (modalidad de acceso abierto) en el siguiente <a href=\"https:\/\/www.sciencedirect.com\/science\/article\/pii\/S0045653521030022?via%3Dihub\" target=\"_blank\" rel=\"noopener\">enlace<\/a>.<\/p>\n","protected":false},"excerpt":{"rendered":"<p>El grupo de investigaci\u00f3n en Qu\u00edmica Anal\u00edtica Aplicada de la Universidad de La Laguna, coordinado por el profesor titular de&#8230;<\/p>\n","protected":false},"author":23,"featured_media":59400,"comment_status":"closed","ping_status":"closed","sticky":false,"template":"","format":"standard","meta":{"inline_featured_image":false,"footnotes":""},"categories":[3785,345,350,2765,3457],"tags":[7966,1575,5733],"acf":[],"yoast_head":"<!-- This site is optimized with the Yoast SEO plugin v21.3 - https:\/\/yoast.com\/wordpress\/plugins\/seo\/ -->\n<title>Investigadores de la ULL encuentran las primeras evidencias de micropl\u00e1sticos en fondos costeros canarios - ULL - Noticias<\/title>\n<meta name=\"robots\" content=\"index, follow, max-snippet:-1, max-image-preview:large, max-video-preview:-1\" \/>\n<link rel=\"canonical\" href=\"https:\/\/www.ull.es\/portal\/noticias\/2021\/investigadores-de-la-ull-encuentran-las-primeras-evidencias-de-microplasticos-en-fondos-costeros-canarios\/\" \/>\n<meta property=\"og:locale\" content=\"es_ES\" \/>\n<meta property=\"og:type\" content=\"article\" \/>\n<meta property=\"og:title\" content=\"Investigadores de la ULL encuentran las primeras evidencias de micropl\u00e1sticos en fondos costeros canarios - ULL - Noticias\" \/>\n<meta property=\"og:description\" content=\"El grupo de investigaci\u00f3n en Qu\u00edmica Anal\u00edtica Aplicada de la Universidad de La Laguna, coordinado por el profesor titular de...\" \/>\n<meta property=\"og:url\" content=\"https:\/\/www.ull.es\/portal\/noticias\/2021\/investigadores-de-la-ull-encuentran-las-primeras-evidencias-de-microplasticos-en-fondos-costeros-canarios\/\" \/>\n<meta property=\"og:site_name\" content=\"ULL - Noticias\" \/>\n<meta property=\"article:publisher\" content=\"https:\/\/www.facebook.com\/universidaddelalaguna\/\" \/>\n<meta property=\"article:published_time\" content=\"2021-11-10T11:03:20+00:00\" \/>\n<meta property=\"article:modified_time\" content=\"2021-11-10T13:00:15+00:00\" \/>\n<meta property=\"og:image\" content=\"https:\/\/www.ull.es\/portal\/noticias\/wp-content\/uploads\/sites\/13\/2021\/11\/microplasticos-fondos-marinos-canarios.jpg\" \/>\n\t<meta property=\"og:image:width\" content=\"1600\" \/>\n\t<meta property=\"og:image:height\" content=\"1200\" \/>\n\t<meta property=\"og:image:type\" content=\"image\/jpeg\" \/>\n<meta name=\"author\" content=\"gaprsa\" \/>\n<meta name=\"twitter:card\" content=\"summary_large_image\" \/>\n<meta name=\"twitter:creator\" content=\"@CanalULL\" \/>\n<meta name=\"twitter:site\" content=\"@CanalULL\" \/>\n<meta name=\"twitter:label1\" content=\"Escrito por\" \/>\n\t<meta name=\"twitter:data1\" content=\"gaprsa\" \/>\n\t<meta name=\"twitter:label2\" content=\"Tiempo de lectura\" \/>\n\t<meta name=\"twitter:data2\" content=\"4 minutos\" \/>\n<script type=\"application\/ld+json\" class=\"yoast-schema-graph\">{\"@context\":\"https:\/\/schema.org\",\"@graph\":[{\"@type\":\"WebPage\",\"@id\":\"https:\/\/www.ull.es\/portal\/noticias\/2021\/investigadores-de-la-ull-encuentran-las-primeras-evidencias-de-microplasticos-en-fondos-costeros-canarios\/\",\"url\":\"https:\/\/www.ull.es\/portal\/noticias\/2021\/investigadores-de-la-ull-encuentran-las-primeras-evidencias-de-microplasticos-en-fondos-costeros-canarios\/\",\"name\":\"Investigadores de la ULL encuentran las primeras evidencias de micropl\u00e1sticos en fondos costeros canarios - ULL - Noticias\",\"isPartOf\":{\"@id\":\"https:\/\/www.ull.es\/portal\/noticias\/#website\"},\"datePublished\":\"2021-11-10T11:03:20+00:00\",\"dateModified\":\"2021-11-10T13:00:15+00:00\",\"author\":{\"@id\":\"https:\/\/www.ull.es\/portal\/noticias\/#\/schema\/person\/b2b1a89d43ffa609e591f7df8ef3e817\"},\"breadcrumb\":{\"@id\":\"https:\/\/www.ull.es\/portal\/noticias\/2021\/investigadores-de-la-ull-encuentran-las-primeras-evidencias-de-microplasticos-en-fondos-costeros-canarios\/#breadcrumb\"},\"inLanguage\":\"es\",\"potentialAction\":[{\"@type\":\"ReadAction\",\"target\":[\"https:\/\/www.ull.es\/portal\/noticias\/2021\/investigadores-de-la-ull-encuentran-las-primeras-evidencias-de-microplasticos-en-fondos-costeros-canarios\/\"]}]},{\"@type\":\"BreadcrumbList\",\"@id\":\"https:\/\/www.ull.es\/portal\/noticias\/2021\/investigadores-de-la-ull-encuentran-las-primeras-evidencias-de-microplasticos-en-fondos-costeros-canarios\/#breadcrumb\",\"itemListElement\":[{\"@type\":\"ListItem\",\"position\":1,\"name\":\"Portada\",\"item\":\"https:\/\/www.ull.es\/portal\/noticias\/\"},{\"@type\":\"ListItem\",\"position\":2,\"name\":\"Investigadores de la ULL encuentran las primeras evidencias de micropl\u00e1sticos en fondos costeros canarios\"}]},{\"@type\":\"WebSite\",\"@id\":\"https:\/\/www.ull.es\/portal\/noticias\/#website\",\"url\":\"https:\/\/www.ull.es\/portal\/noticias\/\",\"name\":\"ULL - Noticias\",\"description\":\"\",\"potentialAction\":[{\"@type\":\"SearchAction\",\"target\":{\"@type\":\"EntryPoint\",\"urlTemplate\":\"https:\/\/www.ull.es\/portal\/noticias\/?s={search_term_string}\"},\"query-input\":\"required name=search_term_string\"}],\"inLanguage\":\"es\"},{\"@type\":\"Person\",\"@id\":\"https:\/\/www.ull.es\/portal\/noticias\/#\/schema\/person\/b2b1a89d43ffa609e591f7df8ef3e817\",\"name\":\"gaprsa\",\"image\":{\"@type\":\"ImageObject\",\"inLanguage\":\"es\",\"@id\":\"https:\/\/www.ull.es\/portal\/noticias\/#\/schema\/person\/image\/\",\"url\":\"https:\/\/secure.gravatar.com\/avatar\/443820550921091458b4823867723b3d?s=96&d=mm&r=g\",\"contentUrl\":\"https:\/\/secure.gravatar.com\/avatar\/443820550921091458b4823867723b3d?s=96&d=mm&r=g\",\"caption\":\"gaprsa\"},\"url\":\"https:\/\/www.ull.es\/portal\/noticias\/author\/gaprsa\/\"}]}<\/script>\n<!-- \/ Yoast SEO plugin. -->","yoast_head_json":{"title":"Investigadores de la ULL encuentran las primeras evidencias de micropl\u00e1sticos en fondos costeros canarios - ULL - Noticias","robots":{"index":"index","follow":"follow","max-snippet":"max-snippet:-1","max-image-preview":"max-image-preview:large","max-video-preview":"max-video-preview:-1"},"canonical":"https:\/\/www.ull.es\/portal\/noticias\/2021\/investigadores-de-la-ull-encuentran-las-primeras-evidencias-de-microplasticos-en-fondos-costeros-canarios\/","og_locale":"es_ES","og_type":"article","og_title":"Investigadores de la ULL encuentran las primeras evidencias de micropl\u00e1sticos en fondos costeros canarios - ULL - Noticias","og_description":"El grupo de investigaci\u00f3n en Qu\u00edmica Anal\u00edtica Aplicada de la Universidad de La Laguna, coordinado por el profesor titular de...","og_url":"https:\/\/www.ull.es\/portal\/noticias\/2021\/investigadores-de-la-ull-encuentran-las-primeras-evidencias-de-microplasticos-en-fondos-costeros-canarios\/","og_site_name":"ULL - Noticias","article_publisher":"https:\/\/www.facebook.com\/universidaddelalaguna\/","article_published_time":"2021-11-10T11:03:20+00:00","article_modified_time":"2021-11-10T13:00:15+00:00","og_image":[{"width":1600,"height":1200,"url":"https:\/\/www.ull.es\/portal\/noticias\/wp-content\/uploads\/sites\/13\/2021\/11\/microplasticos-fondos-marinos-canarios.jpg","type":"image\/jpeg"}],"author":"gaprsa","twitter_card":"summary_large_image","twitter_creator":"@CanalULL","twitter_site":"@CanalULL","twitter_misc":{"Escrito por":"gaprsa","Tiempo de lectura":"4 minutos"},"schema":{"@context":"https:\/\/schema.org","@graph":[{"@type":"WebPage","@id":"https:\/\/www.ull.es\/portal\/noticias\/2021\/investigadores-de-la-ull-encuentran-las-primeras-evidencias-de-microplasticos-en-fondos-costeros-canarios\/","url":"https:\/\/www.ull.es\/portal\/noticias\/2021\/investigadores-de-la-ull-encuentran-las-primeras-evidencias-de-microplasticos-en-fondos-costeros-canarios\/","name":"Investigadores de la ULL encuentran las primeras evidencias de micropl\u00e1sticos en fondos costeros canarios - ULL - Noticias","isPartOf":{"@id":"https:\/\/www.ull.es\/portal\/noticias\/#website"},"datePublished":"2021-11-10T11:03:20+00:00","dateModified":"2021-11-10T13:00:15+00:00","author":{"@id":"https:\/\/www.ull.es\/portal\/noticias\/#\/schema\/person\/b2b1a89d43ffa609e591f7df8ef3e817"},"breadcrumb":{"@id":"https:\/\/www.ull.es\/portal\/noticias\/2021\/investigadores-de-la-ull-encuentran-las-primeras-evidencias-de-microplasticos-en-fondos-costeros-canarios\/#breadcrumb"},"inLanguage":"es","potentialAction":[{"@type":"ReadAction","target":["https:\/\/www.ull.es\/portal\/noticias\/2021\/investigadores-de-la-ull-encuentran-las-primeras-evidencias-de-microplasticos-en-fondos-costeros-canarios\/"]}]},{"@type":"BreadcrumbList","@id":"https:\/\/www.ull.es\/portal\/noticias\/2021\/investigadores-de-la-ull-encuentran-las-primeras-evidencias-de-microplasticos-en-fondos-costeros-canarios\/#breadcrumb","itemListElement":[{"@type":"ListItem","position":1,"name":"Portada","item":"https:\/\/www.ull.es\/portal\/noticias\/"},{"@type":"ListItem","position":2,"name":"Investigadores de la ULL encuentran las primeras evidencias de micropl\u00e1sticos en fondos costeros canarios"}]},{"@type":"WebSite","@id":"https:\/\/www.ull.es\/portal\/noticias\/#website","url":"https:\/\/www.ull.es\/portal\/noticias\/","name":"ULL - Noticias","description":"","potentialAction":[{"@type":"SearchAction","target":{"@type":"EntryPoint","urlTemplate":"https:\/\/www.ull.es\/portal\/noticias\/?s={search_term_string}"},"query-input":"required name=search_term_string"}],"inLanguage":"es"},{"@type":"Person","@id":"https:\/\/www.ull.es\/portal\/noticias\/#\/schema\/person\/b2b1a89d43ffa609e591f7df8ef3e817","name":"gaprsa","image":{"@type":"ImageObject","inLanguage":"es","@id":"https:\/\/www.ull.es\/portal\/noticias\/#\/schema\/person\/image\/","url":"https:\/\/secure.gravatar.com\/avatar\/443820550921091458b4823867723b3d?s=96&d=mm&r=g","contentUrl":"https:\/\/secure.gravatar.com\/avatar\/443820550921091458b4823867723b3d?s=96&d=mm&r=g","caption":"gaprsa"},"url":"https:\/\/www.ull.es\/portal\/noticias\/author\/gaprsa\/"}]}},"primary_category":{"id":345,"name":"Destacado","slug":"destacado","link":"https:\/\/www.ull.es\/portal\/noticias\/category\/destacado\/"},"featured_image_thumbnail_url":"https:\/\/www.ull.es\/portal\/noticias\/wp-content\/uploads\/sites\/13\/2021\/11\/microplasticos-fondos-marinos-canarios-300x225.jpg","_links":{"self":[{"href":"https:\/\/www.ull.es\/portal\/noticias\/wp-json\/wp\/v2\/posts\/59398"}],"collection":[{"href":"https:\/\/www.ull.es\/portal\/noticias\/wp-json\/wp\/v2\/posts"}],"about":[{"href":"https:\/\/www.ull.es\/portal\/noticias\/wp-json\/wp\/v2\/types\/post"}],"author":[{"embeddable":true,"href":"https:\/\/www.ull.es\/portal\/noticias\/wp-json\/wp\/v2\/users\/23"}],"replies":[{"embeddable":true,"href":"https:\/\/www.ull.es\/portal\/noticias\/wp-json\/wp\/v2\/comments?post=59398"}],"version-history":[{"count":3,"href":"https:\/\/www.ull.es\/portal\/noticias\/wp-json\/wp\/v2\/posts\/59398\/revisions"}],"predecessor-version":[{"id":59407,"href":"https:\/\/www.ull.es\/portal\/noticias\/wp-json\/wp\/v2\/posts\/59398\/revisions\/59407"}],"wp:featuredmedia":[{"embeddable":true,"href":"https:\/\/www.ull.es\/portal\/noticias\/wp-json\/wp\/v2\/media\/59400"}],"wp:attachment":[{"href":"https:\/\/www.ull.es\/portal\/noticias\/wp-json\/wp\/v2\/media?parent=59398"}],"wp:term":[{"taxonomy":"category","embeddable":true,"href":"https:\/\/www.ull.es\/portal\/noticias\/wp-json\/wp\/v2\/categories?post=59398"},{"taxonomy":"post_tag","embeddable":true,"href":"https:\/\/www.ull.es\/portal\/noticias\/wp-json\/wp\/v2\/tags?post=59398"}],"curies":[{"name":"wp","href":"https:\/\/api.w.org\/{rel}","templated":true}]}}