{"id":59557,"date":"2021-11-17T09:14:27","date_gmt":"2021-11-17T09:14:27","guid":{"rendered":"https:\/\/www.ull.es\/portal\/noticias\/?p=59557"},"modified":"2021-11-17T09:14:27","modified_gmt":"2021-11-17T09:14:27","slug":"turismo-y-la-ull-firman-un-convenio-para-la-puesta-en-marcha-del-observatorio-del-turismo-de-canarias","status":"publish","type":"post","link":"https:\/\/www.ull.es\/portal\/noticias\/2021\/turismo-y-la-ull-firman-un-convenio-para-la-puesta-en-marcha-del-observatorio-del-turismo-de-canarias\/","title":{"rendered":"Turismo y la ULL firman un convenio para la puesta en marcha del Observatorio del Turismo de Canarias"},"content":{"rendered":"<p>La Viceconsejer\u00eda de Turismo del Gobierno de Canarias, organismo dependiente de la Consejer\u00eda de Turismo, Industria y Comercio, que dirige Yaiza Castilla, y la Universidad de La Laguna han firmado el convenio para la puesta en marcha del Observatorio del Turismo de Canarias, un organismo que aglutinar\u00e1 toda la informaci\u00f3n macroecon\u00f3mica relacionada con el sector, y que tendr\u00e1 un presupuesto en 2022 de 500.000 euros. De esta forma, la informaci\u00f3n relevante relacionada con la actividad tur\u00edstica y, que pueda influir en ella, ser\u00e1 accesible desde un solo punto para todos los usuarios. En el encuentro estuvieron presentes los profesores Ra\u00fal Hern\u00e1ndez y Noem\u00ed Padr\u00f3n, de la c\u00e1tedra que sobre esta materia tiene el centro acad\u00e9mico.<\/p>\n<p>El Observatorio estar\u00e1 integrado en la red de Observatorios de Turismo Sostenible de la Organizaci\u00f3n Mundial del Turismo (INSTO-OMT), y tiene, entre sus labores principales, el an\u00e1lisis tur\u00edstico y la generaci\u00f3n de conocimiento a partir de los datos, adem\u00e1s de las de coordinaci\u00f3n y planificaci\u00f3n de posibles estrategias derivadas del an\u00e1lisis que se pueda realizar de esos datos.\u00a0Seg\u00fan ha explicado la viceconsejera de Turismo, Teresa Ber\u00e1stegui, este instrumento servir\u00e1 como fuente, no solo de datos, sino tambi\u00e9n para su interpretaci\u00f3n, de forma que. tanto desde la \u00e1mbito p\u00fablico como desde el privado, puedan ser utilizados para la toma de decisiones desde el mayor conocimiento de la realidad posible. \u201cHoy m\u00e1s que nunca, en un entorno de extrema incertidumbre, necesitamos manejar la informaci\u00f3n necesaria para adaptarnos a cada situaci\u00f3n y establecer las pol\u00edticas adecuadas\u201d, ha remarcado.<\/p>\n<p>As\u00ed, ha a\u00f1adido que ser\u00e1 un instrumento cuya informaci\u00f3n estar\u00e1 a disposici\u00f3n, no solo de la Consejer\u00eda, sino tambi\u00e9n del resto de administraciones p\u00fablicas y para el sector, de forma que pueda ser \u00fatil para todos los agentes implicados en el desarrollo tur\u00edstico. El observatorio est\u00e1 formado por la Viceconsejer\u00eda de Turismo, Turismo de Canarias y las dos universidades p\u00fablicas canarias, y coordinar\u00e1 sus actividades con todo el sistema de conocimiento tur\u00edstico, lo que genera fuertes v\u00ednculos con los actores del turismo en los \u00e1mbitos p\u00fablico, privado y territorial. En particular, el observatorio deber\u00e1 coordinarse con los cabildos insulares y patronatos de turismo de cada isla.<\/p>\n<p>Concretamente, en lo referente al an\u00e1lisis tur\u00edstico y en la gesti\u00f3n y generaci\u00f3n del conocimiento a partir de los datos, el Observatorio del Turismo de Canarias comunicar\u00e1 y difundir\u00e1 la informaci\u00f3n relevante; complementar\u00e1 las bases de datos del ISTAC; detectar\u00e1 las necesidades de informaci\u00f3n; analizar\u00e1 las tendencias del mercados tanto emisores como competidores; y desarrollar\u00e1 conocimiento tur\u00edstico de excelencia a escala internacional, como cuestiones m\u00e1s destacadas.<\/p>\n<p>Por otro lado, en lo que se refiere a la coordinaci\u00f3n y planificaci\u00f3n, contribuir\u00e1 al dise\u00f1o, seguimiento y evaluaci\u00f3n de la estrategia tur\u00edstica; detectar\u00e1 los recursos tur\u00edsticos y oportunidades de desarrollo alineados con los objetivos estrat\u00e9gicos; asesorar\u00e1 al Gobierno de Canarias, la Consejer\u00eda de Turismo y otros organismos p\u00fablicos y privados; colaborar\u00e1 en la mejora de la gobernanza del turismo y el uso del conocimiento tur\u00edsticos; y cooperar\u00e1 con otros organismos en el desarrollo de proyectos tur\u00edsticos estrat\u00e9gicos.<\/p>\n<p>(Nota cedida).<\/p>\n","protected":false},"excerpt":{"rendered":"<p>La Viceconsejer\u00eda de Turismo del Gobierno de Canarias, organismo dependiente de la Consejer\u00eda de Turismo, Industria y Comercio, que dirige&#8230;<\/p>\n","protected":false},"author":23,"featured_media":59558,"comment_status":"closed","ping_status":"closed","sticky":false,"template":"","format":"standard","meta":{"inline_featured_image":false,"footnotes":""},"categories":[345,348,2765],"tags":[6805],"acf":[],"yoast_head":"<!-- This site is optimized with the Yoast SEO plugin v21.3 - https:\/\/yoast.com\/wordpress\/plugins\/seo\/ -->\n<title>Turismo y la ULL firman un convenio para la puesta en marcha del Observatorio del Turismo de Canarias - ULL - Noticias<\/title>\n<meta name=\"robots\" content=\"index, follow, max-snippet:-1, max-image-preview:large, max-video-preview:-1\" \/>\n<link rel=\"canonical\" href=\"https:\/\/www.ull.es\/portal\/noticias\/2021\/turismo-y-la-ull-firman-un-convenio-para-la-puesta-en-marcha-del-observatorio-del-turismo-de-canarias\/\" \/>\n<meta property=\"og:locale\" content=\"es_ES\" \/>\n<meta property=\"og:type\" content=\"article\" \/>\n<meta property=\"og:title\" content=\"Turismo y la ULL firman un convenio para la puesta en marcha del Observatorio del Turismo de Canarias - ULL - Noticias\" \/>\n<meta property=\"og:description\" content=\"La Viceconsejer\u00eda de Turismo del Gobierno de Canarias, organismo dependiente de la Consejer\u00eda de Turismo, Industria y Comercio, que dirige...\" \/>\n<meta property=\"og:url\" content=\"https:\/\/www.ull.es\/portal\/noticias\/2021\/turismo-y-la-ull-firman-un-convenio-para-la-puesta-en-marcha-del-observatorio-del-turismo-de-canarias\/\" \/>\n<meta property=\"og:site_name\" content=\"ULL - Noticias\" \/>\n<meta property=\"article:publisher\" content=\"https:\/\/www.facebook.com\/universidaddelalaguna\/\" \/>\n<meta property=\"article:published_time\" content=\"2021-11-17T09:14:27+00:00\" \/>\n<meta property=\"og:image\" content=\"https:\/\/www.ull.es\/portal\/noticias\/wp-content\/uploads\/sites\/13\/2021\/11\/reunion-turismo.jpg\" \/>\n\t<meta property=\"og:image:width\" content=\"1424\" \/>\n\t<meta property=\"og:image:height\" content=\"873\" \/>\n\t<meta property=\"og:image:type\" content=\"image\/jpeg\" \/>\n<meta name=\"author\" content=\"gaprsa\" \/>\n<meta name=\"twitter:card\" content=\"summary_large_image\" \/>\n<meta name=\"twitter:creator\" content=\"@CanalULL\" \/>\n<meta name=\"twitter:site\" content=\"@CanalULL\" \/>\n<meta name=\"twitter:label1\" content=\"Escrito por\" \/>\n\t<meta name=\"twitter:data1\" content=\"gaprsa\" \/>\n\t<meta name=\"twitter:label2\" content=\"Tiempo de lectura\" \/>\n\t<meta name=\"twitter:data2\" content=\"3 minutos\" \/>\n<script type=\"application\/ld+json\" class=\"yoast-schema-graph\">{\"@context\":\"https:\/\/schema.org\",\"@graph\":[{\"@type\":\"WebPage\",\"@id\":\"https:\/\/www.ull.es\/portal\/noticias\/2021\/turismo-y-la-ull-firman-un-convenio-para-la-puesta-en-marcha-del-observatorio-del-turismo-de-canarias\/\",\"url\":\"https:\/\/www.ull.es\/portal\/noticias\/2021\/turismo-y-la-ull-firman-un-convenio-para-la-puesta-en-marcha-del-observatorio-del-turismo-de-canarias\/\",\"name\":\"Turismo y la ULL firman un convenio para la puesta en marcha del Observatorio del Turismo de Canarias - ULL - Noticias\",\"isPartOf\":{\"@id\":\"https:\/\/www.ull.es\/portal\/noticias\/#website\"},\"datePublished\":\"2021-11-17T09:14:27+00:00\",\"dateModified\":\"2021-11-17T09:14:27+00:00\",\"author\":{\"@id\":\"https:\/\/www.ull.es\/portal\/noticias\/#\/schema\/person\/b2b1a89d43ffa609e591f7df8ef3e817\"},\"breadcrumb\":{\"@id\":\"https:\/\/www.ull.es\/portal\/noticias\/2021\/turismo-y-la-ull-firman-un-convenio-para-la-puesta-en-marcha-del-observatorio-del-turismo-de-canarias\/#breadcrumb\"},\"inLanguage\":\"es\",\"potentialAction\":[{\"@type\":\"ReadAction\",\"target\":[\"https:\/\/www.ull.es\/portal\/noticias\/2021\/turismo-y-la-ull-firman-un-convenio-para-la-puesta-en-marcha-del-observatorio-del-turismo-de-canarias\/\"]}]},{\"@type\":\"BreadcrumbList\",\"@id\":\"https:\/\/www.ull.es\/portal\/noticias\/2021\/turismo-y-la-ull-firman-un-convenio-para-la-puesta-en-marcha-del-observatorio-del-turismo-de-canarias\/#breadcrumb\",\"itemListElement\":[{\"@type\":\"ListItem\",\"position\":1,\"name\":\"Portada\",\"item\":\"https:\/\/www.ull.es\/portal\/noticias\/\"},{\"@type\":\"ListItem\",\"position\":2,\"name\":\"Turismo y la ULL firman un convenio para la puesta en marcha del Observatorio del Turismo de Canarias\"}]},{\"@type\":\"WebSite\",\"@id\":\"https:\/\/www.ull.es\/portal\/noticias\/#website\",\"url\":\"https:\/\/www.ull.es\/portal\/noticias\/\",\"name\":\"ULL - Noticias\",\"description\":\"\",\"potentialAction\":[{\"@type\":\"SearchAction\",\"target\":{\"@type\":\"EntryPoint\",\"urlTemplate\":\"https:\/\/www.ull.es\/portal\/noticias\/?s={search_term_string}\"},\"query-input\":\"required name=search_term_string\"}],\"inLanguage\":\"es\"},{\"@type\":\"Person\",\"@id\":\"https:\/\/www.ull.es\/portal\/noticias\/#\/schema\/person\/b2b1a89d43ffa609e591f7df8ef3e817\",\"name\":\"gaprsa\",\"image\":{\"@type\":\"ImageObject\",\"inLanguage\":\"es\",\"@id\":\"https:\/\/www.ull.es\/portal\/noticias\/#\/schema\/person\/image\/\",\"url\":\"https:\/\/secure.gravatar.com\/avatar\/443820550921091458b4823867723b3d?s=96&d=mm&r=g\",\"contentUrl\":\"https:\/\/secure.gravatar.com\/avatar\/443820550921091458b4823867723b3d?s=96&d=mm&r=g\",\"caption\":\"gaprsa\"},\"url\":\"https:\/\/www.ull.es\/portal\/noticias\/author\/gaprsa\/\"}]}<\/script>\n<!-- \/ Yoast SEO plugin. -->","yoast_head_json":{"title":"Turismo y la ULL firman un convenio para la puesta en marcha del Observatorio del Turismo de Canarias - ULL - Noticias","robots":{"index":"index","follow":"follow","max-snippet":"max-snippet:-1","max-image-preview":"max-image-preview:large","max-video-preview":"max-video-preview:-1"},"canonical":"https:\/\/www.ull.es\/portal\/noticias\/2021\/turismo-y-la-ull-firman-un-convenio-para-la-puesta-en-marcha-del-observatorio-del-turismo-de-canarias\/","og_locale":"es_ES","og_type":"article","og_title":"Turismo y la ULL firman un convenio para la puesta en marcha del Observatorio del Turismo de Canarias - ULL - Noticias","og_description":"La Viceconsejer\u00eda de Turismo del Gobierno de Canarias, organismo dependiente de la Consejer\u00eda de Turismo, Industria y Comercio, que dirige...","og_url":"https:\/\/www.ull.es\/portal\/noticias\/2021\/turismo-y-la-ull-firman-un-convenio-para-la-puesta-en-marcha-del-observatorio-del-turismo-de-canarias\/","og_site_name":"ULL - Noticias","article_publisher":"https:\/\/www.facebook.com\/universidaddelalaguna\/","article_published_time":"2021-11-17T09:14:27+00:00","og_image":[{"width":1424,"height":873,"url":"https:\/\/www.ull.es\/portal\/noticias\/wp-content\/uploads\/sites\/13\/2021\/11\/reunion-turismo.jpg","type":"image\/jpeg"}],"author":"gaprsa","twitter_card":"summary_large_image","twitter_creator":"@CanalULL","twitter_site":"@CanalULL","twitter_misc":{"Escrito por":"gaprsa","Tiempo de lectura":"3 minutos"},"schema":{"@context":"https:\/\/schema.org","@graph":[{"@type":"WebPage","@id":"https:\/\/www.ull.es\/portal\/noticias\/2021\/turismo-y-la-ull-firman-un-convenio-para-la-puesta-en-marcha-del-observatorio-del-turismo-de-canarias\/","url":"https:\/\/www.ull.es\/portal\/noticias\/2021\/turismo-y-la-ull-firman-un-convenio-para-la-puesta-en-marcha-del-observatorio-del-turismo-de-canarias\/","name":"Turismo y la ULL firman un convenio para la puesta en marcha del Observatorio del Turismo de Canarias - ULL - Noticias","isPartOf":{"@id":"https:\/\/www.ull.es\/portal\/noticias\/#website"},"datePublished":"2021-11-17T09:14:27+00:00","dateModified":"2021-11-17T09:14:27+00:00","author":{"@id":"https:\/\/www.ull.es\/portal\/noticias\/#\/schema\/person\/b2b1a89d43ffa609e591f7df8ef3e817"},"breadcrumb":{"@id":"https:\/\/www.ull.es\/portal\/noticias\/2021\/turismo-y-la-ull-firman-un-convenio-para-la-puesta-en-marcha-del-observatorio-del-turismo-de-canarias\/#breadcrumb"},"inLanguage":"es","potentialAction":[{"@type":"ReadAction","target":["https:\/\/www.ull.es\/portal\/noticias\/2021\/turismo-y-la-ull-firman-un-convenio-para-la-puesta-en-marcha-del-observatorio-del-turismo-de-canarias\/"]}]},{"@type":"BreadcrumbList","@id":"https:\/\/www.ull.es\/portal\/noticias\/2021\/turismo-y-la-ull-firman-un-convenio-para-la-puesta-en-marcha-del-observatorio-del-turismo-de-canarias\/#breadcrumb","itemListElement":[{"@type":"ListItem","position":1,"name":"Portada","item":"https:\/\/www.ull.es\/portal\/noticias\/"},{"@type":"ListItem","position":2,"name":"Turismo y la ULL firman un convenio para la puesta en marcha del Observatorio del Turismo de Canarias"}]},{"@type":"WebSite","@id":"https:\/\/www.ull.es\/portal\/noticias\/#website","url":"https:\/\/www.ull.es\/portal\/noticias\/","name":"ULL - Noticias","description":"","potentialAction":[{"@type":"SearchAction","target":{"@type":"EntryPoint","urlTemplate":"https:\/\/www.ull.es\/portal\/noticias\/?s={search_term_string}"},"query-input":"required name=search_term_string"}],"inLanguage":"es"},{"@type":"Person","@id":"https:\/\/www.ull.es\/portal\/noticias\/#\/schema\/person\/b2b1a89d43ffa609e591f7df8ef3e817","name":"gaprsa","image":{"@type":"ImageObject","inLanguage":"es","@id":"https:\/\/www.ull.es\/portal\/noticias\/#\/schema\/person\/image\/","url":"https:\/\/secure.gravatar.com\/avatar\/443820550921091458b4823867723b3d?s=96&d=mm&r=g","contentUrl":"https:\/\/secure.gravatar.com\/avatar\/443820550921091458b4823867723b3d?s=96&d=mm&r=g","caption":"gaprsa"},"url":"https:\/\/www.ull.es\/portal\/noticias\/author\/gaprsa\/"}]}},"primary_category":{"id":345,"name":"Destacado","slug":"destacado","link":"https:\/\/www.ull.es\/portal\/noticias\/category\/destacado\/"},"featured_image_thumbnail_url":"https:\/\/www.ull.es\/portal\/noticias\/wp-content\/uploads\/sites\/13\/2021\/11\/reunion-turismo-300x184.jpg","_links":{"self":[{"href":"https:\/\/www.ull.es\/portal\/noticias\/wp-json\/wp\/v2\/posts\/59557"}],"collection":[{"href":"https:\/\/www.ull.es\/portal\/noticias\/wp-json\/wp\/v2\/posts"}],"about":[{"href":"https:\/\/www.ull.es\/portal\/noticias\/wp-json\/wp\/v2\/types\/post"}],"author":[{"embeddable":true,"href":"https:\/\/www.ull.es\/portal\/noticias\/wp-json\/wp\/v2\/users\/23"}],"replies":[{"embeddable":true,"href":"https:\/\/www.ull.es\/portal\/noticias\/wp-json\/wp\/v2\/comments?post=59557"}],"version-history":[{"count":1,"href":"https:\/\/www.ull.es\/portal\/noticias\/wp-json\/wp\/v2\/posts\/59557\/revisions"}],"predecessor-version":[{"id":59559,"href":"https:\/\/www.ull.es\/portal\/noticias\/wp-json\/wp\/v2\/posts\/59557\/revisions\/59559"}],"wp:featuredmedia":[{"embeddable":true,"href":"https:\/\/www.ull.es\/portal\/noticias\/wp-json\/wp\/v2\/media\/59558"}],"wp:attachment":[{"href":"https:\/\/www.ull.es\/portal\/noticias\/wp-json\/wp\/v2\/media?parent=59557"}],"wp:term":[{"taxonomy":"category","embeddable":true,"href":"https:\/\/www.ull.es\/portal\/noticias\/wp-json\/wp\/v2\/categories?post=59557"},{"taxonomy":"post_tag","embeddable":true,"href":"https:\/\/www.ull.es\/portal\/noticias\/wp-json\/wp\/v2\/tags?post=59557"}],"curies":[{"name":"wp","href":"https:\/\/api.w.org\/{rel}","templated":true}]}}