{"id":59666,"date":"2021-11-22T18:19:03","date_gmt":"2021-11-22T18:19:03","guid":{"rendered":"https:\/\/www.ull.es\/portal\/noticias\/?p=59666"},"modified":"2021-11-22T18:19:03","modified_gmt":"2021-11-22T18:19:03","slug":"las-universidades-publicas-pieza-fundamental-en-el-desarrollo-de-la-agenda-canaria-2030","status":"publish","type":"post","link":"https:\/\/www.ull.es\/portal\/noticias\/2021\/las-universidades-publicas-pieza-fundamental-en-el-desarrollo-de-la-agenda-canaria-2030\/","title":{"rendered":"Las universidades p\u00fablicas, pieza fundamental  en el desarrollo de la Agenda Canaria 2030"},"content":{"rendered":"<p class=\"s15\"><span class=\"s14\">La sede de Presidencia del Gobierno de Canarias en Santa Cruz de Tenerife acogi\u00f3 esta ma\u00f1ana la celebraci\u00f3n de la primera mesa de participaci\u00f3n, an\u00e1lisis y debate relacionada con la Agenda Canaria de Desarrollo Sostenible 2030 (Agenda Canaria 2030), acci\u00f3n integrada en las jornadas que sobre este mismo particular ha organizado a lo largo de esta semana la Viceconsejer\u00eda de la Presidencia y la Direcci\u00f3n General de Investigaci\u00f3n y Coordinaci\u00f3n del Desarrollo Sostenible.<\/span><\/p>\n<p class=\"s15\"><span class=\"s14\">En la sesi\u00f3n inaugural, participaron el viceconsejero de la Presidencia del Ejecutivo auton\u00f3mico, Antonio Olivera; el director general responsable de la redacci\u00f3n de la Agenda Canaria 2030, David Padr\u00f3n, al frente del departamento de Investigaci\u00f3n y Coordinaci\u00f3n del Desarrollo Sostenible, junto a la rectora de la Universidad de La Laguna, Rosa Aguilar, y al director de Sostenibilidad de la Universidad de Las Palmas de Gran Canaria (ULPGC), Ciro Guti\u00e9rrez. A estos integrantes de la mesa, se sumaron otros vinculados a los \u00e1mbitos universitarios de Canarias.<\/span><\/p>\n<p class=\"s15\"><span class=\"s14\"><img decoding=\"async\" loading=\"lazy\" class=\"alignleft size-medium wp-image-59669\" src=\"https:\/\/www.ull.es\/portal\/noticias\/wp-content\/uploads\/sites\/13\/2021\/11\/0B857A2B-A90A-41D7-AFED-603845E597DD-300x200.jpeg\" alt=\"\" width=\"300\" height=\"200\" srcset=\"https:\/\/www.ull.es\/portal\/noticias\/wp-content\/uploads\/sites\/13\/2021\/11\/0B857A2B-A90A-41D7-AFED-603845E597DD-300x200.jpeg 300w, https:\/\/www.ull.es\/portal\/noticias\/wp-content\/uploads\/sites\/13\/2021\/11\/0B857A2B-A90A-41D7-AFED-603845E597DD-1024x684.jpeg 1024w, https:\/\/www.ull.es\/portal\/noticias\/wp-content\/uploads\/sites\/13\/2021\/11\/0B857A2B-A90A-41D7-AFED-603845E597DD-768x513.jpeg 768w, https:\/\/www.ull.es\/portal\/noticias\/wp-content\/uploads\/sites\/13\/2021\/11\/0B857A2B-A90A-41D7-AFED-603845E597DD-1536x1025.jpeg 1536w, https:\/\/www.ull.es\/portal\/noticias\/wp-content\/uploads\/sites\/13\/2021\/11\/0B857A2B-A90A-41D7-AFED-603845E597DD-375x250.jpeg 375w, https:\/\/www.ull.es\/portal\/noticias\/wp-content\/uploads\/sites\/13\/2021\/11\/0B857A2B-A90A-41D7-AFED-603845E597DD-750x501.jpeg 750w, https:\/\/www.ull.es\/portal\/noticias\/wp-content\/uploads\/sites\/13\/2021\/11\/0B857A2B-A90A-41D7-AFED-603845E597DD-1140x761.jpeg 1140w, https:\/\/www.ull.es\/portal\/noticias\/wp-content\/uploads\/sites\/13\/2021\/11\/0B857A2B-A90A-41D7-AFED-603845E597DD.jpeg 1600w\" sizes=\"(max-width: 300px) 100vw, 300px\" \/>En la cita de hoy, que se inici\u00f3 a las 10.15, se plantearon varios interrogantes como punto de partida del debate: <\/span><span class=\"s14\">\u00bf<\/span><span class=\"s14\">c<\/span><span class=\"s14\">\u00f3mo hacer para que toda la labor universitaria alineada con los Objetivos de Desarrollo Sostenible (ODS) no se pierda?; \u00bf<\/span><span class=\"s14\">e<\/span><span class=\"s14\">n qu\u00e9 medida es positivo sumar al curr\u00edcul<\/span><span class=\"s14\">o <\/span><span class=\"s14\">acad\u00e9mico un curr\u00edcul<\/span><span class=\"s14\">o<\/span><span class=\"s14\"> social?; \u00bf<\/span><span class=\"s14\">c<\/span><span class=\"s14\">u\u00e1l es el papel de los estudiantes universitarios en la resoluci\u00f3n de retos vinculados <\/span><span class=\"s14\">a<\/span><span class=\"s14\">l desarrollo sostenible? Estas fueron algunas de <\/span><span class=\"s14\">las<\/span><span class=\"s14\"> cuestiones <\/span><span class=\"s14\">formuladas <\/span><span class=\"s14\">durante la <\/span><span class=\"s14\">sesi\u00f3n <\/span><span class=\"s14\">con representantes de las dos universidades p\u00fablicas de Canarias <\/span><span class=\"s14\">concebida<\/span><span class=\"s14\"> para la participaci\u00f3n, el an\u00e1lisis y la ratificaci\u00f3n de la Agenda Canaria de Desarrollo Sostenible 2030. <\/span><\/p>\n<p class=\"s15\"><span class=\"s14\">\u201c<\/span><span class=\"s14\">En la universidad vamos a seguir haciendo lo que venimos haciendo siempre, que es docencia, investigaci\u00f3n y transferencia a la sociedad, solo que de forma diferente\u201d, dijo la rectora de la <\/span><span class=\"s14\">ULL<\/span><span class=\"s14\">, Rosa Aguilar, durante el encuentro en la sede de Presidencia del Gobierno en Santa Cruz de Tenerife. Aguilar <\/span><span class=\"s16\">celebr\u00f3 <\/span><span class=\"s14\">la apertura del proceso participativo <\/span><span class=\"s14\">en <\/span><span class=\"s16\">la contextualizaci\u00f3n de los ODS a la realidad canaria <\/span><span class=\"s14\">y habl\u00f3 de incorporar los <\/span><span class=\"s16\">objetivos <\/span><span class=\"s14\">al c\u00f3digo gen\u00e9tico de la instituci\u00f3n, con modelos de ense\u00f1anza m\u00e1s cooperativos y flexibles donde los estudiantes ocupen el centro. <\/span><span class=\"s14\">Se trata de <\/span><span class=\"s14\">\u201c<\/span><span class=\"s14\">f<\/span><span class=\"s14\">ormar a personas para la sociedad en que vivimos con una docencia m\u00e1s personalizada, un aprendizaje continuo que se relacione m\u00e1s con los desaf\u00edos que tiene la sociedad\u201d. <\/span><\/p>\n<p class=\"s15\"><span class=\"s14\">La igualdad de g\u00e9nero, el consumo responsable, la reducci\u00f3n de desigualdades econ\u00f3micas y la acci\u00f3n por el clima son algunos de los ODS <\/span><span class=\"s14\">en que <\/span><span class=\"s14\">la universidad tiene mucho <\/span><span class=\"s14\">que <\/span><span class=\"s14\">aportar desde la docencia, <\/span><span class=\"s14\">afirm\u00f3 <\/span><span class=\"s14\">Aguilar, <\/span><span class=\"s14\">de<\/span><span class=\"s14\"> igual forma <\/span><span class=\"s14\">que <\/span><span class=\"s14\">las investigaciones universitarias contribuyen de forma directa al avance de objetivos como la reducci\u00f3n de la pobreza, el acceso al agua potable o el mantenimiento de los ecosistemas marinos y terrestres.<\/span><\/p>\n<p class=\"s15\"><span class=\"s14\">En la misma l\u00ednea, se pronunci\u00f3 el rector de la <\/span><span class=\"s14\">ULPGC<\/span><span class=\"s14\">, Llu<\/span><span class=\"s14\">\u00ed<\/span><span class=\"s14\">s Serra, que <\/span><span class=\"s16\">intervino <\/span><span class=\"s14\">de forma telem\u00e1tica desde la isla de <\/span><span class=\"s14\">L<\/span><span class=\"s14\">a Palma, donde estaba en visita oficial. \u201cLa Agenda Canaria 2030 es muy nuestra; ha tenido una importante participaci\u00f3n ciudadana y <\/span><span class=\"s16\">desde la universidad nos hemos involucrado activamente en los espacios de participaci\u00f3n abiertos\u201d, <\/span><span class=\"s16\">expuso<\/span><span class=\"s16\">. <\/span><span class=\"s14\">Entre los planes de la universidad que dirige figuran <\/span><span class=\"s14\">los de <\/span><span class=\"s14\">incorporar materias de econom\u00eda circular y de alimentaci\u00f3n sostenible. Seg\u00fan <\/span><span class=\"s14\">explic\u00f3 <\/span><span class=\"s14\">Ciro Guti\u00e9rrez, director de <\/span><span class=\"s14\">S<\/span><span class=\"s14\">ostenibilidad de la ULPGC, no ser\u00e1n las \u00fanicas innovaciones alineadas <\/span><span class=\"s14\">a<\/span><span class=\"s14\"> los ODS. \u201c<\/span><span class=\"s14\">Seg\u00fan <\/span><span class=\"s14\">la <\/span><span class=\"s14\">futura<\/span> <span class=\"s14\">L<\/span><span class=\"s14\">ey de <\/span><span class=\"s14\">C<\/span><span class=\"s14\">ambio <\/span><span class=\"s14\">C<\/span><span class=\"s14\">lim\u00e1tico, que va a exigir a las empresas tur\u00edsticas tener a gente formada en sostenibilidad, la ULPGC va a proponer este a\u00f1o un curso de expertos en <\/span><span class=\"s14\">S<\/span><span class=\"s14\">ostenibilidad en el \u00e1mbito de <\/span><span class=\"s14\">T<\/span><span class=\"s14\">urismo\u201d, <\/span><span class=\"s14\">avanz\u00f3.<\/span><\/p>\n<p class=\"s15\"><span class=\"s14\">Las dos universidades p\u00fablicas canarias han tenido un papel fundamental en la elaboraci\u00f3n de la Agenda Canaria de Desarrollo Sostenible 2030, que se firmar\u00e1 este 2 de diciembre en Lanzarote. <\/span><span class=\"s14\">Y ha sido as\u00ed desde <\/span><span class=\"s14\">la sistematizaci\u00f3n de l<\/span><span class=\"s14\">a<\/span><span class=\"s14\">s aport<\/span><span class=\"s14\">aciones<\/span><span class=\"s14\"> en un proceso que ha sido especialmente participativo hasta el dise\u00f1o de indicadores que permitir\u00e1n medir su cumplimiento. \u201cLa Agenda Canaria de Desarrollo Sostenible no es una agenda pol\u00edtica, <\/span><span class=\"s14\">sino que <\/span><span class=\"s14\">es compartida por tod<\/span><span class=\"s14\">a<\/span><span class=\"s14\">s <\/span><span class=\"s14\">y todos, que <\/span><span class=\"s14\">somos <\/span><span class=\"s14\">los co<\/span><span class=\"s14\">creadores y responsables\u201d, <\/span><span class=\"s14\">indic\u00f3 <\/span><span class=\"s14\">Antonio Olivera, <\/span><span class=\"s14\">viceconsejero <\/span><span class=\"s14\">de <\/span><span class=\"s14\">la <\/span><span class=\"s14\">Presidencia <\/span><span class=\"s14\">en <\/span><span class=\"s14\">el Gobierno de Canarias. En <\/span><span class=\"s14\">esta l\u00ednea<\/span><span class=\"s14\">, Olivera destac\u00f3 la labor desempe\u00f1ada por las universidades como una demostraci\u00f3n de que \u201csiempre hay una parte de la sociedad, de los gobiernos, de las estructuras administrativas y del tercer sector mirando hacia el futuro, con las luces largas puestas\u201d. <\/span><\/p>\n<p class=\"s15\"><span class=\"s14\">Moderado por el consultor Marco Antonio Ortega, <\/span><span class=\"s14\">la cita <\/span><span class=\"s14\">fue retransmitid<\/span><span class=\"s14\">a<\/span><span class=\"s14\"> en directo por YouTube y cont\u00f3 con la participaci\u00f3n de internautas que enviaban sus consultas al portal de v<\/span><span class=\"s14\">i<\/span><span class=\"s14\">deos. Una de ellas hizo referencia a la necesidad de comunicar el trabajo realizado por toda la sociedad canaria en la elaboraci\u00f3n del marco estrat\u00e9gico <\/span><span class=\"s14\">de la Agenda Canaria 2030<\/span><span class=\"s14\">. David Padr\u00f3n respondi\u00f3 <\/span><span class=\"s14\">a esa pregunta con el anuncio de <\/span><span class=\"s14\">la creaci\u00f3n de una p\u00e1gina web. \u201cEs<\/span><span class=\"s14\">a<\/span><span class=\"s14\"> p\u00e1gina tendr\u00e1 un enlace a nuestra plataforma multiactor, donde tendr\u00e1 cabida toda la ciudadan\u00eda, el Consejo Canario de Desarrollo Sostenible, un grupo de trabajo de coordinaci\u00f3n interinstitucional, el <\/span><span class=\"s14\">f<\/span><span class=\"s14\">oro <\/span><span class=\"s14\">p<\/span><span class=\"s14\">ermanente de <\/span><span class=\"s14\">d<\/span><span class=\"s14\">i\u00e1logos <\/span><span class=\"s14\">i<\/span><span class=\"s14\">ntergeneracionales, el foro para las empresas, para la cultura, para el tercer sector, y un espacio para que la ciudadan\u00eda <\/span><span class=\"s14\">en <\/span><span class=\"s14\">general pueda hacernos llegar sus sugerencias\u201d, <\/span><span class=\"s14\">enumer\u00f3<\/span><span class=\"s14\">. \u201cTenemos que seguir apostando por la participaci\u00f3n; es la \u00fanica forma de que esto funcione\u201d, <\/span><span class=\"s14\">concluy\u00f3.<\/span><\/p>\n<p class=\"s15\"><span class=\"s14\">La semana con an\u00e1lisis sectoriales sobre la <\/span><span class=\"s14\">Agenda Canaria <\/span><span class=\"s14\">2030, que comenz\u00f3 hoy, se plantea como un programa de encuentros en la sede de Presidencia del Gobierno, donde los representantes de la sociedad civil, el empresariado, las organizaciones de trabajadores, las universidades, el sector cultural, los grupos pol\u00edticos y las corporaciones locales e insulares que han participado en su elaboraci\u00f3n ratificar\u00e1n su compromiso con la Agenda Canaria y su marco estrat\u00e9gico, dise\u00f1ados de forma colectiva para adaptar a la realidad del Archipi\u00e9lago las 169 metas que comprenden los 17 Objetivos de Desarrollo Sostenible (ODS). Las metas de los ODS incluyen entre sus prioridades cuestiones tales como el cambio clim\u00e1tico, la desigualdad econ\u00f3mica, la innovaci\u00f3n, el consumo sostenible, la paz y la justicia.<\/span><\/p>\n<p class=\"s15\"><span class=\"s14\">El programa de encuentros previstos en la sede de Presidencia del Gobierno contin\u00faa a las seis de la tarde de <\/span><span class=\"s14\">este<\/span><span class=\"s14\"> lunes, <\/span><span class=\"s14\">d\u00eda<\/span><span class=\"s14\"> 22, con la presencia de representantes del \u00e1mbito de la cultura y de los grupos que formaron parte de la iniciativa <\/span><span class=\"s17\">Di\u00e1logos <\/span><span class=\"s17\">I<\/span><span class=\"s17\">ntergeneracionales<\/span><span class=\"s14\">, entre ellos colectivos representativos de la infancia, la juventud y las personas mayores.<\/span><\/p>\n<p class=\"s19\"><span class=\"s18\">Para <\/span><span class=\"s18\">ma\u00f1ana, <\/span><span class=\"s18\">martes 23, se ha planteado una reuni\u00f3n a las diez de la ma\u00f1ana con organizaciones del tercer sector y la econom\u00eda social y transformadora. La semana se cerrar\u00e1 e<\/span><span class=\"s18\">ste<\/span><span class=\"s18\"> jueves 25 con los encuentros con agentes sindicales y empresariales, <\/span><span class=\"s18\">este por la ma\u00f1ana, <\/span><span class=\"s18\">a las diez. <\/span><\/p>\n<p class=\"s19\"><span class=\"s18\">Ahora bien, la \u00faltima sesi\u00f3n, tambi\u00e9n el jueves, contar\u00e1 con representantes del Parlamento de Canarias y de las corporaciones locales e insulares, a partir de las cuatro y media de la tarde en la misma instalaci\u00f3n. <\/span><span class=\"s18\">Con ella se clausurar\u00e1n estas jornadas de participaci\u00f3n previas a la aprobaci\u00f3n y firma del marco estrat\u00e9gico de la Agenda Canaria 2030, lo que ocurrir\u00e1 en Lanzarote el 2 de diciembre, en un acto institucional con participaci\u00f3n de todos los agentes involucrados en este proceso.<\/span><\/p>\n<p class=\"s6\">(Nota de prensa y fotos cedidas).<\/p>\n","protected":false},"excerpt":{"rendered":"<p>La sede de Presidencia del Gobierno de Canarias en Santa Cruz de Tenerife acogi\u00f3 esta ma\u00f1ana la celebraci\u00f3n de la&#8230;<\/p>\n","protected":false},"author":23,"featured_media":59668,"comment_status":"closed","ping_status":"closed","sticky":false,"template":"","format":"standard","meta":{"inline_featured_image":false,"footnotes":""},"categories":[5232,345,348,2765],"tags":[3693,8011,4150],"acf":[],"yoast_head":"<!-- This site is optimized with the Yoast SEO plugin v21.3 - https:\/\/yoast.com\/wordpress\/plugins\/seo\/ -->\n<title>Las universidades p\u00fablicas, pieza fundamental en el desarrollo de la Agenda Canaria 2030 - ULL - Noticias<\/title>\n<meta name=\"robots\" content=\"index, follow, max-snippet:-1, max-image-preview:large, max-video-preview:-1\" \/>\n<link rel=\"canonical\" href=\"https:\/\/www.ull.es\/portal\/noticias\/2021\/las-universidades-publicas-pieza-fundamental-en-el-desarrollo-de-la-agenda-canaria-2030\/\" \/>\n<meta property=\"og:locale\" content=\"es_ES\" \/>\n<meta property=\"og:type\" content=\"article\" \/>\n<meta property=\"og:title\" content=\"Las universidades p\u00fablicas, pieza fundamental en el desarrollo de la Agenda Canaria 2030 - ULL - Noticias\" \/>\n<meta property=\"og:description\" content=\"La sede de Presidencia del Gobierno de Canarias en Santa Cruz de Tenerife acogi\u00f3 esta ma\u00f1ana la celebraci\u00f3n de la...\" \/>\n<meta property=\"og:url\" content=\"https:\/\/www.ull.es\/portal\/noticias\/2021\/las-universidades-publicas-pieza-fundamental-en-el-desarrollo-de-la-agenda-canaria-2030\/\" \/>\n<meta property=\"og:site_name\" content=\"ULL - Noticias\" \/>\n<meta property=\"article:publisher\" content=\"https:\/\/www.facebook.com\/universidaddelalaguna\/\" \/>\n<meta property=\"article:published_time\" content=\"2021-11-22T18:19:03+00:00\" \/>\n<meta property=\"og:image\" content=\"https:\/\/www.ull.es\/portal\/noticias\/wp-content\/uploads\/sites\/13\/2021\/11\/3F67FB02-D7EF-4B00-8BE9-3A63777CB3DF.jpeg\" \/>\n\t<meta property=\"og:image:width\" content=\"1600\" \/>\n\t<meta property=\"og:image:height\" content=\"1085\" \/>\n\t<meta property=\"og:image:type\" content=\"image\/jpeg\" \/>\n<meta name=\"author\" content=\"gaprsa\" \/>\n<meta name=\"twitter:card\" content=\"summary_large_image\" \/>\n<meta name=\"twitter:creator\" content=\"@CanalULL\" \/>\n<meta name=\"twitter:site\" content=\"@CanalULL\" \/>\n<meta name=\"twitter:label1\" content=\"Escrito por\" \/>\n\t<meta name=\"twitter:data1\" content=\"gaprsa\" \/>\n\t<meta name=\"twitter:label2\" content=\"Tiempo de lectura\" \/>\n\t<meta name=\"twitter:data2\" content=\"6 minutos\" \/>\n<script type=\"application\/ld+json\" class=\"yoast-schema-graph\">{\"@context\":\"https:\/\/schema.org\",\"@graph\":[{\"@type\":\"WebPage\",\"@id\":\"https:\/\/www.ull.es\/portal\/noticias\/2021\/las-universidades-publicas-pieza-fundamental-en-el-desarrollo-de-la-agenda-canaria-2030\/\",\"url\":\"https:\/\/www.ull.es\/portal\/noticias\/2021\/las-universidades-publicas-pieza-fundamental-en-el-desarrollo-de-la-agenda-canaria-2030\/\",\"name\":\"Las universidades p\u00fablicas, pieza fundamental en el desarrollo de la Agenda Canaria 2030 - ULL - Noticias\",\"isPartOf\":{\"@id\":\"https:\/\/www.ull.es\/portal\/noticias\/#website\"},\"datePublished\":\"2021-11-22T18:19:03+00:00\",\"dateModified\":\"2021-11-22T18:19:03+00:00\",\"author\":{\"@id\":\"https:\/\/www.ull.es\/portal\/noticias\/#\/schema\/person\/b2b1a89d43ffa609e591f7df8ef3e817\"},\"breadcrumb\":{\"@id\":\"https:\/\/www.ull.es\/portal\/noticias\/2021\/las-universidades-publicas-pieza-fundamental-en-el-desarrollo-de-la-agenda-canaria-2030\/#breadcrumb\"},\"inLanguage\":\"es\",\"potentialAction\":[{\"@type\":\"ReadAction\",\"target\":[\"https:\/\/www.ull.es\/portal\/noticias\/2021\/las-universidades-publicas-pieza-fundamental-en-el-desarrollo-de-la-agenda-canaria-2030\/\"]}]},{\"@type\":\"BreadcrumbList\",\"@id\":\"https:\/\/www.ull.es\/portal\/noticias\/2021\/las-universidades-publicas-pieza-fundamental-en-el-desarrollo-de-la-agenda-canaria-2030\/#breadcrumb\",\"itemListElement\":[{\"@type\":\"ListItem\",\"position\":1,\"name\":\"Portada\",\"item\":\"https:\/\/www.ull.es\/portal\/noticias\/\"},{\"@type\":\"ListItem\",\"position\":2,\"name\":\"Las universidades p\u00fablicas, pieza fundamental en el desarrollo de la Agenda Canaria 2030\"}]},{\"@type\":\"WebSite\",\"@id\":\"https:\/\/www.ull.es\/portal\/noticias\/#website\",\"url\":\"https:\/\/www.ull.es\/portal\/noticias\/\",\"name\":\"ULL - Noticias\",\"description\":\"\",\"potentialAction\":[{\"@type\":\"SearchAction\",\"target\":{\"@type\":\"EntryPoint\",\"urlTemplate\":\"https:\/\/www.ull.es\/portal\/noticias\/?s={search_term_string}\"},\"query-input\":\"required name=search_term_string\"}],\"inLanguage\":\"es\"},{\"@type\":\"Person\",\"@id\":\"https:\/\/www.ull.es\/portal\/noticias\/#\/schema\/person\/b2b1a89d43ffa609e591f7df8ef3e817\",\"name\":\"gaprsa\",\"image\":{\"@type\":\"ImageObject\",\"inLanguage\":\"es\",\"@id\":\"https:\/\/www.ull.es\/portal\/noticias\/#\/schema\/person\/image\/\",\"url\":\"https:\/\/secure.gravatar.com\/avatar\/443820550921091458b4823867723b3d?s=96&d=mm&r=g\",\"contentUrl\":\"https:\/\/secure.gravatar.com\/avatar\/443820550921091458b4823867723b3d?s=96&d=mm&r=g\",\"caption\":\"gaprsa\"},\"url\":\"https:\/\/www.ull.es\/portal\/noticias\/author\/gaprsa\/\"}]}<\/script>\n<!-- \/ Yoast SEO plugin. -->","yoast_head_json":{"title":"Las universidades p\u00fablicas, pieza fundamental en el desarrollo de la Agenda Canaria 2030 - ULL - Noticias","robots":{"index":"index","follow":"follow","max-snippet":"max-snippet:-1","max-image-preview":"max-image-preview:large","max-video-preview":"max-video-preview:-1"},"canonical":"https:\/\/www.ull.es\/portal\/noticias\/2021\/las-universidades-publicas-pieza-fundamental-en-el-desarrollo-de-la-agenda-canaria-2030\/","og_locale":"es_ES","og_type":"article","og_title":"Las universidades p\u00fablicas, pieza fundamental en el desarrollo de la Agenda Canaria 2030 - ULL - Noticias","og_description":"La sede de Presidencia del Gobierno de Canarias en Santa Cruz de Tenerife acogi\u00f3 esta ma\u00f1ana la celebraci\u00f3n de la...","og_url":"https:\/\/www.ull.es\/portal\/noticias\/2021\/las-universidades-publicas-pieza-fundamental-en-el-desarrollo-de-la-agenda-canaria-2030\/","og_site_name":"ULL - Noticias","article_publisher":"https:\/\/www.facebook.com\/universidaddelalaguna\/","article_published_time":"2021-11-22T18:19:03+00:00","og_image":[{"width":1600,"height":1085,"url":"https:\/\/www.ull.es\/portal\/noticias\/wp-content\/uploads\/sites\/13\/2021\/11\/3F67FB02-D7EF-4B00-8BE9-3A63777CB3DF.jpeg","type":"image\/jpeg"}],"author":"gaprsa","twitter_card":"summary_large_image","twitter_creator":"@CanalULL","twitter_site":"@CanalULL","twitter_misc":{"Escrito por":"gaprsa","Tiempo de lectura":"6 minutos"},"schema":{"@context":"https:\/\/schema.org","@graph":[{"@type":"WebPage","@id":"https:\/\/www.ull.es\/portal\/noticias\/2021\/las-universidades-publicas-pieza-fundamental-en-el-desarrollo-de-la-agenda-canaria-2030\/","url":"https:\/\/www.ull.es\/portal\/noticias\/2021\/las-universidades-publicas-pieza-fundamental-en-el-desarrollo-de-la-agenda-canaria-2030\/","name":"Las universidades p\u00fablicas, pieza fundamental en el desarrollo de la Agenda Canaria 2030 - ULL - Noticias","isPartOf":{"@id":"https:\/\/www.ull.es\/portal\/noticias\/#website"},"datePublished":"2021-11-22T18:19:03+00:00","dateModified":"2021-11-22T18:19:03+00:00","author":{"@id":"https:\/\/www.ull.es\/portal\/noticias\/#\/schema\/person\/b2b1a89d43ffa609e591f7df8ef3e817"},"breadcrumb":{"@id":"https:\/\/www.ull.es\/portal\/noticias\/2021\/las-universidades-publicas-pieza-fundamental-en-el-desarrollo-de-la-agenda-canaria-2030\/#breadcrumb"},"inLanguage":"es","potentialAction":[{"@type":"ReadAction","target":["https:\/\/www.ull.es\/portal\/noticias\/2021\/las-universidades-publicas-pieza-fundamental-en-el-desarrollo-de-la-agenda-canaria-2030\/"]}]},{"@type":"BreadcrumbList","@id":"https:\/\/www.ull.es\/portal\/noticias\/2021\/las-universidades-publicas-pieza-fundamental-en-el-desarrollo-de-la-agenda-canaria-2030\/#breadcrumb","itemListElement":[{"@type":"ListItem","position":1,"name":"Portada","item":"https:\/\/www.ull.es\/portal\/noticias\/"},{"@type":"ListItem","position":2,"name":"Las universidades p\u00fablicas, pieza fundamental en el desarrollo de la Agenda Canaria 2030"}]},{"@type":"WebSite","@id":"https:\/\/www.ull.es\/portal\/noticias\/#website","url":"https:\/\/www.ull.es\/portal\/noticias\/","name":"ULL - Noticias","description":"","potentialAction":[{"@type":"SearchAction","target":{"@type":"EntryPoint","urlTemplate":"https:\/\/www.ull.es\/portal\/noticias\/?s={search_term_string}"},"query-input":"required name=search_term_string"}],"inLanguage":"es"},{"@type":"Person","@id":"https:\/\/www.ull.es\/portal\/noticias\/#\/schema\/person\/b2b1a89d43ffa609e591f7df8ef3e817","name":"gaprsa","image":{"@type":"ImageObject","inLanguage":"es","@id":"https:\/\/www.ull.es\/portal\/noticias\/#\/schema\/person\/image\/","url":"https:\/\/secure.gravatar.com\/avatar\/443820550921091458b4823867723b3d?s=96&d=mm&r=g","contentUrl":"https:\/\/secure.gravatar.com\/avatar\/443820550921091458b4823867723b3d?s=96&d=mm&r=g","caption":"gaprsa"},"url":"https:\/\/www.ull.es\/portal\/noticias\/author\/gaprsa\/"}]}},"primary_category":{"id":345,"name":"Destacado","slug":"destacado","link":"https:\/\/www.ull.es\/portal\/noticias\/category\/destacado\/"},"featured_image_thumbnail_url":"https:\/\/www.ull.es\/portal\/noticias\/wp-content\/uploads\/sites\/13\/2021\/11\/3F67FB02-D7EF-4B00-8BE9-3A63777CB3DF-300x203.jpeg","_links":{"self":[{"href":"https:\/\/www.ull.es\/portal\/noticias\/wp-json\/wp\/v2\/posts\/59666"}],"collection":[{"href":"https:\/\/www.ull.es\/portal\/noticias\/wp-json\/wp\/v2\/posts"}],"about":[{"href":"https:\/\/www.ull.es\/portal\/noticias\/wp-json\/wp\/v2\/types\/post"}],"author":[{"embeddable":true,"href":"https:\/\/www.ull.es\/portal\/noticias\/wp-json\/wp\/v2\/users\/23"}],"replies":[{"embeddable":true,"href":"https:\/\/www.ull.es\/portal\/noticias\/wp-json\/wp\/v2\/comments?post=59666"}],"version-history":[{"count":2,"href":"https:\/\/www.ull.es\/portal\/noticias\/wp-json\/wp\/v2\/posts\/59666\/revisions"}],"predecessor-version":[{"id":59670,"href":"https:\/\/www.ull.es\/portal\/noticias\/wp-json\/wp\/v2\/posts\/59666\/revisions\/59670"}],"wp:featuredmedia":[{"embeddable":true,"href":"https:\/\/www.ull.es\/portal\/noticias\/wp-json\/wp\/v2\/media\/59668"}],"wp:attachment":[{"href":"https:\/\/www.ull.es\/portal\/noticias\/wp-json\/wp\/v2\/media?parent=59666"}],"wp:term":[{"taxonomy":"category","embeddable":true,"href":"https:\/\/www.ull.es\/portal\/noticias\/wp-json\/wp\/v2\/categories?post=59666"},{"taxonomy":"post_tag","embeddable":true,"href":"https:\/\/www.ull.es\/portal\/noticias\/wp-json\/wp\/v2\/tags?post=59666"}],"curies":[{"name":"wp","href":"https:\/\/api.w.org\/{rel}","templated":true}]}}