{"id":59694,"date":"2021-11-24T09:04:11","date_gmt":"2021-11-24T09:04:11","guid":{"rendered":"https:\/\/www.ull.es\/portal\/noticias\/?p=59694"},"modified":"2021-11-24T13:06:29","modified_gmt":"2021-11-24T13:06:29","slug":"la-catedratica-carina-gonzalez-premiada-con-el-martin-wolpers-2020-en-tecnologia-educativa-por-la-unir","status":"publish","type":"post","link":"https:\/\/www.ull.es\/portal\/noticias\/2021\/la-catedratica-carina-gonzalez-premiada-con-el-martin-wolpers-2020-en-tecnologia-educativa-por-la-unir\/","title":{"rendered":"La catedr\u00e1tica Carina Gonz\u00e1lez, premiada con el Martin Wolpers\u00a02020 en tecnolog\u00eda educativa por la UNIR"},"content":{"rendered":"<p>La catedr\u00e1tica de la Universidad de La Laguna <a href=\"https:\/\/portalciencia.ull.es\/investigadores\/81010\/detalle\" target=\"_blank\" rel=\"noopener\">Carina Soledad Gonz\u00e1lez<\/a> ha sido recientemente galardonada con el premio\u00a0Martin Wolpers\u00a02020, que concede el Instituto de Investigaci\u00f3n, Innovaci\u00f3n y Tecnolog\u00eda Educativas (<a href=\"http:\/\/research.unir.net\/ited\/\" target=\"_blank\" rel=\"noopener\">UNIR iTED<\/a>), perteneciente a la Universidad Internacional de La Rioja, como reconocimiento a toda una vida de excelencia en investigaci\u00f3n, educaci\u00f3n con un impacto significativo en la sociedad.<\/p>\n<p>Carina Soledad Gonz\u00e1lez es doctora en Inform\u00e1tica y doctora en Ciencias Sociales y de la Educaci\u00f3n y cuenta con una amplia trayectoria acad\u00e9mica. Actualmente es catedr\u00e1tica de Tecnolog\u00eda de Arquitectura de Computadores en el Departamento de Ingenier\u00eda Inform\u00e1tica y de Sistemas de la Universidad de La Laguna, y dirige adem\u00e1s el Instituto Universitario de Estudios de las Mujeres.<\/p>\n<p>Durante m\u00e1s de 20 a\u00f1os su actividad investigadora se ha centrado principalmente en el campo de la inform\u00e1tica aplicada a la educaci\u00f3n y la interacci\u00f3n persona-ordenador. En este video puede escucharse sus palabras de agradecimiento por el galard\u00f3n recibido.<\/p>\n<p>Carina Soledad Gonz\u00e1lez tambi\u00e9n est\u00e1 certificada en\u00a0Early Childhood Technology\u00a0por la Universidad de Tufts (EEUU) y en\u00a0Human Computer-Interaction\u00a0por el\u00a0Massachusetts Institute of Technology\u00a0(EEUU, 2020).<\/p>\n<p>Dirige el grupo de investigaci\u00f3n Interacci\u00f3n, TIC y Educaci\u00f3n (ITED). Durante m\u00e1s de 20 a\u00f1os, la catedr\u00e1tica de la Universidad de La Laguna ha centrado su investigaci\u00f3n en los sistemas tutoriales inteligentes, interfaces adaptativas y personalizables, videojuegos educativos, gamificaci\u00f3n en educaci\u00f3n, e-learning y cultura digital, participando en diferentes proyectos de investigaci\u00f3n y publicando ampliamente sobre estos temas.<\/p>\n","protected":false},"excerpt":{"rendered":"<p>La catedr\u00e1tica de la Universidad de La Laguna Carina Soledad Gonz\u00e1lez ha sido recientemente galardonada con el premio\u00a0Martin Wolpers\u00a02020, que&#8230;<\/p>\n","protected":false},"author":23,"featured_media":59716,"comment_status":"closed","ping_status":"closed","sticky":false,"template":"","format":"standard","meta":{"inline_featured_image":false,"footnotes":""},"categories":[345,3136,348,2765],"tags":[8016,8014,8015],"acf":[],"yoast_head":"<!-- This site is optimized with the Yoast SEO plugin v21.3 - https:\/\/yoast.com\/wordpress\/plugins\/seo\/ -->\n<title>La catedr\u00e1tica Carina Gonz\u00e1lez, premiada con el Martin Wolpers\u00a02020 en tecnolog\u00eda educativa por la UNIR - ULL - Noticias<\/title>\n<meta name=\"robots\" content=\"index, follow, max-snippet:-1, max-image-preview:large, max-video-preview:-1\" \/>\n<link rel=\"canonical\" href=\"https:\/\/www.ull.es\/portal\/noticias\/2021\/la-catedratica-carina-gonzalez-premiada-con-el-martin-wolpers-2020-en-tecnologia-educativa-por-la-unir\/\" \/>\n<meta property=\"og:locale\" content=\"es_ES\" \/>\n<meta property=\"og:type\" content=\"article\" \/>\n<meta property=\"og:title\" content=\"La catedr\u00e1tica Carina Gonz\u00e1lez, premiada con el Martin Wolpers\u00a02020 en tecnolog\u00eda educativa por la UNIR - ULL - Noticias\" \/>\n<meta property=\"og:description\" content=\"La catedr\u00e1tica de la Universidad de La Laguna Carina Soledad Gonz\u00e1lez ha sido recientemente galardonada con el premio\u00a0Martin Wolpers\u00a02020, que...\" \/>\n<meta property=\"og:url\" content=\"https:\/\/www.ull.es\/portal\/noticias\/2021\/la-catedratica-carina-gonzalez-premiada-con-el-martin-wolpers-2020-en-tecnologia-educativa-por-la-unir\/\" \/>\n<meta property=\"og:site_name\" content=\"ULL - Noticias\" \/>\n<meta property=\"article:publisher\" content=\"https:\/\/www.facebook.com\/universidaddelalaguna\/\" \/>\n<meta property=\"article:published_time\" content=\"2021-11-24T09:04:11+00:00\" \/>\n<meta property=\"article:modified_time\" content=\"2021-11-24T13:06:29+00:00\" \/>\n<meta property=\"og:image\" content=\"https:\/\/www.ull.es\/portal\/noticias\/wp-content\/uploads\/sites\/13\/2021\/11\/carina-gonzalez.jpg\" \/>\n\t<meta property=\"og:image:width\" content=\"1200\" \/>\n\t<meta property=\"og:image:height\" content=\"800\" \/>\n\t<meta property=\"og:image:type\" content=\"image\/jpeg\" \/>\n<meta name=\"author\" content=\"gaprsa\" \/>\n<meta name=\"twitter:card\" content=\"summary_large_image\" \/>\n<meta name=\"twitter:creator\" content=\"@CanalULL\" \/>\n<meta name=\"twitter:site\" content=\"@CanalULL\" \/>\n<meta name=\"twitter:label1\" content=\"Escrito por\" \/>\n\t<meta name=\"twitter:data1\" content=\"gaprsa\" \/>\n\t<meta name=\"twitter:label2\" content=\"Tiempo de lectura\" \/>\n\t<meta name=\"twitter:data2\" content=\"2 minutos\" \/>\n<script type=\"application\/ld+json\" class=\"yoast-schema-graph\">{\"@context\":\"https:\/\/schema.org\",\"@graph\":[{\"@type\":\"WebPage\",\"@id\":\"https:\/\/www.ull.es\/portal\/noticias\/2021\/la-catedratica-carina-gonzalez-premiada-con-el-martin-wolpers-2020-en-tecnologia-educativa-por-la-unir\/\",\"url\":\"https:\/\/www.ull.es\/portal\/noticias\/2021\/la-catedratica-carina-gonzalez-premiada-con-el-martin-wolpers-2020-en-tecnologia-educativa-por-la-unir\/\",\"name\":\"La catedr\u00e1tica Carina Gonz\u00e1lez, premiada con el Martin Wolpers\u00a02020 en tecnolog\u00eda educativa por la UNIR - ULL - Noticias\",\"isPartOf\":{\"@id\":\"https:\/\/www.ull.es\/portal\/noticias\/#website\"},\"datePublished\":\"2021-11-24T09:04:11+00:00\",\"dateModified\":\"2021-11-24T13:06:29+00:00\",\"author\":{\"@id\":\"https:\/\/www.ull.es\/portal\/noticias\/#\/schema\/person\/b2b1a89d43ffa609e591f7df8ef3e817\"},\"breadcrumb\":{\"@id\":\"https:\/\/www.ull.es\/portal\/noticias\/2021\/la-catedratica-carina-gonzalez-premiada-con-el-martin-wolpers-2020-en-tecnologia-educativa-por-la-unir\/#breadcrumb\"},\"inLanguage\":\"es\",\"potentialAction\":[{\"@type\":\"ReadAction\",\"target\":[\"https:\/\/www.ull.es\/portal\/noticias\/2021\/la-catedratica-carina-gonzalez-premiada-con-el-martin-wolpers-2020-en-tecnologia-educativa-por-la-unir\/\"]}]},{\"@type\":\"BreadcrumbList\",\"@id\":\"https:\/\/www.ull.es\/portal\/noticias\/2021\/la-catedratica-carina-gonzalez-premiada-con-el-martin-wolpers-2020-en-tecnologia-educativa-por-la-unir\/#breadcrumb\",\"itemListElement\":[{\"@type\":\"ListItem\",\"position\":1,\"name\":\"Portada\",\"item\":\"https:\/\/www.ull.es\/portal\/noticias\/\"},{\"@type\":\"ListItem\",\"position\":2,\"name\":\"La catedr\u00e1tica Carina Gonz\u00e1lez, premiada con el Martin Wolpers\u00a02020 en tecnolog\u00eda educativa por la UNIR\"}]},{\"@type\":\"WebSite\",\"@id\":\"https:\/\/www.ull.es\/portal\/noticias\/#website\",\"url\":\"https:\/\/www.ull.es\/portal\/noticias\/\",\"name\":\"ULL - Noticias\",\"description\":\"\",\"potentialAction\":[{\"@type\":\"SearchAction\",\"target\":{\"@type\":\"EntryPoint\",\"urlTemplate\":\"https:\/\/www.ull.es\/portal\/noticias\/?s={search_term_string}\"},\"query-input\":\"required name=search_term_string\"}],\"inLanguage\":\"es\"},{\"@type\":\"Person\",\"@id\":\"https:\/\/www.ull.es\/portal\/noticias\/#\/schema\/person\/b2b1a89d43ffa609e591f7df8ef3e817\",\"name\":\"gaprsa\",\"image\":{\"@type\":\"ImageObject\",\"inLanguage\":\"es\",\"@id\":\"https:\/\/www.ull.es\/portal\/noticias\/#\/schema\/person\/image\/\",\"url\":\"https:\/\/secure.gravatar.com\/avatar\/443820550921091458b4823867723b3d?s=96&d=mm&r=g\",\"contentUrl\":\"https:\/\/secure.gravatar.com\/avatar\/443820550921091458b4823867723b3d?s=96&d=mm&r=g\",\"caption\":\"gaprsa\"},\"url\":\"https:\/\/www.ull.es\/portal\/noticias\/author\/gaprsa\/\"}]}<\/script>\n<!-- \/ Yoast SEO plugin. -->","yoast_head_json":{"title":"La catedr\u00e1tica Carina Gonz\u00e1lez, premiada con el Martin Wolpers\u00a02020 en tecnolog\u00eda educativa por la UNIR - ULL - Noticias","robots":{"index":"index","follow":"follow","max-snippet":"max-snippet:-1","max-image-preview":"max-image-preview:large","max-video-preview":"max-video-preview:-1"},"canonical":"https:\/\/www.ull.es\/portal\/noticias\/2021\/la-catedratica-carina-gonzalez-premiada-con-el-martin-wolpers-2020-en-tecnologia-educativa-por-la-unir\/","og_locale":"es_ES","og_type":"article","og_title":"La catedr\u00e1tica Carina Gonz\u00e1lez, premiada con el Martin Wolpers\u00a02020 en tecnolog\u00eda educativa por la UNIR - ULL - Noticias","og_description":"La catedr\u00e1tica de la Universidad de La Laguna Carina Soledad Gonz\u00e1lez ha sido recientemente galardonada con el premio\u00a0Martin Wolpers\u00a02020, que...","og_url":"https:\/\/www.ull.es\/portal\/noticias\/2021\/la-catedratica-carina-gonzalez-premiada-con-el-martin-wolpers-2020-en-tecnologia-educativa-por-la-unir\/","og_site_name":"ULL - Noticias","article_publisher":"https:\/\/www.facebook.com\/universidaddelalaguna\/","article_published_time":"2021-11-24T09:04:11+00:00","article_modified_time":"2021-11-24T13:06:29+00:00","og_image":[{"width":1200,"height":800,"url":"https:\/\/www.ull.es\/portal\/noticias\/wp-content\/uploads\/sites\/13\/2021\/11\/carina-gonzalez.jpg","type":"image\/jpeg"}],"author":"gaprsa","twitter_card":"summary_large_image","twitter_creator":"@CanalULL","twitter_site":"@CanalULL","twitter_misc":{"Escrito por":"gaprsa","Tiempo de lectura":"2 minutos"},"schema":{"@context":"https:\/\/schema.org","@graph":[{"@type":"WebPage","@id":"https:\/\/www.ull.es\/portal\/noticias\/2021\/la-catedratica-carina-gonzalez-premiada-con-el-martin-wolpers-2020-en-tecnologia-educativa-por-la-unir\/","url":"https:\/\/www.ull.es\/portal\/noticias\/2021\/la-catedratica-carina-gonzalez-premiada-con-el-martin-wolpers-2020-en-tecnologia-educativa-por-la-unir\/","name":"La catedr\u00e1tica Carina Gonz\u00e1lez, premiada con el Martin Wolpers\u00a02020 en tecnolog\u00eda educativa por la UNIR - ULL - Noticias","isPartOf":{"@id":"https:\/\/www.ull.es\/portal\/noticias\/#website"},"datePublished":"2021-11-24T09:04:11+00:00","dateModified":"2021-11-24T13:06:29+00:00","author":{"@id":"https:\/\/www.ull.es\/portal\/noticias\/#\/schema\/person\/b2b1a89d43ffa609e591f7df8ef3e817"},"breadcrumb":{"@id":"https:\/\/www.ull.es\/portal\/noticias\/2021\/la-catedratica-carina-gonzalez-premiada-con-el-martin-wolpers-2020-en-tecnologia-educativa-por-la-unir\/#breadcrumb"},"inLanguage":"es","potentialAction":[{"@type":"ReadAction","target":["https:\/\/www.ull.es\/portal\/noticias\/2021\/la-catedratica-carina-gonzalez-premiada-con-el-martin-wolpers-2020-en-tecnologia-educativa-por-la-unir\/"]}]},{"@type":"BreadcrumbList","@id":"https:\/\/www.ull.es\/portal\/noticias\/2021\/la-catedratica-carina-gonzalez-premiada-con-el-martin-wolpers-2020-en-tecnologia-educativa-por-la-unir\/#breadcrumb","itemListElement":[{"@type":"ListItem","position":1,"name":"Portada","item":"https:\/\/www.ull.es\/portal\/noticias\/"},{"@type":"ListItem","position":2,"name":"La catedr\u00e1tica Carina Gonz\u00e1lez, premiada con el Martin Wolpers\u00a02020 en tecnolog\u00eda educativa por la UNIR"}]},{"@type":"WebSite","@id":"https:\/\/www.ull.es\/portal\/noticias\/#website","url":"https:\/\/www.ull.es\/portal\/noticias\/","name":"ULL - Noticias","description":"","potentialAction":[{"@type":"SearchAction","target":{"@type":"EntryPoint","urlTemplate":"https:\/\/www.ull.es\/portal\/noticias\/?s={search_term_string}"},"query-input":"required name=search_term_string"}],"inLanguage":"es"},{"@type":"Person","@id":"https:\/\/www.ull.es\/portal\/noticias\/#\/schema\/person\/b2b1a89d43ffa609e591f7df8ef3e817","name":"gaprsa","image":{"@type":"ImageObject","inLanguage":"es","@id":"https:\/\/www.ull.es\/portal\/noticias\/#\/schema\/person\/image\/","url":"https:\/\/secure.gravatar.com\/avatar\/443820550921091458b4823867723b3d?s=96&d=mm&r=g","contentUrl":"https:\/\/secure.gravatar.com\/avatar\/443820550921091458b4823867723b3d?s=96&d=mm&r=g","caption":"gaprsa"},"url":"https:\/\/www.ull.es\/portal\/noticias\/author\/gaprsa\/"}]}},"primary_category":{"id":3136,"name":"Ingenier\u00eda Inform\u00e1tica y de Sistemas","slug":"ingenieria-informatica-y-de-sistemas","link":"https:\/\/www.ull.es\/portal\/noticias\/category\/departamentos\/ingenieria-informatica-y-de-sistemas\/"},"featured_image_thumbnail_url":"https:\/\/www.ull.es\/portal\/noticias\/wp-content\/uploads\/sites\/13\/2021\/11\/carina-gonzalez-300x200.jpg","_links":{"self":[{"href":"https:\/\/www.ull.es\/portal\/noticias\/wp-json\/wp\/v2\/posts\/59694"}],"collection":[{"href":"https:\/\/www.ull.es\/portal\/noticias\/wp-json\/wp\/v2\/posts"}],"about":[{"href":"https:\/\/www.ull.es\/portal\/noticias\/wp-json\/wp\/v2\/types\/post"}],"author":[{"embeddable":true,"href":"https:\/\/www.ull.es\/portal\/noticias\/wp-json\/wp\/v2\/users\/23"}],"replies":[{"embeddable":true,"href":"https:\/\/www.ull.es\/portal\/noticias\/wp-json\/wp\/v2\/comments?post=59694"}],"version-history":[{"count":4,"href":"https:\/\/www.ull.es\/portal\/noticias\/wp-json\/wp\/v2\/posts\/59694\/revisions"}],"predecessor-version":[{"id":59715,"href":"https:\/\/www.ull.es\/portal\/noticias\/wp-json\/wp\/v2\/posts\/59694\/revisions\/59715"}],"wp:featuredmedia":[{"embeddable":true,"href":"https:\/\/www.ull.es\/portal\/noticias\/wp-json\/wp\/v2\/media\/59716"}],"wp:attachment":[{"href":"https:\/\/www.ull.es\/portal\/noticias\/wp-json\/wp\/v2\/media?parent=59694"}],"wp:term":[{"taxonomy":"category","embeddable":true,"href":"https:\/\/www.ull.es\/portal\/noticias\/wp-json\/wp\/v2\/categories?post=59694"},{"taxonomy":"post_tag","embeddable":true,"href":"https:\/\/www.ull.es\/portal\/noticias\/wp-json\/wp\/v2\/tags?post=59694"}],"curies":[{"name":"wp","href":"https:\/\/api.w.org\/{rel}","templated":true}]}}