{"id":59709,"date":"2021-11-24T10:29:08","date_gmt":"2021-11-24T10:29:08","guid":{"rendered":"https:\/\/www.ull.es\/portal\/noticias\/?p=59709"},"modified":"2021-11-24T10:29:08","modified_gmt":"2021-11-24T10:29:08","slug":"el-consejo-general-de-colegios-oficiales-de-biologos-reconoce-al-investigador-de-la-ull-jacob-lorenzo-en-la-lucha-contra-la-covid-19","status":"publish","type":"post","link":"https:\/\/www.ull.es\/portal\/noticias\/2021\/el-consejo-general-de-colegios-oficiales-de-biologos-reconoce-al-investigador-de-la-ull-jacob-lorenzo-en-la-lucha-contra-la-covid-19\/","title":{"rendered":"El Consejo General de Colegios Oficiales de Bi\u00f3logos reconoce al investigador de la ULL Jacob Lorenzo en la lucha contra la Covid-19"},"content":{"rendered":"<div>\n<div><\/div>\n<\/div>\n<p>La Conferencia Espa\u00f1ola de Decanos de Biolog\u00eda y el Consejo General de Colegios Oficiales de Bi\u00f3logos organiza el pr\u00f3ximo viernes 26 de noviembre en Madrid, en el Paraninfo de la Universidad Complutense, un\u00a0acto de reconocimiento de los profesionales de la Biolog\u00eda en el \u00e1mbito sanitario durante la pandemia Covid-19. El director del Instituto Universitario de Enfermedades Tropicales y Salud P\u00fablica de Canarias, adscrito a la Universidad de La Laguna, Jacob Lorenzo Morales, ha resultado ser uno de los tres agasajados en el panorama nacional por el programa de cribado para la detecci\u00f3n del coronavirus que dirige en la instituci\u00f3n acad\u00e9mica.<\/p>\n<div>\n<p>El C<span class=\"il\">olegio Oficial de Bi\u00f3logos de Canarias<\/span> realiz\u00f3 en su momento una consulta a sus colegiados y colegiadas para proponer a un miembro canario como candidato. El resultado fue muy satisfactorio, puesto que de los propuestos, uno de ellos ha sido elegido a nivel nacional para el reconocimiento en su lucha durante la pandemia COVID-19. Esto ha determinado que\u00a0Jacob Lorenzo Morales vaya a recibir uno de los tres reconocimientos que se entregar\u00e1n en la ceremonia del viernes 26. \u00abEste es sin duda un justo reconocimiento para todos los bi\u00f3logos y bi\u00f3logas de Canarias que han jugado un papel fundamental durante esta crisis sanitaria\u00bb, asegura este \u00f3rgano.<\/p>\n<p>\u00abLa reafirmada vocaci\u00f3n de los profesionales de la Biolog\u00eda por las ciencias de la vida es una de las muchas caracter\u00edsticas que les une y les define. Esta intensa vocaci\u00f3n origina, en muchos casos, que realicen sus labores en silencio, casi de manera oculta, pero innegablemente las aportaciones que realizan a la comunidad en \u00e1mbitos como la sanidad o el medio ambiente son extremadamente necesarias y beneficiosas en aras del bien com\u00fan y una mejor salud para las personas, los animales, el medio ambiente y, en general, para el planeta\u00bb, prosigue el colegio proponente.<\/p>\n<p>En esta ocasi\u00f3n, la corporaci\u00f3n que representa a quienes los forma acad\u00e9micamente, la Conferencia Espa\u00f1ola de Decanos de Biolog\u00eda y la que los representa profesionalmente, el Consejo General de Colegios Oficiales de Bi\u00f3logos, \u00abdesean hacer p\u00fablico y notorio el esfuerzo realizado por estos abnegados profesionales de la biolog\u00eda durante la pandemia COVID-19 mediante un acto p\u00fablico de reconocimiento que har\u00e1 someramente visible la importancia de sus contribuciones en la lucha contra la enfermedad y su propagaci\u00f3n.\u00a0Es maravilloso trabajar en todas las profesiones de la Biolog\u00eda por un mundo mejor\u00bb, concluye.<\/p>\n<p>Jacob Lorenzo Morales dirige en la Universidad de La Laguna y desde hace dos a\u00f1os un programa de cribado aleatorio a la comunidad universitaria, de tal forma que detecta en el mismo d\u00eda si los usuarios est\u00e1n infectados o no por coronavirus y lo comunica tanto a los interesados como a las autoridades sanitarias. De hecho, en el pasado curso acad\u00e9mico, el Instituto de Enfermedades Tropicales y Salud P\u00fablica de Canarias, con la colaboraci\u00f3n del Gabinete de An\u00e1lisis y Planificaci\u00f3n y del Vicerrectorado de Agenda Digital y Modernizaci\u00f3n, realiz\u00f3 m\u00e1s de 12.000 pruebas diagn\u00f3sticas.<\/p>\n<p>&nbsp;<\/p>\n<\/div>\n","protected":false},"excerpt":{"rendered":"<p>La Conferencia Espa\u00f1ola de Decanos de Biolog\u00eda y el Consejo General de Colegios Oficiales de Bi\u00f3logos organiza el pr\u00f3ximo viernes&#8230;<\/p>\n","protected":false},"author":23,"featured_media":59710,"comment_status":"closed","ping_status":"closed","sticky":false,"template":"","format":"standard","meta":{"inline_featured_image":false,"footnotes":""},"categories":[345,348,6855,350,2765],"tags":[8018,6412,4860],"acf":[],"yoast_head":"<!-- This site is optimized with the Yoast SEO plugin v21.3 - https:\/\/yoast.com\/wordpress\/plugins\/seo\/ -->\n<title>El Consejo General de Colegios Oficiales de Bi\u00f3logos reconoce al investigador de la ULL Jacob Lorenzo en la lucha contra la Covid-19 - ULL - Noticias<\/title>\n<meta name=\"robots\" content=\"index, follow, max-snippet:-1, max-image-preview:large, max-video-preview:-1\" \/>\n<link rel=\"canonical\" href=\"https:\/\/www.ull.es\/portal\/noticias\/2021\/el-consejo-general-de-colegios-oficiales-de-biologos-reconoce-al-investigador-de-la-ull-jacob-lorenzo-en-la-lucha-contra-la-covid-19\/\" \/>\n<meta property=\"og:locale\" content=\"es_ES\" \/>\n<meta property=\"og:type\" content=\"article\" \/>\n<meta property=\"og:title\" content=\"El Consejo General de Colegios Oficiales de Bi\u00f3logos reconoce al investigador de la ULL Jacob Lorenzo en la lucha contra la Covid-19 - ULL - Noticias\" \/>\n<meta property=\"og:description\" content=\"La Conferencia Espa\u00f1ola de Decanos de Biolog\u00eda y el Consejo General de Colegios Oficiales de Bi\u00f3logos organiza el pr\u00f3ximo viernes...\" \/>\n<meta property=\"og:url\" content=\"https:\/\/www.ull.es\/portal\/noticias\/2021\/el-consejo-general-de-colegios-oficiales-de-biologos-reconoce-al-investigador-de-la-ull-jacob-lorenzo-en-la-lucha-contra-la-covid-19\/\" \/>\n<meta property=\"og:site_name\" content=\"ULL - Noticias\" \/>\n<meta property=\"article:publisher\" content=\"https:\/\/www.facebook.com\/universidaddelalaguna\/\" \/>\n<meta property=\"article:published_time\" content=\"2021-11-24T10:29:08+00:00\" \/>\n<meta property=\"og:image\" content=\"https:\/\/www.ull.es\/portal\/noticias\/wp-content\/uploads\/sites\/13\/2021\/11\/jacob-lorenzo.jpg\" \/>\n\t<meta property=\"og:image:width\" content=\"1280\" \/>\n\t<meta property=\"og:image:height\" content=\"720\" \/>\n\t<meta property=\"og:image:type\" content=\"image\/jpeg\" \/>\n<meta name=\"author\" content=\"gaprsa\" \/>\n<meta name=\"twitter:card\" content=\"summary_large_image\" \/>\n<meta name=\"twitter:creator\" content=\"@CanalULL\" \/>\n<meta name=\"twitter:site\" content=\"@CanalULL\" \/>\n<meta name=\"twitter:label1\" content=\"Escrito por\" \/>\n\t<meta name=\"twitter:data1\" content=\"gaprsa\" \/>\n\t<meta name=\"twitter:label2\" content=\"Tiempo de lectura\" \/>\n\t<meta name=\"twitter:data2\" content=\"3 minutos\" \/>\n<script type=\"application\/ld+json\" class=\"yoast-schema-graph\">{\"@context\":\"https:\/\/schema.org\",\"@graph\":[{\"@type\":\"WebPage\",\"@id\":\"https:\/\/www.ull.es\/portal\/noticias\/2021\/el-consejo-general-de-colegios-oficiales-de-biologos-reconoce-al-investigador-de-la-ull-jacob-lorenzo-en-la-lucha-contra-la-covid-19\/\",\"url\":\"https:\/\/www.ull.es\/portal\/noticias\/2021\/el-consejo-general-de-colegios-oficiales-de-biologos-reconoce-al-investigador-de-la-ull-jacob-lorenzo-en-la-lucha-contra-la-covid-19\/\",\"name\":\"El Consejo General de Colegios Oficiales de Bi\u00f3logos reconoce al investigador de la ULL Jacob Lorenzo en la lucha contra la Covid-19 - ULL - Noticias\",\"isPartOf\":{\"@id\":\"https:\/\/www.ull.es\/portal\/noticias\/#website\"},\"datePublished\":\"2021-11-24T10:29:08+00:00\",\"dateModified\":\"2021-11-24T10:29:08+00:00\",\"author\":{\"@id\":\"https:\/\/www.ull.es\/portal\/noticias\/#\/schema\/person\/b2b1a89d43ffa609e591f7df8ef3e817\"},\"breadcrumb\":{\"@id\":\"https:\/\/www.ull.es\/portal\/noticias\/2021\/el-consejo-general-de-colegios-oficiales-de-biologos-reconoce-al-investigador-de-la-ull-jacob-lorenzo-en-la-lucha-contra-la-covid-19\/#breadcrumb\"},\"inLanguage\":\"es\",\"potentialAction\":[{\"@type\":\"ReadAction\",\"target\":[\"https:\/\/www.ull.es\/portal\/noticias\/2021\/el-consejo-general-de-colegios-oficiales-de-biologos-reconoce-al-investigador-de-la-ull-jacob-lorenzo-en-la-lucha-contra-la-covid-19\/\"]}]},{\"@type\":\"BreadcrumbList\",\"@id\":\"https:\/\/www.ull.es\/portal\/noticias\/2021\/el-consejo-general-de-colegios-oficiales-de-biologos-reconoce-al-investigador-de-la-ull-jacob-lorenzo-en-la-lucha-contra-la-covid-19\/#breadcrumb\",\"itemListElement\":[{\"@type\":\"ListItem\",\"position\":1,\"name\":\"Portada\",\"item\":\"https:\/\/www.ull.es\/portal\/noticias\/\"},{\"@type\":\"ListItem\",\"position\":2,\"name\":\"El Consejo General de Colegios Oficiales de Bi\u00f3logos reconoce al investigador de la ULL Jacob Lorenzo en la lucha contra la Covid-19\"}]},{\"@type\":\"WebSite\",\"@id\":\"https:\/\/www.ull.es\/portal\/noticias\/#website\",\"url\":\"https:\/\/www.ull.es\/portal\/noticias\/\",\"name\":\"ULL - Noticias\",\"description\":\"\",\"potentialAction\":[{\"@type\":\"SearchAction\",\"target\":{\"@type\":\"EntryPoint\",\"urlTemplate\":\"https:\/\/www.ull.es\/portal\/noticias\/?s={search_term_string}\"},\"query-input\":\"required name=search_term_string\"}],\"inLanguage\":\"es\"},{\"@type\":\"Person\",\"@id\":\"https:\/\/www.ull.es\/portal\/noticias\/#\/schema\/person\/b2b1a89d43ffa609e591f7df8ef3e817\",\"name\":\"gaprsa\",\"image\":{\"@type\":\"ImageObject\",\"inLanguage\":\"es\",\"@id\":\"https:\/\/www.ull.es\/portal\/noticias\/#\/schema\/person\/image\/\",\"url\":\"https:\/\/secure.gravatar.com\/avatar\/443820550921091458b4823867723b3d?s=96&d=mm&r=g\",\"contentUrl\":\"https:\/\/secure.gravatar.com\/avatar\/443820550921091458b4823867723b3d?s=96&d=mm&r=g\",\"caption\":\"gaprsa\"},\"url\":\"https:\/\/www.ull.es\/portal\/noticias\/author\/gaprsa\/\"}]}<\/script>\n<!-- \/ Yoast SEO plugin. -->","yoast_head_json":{"title":"El Consejo General de Colegios Oficiales de Bi\u00f3logos reconoce al investigador de la ULL Jacob Lorenzo en la lucha contra la Covid-19 - ULL - Noticias","robots":{"index":"index","follow":"follow","max-snippet":"max-snippet:-1","max-image-preview":"max-image-preview:large","max-video-preview":"max-video-preview:-1"},"canonical":"https:\/\/www.ull.es\/portal\/noticias\/2021\/el-consejo-general-de-colegios-oficiales-de-biologos-reconoce-al-investigador-de-la-ull-jacob-lorenzo-en-la-lucha-contra-la-covid-19\/","og_locale":"es_ES","og_type":"article","og_title":"El Consejo General de Colegios Oficiales de Bi\u00f3logos reconoce al investigador de la ULL Jacob Lorenzo en la lucha contra la Covid-19 - ULL - Noticias","og_description":"La Conferencia Espa\u00f1ola de Decanos de Biolog\u00eda y el Consejo General de Colegios Oficiales de Bi\u00f3logos organiza el pr\u00f3ximo viernes...","og_url":"https:\/\/www.ull.es\/portal\/noticias\/2021\/el-consejo-general-de-colegios-oficiales-de-biologos-reconoce-al-investigador-de-la-ull-jacob-lorenzo-en-la-lucha-contra-la-covid-19\/","og_site_name":"ULL - Noticias","article_publisher":"https:\/\/www.facebook.com\/universidaddelalaguna\/","article_published_time":"2021-11-24T10:29:08+00:00","og_image":[{"width":1280,"height":720,"url":"https:\/\/www.ull.es\/portal\/noticias\/wp-content\/uploads\/sites\/13\/2021\/11\/jacob-lorenzo.jpg","type":"image\/jpeg"}],"author":"gaprsa","twitter_card":"summary_large_image","twitter_creator":"@CanalULL","twitter_site":"@CanalULL","twitter_misc":{"Escrito por":"gaprsa","Tiempo de lectura":"3 minutos"},"schema":{"@context":"https:\/\/schema.org","@graph":[{"@type":"WebPage","@id":"https:\/\/www.ull.es\/portal\/noticias\/2021\/el-consejo-general-de-colegios-oficiales-de-biologos-reconoce-al-investigador-de-la-ull-jacob-lorenzo-en-la-lucha-contra-la-covid-19\/","url":"https:\/\/www.ull.es\/portal\/noticias\/2021\/el-consejo-general-de-colegios-oficiales-de-biologos-reconoce-al-investigador-de-la-ull-jacob-lorenzo-en-la-lucha-contra-la-covid-19\/","name":"El Consejo General de Colegios Oficiales de Bi\u00f3logos reconoce al investigador de la ULL Jacob Lorenzo en la lucha contra la Covid-19 - ULL - Noticias","isPartOf":{"@id":"https:\/\/www.ull.es\/portal\/noticias\/#website"},"datePublished":"2021-11-24T10:29:08+00:00","dateModified":"2021-11-24T10:29:08+00:00","author":{"@id":"https:\/\/www.ull.es\/portal\/noticias\/#\/schema\/person\/b2b1a89d43ffa609e591f7df8ef3e817"},"breadcrumb":{"@id":"https:\/\/www.ull.es\/portal\/noticias\/2021\/el-consejo-general-de-colegios-oficiales-de-biologos-reconoce-al-investigador-de-la-ull-jacob-lorenzo-en-la-lucha-contra-la-covid-19\/#breadcrumb"},"inLanguage":"es","potentialAction":[{"@type":"ReadAction","target":["https:\/\/www.ull.es\/portal\/noticias\/2021\/el-consejo-general-de-colegios-oficiales-de-biologos-reconoce-al-investigador-de-la-ull-jacob-lorenzo-en-la-lucha-contra-la-covid-19\/"]}]},{"@type":"BreadcrumbList","@id":"https:\/\/www.ull.es\/portal\/noticias\/2021\/el-consejo-general-de-colegios-oficiales-de-biologos-reconoce-al-investigador-de-la-ull-jacob-lorenzo-en-la-lucha-contra-la-covid-19\/#breadcrumb","itemListElement":[{"@type":"ListItem","position":1,"name":"Portada","item":"https:\/\/www.ull.es\/portal\/noticias\/"},{"@type":"ListItem","position":2,"name":"El Consejo General de Colegios Oficiales de Bi\u00f3logos reconoce al investigador de la ULL Jacob Lorenzo en la lucha contra la Covid-19"}]},{"@type":"WebSite","@id":"https:\/\/www.ull.es\/portal\/noticias\/#website","url":"https:\/\/www.ull.es\/portal\/noticias\/","name":"ULL - Noticias","description":"","potentialAction":[{"@type":"SearchAction","target":{"@type":"EntryPoint","urlTemplate":"https:\/\/www.ull.es\/portal\/noticias\/?s={search_term_string}"},"query-input":"required name=search_term_string"}],"inLanguage":"es"},{"@type":"Person","@id":"https:\/\/www.ull.es\/portal\/noticias\/#\/schema\/person\/b2b1a89d43ffa609e591f7df8ef3e817","name":"gaprsa","image":{"@type":"ImageObject","inLanguage":"es","@id":"https:\/\/www.ull.es\/portal\/noticias\/#\/schema\/person\/image\/","url":"https:\/\/secure.gravatar.com\/avatar\/443820550921091458b4823867723b3d?s=96&d=mm&r=g","contentUrl":"https:\/\/secure.gravatar.com\/avatar\/443820550921091458b4823867723b3d?s=96&d=mm&r=g","caption":"gaprsa"},"url":"https:\/\/www.ull.es\/portal\/noticias\/author\/gaprsa\/"}]}},"primary_category":{"id":345,"name":"Destacado","slug":"destacado","link":"https:\/\/www.ull.es\/portal\/noticias\/category\/destacado\/"},"featured_image_thumbnail_url":"https:\/\/www.ull.es\/portal\/noticias\/wp-content\/uploads\/sites\/13\/2021\/11\/jacob-lorenzo-300x169.jpg","_links":{"self":[{"href":"https:\/\/www.ull.es\/portal\/noticias\/wp-json\/wp\/v2\/posts\/59709"}],"collection":[{"href":"https:\/\/www.ull.es\/portal\/noticias\/wp-json\/wp\/v2\/posts"}],"about":[{"href":"https:\/\/www.ull.es\/portal\/noticias\/wp-json\/wp\/v2\/types\/post"}],"author":[{"embeddable":true,"href":"https:\/\/www.ull.es\/portal\/noticias\/wp-json\/wp\/v2\/users\/23"}],"replies":[{"embeddable":true,"href":"https:\/\/www.ull.es\/portal\/noticias\/wp-json\/wp\/v2\/comments?post=59709"}],"version-history":[{"count":1,"href":"https:\/\/www.ull.es\/portal\/noticias\/wp-json\/wp\/v2\/posts\/59709\/revisions"}],"predecessor-version":[{"id":59711,"href":"https:\/\/www.ull.es\/portal\/noticias\/wp-json\/wp\/v2\/posts\/59709\/revisions\/59711"}],"wp:featuredmedia":[{"embeddable":true,"href":"https:\/\/www.ull.es\/portal\/noticias\/wp-json\/wp\/v2\/media\/59710"}],"wp:attachment":[{"href":"https:\/\/www.ull.es\/portal\/noticias\/wp-json\/wp\/v2\/media?parent=59709"}],"wp:term":[{"taxonomy":"category","embeddable":true,"href":"https:\/\/www.ull.es\/portal\/noticias\/wp-json\/wp\/v2\/categories?post=59709"},{"taxonomy":"post_tag","embeddable":true,"href":"https:\/\/www.ull.es\/portal\/noticias\/wp-json\/wp\/v2\/tags?post=59709"}],"curies":[{"name":"wp","href":"https:\/\/api.w.org\/{rel}","templated":true}]}}