{"id":59813,"date":"2021-11-29T09:17:38","date_gmt":"2021-11-29T09:17:38","guid":{"rendered":"https:\/\/www.ull.es\/portal\/noticias\/?p=59813"},"modified":"2021-11-29T09:26:38","modified_gmt":"2021-11-29T09:26:38","slug":"el-cabildo-de-la-gomera-y-la-ull-inauguran-una-muestra-sobre-el-legado-pictorico-de-jose-aguiar","status":"publish","type":"post","link":"https:\/\/www.ull.es\/portal\/noticias\/2021\/el-cabildo-de-la-gomera-y-la-ull-inauguran-una-muestra-sobre-el-legado-pictorico-de-jose-aguiar\/","title":{"rendered":"El Cabildo de La Gomera y la ULL inauguran una muestra sobre el legado pict\u00f3rico de Jos\u00e9 Aguiar"},"content":{"rendered":"<p><span style=\"font-weight: 400\">El Cabildo de La Gomera y la Universidad de La Laguna inauguraron el pasado viernes 26 la muestra \u2018Jos\u00e9 Aguiar y el dibujo en Canarias\u2019, dedicada a la obra de este artista gomero, que hasta el pr\u00f3ximo mes de enero permanecer\u00e1 abierta en la Sala de Exposiciones CajaCanarias, ubicada en la Instituci\u00f3n insular.\u00a0<\/span><\/p>\n<p><span style=\"font-weight: 400\">El recorrido por las obras de Jos\u00e9 Aguiar sirve para ahondar en algunos de los mejores ejemplos de su calidad como dibujante y que en esta exposici\u00f3n atesora a trav\u00e9s de las colecciones particulares cedidas para enriquecer esta muestra que se fija en la genialidad de los artistas canarios a trav\u00e9s del dibujo, buscando impresionar al visitante.<\/span><\/p>\n<p><span style=\"font-weight: 400\">Junto a las obras de Aguiar, est\u00e1n las de su hijo, Waldo Aguiar, y artistas como Manuel Gonz\u00e1lez M\u00e9ndez, Francisco Borges Salas, \u00c1lvaro Fari\u00f1a, Francisco Bonn\u00edn, Diego Crosa, Pedro de Guezala, Jes\u00fas Arencibia, N\u00e9stor Mart\u00edn Fern\u00e1ndez de la Torre, Bruno Brandt, C\u00e9sar Manrique, Manolo Millares, Inocencio Rodr\u00edguez Guanche, Felo Monz\u00f3n y Juan Ismael.<\/span><\/p>\n<p><span style=\"font-weight: 400\">Para la muestra se ha recurrido a obras de colecci\u00f3n particular aportando un aliciente adicional dada la dificultad que tiene el acceso a ellas para el espectador, haciendo que la visita a la sala de exposiciones del Cabildo permita comprender la importancia art\u00edstica insular, desde la visualizaci\u00f3n y comprensi\u00f3n de la variedad de lenguajes presentes en las obras.<\/span><\/p>\n<p><span style=\"font-weight: 400\">Esta actividad est\u00e1 incluida en el \u00e1mbito de colaboraci\u00f3n establecido entre el Cabildo insular y la Universidad de La Laguna en el marco de la C\u00e1tedra Cultural Jos\u00e9 Aguiar, de ah\u00ed que en el transcurso de la apertura participara la consejera de Cultura, Rosa Elena Garc\u00eda, junto al director de secretariado de Cultura y Extensi\u00f3n Universitaria de la ULL, Jorge Mart\u00edn, y el codirector de la C\u00e1tedra, Jon\u00e1s Armas.<\/span><\/p>\n<p>(Noticia y foto cedidas).<\/p>\n","protected":false},"excerpt":{"rendered":"<p>El Cabildo de La Gomera y la Universidad de La Laguna inauguraron el pasado viernes 26 la muestra \u2018Jos\u00e9 Aguiar&#8230;<\/p>\n","protected":false},"author":67,"featured_media":59814,"comment_status":"closed","ping_status":"closed","sticky":false,"template":"","format":"standard","meta":{"inline_featured_image":false,"footnotes":""},"categories":[344,345,2765],"tags":[758,1616],"acf":[],"yoast_head":"<!-- This site is optimized with the Yoast SEO plugin v21.3 - https:\/\/yoast.com\/wordpress\/plugins\/seo\/ -->\n<title>El Cabildo de La Gomera y la ULL inauguran una muestra sobre el legado pict\u00f3rico de Jos\u00e9 Aguiar - ULL - Noticias<\/title>\n<meta name=\"robots\" content=\"index, follow, max-snippet:-1, max-image-preview:large, max-video-preview:-1\" \/>\n<link rel=\"canonical\" href=\"https:\/\/www.ull.es\/portal\/noticias\/2021\/el-cabildo-de-la-gomera-y-la-ull-inauguran-una-muestra-sobre-el-legado-pictorico-de-jose-aguiar\/\" \/>\n<meta property=\"og:locale\" content=\"es_ES\" \/>\n<meta property=\"og:type\" content=\"article\" \/>\n<meta property=\"og:title\" content=\"El Cabildo de La Gomera y la ULL inauguran una muestra sobre el legado pict\u00f3rico de Jos\u00e9 Aguiar - ULL - Noticias\" \/>\n<meta property=\"og:description\" content=\"El Cabildo de La Gomera y la Universidad de La Laguna inauguraron el pasado viernes 26 la muestra \u2018Jos\u00e9 Aguiar...\" \/>\n<meta property=\"og:url\" content=\"https:\/\/www.ull.es\/portal\/noticias\/2021\/el-cabildo-de-la-gomera-y-la-ull-inauguran-una-muestra-sobre-el-legado-pictorico-de-jose-aguiar\/\" \/>\n<meta property=\"og:site_name\" content=\"ULL - Noticias\" \/>\n<meta property=\"article:publisher\" content=\"https:\/\/www.facebook.com\/universidaddelalaguna\/\" \/>\n<meta property=\"article:published_time\" content=\"2021-11-29T09:17:38+00:00\" \/>\n<meta property=\"article:modified_time\" content=\"2021-11-29T09:26:38+00:00\" \/>\n<meta property=\"og:image\" content=\"https:\/\/www.ull.es\/portal\/noticias\/wp-content\/uploads\/sites\/13\/2021\/11\/whatsapp-image-2021-11-26-at-234431-1.jpeg\" \/>\n\t<meta property=\"og:image:width\" content=\"1100\" \/>\n\t<meta property=\"og:image:height\" content=\"733\" \/>\n\t<meta property=\"og:image:type\" content=\"image\/jpeg\" \/>\n<meta name=\"author\" content=\"gcom5\" \/>\n<meta name=\"twitter:card\" content=\"summary_large_image\" \/>\n<meta name=\"twitter:creator\" content=\"@CanalULL\" \/>\n<meta name=\"twitter:site\" content=\"@CanalULL\" \/>\n<meta name=\"twitter:label1\" content=\"Escrito por\" \/>\n\t<meta name=\"twitter:data1\" content=\"gcom5\" \/>\n\t<meta name=\"twitter:label2\" content=\"Tiempo de lectura\" \/>\n\t<meta name=\"twitter:data2\" content=\"2 minutos\" \/>\n<script type=\"application\/ld+json\" class=\"yoast-schema-graph\">{\"@context\":\"https:\/\/schema.org\",\"@graph\":[{\"@type\":\"WebPage\",\"@id\":\"https:\/\/www.ull.es\/portal\/noticias\/2021\/el-cabildo-de-la-gomera-y-la-ull-inauguran-una-muestra-sobre-el-legado-pictorico-de-jose-aguiar\/\",\"url\":\"https:\/\/www.ull.es\/portal\/noticias\/2021\/el-cabildo-de-la-gomera-y-la-ull-inauguran-una-muestra-sobre-el-legado-pictorico-de-jose-aguiar\/\",\"name\":\"El Cabildo de La Gomera y la ULL inauguran una muestra sobre el legado pict\u00f3rico de Jos\u00e9 Aguiar - ULL - Noticias\",\"isPartOf\":{\"@id\":\"https:\/\/www.ull.es\/portal\/noticias\/#website\"},\"datePublished\":\"2021-11-29T09:17:38+00:00\",\"dateModified\":\"2021-11-29T09:26:38+00:00\",\"author\":{\"@id\":\"https:\/\/www.ull.es\/portal\/noticias\/#\/schema\/person\/8027c6c4687adc2c90dc1532715d34df\"},\"breadcrumb\":{\"@id\":\"https:\/\/www.ull.es\/portal\/noticias\/2021\/el-cabildo-de-la-gomera-y-la-ull-inauguran-una-muestra-sobre-el-legado-pictorico-de-jose-aguiar\/#breadcrumb\"},\"inLanguage\":\"es\",\"potentialAction\":[{\"@type\":\"ReadAction\",\"target\":[\"https:\/\/www.ull.es\/portal\/noticias\/2021\/el-cabildo-de-la-gomera-y-la-ull-inauguran-una-muestra-sobre-el-legado-pictorico-de-jose-aguiar\/\"]}]},{\"@type\":\"BreadcrumbList\",\"@id\":\"https:\/\/www.ull.es\/portal\/noticias\/2021\/el-cabildo-de-la-gomera-y-la-ull-inauguran-una-muestra-sobre-el-legado-pictorico-de-jose-aguiar\/#breadcrumb\",\"itemListElement\":[{\"@type\":\"ListItem\",\"position\":1,\"name\":\"Portada\",\"item\":\"https:\/\/www.ull.es\/portal\/noticias\/\"},{\"@type\":\"ListItem\",\"position\":2,\"name\":\"El Cabildo de La Gomera y la ULL inauguran una muestra sobre el legado pict\u00f3rico de Jos\u00e9 Aguiar\"}]},{\"@type\":\"WebSite\",\"@id\":\"https:\/\/www.ull.es\/portal\/noticias\/#website\",\"url\":\"https:\/\/www.ull.es\/portal\/noticias\/\",\"name\":\"ULL - Noticias\",\"description\":\"\",\"potentialAction\":[{\"@type\":\"SearchAction\",\"target\":{\"@type\":\"EntryPoint\",\"urlTemplate\":\"https:\/\/www.ull.es\/portal\/noticias\/?s={search_term_string}\"},\"query-input\":\"required name=search_term_string\"}],\"inLanguage\":\"es\"},{\"@type\":\"Person\",\"@id\":\"https:\/\/www.ull.es\/portal\/noticias\/#\/schema\/person\/8027c6c4687adc2c90dc1532715d34df\",\"name\":\"gcom5\",\"image\":{\"@type\":\"ImageObject\",\"inLanguage\":\"es\",\"@id\":\"https:\/\/www.ull.es\/portal\/noticias\/#\/schema\/person\/image\/\",\"url\":\"https:\/\/secure.gravatar.com\/avatar\/8b3777f8048001fa57b88338ce5605b9?s=96&d=mm&r=g\",\"contentUrl\":\"https:\/\/secure.gravatar.com\/avatar\/8b3777f8048001fa57b88338ce5605b9?s=96&d=mm&r=g\",\"caption\":\"gcom5\"},\"url\":\"https:\/\/www.ull.es\/portal\/noticias\/author\/gcom5\/\"}]}<\/script>\n<!-- \/ Yoast SEO plugin. -->","yoast_head_json":{"title":"El Cabildo de La Gomera y la ULL inauguran una muestra sobre el legado pict\u00f3rico de Jos\u00e9 Aguiar - ULL - Noticias","robots":{"index":"index","follow":"follow","max-snippet":"max-snippet:-1","max-image-preview":"max-image-preview:large","max-video-preview":"max-video-preview:-1"},"canonical":"https:\/\/www.ull.es\/portal\/noticias\/2021\/el-cabildo-de-la-gomera-y-la-ull-inauguran-una-muestra-sobre-el-legado-pictorico-de-jose-aguiar\/","og_locale":"es_ES","og_type":"article","og_title":"El Cabildo de La Gomera y la ULL inauguran una muestra sobre el legado pict\u00f3rico de Jos\u00e9 Aguiar - ULL - Noticias","og_description":"El Cabildo de La Gomera y la Universidad de La Laguna inauguraron el pasado viernes 26 la muestra \u2018Jos\u00e9 Aguiar...","og_url":"https:\/\/www.ull.es\/portal\/noticias\/2021\/el-cabildo-de-la-gomera-y-la-ull-inauguran-una-muestra-sobre-el-legado-pictorico-de-jose-aguiar\/","og_site_name":"ULL - Noticias","article_publisher":"https:\/\/www.facebook.com\/universidaddelalaguna\/","article_published_time":"2021-11-29T09:17:38+00:00","article_modified_time":"2021-11-29T09:26:38+00:00","og_image":[{"width":1100,"height":733,"url":"https:\/\/www.ull.es\/portal\/noticias\/wp-content\/uploads\/sites\/13\/2021\/11\/whatsapp-image-2021-11-26-at-234431-1.jpeg","type":"image\/jpeg"}],"author":"gcom5","twitter_card":"summary_large_image","twitter_creator":"@CanalULL","twitter_site":"@CanalULL","twitter_misc":{"Escrito por":"gcom5","Tiempo de lectura":"2 minutos"},"schema":{"@context":"https:\/\/schema.org","@graph":[{"@type":"WebPage","@id":"https:\/\/www.ull.es\/portal\/noticias\/2021\/el-cabildo-de-la-gomera-y-la-ull-inauguran-una-muestra-sobre-el-legado-pictorico-de-jose-aguiar\/","url":"https:\/\/www.ull.es\/portal\/noticias\/2021\/el-cabildo-de-la-gomera-y-la-ull-inauguran-una-muestra-sobre-el-legado-pictorico-de-jose-aguiar\/","name":"El Cabildo de La Gomera y la ULL inauguran una muestra sobre el legado pict\u00f3rico de Jos\u00e9 Aguiar - ULL - Noticias","isPartOf":{"@id":"https:\/\/www.ull.es\/portal\/noticias\/#website"},"datePublished":"2021-11-29T09:17:38+00:00","dateModified":"2021-11-29T09:26:38+00:00","author":{"@id":"https:\/\/www.ull.es\/portal\/noticias\/#\/schema\/person\/8027c6c4687adc2c90dc1532715d34df"},"breadcrumb":{"@id":"https:\/\/www.ull.es\/portal\/noticias\/2021\/el-cabildo-de-la-gomera-y-la-ull-inauguran-una-muestra-sobre-el-legado-pictorico-de-jose-aguiar\/#breadcrumb"},"inLanguage":"es","potentialAction":[{"@type":"ReadAction","target":["https:\/\/www.ull.es\/portal\/noticias\/2021\/el-cabildo-de-la-gomera-y-la-ull-inauguran-una-muestra-sobre-el-legado-pictorico-de-jose-aguiar\/"]}]},{"@type":"BreadcrumbList","@id":"https:\/\/www.ull.es\/portal\/noticias\/2021\/el-cabildo-de-la-gomera-y-la-ull-inauguran-una-muestra-sobre-el-legado-pictorico-de-jose-aguiar\/#breadcrumb","itemListElement":[{"@type":"ListItem","position":1,"name":"Portada","item":"https:\/\/www.ull.es\/portal\/noticias\/"},{"@type":"ListItem","position":2,"name":"El Cabildo de La Gomera y la ULL inauguran una muestra sobre el legado pict\u00f3rico de Jos\u00e9 Aguiar"}]},{"@type":"WebSite","@id":"https:\/\/www.ull.es\/portal\/noticias\/#website","url":"https:\/\/www.ull.es\/portal\/noticias\/","name":"ULL - Noticias","description":"","potentialAction":[{"@type":"SearchAction","target":{"@type":"EntryPoint","urlTemplate":"https:\/\/www.ull.es\/portal\/noticias\/?s={search_term_string}"},"query-input":"required name=search_term_string"}],"inLanguage":"es"},{"@type":"Person","@id":"https:\/\/www.ull.es\/portal\/noticias\/#\/schema\/person\/8027c6c4687adc2c90dc1532715d34df","name":"gcom5","image":{"@type":"ImageObject","inLanguage":"es","@id":"https:\/\/www.ull.es\/portal\/noticias\/#\/schema\/person\/image\/","url":"https:\/\/secure.gravatar.com\/avatar\/8b3777f8048001fa57b88338ce5605b9?s=96&d=mm&r=g","contentUrl":"https:\/\/secure.gravatar.com\/avatar\/8b3777f8048001fa57b88338ce5605b9?s=96&d=mm&r=g","caption":"gcom5"},"url":"https:\/\/www.ull.es\/portal\/noticias\/author\/gcom5\/"}]}},"primary_category":{"id":345,"name":"Destacado","slug":"destacado","link":"https:\/\/www.ull.es\/portal\/noticias\/category\/destacado\/"},"featured_image_thumbnail_url":"https:\/\/www.ull.es\/portal\/noticias\/wp-content\/uploads\/sites\/13\/2021\/11\/whatsapp-image-2021-11-26-at-234431-1-300x200.jpeg","_links":{"self":[{"href":"https:\/\/www.ull.es\/portal\/noticias\/wp-json\/wp\/v2\/posts\/59813"}],"collection":[{"href":"https:\/\/www.ull.es\/portal\/noticias\/wp-json\/wp\/v2\/posts"}],"about":[{"href":"https:\/\/www.ull.es\/portal\/noticias\/wp-json\/wp\/v2\/types\/post"}],"author":[{"embeddable":true,"href":"https:\/\/www.ull.es\/portal\/noticias\/wp-json\/wp\/v2\/users\/67"}],"replies":[{"embeddable":true,"href":"https:\/\/www.ull.es\/portal\/noticias\/wp-json\/wp\/v2\/comments?post=59813"}],"version-history":[{"count":3,"href":"https:\/\/www.ull.es\/portal\/noticias\/wp-json\/wp\/v2\/posts\/59813\/revisions"}],"predecessor-version":[{"id":59819,"href":"https:\/\/www.ull.es\/portal\/noticias\/wp-json\/wp\/v2\/posts\/59813\/revisions\/59819"}],"wp:featuredmedia":[{"embeddable":true,"href":"https:\/\/www.ull.es\/portal\/noticias\/wp-json\/wp\/v2\/media\/59814"}],"wp:attachment":[{"href":"https:\/\/www.ull.es\/portal\/noticias\/wp-json\/wp\/v2\/media?parent=59813"}],"wp:term":[{"taxonomy":"category","embeddable":true,"href":"https:\/\/www.ull.es\/portal\/noticias\/wp-json\/wp\/v2\/categories?post=59813"},{"taxonomy":"post_tag","embeddable":true,"href":"https:\/\/www.ull.es\/portal\/noticias\/wp-json\/wp\/v2\/tags?post=59813"}],"curies":[{"name":"wp","href":"https:\/\/api.w.org\/{rel}","templated":true}]}}