{"id":59816,"date":"2021-11-29T09:35:50","date_gmt":"2021-11-29T09:35:50","guid":{"rendered":"https:\/\/www.ull.es\/portal\/noticias\/?p=59816"},"modified":"2021-11-29T09:39:49","modified_gmt":"2021-11-29T09:39:49","slug":"lea-nascimento-sexta-extincion","status":"publish","type":"post","link":"https:\/\/www.ull.es\/portal\/noticias\/2021\/lea-nascimento-sexta-extincion\/","title":{"rendered":"Lea de Nascimento: \u201cHay suficientes evidencias para afirmar que estamos viviendo ya la sexta extinci\u00f3n en masa\u201d"},"content":{"rendered":"<p>La IV edici\u00f3n de Campus\u00c1FRICA desarroll\u00f3 en la ma\u00f1ana del pasado viernes, 26 de noviembre, en las instalaciones del Real Sociedad Econ\u00f3mica Amigos del Pa\u00eds de Tenerife, una nueva ponencia del Curso I Retos Clim\u00e1ticos en un contexto de Crisis Global, con las intervenciones de la Lea de Nascimento Reyes, del Departamento de Bot\u00e1nica, Ecolog\u00eda y Filosof\u00eda Vegetal de la Universidad de La Laguna, y Cintita Hern\u00e1ndez S\u00e1nchez, profesora ayudante del \u00e1rea de Medicina Preventiva y Salud P\u00fablica, con las charlas \u2018Cambios clim\u00e1ticos en la historia de la tierra\u2019 y \u2018Cambio clim\u00e1tico y contaminaci\u00f3n de los recursos\u2019, respectivamente.<\/p>\n<p>Lea de Nascimento Reyes comenz\u00f3 su intervenci\u00f3n se\u00f1alando que conociendo bien lo que pas\u00f3 en el pasado, se puede entender lo que podr\u00eda pasar en un futuro si se dan las mismas variaciones de temperatura. \u201cHace 100.000 a\u00f1os la Tierra vivi\u00f3 unas temperaturas similares a las actuales. Incluso en el periodo del Eemiense la temperatura era dos grados superior a la actual\u201d.<br \/>\nLa escala geol\u00f3gica temporal, por el que se divide el tiempo de vida de la tierra, se estructura por l\u00edmites de eventos geol\u00f3gicos o evolutivos, dando lugar a unidades geocronol\u00f3gicas: E\u00f3n, Era, Periodo, \u00c9poca y Edad. Las huellas definen la escala temporal geol\u00f3gica, y pueden ser f\u00edsicas, biol\u00f3gicas y qu\u00edmicas.<\/p>\n<p>Hay ciertos eventos definidos que cambian el clima: Movimiento de los continentes, actividad volc\u00e1nica masiva, actividad biol\u00f3gica, impactos de meteoritos y variaciones de la \u00f3rbita terrestre. En su explicaci\u00f3n sobre las grandes modificaciones del clima, Lea de Nascimento se\u00f1al\u00f3 que \u201ca lo largo de la historia de la Tierra se han dado casos en las que desaparecieron el 90% de las especies. Ha habido varios periodos de extinciones en masa\u201d.<\/p>\n<p>Lea de Nascimento concluy\u00f3 su intervenci\u00f3n afirmando que \u201cel cambio clim\u00e1tico actual es mucho m\u00e1s r\u00e1pido que cualquier calentamiento anterior. Ahora mismo la tasa de aumento de la temperatura es 10 veces superior y se prev\u00e9 que para el pr\u00f3ximo siglo sea 20 veces superior a la actual. Hay suficientes evidencias para afirmar que estamos viviendo ya la sexta extinci\u00f3n en masa\u201d.<\/p>\n<div id=\"attachment_59820\" style=\"width: 310px\" class=\"wp-caption alignleft\"><a href=\"https:\/\/www.ull.es\/portal\/noticias\/wp-content\/uploads\/sites\/13\/2021\/11\/cintia-hernandez.jpg\" target=\"_blank\" rel=\"noopener\" target=\"_blank\" rel=\"noopener\"><img aria-describedby=\"caption-attachment-59820\" decoding=\"async\" loading=\"lazy\" class=\"wp-image-59820 size-medium\" src=\"https:\/\/www.ull.es\/portal\/noticias\/wp-content\/uploads\/sites\/13\/2021\/11\/cintia-hernandez-300x200.jpg\" alt=\"Cintia Hern\u00e1ndez.\" width=\"300\" height=\"200\" srcset=\"https:\/\/www.ull.es\/portal\/noticias\/wp-content\/uploads\/sites\/13\/2021\/11\/cintia-hernandez-300x200.jpg 300w, https:\/\/www.ull.es\/portal\/noticias\/wp-content\/uploads\/sites\/13\/2021\/11\/cintia-hernandez-1024x682.jpg 1024w, https:\/\/www.ull.es\/portal\/noticias\/wp-content\/uploads\/sites\/13\/2021\/11\/cintia-hernandez-768x511.jpg 768w, https:\/\/www.ull.es\/portal\/noticias\/wp-content\/uploads\/sites\/13\/2021\/11\/cintia-hernandez-375x250.jpg 375w, https:\/\/www.ull.es\/portal\/noticias\/wp-content\/uploads\/sites\/13\/2021\/11\/cintia-hernandez-750x499.jpg 750w, https:\/\/www.ull.es\/portal\/noticias\/wp-content\/uploads\/sites\/13\/2021\/11\/cintia-hernandez-1140x759.jpg 1140w, https:\/\/www.ull.es\/portal\/noticias\/wp-content\/uploads\/sites\/13\/2021\/11\/cintia-hernandez.jpg 1200w\" sizes=\"(max-width: 300px) 100vw, 300px\" \/><\/a><p id=\"caption-attachment-59820\" class=\"wp-caption-text\">Cintia Hern\u00e1ndez.<\/p><\/div>\n<p>En la segunda charla de la ma\u00f1ana, Cintia Hern\u00e1ndez S\u00e1nchez se\u00f1al\u00f3 que el medioambiente es un sistema muy complejo y muy fr\u00e1gil. \u201cCualquier cambio que se produzca puede afectar al resto de componentes del medio ambiente\u201d. Destac\u00f3 adem\u00e1s que hay varios tipos de contaminaci\u00f3n; biol\u00f3gica, qu\u00edmica, f\u00edsica y la psicosocial, esta \u00faltima la protagonizan los desplazados por causas naturales o por motivos varios como las guerras. La contaminaci\u00f3n se debe en buena medida a c\u00f3mo utilizamos nuestros recursos, tanto los renovables como los no renovables.<\/p>\n<p>Predecir los efectos del cambio clim\u00e1tico no es f\u00e1cil. Lo que s\u00ed est\u00e1 claro es que la contaminaci\u00f3n afecta a algunos aspectos determinados como el recurso h\u00eddrico, el suelo, el aire, los organismos vivos y los ecosistemas. Al mismo tiempo, Cintia Hern\u00e1ndez se\u00f1al\u00f3 que fen\u00f3menos clim\u00e1ticos como \u2018El Ni\u00f1o\u2019, ayudan a predecir situaciones futuras e incluso algunas enfermedades.<\/p>\n<p>En su ponencia tambi\u00e9n se\u00f1al\u00f3 que \u201cuna plaga es un desequilibrio en el medioambiente. Hasta ahora se han combatido las plagas mediante contaminantes qu\u00edmicos, como el DDT, que ha sido muy da\u00f1ino para el ecosistema. Esto pasa porque que el ser humano busca soluciones r\u00e1pidas y persistentes en el tiempo, sin que se valoren los riesgos que se producen a largo tiempo\u201d.<\/p>\n<p>Se\u00f1al\u00f3 algunas enfermedades que se han dado por la intervenci\u00f3n del ser humano en el medio ambiente: paludismo, leshmaniasis visceral, enfermedad de Lyme, mareas de algas, fiebre del valle de Rift, entre otras.<\/p>\n<p>Los micropl\u00e1sticos son un tipo de contaminaci\u00f3n que va en aumento; es muy persistente ante el paso del tiempo y tiene una grave afectaci\u00f3n sobre el suelo. Otros aspectos, como la contaminaci\u00f3n lum\u00ednica inciden en la desaparici\u00f3n de ciertas aves.<\/p>\n<p><strong>Patrocinadores y entidades colaboradoras<\/strong><br \/>\nEste programa internacional, que se prolongar\u00e1 desde el 13 de noviembre al 4 de diciembre, est\u00e1 organizado por la Universidad de La Laguna a trav\u00e9s de la Fundaci\u00f3n para el Control de las Enfermedades Tropicales (FUNCCET) y el Instituto Universitario de Enfermedades Tropicales y Salud P\u00fablica de Canarias. Cuenta con el patrocinio del Ayuntamiento de La Laguna, Cabildo de Tenerife, Fundaci\u00f3n CajaCanarias y Fundaci\u00f3n \u201cla Caixa\u201d. Asimismo, tambi\u00e9n dispone del apoyo de Casa \u00c1frica, Binter, la Real Sociedad Econ\u00f3mica de Amigos del Pa\u00eds de Tenerife, Cofarte y el Colegio Oficial de Farmac\u00e9uticos de Tenerife, como entidades colaboradoras.<\/p>\n<p>Este a\u00f1o se ofrecer\u00e1n m\u00e1s de 40 ponencias y se contar\u00e1, en el bloque de salud, con expertos de la talla de Santiago Mas-Coma, miembro de la Organizaci\u00f3n Mundial de la Salud (OMS); Luis Enjuanes S\u00e1nchez, vir\u00f3logo del Centro Nacional de Biotecnolog\u00eda (adscrito al Consejo Superior de Investigaciones Cient\u00edficas), que presentar\u00e1 las vacunas desarrolladas en Espa\u00f1a, o Margarita del Val Latorre, vir\u00f3loga e investigadora del Consejo Superior de Investigaciones Cient\u00edficas (CSIC), que ser\u00e1 la encargada de poner el broche final de esta edici\u00f3n el pr\u00f3ximo 2 de diciembre en el Paraninfo de la Universidad de La Laguna. Por su parte, el bloque clim\u00e1tico, abordar\u00e1 temas como el impacto vulcanol\u00f3gico de la mano de Nemesio P\u00e9rez, coordinador de INVOLCAN, Mar\u00eda Luisa Tejedor Salguero, profesora em\u00e9rita de la ULL o Araceli Raimundo Izard, arquitecta bioclim\u00e1tica.<\/p>\n","protected":false},"excerpt":{"rendered":"<p>La IV edici\u00f3n de Campus\u00c1FRICA desarroll\u00f3 en la ma\u00f1ana del pasado viernes, 26 de noviembre, en las instalaciones del Real&#8230;<\/p>\n","protected":false},"author":21,"featured_media":59818,"comment_status":"closed","ping_status":"closed","sticky":false,"template":"","format":"standard","meta":{"inline_featured_image":false,"footnotes":""},"categories":[3159,345,350,3494,2765],"tags":[680,685,697,8038,5599,1876,8039],"acf":[],"yoast_head":"<!-- This site is optimized with the Yoast SEO plugin v21.3 - https:\/\/yoast.com\/wordpress\/plugins\/seo\/ -->\n<title>Lea de Nascimento advierte de que ya se est\u00e1 en plena sexta extinci\u00f3n<\/title>\n<meta name=\"description\" content=\"Las investigadoras de la ULL Lea de Nascimento y Cintia Hern\u00e1ndez participaron en Campus\u00c1FRICA con sendas ponencias sobre cambio clim\u00e1tico.\" \/>\n<meta name=\"robots\" content=\"index, follow, max-snippet:-1, max-image-preview:large, max-video-preview:-1\" \/>\n<link rel=\"canonical\" href=\"https:\/\/www.ull.es\/portal\/noticias\/2021\/lea-nascimento-sexta-extincion\/\" \/>\n<meta property=\"og:locale\" content=\"es_ES\" \/>\n<meta property=\"og:type\" content=\"article\" \/>\n<meta property=\"og:title\" content=\"Lea de Nascimento advierte de que ya se est\u00e1 en plena sexta extinci\u00f3n\" \/>\n<meta property=\"og:description\" content=\"Las investigadoras de la ULL Lea de Nascimento y Cintia Hern\u00e1ndez participaron en Campus\u00c1FRICA con sendas ponencias sobre cambio clim\u00e1tico.\" \/>\n<meta property=\"og:url\" content=\"https:\/\/www.ull.es\/portal\/noticias\/2021\/lea-nascimento-sexta-extincion\/\" \/>\n<meta property=\"og:site_name\" content=\"ULL - Noticias\" \/>\n<meta property=\"article:publisher\" content=\"https:\/\/www.facebook.com\/universidaddelalaguna\/\" \/>\n<meta property=\"article:published_time\" content=\"2021-11-29T09:35:50+00:00\" \/>\n<meta property=\"article:modified_time\" content=\"2021-11-29T09:39:49+00:00\" \/>\n<meta property=\"og:image\" content=\"https:\/\/www.ull.es\/portal\/noticias\/wp-content\/uploads\/sites\/13\/2021\/11\/lea-de-nascimento.jpg\" \/>\n\t<meta property=\"og:image:width\" content=\"1200\" \/>\n\t<meta property=\"og:image:height\" content=\"799\" \/>\n\t<meta property=\"og:image:type\" content=\"image\/jpeg\" \/>\n<meta name=\"author\" content=\"prensa2\" \/>\n<meta name=\"twitter:card\" content=\"summary_large_image\" \/>\n<meta name=\"twitter:creator\" content=\"@CanalULL\" \/>\n<meta name=\"twitter:site\" content=\"@CanalULL\" \/>\n<meta name=\"twitter:label1\" content=\"Escrito por\" \/>\n\t<meta name=\"twitter:data1\" content=\"prensa2\" \/>\n\t<meta name=\"twitter:label2\" content=\"Tiempo de lectura\" \/>\n\t<meta name=\"twitter:data2\" content=\"4 minutos\" \/>\n<script type=\"application\/ld+json\" class=\"yoast-schema-graph\">{\"@context\":\"https:\/\/schema.org\",\"@graph\":[{\"@type\":\"WebPage\",\"@id\":\"https:\/\/www.ull.es\/portal\/noticias\/2021\/lea-nascimento-sexta-extincion\/\",\"url\":\"https:\/\/www.ull.es\/portal\/noticias\/2021\/lea-nascimento-sexta-extincion\/\",\"name\":\"Lea de Nascimento advierte de que ya se est\u00e1 en plena sexta extinci\u00f3n\",\"isPartOf\":{\"@id\":\"https:\/\/www.ull.es\/portal\/noticias\/#website\"},\"datePublished\":\"2021-11-29T09:35:50+00:00\",\"dateModified\":\"2021-11-29T09:39:49+00:00\",\"author\":{\"@id\":\"https:\/\/www.ull.es\/portal\/noticias\/#\/schema\/person\/c3b2aa857797592927a03740d6664376\"},\"description\":\"Las investigadoras de la ULL Lea de Nascimento y Cintia Hern\u00e1ndez participaron en Campus\u00c1FRICA con sendas ponencias sobre cambio clim\u00e1tico.\",\"breadcrumb\":{\"@id\":\"https:\/\/www.ull.es\/portal\/noticias\/2021\/lea-nascimento-sexta-extincion\/#breadcrumb\"},\"inLanguage\":\"es\",\"potentialAction\":[{\"@type\":\"ReadAction\",\"target\":[\"https:\/\/www.ull.es\/portal\/noticias\/2021\/lea-nascimento-sexta-extincion\/\"]}]},{\"@type\":\"BreadcrumbList\",\"@id\":\"https:\/\/www.ull.es\/portal\/noticias\/2021\/lea-nascimento-sexta-extincion\/#breadcrumb\",\"itemListElement\":[{\"@type\":\"ListItem\",\"position\":1,\"name\":\"Portada\",\"item\":\"https:\/\/www.ull.es\/portal\/noticias\/\"},{\"@type\":\"ListItem\",\"position\":2,\"name\":\"Lea de Nascimento: \u201cHay suficientes evidencias para afirmar que estamos viviendo ya la sexta extinci\u00f3n en masa\u201d\"}]},{\"@type\":\"WebSite\",\"@id\":\"https:\/\/www.ull.es\/portal\/noticias\/#website\",\"url\":\"https:\/\/www.ull.es\/portal\/noticias\/\",\"name\":\"ULL - Noticias\",\"description\":\"\",\"potentialAction\":[{\"@type\":\"SearchAction\",\"target\":{\"@type\":\"EntryPoint\",\"urlTemplate\":\"https:\/\/www.ull.es\/portal\/noticias\/?s={search_term_string}\"},\"query-input\":\"required name=search_term_string\"}],\"inLanguage\":\"es\"},{\"@type\":\"Person\",\"@id\":\"https:\/\/www.ull.es\/portal\/noticias\/#\/schema\/person\/c3b2aa857797592927a03740d6664376\",\"name\":\"prensa2\",\"image\":{\"@type\":\"ImageObject\",\"inLanguage\":\"es\",\"@id\":\"https:\/\/www.ull.es\/portal\/noticias\/#\/schema\/person\/image\/\",\"url\":\"https:\/\/secure.gravatar.com\/avatar\/b58f310a5de5feb33d1e026d2493f23c?s=96&d=mm&r=g\",\"contentUrl\":\"https:\/\/secure.gravatar.com\/avatar\/b58f310a5de5feb33d1e026d2493f23c?s=96&d=mm&r=g\",\"caption\":\"prensa2\"},\"url\":\"https:\/\/www.ull.es\/portal\/noticias\/author\/prensa2\/\"}]}<\/script>\n<!-- \/ Yoast SEO plugin. -->","yoast_head_json":{"title":"Lea de Nascimento advierte de que ya se est\u00e1 en plena sexta extinci\u00f3n","description":"Las investigadoras de la ULL Lea de Nascimento y Cintia Hern\u00e1ndez participaron en Campus\u00c1FRICA con sendas ponencias sobre cambio clim\u00e1tico.","robots":{"index":"index","follow":"follow","max-snippet":"max-snippet:-1","max-image-preview":"max-image-preview:large","max-video-preview":"max-video-preview:-1"},"canonical":"https:\/\/www.ull.es\/portal\/noticias\/2021\/lea-nascimento-sexta-extincion\/","og_locale":"es_ES","og_type":"article","og_title":"Lea de Nascimento advierte de que ya se est\u00e1 en plena sexta extinci\u00f3n","og_description":"Las investigadoras de la ULL Lea de Nascimento y Cintia Hern\u00e1ndez participaron en Campus\u00c1FRICA con sendas ponencias sobre cambio clim\u00e1tico.","og_url":"https:\/\/www.ull.es\/portal\/noticias\/2021\/lea-nascimento-sexta-extincion\/","og_site_name":"ULL - Noticias","article_publisher":"https:\/\/www.facebook.com\/universidaddelalaguna\/","article_published_time":"2021-11-29T09:35:50+00:00","article_modified_time":"2021-11-29T09:39:49+00:00","og_image":[{"width":1200,"height":799,"url":"https:\/\/www.ull.es\/portal\/noticias\/wp-content\/uploads\/sites\/13\/2021\/11\/lea-de-nascimento.jpg","type":"image\/jpeg"}],"author":"prensa2","twitter_card":"summary_large_image","twitter_creator":"@CanalULL","twitter_site":"@CanalULL","twitter_misc":{"Escrito por":"prensa2","Tiempo de lectura":"4 minutos"},"schema":{"@context":"https:\/\/schema.org","@graph":[{"@type":"WebPage","@id":"https:\/\/www.ull.es\/portal\/noticias\/2021\/lea-nascimento-sexta-extincion\/","url":"https:\/\/www.ull.es\/portal\/noticias\/2021\/lea-nascimento-sexta-extincion\/","name":"Lea de Nascimento advierte de que ya se est\u00e1 en plena sexta extinci\u00f3n","isPartOf":{"@id":"https:\/\/www.ull.es\/portal\/noticias\/#website"},"datePublished":"2021-11-29T09:35:50+00:00","dateModified":"2021-11-29T09:39:49+00:00","author":{"@id":"https:\/\/www.ull.es\/portal\/noticias\/#\/schema\/person\/c3b2aa857797592927a03740d6664376"},"description":"Las investigadoras de la ULL Lea de Nascimento y Cintia Hern\u00e1ndez participaron en Campus\u00c1FRICA con sendas ponencias sobre cambio clim\u00e1tico.","breadcrumb":{"@id":"https:\/\/www.ull.es\/portal\/noticias\/2021\/lea-nascimento-sexta-extincion\/#breadcrumb"},"inLanguage":"es","potentialAction":[{"@type":"ReadAction","target":["https:\/\/www.ull.es\/portal\/noticias\/2021\/lea-nascimento-sexta-extincion\/"]}]},{"@type":"BreadcrumbList","@id":"https:\/\/www.ull.es\/portal\/noticias\/2021\/lea-nascimento-sexta-extincion\/#breadcrumb","itemListElement":[{"@type":"ListItem","position":1,"name":"Portada","item":"https:\/\/www.ull.es\/portal\/noticias\/"},{"@type":"ListItem","position":2,"name":"Lea de Nascimento: \u201cHay suficientes evidencias para afirmar que estamos viviendo ya la sexta extinci\u00f3n en masa\u201d"}]},{"@type":"WebSite","@id":"https:\/\/www.ull.es\/portal\/noticias\/#website","url":"https:\/\/www.ull.es\/portal\/noticias\/","name":"ULL - Noticias","description":"","potentialAction":[{"@type":"SearchAction","target":{"@type":"EntryPoint","urlTemplate":"https:\/\/www.ull.es\/portal\/noticias\/?s={search_term_string}"},"query-input":"required name=search_term_string"}],"inLanguage":"es"},{"@type":"Person","@id":"https:\/\/www.ull.es\/portal\/noticias\/#\/schema\/person\/c3b2aa857797592927a03740d6664376","name":"prensa2","image":{"@type":"ImageObject","inLanguage":"es","@id":"https:\/\/www.ull.es\/portal\/noticias\/#\/schema\/person\/image\/","url":"https:\/\/secure.gravatar.com\/avatar\/b58f310a5de5feb33d1e026d2493f23c?s=96&d=mm&r=g","contentUrl":"https:\/\/secure.gravatar.com\/avatar\/b58f310a5de5feb33d1e026d2493f23c?s=96&d=mm&r=g","caption":"prensa2"},"url":"https:\/\/www.ull.es\/portal\/noticias\/author\/prensa2\/"}]}},"primary_category":{"id":345,"name":"Destacado","slug":"destacado","link":"https:\/\/www.ull.es\/portal\/noticias\/category\/destacado\/"},"featured_image_thumbnail_url":"https:\/\/www.ull.es\/portal\/noticias\/wp-content\/uploads\/sites\/13\/2021\/11\/lea-de-nascimento-300x200.jpg","_links":{"self":[{"href":"https:\/\/www.ull.es\/portal\/noticias\/wp-json\/wp\/v2\/posts\/59816"}],"collection":[{"href":"https:\/\/www.ull.es\/portal\/noticias\/wp-json\/wp\/v2\/posts"}],"about":[{"href":"https:\/\/www.ull.es\/portal\/noticias\/wp-json\/wp\/v2\/types\/post"}],"author":[{"embeddable":true,"href":"https:\/\/www.ull.es\/portal\/noticias\/wp-json\/wp\/v2\/users\/21"}],"replies":[{"embeddable":true,"href":"https:\/\/www.ull.es\/portal\/noticias\/wp-json\/wp\/v2\/comments?post=59816"}],"version-history":[{"count":2,"href":"https:\/\/www.ull.es\/portal\/noticias\/wp-json\/wp\/v2\/posts\/59816\/revisions"}],"predecessor-version":[{"id":59822,"href":"https:\/\/www.ull.es\/portal\/noticias\/wp-json\/wp\/v2\/posts\/59816\/revisions\/59822"}],"wp:featuredmedia":[{"embeddable":true,"href":"https:\/\/www.ull.es\/portal\/noticias\/wp-json\/wp\/v2\/media\/59818"}],"wp:attachment":[{"href":"https:\/\/www.ull.es\/portal\/noticias\/wp-json\/wp\/v2\/media?parent=59816"}],"wp:term":[{"taxonomy":"category","embeddable":true,"href":"https:\/\/www.ull.es\/portal\/noticias\/wp-json\/wp\/v2\/categories?post=59816"},{"taxonomy":"post_tag","embeddable":true,"href":"https:\/\/www.ull.es\/portal\/noticias\/wp-json\/wp\/v2\/tags?post=59816"}],"curies":[{"name":"wp","href":"https:\/\/api.w.org\/{rel}","templated":true}]}}