{"id":59842,"date":"2021-11-29T11:42:29","date_gmt":"2021-11-29T11:42:29","guid":{"rendered":"https:\/\/www.ull.es\/portal\/noticias\/?p=59842"},"modified":"2021-11-29T11:58:32","modified_gmt":"2021-11-29T11:58:32","slug":"jacob-lorenzo-recoge-reconocimiento-colegios-biologos","status":"publish","type":"post","link":"https:\/\/www.ull.es\/portal\/noticias\/2021\/jacob-lorenzo-recoge-reconocimiento-colegios-biologos\/","title":{"rendered":"El investigador de la ULL Jacob Lorenzo recogi\u00f3 el reconocimiento de los Colegios de Bi\u00f3logos por su labor durante la pandemia"},"content":{"rendered":"<p>La Conferencia Espa\u00f1ola de Decanos de Biolog\u00eda y el <a href=\"https:\/\/cgcob.es\/\" target=\"_blank\" rel=\"noopener\" target=\"_blank\" rel=\"noopener\">Consejo General de Colegios Oficiales de Bi\u00f3logos<\/a> entreg\u00f3 el pasado viernes 26 de noviembre en el Paraninfo de la Universidad Complutense de Madrid una serie de reconocimientos a profesionales de la Biolog\u00eda por su labor en el \u00e1mbito sanitario durante la pandemia de la Covid-19. Una de las personas galardonadas fue el director del <a href=\"https:\/\/www.ull.es\/institutos\/instituto-enfermedades-tropicales-salud-publica-canarias\/\" target=\"_blank\" rel=\"noopener\" target=\"_blank\" rel=\"noopener\">Instituto Universitario de Enfermedades Tropicales y Salud P\u00fablica de Canarias<\/a> de la Universidad de La Laguna, <a href=\"https:\/\/portalciencia.ull.es\/investigadores\/81666\/detalle\" target=\"_blank\" rel=\"noopener\" target=\"_blank\" rel=\"noopener\">Jacob Lorenzo Morales<\/a>, por el <a href=\"https:\/\/www.ull.es\/portal\/noticias\/2021\/la-ull-realizo-en-este-curso-mas-de-12-000-pruebas-de-cribado-de-covid-19-y-detecto-11-positivos\/\" target=\"_blank\" rel=\"noopener\" target=\"_blank\" rel=\"noopener\">programa de cribado<\/a> para la detecci\u00f3n del coronavirus que dirige en la instituci\u00f3n acad\u00e9mica.<\/p>\n<p>La organizaci\u00f3n ha querido remarcar con estos premios que la pandemia ha demostrado, una vez m\u00e1s, que los profesionales de la Biolog\u00eda son imprescindibles en el \u00e1mbito de la sanidad y su contribuci\u00f3n est\u00e1 posibilitando que la enfermedad tenga mejores diagn\u00f3sticos y tratamientos, as\u00ed como una mejor y m\u00e1s r\u00e1pida soluci\u00f3n. El prop\u00f3sito del acto, pues, ha sido homenajear a estos profesionales por su esfuerzo y dedicaci\u00f3n en la lucha contra esta enfermedad, y por visibilizar el papel de la biolog\u00eda.<\/p>\n<p>Los reconocimos se dividieron en tres grupos: a los avances en Sanidad mediante la colaboraci\u00f3n multidisciplinar de profesionales de la Biolog\u00eda; a la labor en el \u00e1rea de las Especialidades Sanitarias; y a la vocaci\u00f3n sanitaria y su futuro en las actuaciones durante la pandemia COVID-19, que es en donde se ha destacado espec\u00edficamente la labor de Lorenzo Morales.\u00a0Del director del instituto de la Universidad de La Laguna se explica, concretamente, que puso en marcha el programa de cribado en la instituci\u00f3n acad\u00e9mica junto con el equipo que dirige. Para ello desarroll\u00f3 uno de los primeros cribados realizados en Espa\u00f1a a partir de muestras de saliva, poniendo a punto esta metodolog\u00eda. Tambi\u00e9n se han perfeccionado t\u00e9cnicas espec\u00edficas para la detecci\u00f3n de variantes de SARS-COv2, que se han puesto a disposici\u00f3n de las autoridades sanitarias.<\/p>\n<p>Desde el inicio de la pandemia en febrero de 2020 hasta la actualidad, el instituto tambi\u00e9n presta apoyo diagn\u00f3stico al Servicio Canario de Salud para detecci\u00f3n de la Covid-19. Lorenzo consigui\u00f3 que el centro que dirige fuera acreditado como centro de diagn\u00f3stico de esta aptolog\u00eda por el Instituto de Salud Carlos III y autorizado por el Gobierno de Canarias para el mismo fin. Adem\u00e1s, ha participado en jornadas, programas de radio y televisi\u00f3n, en Cursos de Vigilancia Epidemiol\u00f3gica y en docencia y formaci\u00f3n de buenas pr\u00e1cticas sanitarias para fomentar espacios seguros libres de coronavirus, como es el caso del destino tur\u00edstico de Adeje.<\/p>\n<p>Las restantes personas galardonas han sido Miren Basaras, profesora de microbiolog\u00eda de la Universidad del Pa\u00eds Vasco; Jes\u00fas Garc\u00eda Cantalejo, t\u00e9cnico e investigador de la Universidad Complutense de Madrid; Andr\u00e9s Ant\u00f3n Pagarol\u00e1s, especialista en Microbiolog\u00eda y Parasitolog\u00eda del Hospital de la Vall de Hebr\u00f3n; y Silvia Romero Chala, genetista molecular en el Laboratorio de Inmunolog\u00eda y Gen\u00e9tica Molecular del Hospital San Pedro de Alc\u00e1ntara de C\u00e1ceres.<\/p>\n<p>M\u00e1s informaci\u00f3n sobre todas las personas galardonas en la <a href=\"https:\/\/cgcob.es\/wp-content\/uploads\/2021\/11\/RS-137-21-CG-2021-11-29-RESUMEN-del-ACTO-DE-RECONOCIMIENTO-A-LA-BIOLOGIA-DURANTE-LA-COVID-1.pdf\" target=\"_blank\" rel=\"noopener\" target=\"_blank\" rel=\"noopener\">web de la entidad convocante<\/a>.<\/p>\n","protected":false},"excerpt":{"rendered":"<p>La Conferencia Espa\u00f1ola de Decanos de Biolog\u00eda y el Consejo General de Colegios Oficiales de Bi\u00f3logos entreg\u00f3 el pasado viernes&#8230;<\/p>\n","protected":false},"author":21,"featured_media":59844,"comment_status":"closed","ping_status":"closed","sticky":false,"template":"","format":"standard","meta":{"inline_featured_image":false,"footnotes":""},"categories":[345,4132,350,2765],"tags":[8042,8018,6412,7711,4860,2142,7823],"acf":[],"yoast_head":"<!-- This site is optimized with the Yoast SEO plugin v21.3 - https:\/\/yoast.com\/wordpress\/plugins\/seo\/ -->\n<title>Jacob Lorenzo recoge el reconocimiento de los colegios de Bi\u00f3logos<\/title>\n<meta name=\"description\" content=\"El director del Instituto de Enfermedades Tropicales y Salud P\u00fablica de Canarias ve as\u00ed reconocido el cribado en la ULL durante la pandemia.\" \/>\n<meta name=\"robots\" content=\"index, follow, max-snippet:-1, max-image-preview:large, max-video-preview:-1\" \/>\n<link rel=\"canonical\" href=\"https:\/\/www.ull.es\/portal\/noticias\/2021\/jacob-lorenzo-recoge-reconocimiento-colegios-biologos\/\" \/>\n<meta property=\"og:locale\" content=\"es_ES\" \/>\n<meta property=\"og:type\" content=\"article\" \/>\n<meta property=\"og:title\" content=\"Jacob Lorenzo recoge el reconocimiento de los colegios de Bi\u00f3logos\" \/>\n<meta property=\"og:description\" content=\"El director del Instituto de Enfermedades Tropicales y Salud P\u00fablica de Canarias ve as\u00ed reconocido el cribado en la ULL durante la pandemia.\" \/>\n<meta property=\"og:url\" content=\"https:\/\/www.ull.es\/portal\/noticias\/2021\/jacob-lorenzo-recoge-reconocimiento-colegios-biologos\/\" \/>\n<meta property=\"og:site_name\" content=\"ULL - Noticias\" \/>\n<meta property=\"article:publisher\" content=\"https:\/\/www.facebook.com\/universidaddelalaguna\/\" \/>\n<meta property=\"article:published_time\" content=\"2021-11-29T11:42:29+00:00\" \/>\n<meta property=\"article:modified_time\" content=\"2021-11-29T11:58:32+00:00\" \/>\n<meta property=\"og:image\" content=\"https:\/\/www.ull.es\/portal\/noticias\/wp-content\/uploads\/sites\/13\/2021\/11\/entrega-galargon-colegios-biologos.jpg\" \/>\n\t<meta property=\"og:image:width\" content=\"1024\" \/>\n\t<meta property=\"og:image:height\" content=\"683\" \/>\n\t<meta property=\"og:image:type\" content=\"image\/jpeg\" \/>\n<meta name=\"author\" content=\"prensa2\" \/>\n<meta name=\"twitter:card\" content=\"summary_large_image\" \/>\n<meta name=\"twitter:creator\" content=\"@CanalULL\" \/>\n<meta name=\"twitter:site\" content=\"@CanalULL\" \/>\n<meta name=\"twitter:label1\" content=\"Escrito por\" \/>\n\t<meta name=\"twitter:data1\" content=\"prensa2\" \/>\n\t<meta name=\"twitter:label2\" content=\"Tiempo de lectura\" \/>\n\t<meta name=\"twitter:data2\" content=\"3 minutos\" \/>\n<script type=\"application\/ld+json\" class=\"yoast-schema-graph\">{\"@context\":\"https:\/\/schema.org\",\"@graph\":[{\"@type\":\"WebPage\",\"@id\":\"https:\/\/www.ull.es\/portal\/noticias\/2021\/jacob-lorenzo-recoge-reconocimiento-colegios-biologos\/\",\"url\":\"https:\/\/www.ull.es\/portal\/noticias\/2021\/jacob-lorenzo-recoge-reconocimiento-colegios-biologos\/\",\"name\":\"Jacob Lorenzo recoge el reconocimiento de los colegios de Bi\u00f3logos\",\"isPartOf\":{\"@id\":\"https:\/\/www.ull.es\/portal\/noticias\/#website\"},\"datePublished\":\"2021-11-29T11:42:29+00:00\",\"dateModified\":\"2021-11-29T11:58:32+00:00\",\"author\":{\"@id\":\"https:\/\/www.ull.es\/portal\/noticias\/#\/schema\/person\/c3b2aa857797592927a03740d6664376\"},\"description\":\"El director del Instituto de Enfermedades Tropicales y Salud P\u00fablica de Canarias ve as\u00ed reconocido el cribado en la ULL durante la pandemia.\",\"breadcrumb\":{\"@id\":\"https:\/\/www.ull.es\/portal\/noticias\/2021\/jacob-lorenzo-recoge-reconocimiento-colegios-biologos\/#breadcrumb\"},\"inLanguage\":\"es\",\"potentialAction\":[{\"@type\":\"ReadAction\",\"target\":[\"https:\/\/www.ull.es\/portal\/noticias\/2021\/jacob-lorenzo-recoge-reconocimiento-colegios-biologos\/\"]}]},{\"@type\":\"BreadcrumbList\",\"@id\":\"https:\/\/www.ull.es\/portal\/noticias\/2021\/jacob-lorenzo-recoge-reconocimiento-colegios-biologos\/#breadcrumb\",\"itemListElement\":[{\"@type\":\"ListItem\",\"position\":1,\"name\":\"Portada\",\"item\":\"https:\/\/www.ull.es\/portal\/noticias\/\"},{\"@type\":\"ListItem\",\"position\":2,\"name\":\"El investigador de la ULL Jacob Lorenzo recogi\u00f3 el reconocimiento de los Colegios de Bi\u00f3logos por su labor durante la pandemia\"}]},{\"@type\":\"WebSite\",\"@id\":\"https:\/\/www.ull.es\/portal\/noticias\/#website\",\"url\":\"https:\/\/www.ull.es\/portal\/noticias\/\",\"name\":\"ULL - Noticias\",\"description\":\"\",\"potentialAction\":[{\"@type\":\"SearchAction\",\"target\":{\"@type\":\"EntryPoint\",\"urlTemplate\":\"https:\/\/www.ull.es\/portal\/noticias\/?s={search_term_string}\"},\"query-input\":\"required name=search_term_string\"}],\"inLanguage\":\"es\"},{\"@type\":\"Person\",\"@id\":\"https:\/\/www.ull.es\/portal\/noticias\/#\/schema\/person\/c3b2aa857797592927a03740d6664376\",\"name\":\"prensa2\",\"image\":{\"@type\":\"ImageObject\",\"inLanguage\":\"es\",\"@id\":\"https:\/\/www.ull.es\/portal\/noticias\/#\/schema\/person\/image\/\",\"url\":\"https:\/\/secure.gravatar.com\/avatar\/b58f310a5de5feb33d1e026d2493f23c?s=96&d=mm&r=g\",\"contentUrl\":\"https:\/\/secure.gravatar.com\/avatar\/b58f310a5de5feb33d1e026d2493f23c?s=96&d=mm&r=g\",\"caption\":\"prensa2\"},\"url\":\"https:\/\/www.ull.es\/portal\/noticias\/author\/prensa2\/\"}]}<\/script>\n<!-- \/ Yoast SEO plugin. -->","yoast_head_json":{"title":"Jacob Lorenzo recoge el reconocimiento de los colegios de Bi\u00f3logos","description":"El director del Instituto de Enfermedades Tropicales y Salud P\u00fablica de Canarias ve as\u00ed reconocido el cribado en la ULL durante la pandemia.","robots":{"index":"index","follow":"follow","max-snippet":"max-snippet:-1","max-image-preview":"max-image-preview:large","max-video-preview":"max-video-preview:-1"},"canonical":"https:\/\/www.ull.es\/portal\/noticias\/2021\/jacob-lorenzo-recoge-reconocimiento-colegios-biologos\/","og_locale":"es_ES","og_type":"article","og_title":"Jacob Lorenzo recoge el reconocimiento de los colegios de Bi\u00f3logos","og_description":"El director del Instituto de Enfermedades Tropicales y Salud P\u00fablica de Canarias ve as\u00ed reconocido el cribado en la ULL durante la pandemia.","og_url":"https:\/\/www.ull.es\/portal\/noticias\/2021\/jacob-lorenzo-recoge-reconocimiento-colegios-biologos\/","og_site_name":"ULL - Noticias","article_publisher":"https:\/\/www.facebook.com\/universidaddelalaguna\/","article_published_time":"2021-11-29T11:42:29+00:00","article_modified_time":"2021-11-29T11:58:32+00:00","og_image":[{"width":1024,"height":683,"url":"https:\/\/www.ull.es\/portal\/noticias\/wp-content\/uploads\/sites\/13\/2021\/11\/entrega-galargon-colegios-biologos.jpg","type":"image\/jpeg"}],"author":"prensa2","twitter_card":"summary_large_image","twitter_creator":"@CanalULL","twitter_site":"@CanalULL","twitter_misc":{"Escrito por":"prensa2","Tiempo de lectura":"3 minutos"},"schema":{"@context":"https:\/\/schema.org","@graph":[{"@type":"WebPage","@id":"https:\/\/www.ull.es\/portal\/noticias\/2021\/jacob-lorenzo-recoge-reconocimiento-colegios-biologos\/","url":"https:\/\/www.ull.es\/portal\/noticias\/2021\/jacob-lorenzo-recoge-reconocimiento-colegios-biologos\/","name":"Jacob Lorenzo recoge el reconocimiento de los colegios de Bi\u00f3logos","isPartOf":{"@id":"https:\/\/www.ull.es\/portal\/noticias\/#website"},"datePublished":"2021-11-29T11:42:29+00:00","dateModified":"2021-11-29T11:58:32+00:00","author":{"@id":"https:\/\/www.ull.es\/portal\/noticias\/#\/schema\/person\/c3b2aa857797592927a03740d6664376"},"description":"El director del Instituto de Enfermedades Tropicales y Salud P\u00fablica de Canarias ve as\u00ed reconocido el cribado en la ULL durante la pandemia.","breadcrumb":{"@id":"https:\/\/www.ull.es\/portal\/noticias\/2021\/jacob-lorenzo-recoge-reconocimiento-colegios-biologos\/#breadcrumb"},"inLanguage":"es","potentialAction":[{"@type":"ReadAction","target":["https:\/\/www.ull.es\/portal\/noticias\/2021\/jacob-lorenzo-recoge-reconocimiento-colegios-biologos\/"]}]},{"@type":"BreadcrumbList","@id":"https:\/\/www.ull.es\/portal\/noticias\/2021\/jacob-lorenzo-recoge-reconocimiento-colegios-biologos\/#breadcrumb","itemListElement":[{"@type":"ListItem","position":1,"name":"Portada","item":"https:\/\/www.ull.es\/portal\/noticias\/"},{"@type":"ListItem","position":2,"name":"El investigador de la ULL Jacob Lorenzo recogi\u00f3 el reconocimiento de los Colegios de Bi\u00f3logos por su labor durante la pandemia"}]},{"@type":"WebSite","@id":"https:\/\/www.ull.es\/portal\/noticias\/#website","url":"https:\/\/www.ull.es\/portal\/noticias\/","name":"ULL - Noticias","description":"","potentialAction":[{"@type":"SearchAction","target":{"@type":"EntryPoint","urlTemplate":"https:\/\/www.ull.es\/portal\/noticias\/?s={search_term_string}"},"query-input":"required name=search_term_string"}],"inLanguage":"es"},{"@type":"Person","@id":"https:\/\/www.ull.es\/portal\/noticias\/#\/schema\/person\/c3b2aa857797592927a03740d6664376","name":"prensa2","image":{"@type":"ImageObject","inLanguage":"es","@id":"https:\/\/www.ull.es\/portal\/noticias\/#\/schema\/person\/image\/","url":"https:\/\/secure.gravatar.com\/avatar\/b58f310a5de5feb33d1e026d2493f23c?s=96&d=mm&r=g","contentUrl":"https:\/\/secure.gravatar.com\/avatar\/b58f310a5de5feb33d1e026d2493f23c?s=96&d=mm&r=g","caption":"prensa2"},"url":"https:\/\/www.ull.es\/portal\/noticias\/author\/prensa2\/"}]}},"primary_category":{"id":350,"name":"Investigaci\u00f3n","slug":"investigacion","link":"https:\/\/www.ull.es\/portal\/noticias\/category\/investigacion\/"},"featured_image_thumbnail_url":"https:\/\/www.ull.es\/portal\/noticias\/wp-content\/uploads\/sites\/13\/2021\/11\/entrega-galargon-colegios-biologos-300x200.jpg","_links":{"self":[{"href":"https:\/\/www.ull.es\/portal\/noticias\/wp-json\/wp\/v2\/posts\/59842"}],"collection":[{"href":"https:\/\/www.ull.es\/portal\/noticias\/wp-json\/wp\/v2\/posts"}],"about":[{"href":"https:\/\/www.ull.es\/portal\/noticias\/wp-json\/wp\/v2\/types\/post"}],"author":[{"embeddable":true,"href":"https:\/\/www.ull.es\/portal\/noticias\/wp-json\/wp\/v2\/users\/21"}],"replies":[{"embeddable":true,"href":"https:\/\/www.ull.es\/portal\/noticias\/wp-json\/wp\/v2\/comments?post=59842"}],"version-history":[{"count":7,"href":"https:\/\/www.ull.es\/portal\/noticias\/wp-json\/wp\/v2\/posts\/59842\/revisions"}],"predecessor-version":[{"id":59851,"href":"https:\/\/www.ull.es\/portal\/noticias\/wp-json\/wp\/v2\/posts\/59842\/revisions\/59851"}],"wp:featuredmedia":[{"embeddable":true,"href":"https:\/\/www.ull.es\/portal\/noticias\/wp-json\/wp\/v2\/media\/59844"}],"wp:attachment":[{"href":"https:\/\/www.ull.es\/portal\/noticias\/wp-json\/wp\/v2\/media?parent=59842"}],"wp:term":[{"taxonomy":"category","embeddable":true,"href":"https:\/\/www.ull.es\/portal\/noticias\/wp-json\/wp\/v2\/categories?post=59842"},{"taxonomy":"post_tag","embeddable":true,"href":"https:\/\/www.ull.es\/portal\/noticias\/wp-json\/wp\/v2\/tags?post=59842"}],"curies":[{"name":"wp","href":"https:\/\/api.w.org\/{rel}","templated":true}]}}