{"id":59994,"date":"2021-12-03T10:20:15","date_gmt":"2021-12-03T10:20:15","guid":{"rendered":"https:\/\/www.ull.es\/portal\/noticias\/?p=59994"},"modified":"2022-01-20T09:56:54","modified_gmt":"2022-01-20T09:56:54","slug":"presentados-35-proyectos-de-aprendizaje-servicio-para-dar-respuesta-a-los-retos-de-la-agenda-2030","status":"publish","type":"post","link":"https:\/\/www.ull.es\/portal\/noticias\/2021\/presentados-35-proyectos-de-aprendizaje-servicio-para-dar-respuesta-a-los-retos-de-la-agenda-2030\/","title":{"rendered":"Presentados 35 proyectos de aprendizaje-servicio para dar respuesta a los retos de la Agenda 2030"},"content":{"rendered":"<p>El curso \u201cC\u00f3mo iniciar un proyecto de Aprendizaje-Servicio\u201d, celebrado recientemente de manera telem\u00e1tica, ha servido como marco para presentar 35 propuestas de proyectos dise\u00f1ados para que el alumnado de distintos niveles educativos pueda aprender al tiempo que trata de dar respuesta a alguna necesidad social. Estas iniciativas, concebidas para desarrollarse tanto en el contexto de asignaturas como de trabajos de fin de grado o m\u00e1ster, fueron presentadas por el alumnado del curso, formado por m\u00e1s de cincuenta docentes de la Universidad de La Laguna, profesorado de ense\u00f1anza secundaria y primaria y tambi\u00e9n t\u00e9cnicos de entidades sociales y administraciones p\u00fablicas de Tenerife.<\/p>\n<p>\u201cDivers@s\u201d, \u201cUno m\u00e1s uno cero\u201d, \u201cDi\u00e1logos contra el olvido\u201d, \u201cCu\u00e9ntame un cuento\u201d, \u201cMejor contigo\u201d y \u201cSonrisas senior\u201d son algunos de los t\u00edtulos de los proyectos presentados, en los que el alumnado aprende al tiempo que trata de dar soluciones a problem\u00e1ticas reales relacionada con exclusi\u00f3n social, trastornos del espectro del autismo (TEA), recuperaci\u00f3n del patrimonio cultural, necesidades hospitalarias, obesidad o reducci\u00f3n de las desigualdades, entre otras.<\/p>\n<p>Cada proyecto aborda varios de los Objetivos de Desarrollo Sostenible, poniendo de manifiesto que el aprendizaje-servicio es una de las herramientas con mayor potencial para dar respuestas a los retos de la Agenda 2030 desde el sistema educativo.\u00a0El webinar ha permitido establecer sinergias entre los proyectos de docentes de distintos niveles educativos y las diferentes entidades sociales o administraciones, identific\u00e1ndose potenciales alianzas entre proyectos que se presentaron de manera independiente. Este es el caso de varios proyectos que pretenden abordar necesidades de colectivos con TEA por medio de la literatura y de otros proyectos que tienen por objeto rescatar y poner en valor el patrimonio cultural e hist\u00f3rico en la ciudad de San Crist\u00f3bal de La Laguna.<\/p>\n<p>Entre el alumnado del curso estuvo Rosa Hern\u00e1ndez, docente de ense\u00f1anza secundaria que acaba de recibir el Premio Nacional en Inmigraci\u00f3n y Convivencia dentro de los Premios Aprendizaje-Servicio 2021 de la Fundaci\u00f3n Edeb\u00e9 y Red Espa\u00f1ola de Aprendizaje-Servicio, por el proyecto &#8216;<a href=\"https:\/\/www.europapress.es\/islas-canarias\/noticia-proyecto-enraizando-ies-mencey-bencomo-realejos-premio-nacional-inmigracion-convivencia-20211112161756.html\" target=\"_blank\" rel=\"noopener\">Enraizando. Todxs somos migrantes<\/a>&#8216;, distinci\u00f3n que viene avalada por el Ministerio de Educaci\u00f3n y Formaci\u00f3n Profesional.<\/p>\n<p>El curso ha formado parte del Programa de Aprendizaje Servicio Universidad de La Laguna-Cabildo de Tenerife que coordina Francisco Javier Amador, profesor del Departamento de Econom\u00eda Contabilidad y Finanzas de la instituci\u00f3n acad\u00e9mica, y contempla como pr\u00f3xima actividad un encuentro con el profesorado de la universidad que ya participa en proyectos de aprendizaje-servicio o le gustar\u00eda hacerlo en el futuro.<\/p>\n","protected":false},"excerpt":{"rendered":"<p>El curso \u201cC\u00f3mo iniciar un proyecto de Aprendizaje-Servicio\u201d, celebrado recientemente de manera telem\u00e1tica, ha servido como marco para presentar 35&#8230;<\/p>\n","protected":false},"author":23,"featured_media":60001,"comment_status":"closed","ping_status":"closed","sticky":false,"template":"","format":"standard","meta":{"inline_featured_image":false,"footnotes":""},"categories":[8225,348,2765,1],"tags":[3693,3421],"acf":[],"yoast_head":"<!-- This site is optimized with the Yoast SEO plugin v21.3 - https:\/\/yoast.com\/wordpress\/plugins\/seo\/ -->\n<title>Presentados 35 proyectos de aprendizaje-servicio para dar respuesta a los retos de la Agenda 2030 - ULL - Noticias<\/title>\n<meta name=\"robots\" content=\"index, follow, max-snippet:-1, max-image-preview:large, max-video-preview:-1\" \/>\n<link rel=\"canonical\" href=\"https:\/\/www.ull.es\/portal\/noticias\/2021\/presentados-35-proyectos-de-aprendizaje-servicio-para-dar-respuesta-a-los-retos-de-la-agenda-2030\/\" \/>\n<meta property=\"og:locale\" content=\"es_ES\" \/>\n<meta property=\"og:type\" content=\"article\" \/>\n<meta property=\"og:title\" content=\"Presentados 35 proyectos de aprendizaje-servicio para dar respuesta a los retos de la Agenda 2030 - ULL - Noticias\" \/>\n<meta property=\"og:description\" content=\"El curso \u201cC\u00f3mo iniciar un proyecto de Aprendizaje-Servicio\u201d, celebrado recientemente de manera telem\u00e1tica, ha servido como marco para presentar 35...\" \/>\n<meta property=\"og:url\" content=\"https:\/\/www.ull.es\/portal\/noticias\/2021\/presentados-35-proyectos-de-aprendizaje-servicio-para-dar-respuesta-a-los-retos-de-la-agenda-2030\/\" \/>\n<meta property=\"og:site_name\" content=\"ULL - Noticias\" \/>\n<meta property=\"article:publisher\" content=\"https:\/\/www.facebook.com\/universidaddelalaguna\/\" \/>\n<meta property=\"article:published_time\" content=\"2021-12-03T10:20:15+00:00\" \/>\n<meta property=\"article:modified_time\" content=\"2022-01-20T09:56:54+00:00\" \/>\n<meta property=\"og:image\" content=\"https:\/\/www.ull.es\/portal\/noticias\/wp-content\/uploads\/sites\/13\/2021\/12\/foto-noticia-2.jpg\" \/>\n\t<meta property=\"og:image:width\" content=\"1200\" \/>\n\t<meta property=\"og:image:height\" content=\"800\" \/>\n\t<meta property=\"og:image:type\" content=\"image\/jpeg\" \/>\n<meta name=\"author\" content=\"gaprsa\" \/>\n<meta name=\"twitter:card\" content=\"summary_large_image\" \/>\n<meta name=\"twitter:creator\" content=\"@CanalULL\" \/>\n<meta name=\"twitter:site\" content=\"@CanalULL\" \/>\n<meta name=\"twitter:label1\" content=\"Escrito por\" \/>\n\t<meta name=\"twitter:data1\" content=\"gaprsa\" \/>\n\t<meta name=\"twitter:label2\" content=\"Tiempo de lectura\" \/>\n\t<meta name=\"twitter:data2\" content=\"2 minutos\" \/>\n<script type=\"application\/ld+json\" class=\"yoast-schema-graph\">{\"@context\":\"https:\/\/schema.org\",\"@graph\":[{\"@type\":\"WebPage\",\"@id\":\"https:\/\/www.ull.es\/portal\/noticias\/2021\/presentados-35-proyectos-de-aprendizaje-servicio-para-dar-respuesta-a-los-retos-de-la-agenda-2030\/\",\"url\":\"https:\/\/www.ull.es\/portal\/noticias\/2021\/presentados-35-proyectos-de-aprendizaje-servicio-para-dar-respuesta-a-los-retos-de-la-agenda-2030\/\",\"name\":\"Presentados 35 proyectos de aprendizaje-servicio para dar respuesta a los retos de la Agenda 2030 - ULL - Noticias\",\"isPartOf\":{\"@id\":\"https:\/\/www.ull.es\/portal\/noticias\/#website\"},\"datePublished\":\"2021-12-03T10:20:15+00:00\",\"dateModified\":\"2022-01-20T09:56:54+00:00\",\"author\":{\"@id\":\"https:\/\/www.ull.es\/portal\/noticias\/#\/schema\/person\/b2b1a89d43ffa609e591f7df8ef3e817\"},\"breadcrumb\":{\"@id\":\"https:\/\/www.ull.es\/portal\/noticias\/2021\/presentados-35-proyectos-de-aprendizaje-servicio-para-dar-respuesta-a-los-retos-de-la-agenda-2030\/#breadcrumb\"},\"inLanguage\":\"es\",\"potentialAction\":[{\"@type\":\"ReadAction\",\"target\":[\"https:\/\/www.ull.es\/portal\/noticias\/2021\/presentados-35-proyectos-de-aprendizaje-servicio-para-dar-respuesta-a-los-retos-de-la-agenda-2030\/\"]}]},{\"@type\":\"BreadcrumbList\",\"@id\":\"https:\/\/www.ull.es\/portal\/noticias\/2021\/presentados-35-proyectos-de-aprendizaje-servicio-para-dar-respuesta-a-los-retos-de-la-agenda-2030\/#breadcrumb\",\"itemListElement\":[{\"@type\":\"ListItem\",\"position\":1,\"name\":\"Portada\",\"item\":\"https:\/\/www.ull.es\/portal\/noticias\/\"},{\"@type\":\"ListItem\",\"position\":2,\"name\":\"Presentados 35 proyectos de aprendizaje-servicio para dar respuesta a los retos de la Agenda 2030\"}]},{\"@type\":\"WebSite\",\"@id\":\"https:\/\/www.ull.es\/portal\/noticias\/#website\",\"url\":\"https:\/\/www.ull.es\/portal\/noticias\/\",\"name\":\"ULL - Noticias\",\"description\":\"\",\"potentialAction\":[{\"@type\":\"SearchAction\",\"target\":{\"@type\":\"EntryPoint\",\"urlTemplate\":\"https:\/\/www.ull.es\/portal\/noticias\/?s={search_term_string}\"},\"query-input\":\"required name=search_term_string\"}],\"inLanguage\":\"es\"},{\"@type\":\"Person\",\"@id\":\"https:\/\/www.ull.es\/portal\/noticias\/#\/schema\/person\/b2b1a89d43ffa609e591f7df8ef3e817\",\"name\":\"gaprsa\",\"image\":{\"@type\":\"ImageObject\",\"inLanguage\":\"es\",\"@id\":\"https:\/\/www.ull.es\/portal\/noticias\/#\/schema\/person\/image\/\",\"url\":\"https:\/\/secure.gravatar.com\/avatar\/443820550921091458b4823867723b3d?s=96&d=mm&r=g\",\"contentUrl\":\"https:\/\/secure.gravatar.com\/avatar\/443820550921091458b4823867723b3d?s=96&d=mm&r=g\",\"caption\":\"gaprsa\"},\"url\":\"https:\/\/www.ull.es\/portal\/noticias\/author\/gaprsa\/\"}]}<\/script>\n<!-- \/ Yoast SEO plugin. -->","yoast_head_json":{"title":"Presentados 35 proyectos de aprendizaje-servicio para dar respuesta a los retos de la Agenda 2030 - ULL - Noticias","robots":{"index":"index","follow":"follow","max-snippet":"max-snippet:-1","max-image-preview":"max-image-preview:large","max-video-preview":"max-video-preview:-1"},"canonical":"https:\/\/www.ull.es\/portal\/noticias\/2021\/presentados-35-proyectos-de-aprendizaje-servicio-para-dar-respuesta-a-los-retos-de-la-agenda-2030\/","og_locale":"es_ES","og_type":"article","og_title":"Presentados 35 proyectos de aprendizaje-servicio para dar respuesta a los retos de la Agenda 2030 - ULL - Noticias","og_description":"El curso \u201cC\u00f3mo iniciar un proyecto de Aprendizaje-Servicio\u201d, celebrado recientemente de manera telem\u00e1tica, ha servido como marco para presentar 35...","og_url":"https:\/\/www.ull.es\/portal\/noticias\/2021\/presentados-35-proyectos-de-aprendizaje-servicio-para-dar-respuesta-a-los-retos-de-la-agenda-2030\/","og_site_name":"ULL - Noticias","article_publisher":"https:\/\/www.facebook.com\/universidaddelalaguna\/","article_published_time":"2021-12-03T10:20:15+00:00","article_modified_time":"2022-01-20T09:56:54+00:00","og_image":[{"width":1200,"height":800,"url":"https:\/\/www.ull.es\/portal\/noticias\/wp-content\/uploads\/sites\/13\/2021\/12\/foto-noticia-2.jpg","type":"image\/jpeg"}],"author":"gaprsa","twitter_card":"summary_large_image","twitter_creator":"@CanalULL","twitter_site":"@CanalULL","twitter_misc":{"Escrito por":"gaprsa","Tiempo de lectura":"2 minutos"},"schema":{"@context":"https:\/\/schema.org","@graph":[{"@type":"WebPage","@id":"https:\/\/www.ull.es\/portal\/noticias\/2021\/presentados-35-proyectos-de-aprendizaje-servicio-para-dar-respuesta-a-los-retos-de-la-agenda-2030\/","url":"https:\/\/www.ull.es\/portal\/noticias\/2021\/presentados-35-proyectos-de-aprendizaje-servicio-para-dar-respuesta-a-los-retos-de-la-agenda-2030\/","name":"Presentados 35 proyectos de aprendizaje-servicio para dar respuesta a los retos de la Agenda 2030 - ULL - Noticias","isPartOf":{"@id":"https:\/\/www.ull.es\/portal\/noticias\/#website"},"datePublished":"2021-12-03T10:20:15+00:00","dateModified":"2022-01-20T09:56:54+00:00","author":{"@id":"https:\/\/www.ull.es\/portal\/noticias\/#\/schema\/person\/b2b1a89d43ffa609e591f7df8ef3e817"},"breadcrumb":{"@id":"https:\/\/www.ull.es\/portal\/noticias\/2021\/presentados-35-proyectos-de-aprendizaje-servicio-para-dar-respuesta-a-los-retos-de-la-agenda-2030\/#breadcrumb"},"inLanguage":"es","potentialAction":[{"@type":"ReadAction","target":["https:\/\/www.ull.es\/portal\/noticias\/2021\/presentados-35-proyectos-de-aprendizaje-servicio-para-dar-respuesta-a-los-retos-de-la-agenda-2030\/"]}]},{"@type":"BreadcrumbList","@id":"https:\/\/www.ull.es\/portal\/noticias\/2021\/presentados-35-proyectos-de-aprendizaje-servicio-para-dar-respuesta-a-los-retos-de-la-agenda-2030\/#breadcrumb","itemListElement":[{"@type":"ListItem","position":1,"name":"Portada","item":"https:\/\/www.ull.es\/portal\/noticias\/"},{"@type":"ListItem","position":2,"name":"Presentados 35 proyectos de aprendizaje-servicio para dar respuesta a los retos de la Agenda 2030"}]},{"@type":"WebSite","@id":"https:\/\/www.ull.es\/portal\/noticias\/#website","url":"https:\/\/www.ull.es\/portal\/noticias\/","name":"ULL - Noticias","description":"","potentialAction":[{"@type":"SearchAction","target":{"@type":"EntryPoint","urlTemplate":"https:\/\/www.ull.es\/portal\/noticias\/?s={search_term_string}"},"query-input":"required name=search_term_string"}],"inLanguage":"es"},{"@type":"Person","@id":"https:\/\/www.ull.es\/portal\/noticias\/#\/schema\/person\/b2b1a89d43ffa609e591f7df8ef3e817","name":"gaprsa","image":{"@type":"ImageObject","inLanguage":"es","@id":"https:\/\/www.ull.es\/portal\/noticias\/#\/schema\/person\/image\/","url":"https:\/\/secure.gravatar.com\/avatar\/443820550921091458b4823867723b3d?s=96&d=mm&r=g","contentUrl":"https:\/\/secure.gravatar.com\/avatar\/443820550921091458b4823867723b3d?s=96&d=mm&r=g","caption":"gaprsa"},"url":"https:\/\/www.ull.es\/portal\/noticias\/author\/gaprsa\/"}]}},"primary_category":{"id":1,"name":"ULL","slug":"ull","link":"https:\/\/www.ull.es\/portal\/noticias\/category\/ull\/"},"featured_image_thumbnail_url":"https:\/\/www.ull.es\/portal\/noticias\/wp-content\/uploads\/sites\/13\/2021\/12\/foto-noticia-2-300x200.jpg","_links":{"self":[{"href":"https:\/\/www.ull.es\/portal\/noticias\/wp-json\/wp\/v2\/posts\/59994"}],"collection":[{"href":"https:\/\/www.ull.es\/portal\/noticias\/wp-json\/wp\/v2\/posts"}],"about":[{"href":"https:\/\/www.ull.es\/portal\/noticias\/wp-json\/wp\/v2\/types\/post"}],"author":[{"embeddable":true,"href":"https:\/\/www.ull.es\/portal\/noticias\/wp-json\/wp\/v2\/users\/23"}],"replies":[{"embeddable":true,"href":"https:\/\/www.ull.es\/portal\/noticias\/wp-json\/wp\/v2\/comments?post=59994"}],"version-history":[{"count":2,"href":"https:\/\/www.ull.es\/portal\/noticias\/wp-json\/wp\/v2\/posts\/59994\/revisions"}],"predecessor-version":[{"id":60002,"href":"https:\/\/www.ull.es\/portal\/noticias\/wp-json\/wp\/v2\/posts\/59994\/revisions\/60002"}],"wp:featuredmedia":[{"embeddable":true,"href":"https:\/\/www.ull.es\/portal\/noticias\/wp-json\/wp\/v2\/media\/60001"}],"wp:attachment":[{"href":"https:\/\/www.ull.es\/portal\/noticias\/wp-json\/wp\/v2\/media?parent=59994"}],"wp:term":[{"taxonomy":"category","embeddable":true,"href":"https:\/\/www.ull.es\/portal\/noticias\/wp-json\/wp\/v2\/categories?post=59994"},{"taxonomy":"post_tag","embeddable":true,"href":"https:\/\/www.ull.es\/portal\/noticias\/wp-json\/wp\/v2\/tags?post=59994"}],"curies":[{"name":"wp","href":"https:\/\/api.w.org\/{rel}","templated":true}]}}