{"id":60075,"date":"2021-12-09T13:57:12","date_gmt":"2021-12-09T13:57:12","guid":{"rendered":"https:\/\/www.ull.es\/portal\/noticias\/?p=60075"},"modified":"2021-12-09T14:00:09","modified_gmt":"2021-12-09T14:00:09","slug":"el-aula-cultural-de-diversidad-lgtbiq-de-la-ull-inicia-su-andadura-con-la-proyeccion-de-la-primavera-rosa","status":"publish","type":"post","link":"https:\/\/www.ull.es\/portal\/noticias\/2021\/el-aula-cultural-de-diversidad-lgtbiq-de-la-ull-inicia-su-andadura-con-la-proyeccion-de-la-primavera-rosa\/","title":{"rendered":"El Aula Cultural de Diversidad LGTBIQ+ de la ULL inicia su andadura con la proyecci\u00f3n de \u201cLa Primavera Rosa\u201d"},"content":{"rendered":"<p>La recientemente creada <a href=\"https:\/\/www.ull.es\/portal\/aulasycatedrasculturales\/aula-cultural-de-diversidad-lgtbiq\/\" target=\"_blank\" rel=\"noopener\">Aula Cultural de Diversidad LGTBIQ+<\/a> de la Universidad de La Laguna iniciar\u00e1 su andadura ma\u00f1ana, viernes 10 de diciembre a las 17:00 horas, con una jornada que se celebrar\u00e1 en el Sal\u00f3n de Actos del m\u00f3dulo A de la <a href=\"https:\/\/www.ull.es\/centros\/facultad-educacion\/\" target=\"_blank\" rel=\"noopener\">Facultad de Educaci\u00f3n<\/a> y cuenta con la colaboraci\u00f3n de la Cinemateca de la Fundaci\u00f3n Pedro Zerolo. Durante la actividad, el equipo directivo de la entidad organizadora realizar\u00e1 un avance de la programaci\u00f3n de actividades prevista para 2022 y, a continuaci\u00f3n, se proyectar\u00e1 el documental \u201c<a href=\"http:\/\/www.laprimaverarosa.com\/\" target=\"_blank\" rel=\"noopener\">La Primavera Rosa<\/a>\u201d, dirigido por Mario de la Torre Espinosa, que ser\u00e1 presentado por la vicepresidenta de la <a href=\"https:\/\/fundacionpedrozerolo.es\/\" target=\"_blank\" rel=\"noopener\">Fundaci\u00f3n Pedro Zerolo<\/a>, Mar\u00eda Concepci\u00f3n Gonz\u00e1lez Zerolo.<\/p>\n<p>El aula cultural cuenta con Antonio Delgado N\u00fa\u00f1ez como director y Sergio Siverio Luis como subdirector, ambos profesores del Departamento de Derecho Constitucional, Ciencia Pol\u00edtica y Filosof\u00eda del Derecho, y est\u00e1 cerrando en estos momentos su programaci\u00f3n de actividades, pero avanza que \u00e9sta se centrar\u00e1 en dos grades l\u00edneas de actuaci\u00f3n. La primera ser\u00e1 la promoci\u00f3n, difusi\u00f3n y sensibilizaci\u00f3n sobre los derechos LGTBIQ+, para lo cual se contempla la organizaci\u00f3n de conferencias, foros y otras actividades en las cuales tambi\u00e9n se podr\u00eda colaborar con otras aulas culturales de la Universidad de La Laguna.<\/p>\n<p>La segunda l\u00ednea de acci\u00f3n se focaliza en realizar una recopilaci\u00f3n de toda la investigaci\u00f3n que se haya producido en el seno de la instituci\u00f3n acad\u00e9mica sobre tem\u00e1tica LGTBIQ+, incluyendo tesis doctorales, tesinas y trabajos fin de grado y de m\u00e1ster. La idea es crear un repositorio p\u00fablico que ponga a disposici\u00f3n de la sociedad todo ese conocimiento generado por la Universidad de La Laguna en este \u00e1mbito.<\/p>\n<p>\u201cLa Primavera Rosa\u201d es una serie de cortometrajes documentales que forma parte de un proyecto internacional que, a trav\u00e9s de diversos materiales audiovisuales, refleja la realidad de los colectivos LGTBIQ+ en diferentes partes del planeta, como T\u00fanez, M\u00e9xico, Brasil, Rusia y tambi\u00e9n Espa\u00f1a. Se trata de una iniciativa ambiciosa y a largo plazo, que trata de incorporar cada a\u00f1o un nuevo reportaje sobre un nuevo pa\u00eds diferente.<\/p>\n","protected":false},"excerpt":{"rendered":"<p>La recientemente creada Aula Cultural de Diversidad LGTBIQ+ de la Universidad de La Laguna iniciar\u00e1 su andadura ma\u00f1ana, viernes 10&#8230;<\/p>\n","protected":false},"author":23,"featured_media":60077,"comment_status":"closed","ping_status":"closed","sticky":false,"template":"","format":"standard","meta":{"inline_featured_image":false,"footnotes":""},"categories":[345,348,2765],"tags":[6028,8085],"acf":[],"yoast_head":"<!-- This site is optimized with the Yoast SEO plugin v21.3 - https:\/\/yoast.com\/wordpress\/plugins\/seo\/ -->\n<title>El Aula Cultural de Diversidad LGTBIQ+ de la ULL inicia su andadura con la proyecci\u00f3n de \u201cLa Primavera Rosa\u201d - ULL - Noticias<\/title>\n<meta name=\"robots\" content=\"index, follow, max-snippet:-1, max-image-preview:large, max-video-preview:-1\" \/>\n<link rel=\"canonical\" href=\"https:\/\/www.ull.es\/portal\/noticias\/2021\/el-aula-cultural-de-diversidad-lgtbiq-de-la-ull-inicia-su-andadura-con-la-proyeccion-de-la-primavera-rosa\/\" \/>\n<meta property=\"og:locale\" content=\"es_ES\" \/>\n<meta property=\"og:type\" content=\"article\" \/>\n<meta property=\"og:title\" content=\"El Aula Cultural de Diversidad LGTBIQ+ de la ULL inicia su andadura con la proyecci\u00f3n de \u201cLa Primavera Rosa\u201d - ULL - Noticias\" \/>\n<meta property=\"og:description\" content=\"La recientemente creada Aula Cultural de Diversidad LGTBIQ+ de la Universidad de La Laguna iniciar\u00e1 su andadura ma\u00f1ana, viernes 10...\" \/>\n<meta property=\"og:url\" content=\"https:\/\/www.ull.es\/portal\/noticias\/2021\/el-aula-cultural-de-diversidad-lgtbiq-de-la-ull-inicia-su-andadura-con-la-proyeccion-de-la-primavera-rosa\/\" \/>\n<meta property=\"og:site_name\" content=\"ULL - Noticias\" \/>\n<meta property=\"article:publisher\" content=\"https:\/\/www.facebook.com\/universidaddelalaguna\/\" \/>\n<meta property=\"article:published_time\" content=\"2021-12-09T13:57:12+00:00\" \/>\n<meta property=\"article:modified_time\" content=\"2021-12-09T14:00:09+00:00\" \/>\n<meta property=\"og:image\" content=\"https:\/\/www.ull.es\/portal\/noticias\/wp-content\/uploads\/sites\/13\/2021\/12\/Aula-Cultural-de-Diversidad-LGBTIQ-evento-1.png\" \/>\n\t<meta property=\"og:image:width\" content=\"700\" \/>\n\t<meta property=\"og:image:height\" content=\"350\" \/>\n\t<meta property=\"og:image:type\" content=\"image\/png\" \/>\n<meta name=\"author\" content=\"gaprsa\" \/>\n<meta name=\"twitter:card\" content=\"summary_large_image\" \/>\n<meta name=\"twitter:creator\" content=\"@CanalULL\" \/>\n<meta name=\"twitter:site\" content=\"@CanalULL\" \/>\n<meta name=\"twitter:label1\" content=\"Escrito por\" \/>\n\t<meta name=\"twitter:data1\" content=\"gaprsa\" \/>\n\t<meta name=\"twitter:label2\" content=\"Tiempo de lectura\" \/>\n\t<meta name=\"twitter:data2\" content=\"2 minutos\" \/>\n<script type=\"application\/ld+json\" class=\"yoast-schema-graph\">{\"@context\":\"https:\/\/schema.org\",\"@graph\":[{\"@type\":\"WebPage\",\"@id\":\"https:\/\/www.ull.es\/portal\/noticias\/2021\/el-aula-cultural-de-diversidad-lgtbiq-de-la-ull-inicia-su-andadura-con-la-proyeccion-de-la-primavera-rosa\/\",\"url\":\"https:\/\/www.ull.es\/portal\/noticias\/2021\/el-aula-cultural-de-diversidad-lgtbiq-de-la-ull-inicia-su-andadura-con-la-proyeccion-de-la-primavera-rosa\/\",\"name\":\"El Aula Cultural de Diversidad LGTBIQ+ de la ULL inicia su andadura con la proyecci\u00f3n de \u201cLa Primavera Rosa\u201d - ULL - Noticias\",\"isPartOf\":{\"@id\":\"https:\/\/www.ull.es\/portal\/noticias\/#website\"},\"datePublished\":\"2021-12-09T13:57:12+00:00\",\"dateModified\":\"2021-12-09T14:00:09+00:00\",\"author\":{\"@id\":\"https:\/\/www.ull.es\/portal\/noticias\/#\/schema\/person\/b2b1a89d43ffa609e591f7df8ef3e817\"},\"breadcrumb\":{\"@id\":\"https:\/\/www.ull.es\/portal\/noticias\/2021\/el-aula-cultural-de-diversidad-lgtbiq-de-la-ull-inicia-su-andadura-con-la-proyeccion-de-la-primavera-rosa\/#breadcrumb\"},\"inLanguage\":\"es\",\"potentialAction\":[{\"@type\":\"ReadAction\",\"target\":[\"https:\/\/www.ull.es\/portal\/noticias\/2021\/el-aula-cultural-de-diversidad-lgtbiq-de-la-ull-inicia-su-andadura-con-la-proyeccion-de-la-primavera-rosa\/\"]}]},{\"@type\":\"BreadcrumbList\",\"@id\":\"https:\/\/www.ull.es\/portal\/noticias\/2021\/el-aula-cultural-de-diversidad-lgtbiq-de-la-ull-inicia-su-andadura-con-la-proyeccion-de-la-primavera-rosa\/#breadcrumb\",\"itemListElement\":[{\"@type\":\"ListItem\",\"position\":1,\"name\":\"Portada\",\"item\":\"https:\/\/www.ull.es\/portal\/noticias\/\"},{\"@type\":\"ListItem\",\"position\":2,\"name\":\"El Aula Cultural de Diversidad LGTBIQ+ de la ULL inicia su andadura con la proyecci\u00f3n de \u201cLa Primavera Rosa\u201d\"}]},{\"@type\":\"WebSite\",\"@id\":\"https:\/\/www.ull.es\/portal\/noticias\/#website\",\"url\":\"https:\/\/www.ull.es\/portal\/noticias\/\",\"name\":\"ULL - Noticias\",\"description\":\"\",\"potentialAction\":[{\"@type\":\"SearchAction\",\"target\":{\"@type\":\"EntryPoint\",\"urlTemplate\":\"https:\/\/www.ull.es\/portal\/noticias\/?s={search_term_string}\"},\"query-input\":\"required name=search_term_string\"}],\"inLanguage\":\"es\"},{\"@type\":\"Person\",\"@id\":\"https:\/\/www.ull.es\/portal\/noticias\/#\/schema\/person\/b2b1a89d43ffa609e591f7df8ef3e817\",\"name\":\"gaprsa\",\"image\":{\"@type\":\"ImageObject\",\"inLanguage\":\"es\",\"@id\":\"https:\/\/www.ull.es\/portal\/noticias\/#\/schema\/person\/image\/\",\"url\":\"https:\/\/secure.gravatar.com\/avatar\/443820550921091458b4823867723b3d?s=96&d=mm&r=g\",\"contentUrl\":\"https:\/\/secure.gravatar.com\/avatar\/443820550921091458b4823867723b3d?s=96&d=mm&r=g\",\"caption\":\"gaprsa\"},\"url\":\"https:\/\/www.ull.es\/portal\/noticias\/author\/gaprsa\/\"}]}<\/script>\n<!-- \/ Yoast SEO plugin. -->","yoast_head_json":{"title":"El Aula Cultural de Diversidad LGTBIQ+ de la ULL inicia su andadura con la proyecci\u00f3n de \u201cLa Primavera Rosa\u201d - ULL - Noticias","robots":{"index":"index","follow":"follow","max-snippet":"max-snippet:-1","max-image-preview":"max-image-preview:large","max-video-preview":"max-video-preview:-1"},"canonical":"https:\/\/www.ull.es\/portal\/noticias\/2021\/el-aula-cultural-de-diversidad-lgtbiq-de-la-ull-inicia-su-andadura-con-la-proyeccion-de-la-primavera-rosa\/","og_locale":"es_ES","og_type":"article","og_title":"El Aula Cultural de Diversidad LGTBIQ+ de la ULL inicia su andadura con la proyecci\u00f3n de \u201cLa Primavera Rosa\u201d - ULL - Noticias","og_description":"La recientemente creada Aula Cultural de Diversidad LGTBIQ+ de la Universidad de La Laguna iniciar\u00e1 su andadura ma\u00f1ana, viernes 10...","og_url":"https:\/\/www.ull.es\/portal\/noticias\/2021\/el-aula-cultural-de-diversidad-lgtbiq-de-la-ull-inicia-su-andadura-con-la-proyeccion-de-la-primavera-rosa\/","og_site_name":"ULL - Noticias","article_publisher":"https:\/\/www.facebook.com\/universidaddelalaguna\/","article_published_time":"2021-12-09T13:57:12+00:00","article_modified_time":"2021-12-09T14:00:09+00:00","og_image":[{"width":700,"height":350,"url":"https:\/\/www.ull.es\/portal\/noticias\/wp-content\/uploads\/sites\/13\/2021\/12\/Aula-Cultural-de-Diversidad-LGBTIQ-evento-1.png","type":"image\/png"}],"author":"gaprsa","twitter_card":"summary_large_image","twitter_creator":"@CanalULL","twitter_site":"@CanalULL","twitter_misc":{"Escrito por":"gaprsa","Tiempo de lectura":"2 minutos"},"schema":{"@context":"https:\/\/schema.org","@graph":[{"@type":"WebPage","@id":"https:\/\/www.ull.es\/portal\/noticias\/2021\/el-aula-cultural-de-diversidad-lgtbiq-de-la-ull-inicia-su-andadura-con-la-proyeccion-de-la-primavera-rosa\/","url":"https:\/\/www.ull.es\/portal\/noticias\/2021\/el-aula-cultural-de-diversidad-lgtbiq-de-la-ull-inicia-su-andadura-con-la-proyeccion-de-la-primavera-rosa\/","name":"El Aula Cultural de Diversidad LGTBIQ+ de la ULL inicia su andadura con la proyecci\u00f3n de \u201cLa Primavera Rosa\u201d - ULL - Noticias","isPartOf":{"@id":"https:\/\/www.ull.es\/portal\/noticias\/#website"},"datePublished":"2021-12-09T13:57:12+00:00","dateModified":"2021-12-09T14:00:09+00:00","author":{"@id":"https:\/\/www.ull.es\/portal\/noticias\/#\/schema\/person\/b2b1a89d43ffa609e591f7df8ef3e817"},"breadcrumb":{"@id":"https:\/\/www.ull.es\/portal\/noticias\/2021\/el-aula-cultural-de-diversidad-lgtbiq-de-la-ull-inicia-su-andadura-con-la-proyeccion-de-la-primavera-rosa\/#breadcrumb"},"inLanguage":"es","potentialAction":[{"@type":"ReadAction","target":["https:\/\/www.ull.es\/portal\/noticias\/2021\/el-aula-cultural-de-diversidad-lgtbiq-de-la-ull-inicia-su-andadura-con-la-proyeccion-de-la-primavera-rosa\/"]}]},{"@type":"BreadcrumbList","@id":"https:\/\/www.ull.es\/portal\/noticias\/2021\/el-aula-cultural-de-diversidad-lgtbiq-de-la-ull-inicia-su-andadura-con-la-proyeccion-de-la-primavera-rosa\/#breadcrumb","itemListElement":[{"@type":"ListItem","position":1,"name":"Portada","item":"https:\/\/www.ull.es\/portal\/noticias\/"},{"@type":"ListItem","position":2,"name":"El Aula Cultural de Diversidad LGTBIQ+ de la ULL inicia su andadura con la proyecci\u00f3n de \u201cLa Primavera Rosa\u201d"}]},{"@type":"WebSite","@id":"https:\/\/www.ull.es\/portal\/noticias\/#website","url":"https:\/\/www.ull.es\/portal\/noticias\/","name":"ULL - Noticias","description":"","potentialAction":[{"@type":"SearchAction","target":{"@type":"EntryPoint","urlTemplate":"https:\/\/www.ull.es\/portal\/noticias\/?s={search_term_string}"},"query-input":"required name=search_term_string"}],"inLanguage":"es"},{"@type":"Person","@id":"https:\/\/www.ull.es\/portal\/noticias\/#\/schema\/person\/b2b1a89d43ffa609e591f7df8ef3e817","name":"gaprsa","image":{"@type":"ImageObject","inLanguage":"es","@id":"https:\/\/www.ull.es\/portal\/noticias\/#\/schema\/person\/image\/","url":"https:\/\/secure.gravatar.com\/avatar\/443820550921091458b4823867723b3d?s=96&d=mm&r=g","contentUrl":"https:\/\/secure.gravatar.com\/avatar\/443820550921091458b4823867723b3d?s=96&d=mm&r=g","caption":"gaprsa"},"url":"https:\/\/www.ull.es\/portal\/noticias\/author\/gaprsa\/"}]}},"primary_category":{"id":345,"name":"Destacado","slug":"destacado","link":"https:\/\/www.ull.es\/portal\/noticias\/category\/destacado\/"},"featured_image_thumbnail_url":"https:\/\/www.ull.es\/portal\/noticias\/wp-content\/uploads\/sites\/13\/2021\/12\/Aula-Cultural-de-Diversidad-LGBTIQ-evento-1-300x150.png","_links":{"self":[{"href":"https:\/\/www.ull.es\/portal\/noticias\/wp-json\/wp\/v2\/posts\/60075"}],"collection":[{"href":"https:\/\/www.ull.es\/portal\/noticias\/wp-json\/wp\/v2\/posts"}],"about":[{"href":"https:\/\/www.ull.es\/portal\/noticias\/wp-json\/wp\/v2\/types\/post"}],"author":[{"embeddable":true,"href":"https:\/\/www.ull.es\/portal\/noticias\/wp-json\/wp\/v2\/users\/23"}],"replies":[{"embeddable":true,"href":"https:\/\/www.ull.es\/portal\/noticias\/wp-json\/wp\/v2\/comments?post=60075"}],"version-history":[{"count":1,"href":"https:\/\/www.ull.es\/portal\/noticias\/wp-json\/wp\/v2\/posts\/60075\/revisions"}],"predecessor-version":[{"id":60076,"href":"https:\/\/www.ull.es\/portal\/noticias\/wp-json\/wp\/v2\/posts\/60075\/revisions\/60076"}],"wp:featuredmedia":[{"embeddable":true,"href":"https:\/\/www.ull.es\/portal\/noticias\/wp-json\/wp\/v2\/media\/60077"}],"wp:attachment":[{"href":"https:\/\/www.ull.es\/portal\/noticias\/wp-json\/wp\/v2\/media?parent=60075"}],"wp:term":[{"taxonomy":"category","embeddable":true,"href":"https:\/\/www.ull.es\/portal\/noticias\/wp-json\/wp\/v2\/categories?post=60075"},{"taxonomy":"post_tag","embeddable":true,"href":"https:\/\/www.ull.es\/portal\/noticias\/wp-json\/wp\/v2\/tags?post=60075"}],"curies":[{"name":"wp","href":"https:\/\/api.w.org\/{rel}","templated":true}]}}