{"id":60135,"date":"2021-12-13T12:59:37","date_gmt":"2021-12-13T12:59:37","guid":{"rendered":"https:\/\/www.ull.es\/portal\/noticias\/?p=60135"},"modified":"2021-12-13T13:30:17","modified_gmt":"2021-12-13T13:30:17","slug":"cedille-monografico-mujeres-poetas-belle-epoque","status":"publish","type":"post","link":"https:\/\/www.ull.es\/portal\/noticias\/2021\/cedille-monografico-mujeres-poetas-belle-epoque\/","title":{"rendered":"La revista de estudios franceses \u00c7\u00e9dille dedica un monogr\u00e1fico a las mujeres poetas durante la Belle \u00c9poque"},"content":{"rendered":"<p class=\"p2\"><span class=\"s2\"><a href=\"https:\/\/www.ull.es\/portal\/noticias\/wp-content\/uploads\/sites\/13\/2019\/12\/cedille.jpg\" target=\"_blank\" rel=\"noopener\"><img decoding=\"async\" loading=\"lazy\" class=\"alignleft size-medium wp-image-48263\" src=\"https:\/\/www.ull.es\/portal\/noticias\/wp-content\/uploads\/sites\/13\/2019\/12\/cedille-300x200.jpg\" alt=\"\" width=\"300\" height=\"200\" srcset=\"https:\/\/www.ull.es\/portal\/noticias\/wp-content\/uploads\/sites\/13\/2019\/12\/cedille-300x200.jpg 300w, https:\/\/www.ull.es\/portal\/noticias\/wp-content\/uploads\/sites\/13\/2019\/12\/cedille-768x512.jpg 768w, https:\/\/www.ull.es\/portal\/noticias\/wp-content\/uploads\/sites\/13\/2019\/12\/cedille.jpg 1024w, https:\/\/www.ull.es\/portal\/noticias\/wp-content\/uploads\/sites\/13\/2019\/12\/cedille-375x250.jpg 375w, https:\/\/www.ull.es\/portal\/noticias\/wp-content\/uploads\/sites\/13\/2019\/12\/cedille-750x500.jpg 750w\" sizes=\"(max-width: 300px) 100vw, 300px\" \/><\/a><a href=\"https:\/\/www.ull.es\/revistas\/index.php\/cedille\" target=\"_blank\" rel=\"noopener\" target=\"_blank\" rel=\"noopener\">\u00c7\u00e9dille<\/a><\/span> es una revista de estudios franceses editada por la Asociaci\u00f3n de Francesistas de la Universidad Espa\u00f1ola y la Universidad de La Laguna, que dirige el profesor del Departamento de Filolog\u00eda Cl\u00e1sica, Francesa, \u00c1rabe y Rom\u00e1nica <a href=\"https:\/\/portalciencia.ull.es\/investigadores\/81194\/detalle\" target=\"_blank\" rel=\"noopener\" target=\"_blank\" rel=\"noopener\">Jos\u00e9 M. Oliver Frade<\/a> y que acaba de publicar en abierto su vig\u00e9simo n\u00famero. En 566 p\u00e1ginas, veintinueve contribuciones de autores procedentes de universidades y centros de investigaci\u00f3n de Espa\u00f1a, Estados Unidos, Francia e Italia. Una de sus secciones es un monogr\u00e1fico que analiza la recepci\u00f3n de las poetas en Francia y Espa\u00f1a durante la as\u00ed denominada \u201cBelle \u00c9poque\u201d, coordinado por Flavie Fouchard (Universidad de Sevilla) y Andrea Schellino (Universit\u00e1 Roma Tre).<span class=\"Apple-converted-space\">\u00a0<\/span><\/p>\n<p class=\"p2\">El monogr\u00e1fico re\u00fane un total de siete trabajos que abordan asuntos tan variados como el efecto contrario que produce un medi\u00e1tico panfleto de car\u00e1cter mis\u00f3gino, la representaci\u00f3n fotogr\u00e1fica de las mujeres poetas de la \u00e9poca y la recepci\u00f3n y repercusi\u00f3n de distintas poetisas, como H\u00e9l\u00e8ne Picard, Marie Dauguet, Lucie Delarue-Mardrus y Anna de Noailles.<\/p>\n<p class=\"p2\">El segundo bloque de la revista se denomina Varia y contiene quince art\u00edculos relacionados con diferentes aspectos, autores y obras de la literatura de expresi\u00f3n francesa, as\u00ed como sobre traducci\u00f3n, ling\u00fc\u00edstica o el c\u00f3mic.<span class=\"Apple-converted-space\">\u00a0<\/span><\/p>\n<p class=\"p2\">Finalmente, en el apartado sobre notas de lectura se recogen seis rese\u00f1as sobre otras tantas obras publicadas muy recientemente y que giran en torno a la literatura escrita por mujeres, el follet\u00edn, la teor\u00eda literaria, las literaturas orales o al polifac\u00e9tico Boris Vian.<span class=\"Apple-converted-space\">\u00a0<\/span><\/p>\n<p class=\"p2\">En la presentaci\u00f3n del volumen, el director de la revista repasa los \u00faltimos reconocimientos otorgados a <i>\u00c7\u00e9dille <\/i>por parte de los sistemas de evaluaci\u00f3n y clasificaci\u00f3n de publicaciones cient\u00edficas, y tambi\u00e9n da a conocer el panel de evaluadores que han colaborado con la revista en los siete primeros meses del a\u00f1o. As\u00ed, \u00c7\u00e9dille aparece en el segundo cuartil (Q2) del Journal Citation Report (JCR) entre las revistas de su especialidad, y es la revista espa\u00f1ola de estudios franceses mejor posicionada en los diferentes r\u00e1nquines que miden la calidad de las publicaciones cient\u00edficas y est\u00e1 incluida en el repertorio de SCOPUS. Desde abril de 2020 se integr\u00f3 en la plataforma Open Journal System de la Universidad de La Laguna.<\/p>\n","protected":false},"excerpt":{"rendered":"<p>\u00c7\u00e9dille es una revista de estudios franceses editada por la Asociaci\u00f3n de Francesistas de la Universidad Espa\u00f1ola y la Universidad&#8230;<\/p>\n","protected":false},"author":21,"featured_media":48263,"comment_status":"closed","ping_status":"closed","sticky":false,"template":"","format":"image","meta":{"inline_featured_image":false,"footnotes":""},"categories":[345,3994,3381,350,2765],"tags":[782,5668,1267,7382,2271],"acf":[],"yoast_head":"<!-- This site is optimized with the Yoast SEO plugin v21.3 - https:\/\/yoast.com\/wordpress\/plugins\/seo\/ -->\n<title>\u00c7\u00e9dille dedica un monogr\u00e1fico a las poetisas durante la Belle \u00c9poque<\/title>\n<meta name=\"description\" content=\"Esta revista editada por la Asociaci\u00f3n de Francesistas de la Universidad Espa\u00f1ola y la Universidad de La Laguna llaga a su n\u00famero 20.\" \/>\n<meta name=\"robots\" content=\"index, follow, max-snippet:-1, max-image-preview:large, max-video-preview:-1\" \/>\n<link rel=\"canonical\" href=\"https:\/\/www.ull.es\/portal\/noticias\/2021\/cedille-monografico-mujeres-poetas-belle-epoque\/\" \/>\n<meta property=\"og:locale\" content=\"es_ES\" \/>\n<meta property=\"og:type\" content=\"article\" \/>\n<meta property=\"og:title\" content=\"\u00c7\u00e9dille dedica un monogr\u00e1fico a las poetisas durante la Belle \u00c9poque\" \/>\n<meta property=\"og:description\" content=\"Esta revista editada por la Asociaci\u00f3n de Francesistas de la Universidad Espa\u00f1ola y la Universidad de La Laguna llaga a su n\u00famero 20.\" \/>\n<meta property=\"og:url\" content=\"https:\/\/www.ull.es\/portal\/noticias\/2021\/cedille-monografico-mujeres-poetas-belle-epoque\/\" \/>\n<meta property=\"og:site_name\" content=\"ULL - Noticias\" \/>\n<meta property=\"article:publisher\" content=\"https:\/\/www.facebook.com\/universidaddelalaguna\/\" \/>\n<meta property=\"article:published_time\" content=\"2021-12-13T12:59:37+00:00\" \/>\n<meta property=\"article:modified_time\" content=\"2021-12-13T13:30:17+00:00\" \/>\n<meta property=\"og:image\" content=\"https:\/\/www.ull.es\/portal\/noticias\/wp-content\/uploads\/sites\/13\/2019\/12\/cedille.jpg\" \/>\n\t<meta property=\"og:image:width\" content=\"1024\" \/>\n\t<meta property=\"og:image:height\" content=\"683\" \/>\n\t<meta property=\"og:image:type\" content=\"image\/jpeg\" \/>\n<meta name=\"author\" content=\"prensa2\" \/>\n<meta name=\"twitter:card\" content=\"summary_large_image\" \/>\n<meta name=\"twitter:creator\" content=\"@CanalULL\" \/>\n<meta name=\"twitter:site\" content=\"@CanalULL\" \/>\n<meta name=\"twitter:label1\" content=\"Escrito por\" \/>\n\t<meta name=\"twitter:data1\" content=\"prensa2\" \/>\n\t<meta name=\"twitter:label2\" content=\"Tiempo de lectura\" \/>\n\t<meta name=\"twitter:data2\" content=\"2 minutos\" \/>\n<script type=\"application\/ld+json\" class=\"yoast-schema-graph\">{\"@context\":\"https:\/\/schema.org\",\"@graph\":[{\"@type\":\"WebPage\",\"@id\":\"https:\/\/www.ull.es\/portal\/noticias\/2021\/cedille-monografico-mujeres-poetas-belle-epoque\/\",\"url\":\"https:\/\/www.ull.es\/portal\/noticias\/2021\/cedille-monografico-mujeres-poetas-belle-epoque\/\",\"name\":\"\u00c7\u00e9dille dedica un monogr\u00e1fico a las poetisas durante la Belle \u00c9poque\",\"isPartOf\":{\"@id\":\"https:\/\/www.ull.es\/portal\/noticias\/#website\"},\"datePublished\":\"2021-12-13T12:59:37+00:00\",\"dateModified\":\"2021-12-13T13:30:17+00:00\",\"author\":{\"@id\":\"https:\/\/www.ull.es\/portal\/noticias\/#\/schema\/person\/c3b2aa857797592927a03740d6664376\"},\"description\":\"Esta revista editada por la Asociaci\u00f3n de Francesistas de la Universidad Espa\u00f1ola y la Universidad de La Laguna llaga a su n\u00famero 20.\",\"breadcrumb\":{\"@id\":\"https:\/\/www.ull.es\/portal\/noticias\/2021\/cedille-monografico-mujeres-poetas-belle-epoque\/#breadcrumb\"},\"inLanguage\":\"es\",\"potentialAction\":[{\"@type\":\"ReadAction\",\"target\":[\"https:\/\/www.ull.es\/portal\/noticias\/2021\/cedille-monografico-mujeres-poetas-belle-epoque\/\"]}]},{\"@type\":\"BreadcrumbList\",\"@id\":\"https:\/\/www.ull.es\/portal\/noticias\/2021\/cedille-monografico-mujeres-poetas-belle-epoque\/#breadcrumb\",\"itemListElement\":[{\"@type\":\"ListItem\",\"position\":1,\"name\":\"Portada\",\"item\":\"https:\/\/www.ull.es\/portal\/noticias\/\"},{\"@type\":\"ListItem\",\"position\":2,\"name\":\"La revista de estudios franceses \u00c7\u00e9dille dedica un monogr\u00e1fico a las mujeres poetas durante la Belle \u00c9poque\"}]},{\"@type\":\"WebSite\",\"@id\":\"https:\/\/www.ull.es\/portal\/noticias\/#website\",\"url\":\"https:\/\/www.ull.es\/portal\/noticias\/\",\"name\":\"ULL - Noticias\",\"description\":\"\",\"potentialAction\":[{\"@type\":\"SearchAction\",\"target\":{\"@type\":\"EntryPoint\",\"urlTemplate\":\"https:\/\/www.ull.es\/portal\/noticias\/?s={search_term_string}\"},\"query-input\":\"required name=search_term_string\"}],\"inLanguage\":\"es\"},{\"@type\":\"Person\",\"@id\":\"https:\/\/www.ull.es\/portal\/noticias\/#\/schema\/person\/c3b2aa857797592927a03740d6664376\",\"name\":\"prensa2\",\"image\":{\"@type\":\"ImageObject\",\"inLanguage\":\"es\",\"@id\":\"https:\/\/www.ull.es\/portal\/noticias\/#\/schema\/person\/image\/\",\"url\":\"https:\/\/secure.gravatar.com\/avatar\/b58f310a5de5feb33d1e026d2493f23c?s=96&d=mm&r=g\",\"contentUrl\":\"https:\/\/secure.gravatar.com\/avatar\/b58f310a5de5feb33d1e026d2493f23c?s=96&d=mm&r=g\",\"caption\":\"prensa2\"},\"url\":\"https:\/\/www.ull.es\/portal\/noticias\/author\/prensa2\/\"}]}<\/script>\n<!-- \/ Yoast SEO plugin. -->","yoast_head_json":{"title":"\u00c7\u00e9dille dedica un monogr\u00e1fico a las poetisas durante la Belle \u00c9poque","description":"Esta revista editada por la Asociaci\u00f3n de Francesistas de la Universidad Espa\u00f1ola y la Universidad de La Laguna llaga a su n\u00famero 20.","robots":{"index":"index","follow":"follow","max-snippet":"max-snippet:-1","max-image-preview":"max-image-preview:large","max-video-preview":"max-video-preview:-1"},"canonical":"https:\/\/www.ull.es\/portal\/noticias\/2021\/cedille-monografico-mujeres-poetas-belle-epoque\/","og_locale":"es_ES","og_type":"article","og_title":"\u00c7\u00e9dille dedica un monogr\u00e1fico a las poetisas durante la Belle \u00c9poque","og_description":"Esta revista editada por la Asociaci\u00f3n de Francesistas de la Universidad Espa\u00f1ola y la Universidad de La Laguna llaga a su n\u00famero 20.","og_url":"https:\/\/www.ull.es\/portal\/noticias\/2021\/cedille-monografico-mujeres-poetas-belle-epoque\/","og_site_name":"ULL - Noticias","article_publisher":"https:\/\/www.facebook.com\/universidaddelalaguna\/","article_published_time":"2021-12-13T12:59:37+00:00","article_modified_time":"2021-12-13T13:30:17+00:00","og_image":[{"width":1024,"height":683,"url":"https:\/\/www.ull.es\/portal\/noticias\/wp-content\/uploads\/sites\/13\/2019\/12\/cedille.jpg","type":"image\/jpeg"}],"author":"prensa2","twitter_card":"summary_large_image","twitter_creator":"@CanalULL","twitter_site":"@CanalULL","twitter_misc":{"Escrito por":"prensa2","Tiempo de lectura":"2 minutos"},"schema":{"@context":"https:\/\/schema.org","@graph":[{"@type":"WebPage","@id":"https:\/\/www.ull.es\/portal\/noticias\/2021\/cedille-monografico-mujeres-poetas-belle-epoque\/","url":"https:\/\/www.ull.es\/portal\/noticias\/2021\/cedille-monografico-mujeres-poetas-belle-epoque\/","name":"\u00c7\u00e9dille dedica un monogr\u00e1fico a las poetisas durante la Belle \u00c9poque","isPartOf":{"@id":"https:\/\/www.ull.es\/portal\/noticias\/#website"},"datePublished":"2021-12-13T12:59:37+00:00","dateModified":"2021-12-13T13:30:17+00:00","author":{"@id":"https:\/\/www.ull.es\/portal\/noticias\/#\/schema\/person\/c3b2aa857797592927a03740d6664376"},"description":"Esta revista editada por la Asociaci\u00f3n de Francesistas de la Universidad Espa\u00f1ola y la Universidad de La Laguna llaga a su n\u00famero 20.","breadcrumb":{"@id":"https:\/\/www.ull.es\/portal\/noticias\/2021\/cedille-monografico-mujeres-poetas-belle-epoque\/#breadcrumb"},"inLanguage":"es","potentialAction":[{"@type":"ReadAction","target":["https:\/\/www.ull.es\/portal\/noticias\/2021\/cedille-monografico-mujeres-poetas-belle-epoque\/"]}]},{"@type":"BreadcrumbList","@id":"https:\/\/www.ull.es\/portal\/noticias\/2021\/cedille-monografico-mujeres-poetas-belle-epoque\/#breadcrumb","itemListElement":[{"@type":"ListItem","position":1,"name":"Portada","item":"https:\/\/www.ull.es\/portal\/noticias\/"},{"@type":"ListItem","position":2,"name":"La revista de estudios franceses \u00c7\u00e9dille dedica un monogr\u00e1fico a las mujeres poetas durante la Belle \u00c9poque"}]},{"@type":"WebSite","@id":"https:\/\/www.ull.es\/portal\/noticias\/#website","url":"https:\/\/www.ull.es\/portal\/noticias\/","name":"ULL - Noticias","description":"","potentialAction":[{"@type":"SearchAction","target":{"@type":"EntryPoint","urlTemplate":"https:\/\/www.ull.es\/portal\/noticias\/?s={search_term_string}"},"query-input":"required name=search_term_string"}],"inLanguage":"es"},{"@type":"Person","@id":"https:\/\/www.ull.es\/portal\/noticias\/#\/schema\/person\/c3b2aa857797592927a03740d6664376","name":"prensa2","image":{"@type":"ImageObject","inLanguage":"es","@id":"https:\/\/www.ull.es\/portal\/noticias\/#\/schema\/person\/image\/","url":"https:\/\/secure.gravatar.com\/avatar\/b58f310a5de5feb33d1e026d2493f23c?s=96&d=mm&r=g","contentUrl":"https:\/\/secure.gravatar.com\/avatar\/b58f310a5de5feb33d1e026d2493f23c?s=96&d=mm&r=g","caption":"prensa2"},"url":"https:\/\/www.ull.es\/portal\/noticias\/author\/prensa2\/"}]}},"primary_category":{"id":345,"name":"Destacado","slug":"destacado","link":"https:\/\/www.ull.es\/portal\/noticias\/category\/destacado\/"},"featured_image_thumbnail_url":"https:\/\/www.ull.es\/portal\/noticias\/wp-content\/uploads\/sites\/13\/2019\/12\/cedille-300x200.jpg","_links":{"self":[{"href":"https:\/\/www.ull.es\/portal\/noticias\/wp-json\/wp\/v2\/posts\/60135"}],"collection":[{"href":"https:\/\/www.ull.es\/portal\/noticias\/wp-json\/wp\/v2\/posts"}],"about":[{"href":"https:\/\/www.ull.es\/portal\/noticias\/wp-json\/wp\/v2\/types\/post"}],"author":[{"embeddable":true,"href":"https:\/\/www.ull.es\/portal\/noticias\/wp-json\/wp\/v2\/users\/21"}],"replies":[{"embeddable":true,"href":"https:\/\/www.ull.es\/portal\/noticias\/wp-json\/wp\/v2\/comments?post=60135"}],"version-history":[{"count":3,"href":"https:\/\/www.ull.es\/portal\/noticias\/wp-json\/wp\/v2\/posts\/60135\/revisions"}],"predecessor-version":[{"id":60138,"href":"https:\/\/www.ull.es\/portal\/noticias\/wp-json\/wp\/v2\/posts\/60135\/revisions\/60138"}],"wp:featuredmedia":[{"embeddable":true,"href":"https:\/\/www.ull.es\/portal\/noticias\/wp-json\/wp\/v2\/media\/48263"}],"wp:attachment":[{"href":"https:\/\/www.ull.es\/portal\/noticias\/wp-json\/wp\/v2\/media?parent=60135"}],"wp:term":[{"taxonomy":"category","embeddable":true,"href":"https:\/\/www.ull.es\/portal\/noticias\/wp-json\/wp\/v2\/categories?post=60135"},{"taxonomy":"post_tag","embeddable":true,"href":"https:\/\/www.ull.es\/portal\/noticias\/wp-json\/wp\/v2\/tags?post=60135"}],"curies":[{"name":"wp","href":"https:\/\/api.w.org\/{rel}","templated":true}]}}