{"id":60155,"date":"2021-12-13T15:32:29","date_gmt":"2021-12-13T15:32:29","guid":{"rendered":"https:\/\/www.ull.es\/portal\/noticias\/?p=60155"},"modified":"2021-12-13T15:32:29","modified_gmt":"2021-12-13T15:32:29","slug":"nueva-aula-cultural-musica-coral","status":"publish","type":"post","link":"https:\/\/www.ull.es\/portal\/noticias\/2021\/nueva-aula-cultural-musica-coral\/","title":{"rendered":"La Universidad de La Laguna presenta su nueva aula cultural, dedicada a la m\u00fasica coral"},"content":{"rendered":"<p class=\"p2\">La Universidad de La Laguna presentar\u00e1 ma\u00f1ana, martes 14 de diciembre a las 18:00 horas en el Sal\u00f3n de Actos de la Facultad de Educaci\u00f3n, la nueva Aula Cultural de M\u00fasica Coral Manuel Borgun\u00f3, creada con el fin formar mejor al alumnado que desee mejorar su instrucci\u00f3n como coralista y futuros dinamizadores de un coro escolar.<\/p>\n<p class=\"p2\">La Universidad de La Laguna cuentas con una larga tradici\u00f3n coral, tal y como lo<span class=\"Apple-converted-space\">\u00a0 <\/span>como demuestra la existencia de varias agrupaciones corales que se han sabido labrar con su bine hacer un reconocido prestigio dentro y fuera de Canarias. Sin embargo, este tipo de conjuntos est\u00e1 sufriendo la carencia de nuevas voces que se incorporen y contin\u00faen esa tradici\u00f3n, por lo que este aula contar\u00e1 con un coro formativo que servir\u00e1 de preparaci\u00f3n y cantera para apuntalar el futuro.<\/p>\n<p class=\"p2\">El canto coral cubre una necesidad educativa, ya que desarrolla la memoria y canaliza emociones. La pr\u00e1ctica de esta actividad musical es altamente transversal, ya que recorre pr\u00e1cticamente todo el curr\u00edculo, y sostenible, dado que su instrumento viene de serie: el propio cuerpo y la propia voz. Adicionalmente, con el canto se aprende a dominar la respiraci\u00f3n, lo cual posee indudables beneficios f\u00edsicos y ps\u00edquicos; se cubre una necesidad l\u00fadica y cultural y, en suma, supone un elemento de cohesi\u00f3n y sociabilizaci\u00f3n.<span class=\"Apple-converted-space\">\u00a0<\/span><\/p>\n<p class=\"p2\">El aula cultural de reciente creaci\u00f3n tiene la intenci\u00f3n de colaborar con los coros de la Universidad de La Laguna, as\u00ed como la asociaciones que promueven el canto coral, especialmente con la \u201cAsociaci\u00f3n Cultural La Escuela Coral\u201d<\/p>\n<p class=\"p2\">Manuel Borgu\u00f1\u00f3 fue un reputado pedagogo musical y director de coros que dinamiz\u00f3 el mundo coral en Tenerife durante un largo periodo. Nacido en Rub\u00ed (Catalu\u00f1a), desarroll\u00f3 su labor en Santa Cruz de Tenerife, donde aplic\u00f3 su m\u00e9todo Eur\u00edtmico Tonal Vocal. Fue creador y director de numerosos coros escolares y su legado merece abandonar el anonimato en que se encuentra.<\/p>\n","protected":false},"excerpt":{"rendered":"<p>La Universidad de La Laguna presentar\u00e1 ma\u00f1ana, martes 14 de diciembre a las 18:00 horas en el Sal\u00f3n de Actos&#8230;<\/p>\n","protected":false},"author":21,"featured_media":60156,"comment_status":"closed","ping_status":"closed","sticky":false,"template":"","format":"standard","meta":{"inline_featured_image":false,"footnotes":""},"categories":[344,345,3725,2765],"tags":[573,8110,6182,6181],"acf":[],"yoast_head":"<!-- This site is optimized with the Yoast SEO plugin v21.3 - https:\/\/yoast.com\/wordpress\/plugins\/seo\/ -->\n<title>La ULL presenta su Aula Cultural de M\u00fasica Coral Manuel Borgu\u00f1\u00f3<\/title>\n<meta name=\"description\" content=\"La presentaci\u00f3n se celebrar\u00e1 el martes 14 de diciembre a las 18:00 en el Sal\u00f3n de Actos de la Facultad de Educaci\u00f3n.\" \/>\n<meta name=\"robots\" content=\"index, follow, max-snippet:-1, max-image-preview:large, max-video-preview:-1\" \/>\n<link rel=\"canonical\" href=\"https:\/\/www.ull.es\/portal\/noticias\/2021\/nueva-aula-cultural-musica-coral\/\" \/>\n<meta property=\"og:locale\" content=\"es_ES\" \/>\n<meta property=\"og:type\" content=\"article\" \/>\n<meta property=\"og:title\" content=\"La ULL presenta su Aula Cultural de M\u00fasica Coral Manuel Borgu\u00f1\u00f3\" \/>\n<meta property=\"og:description\" content=\"La presentaci\u00f3n se celebrar\u00e1 el martes 14 de diciembre a las 18:00 en el Sal\u00f3n de Actos de la Facultad de Educaci\u00f3n.\" \/>\n<meta property=\"og:url\" content=\"https:\/\/www.ull.es\/portal\/noticias\/2021\/nueva-aula-cultural-musica-coral\/\" \/>\n<meta property=\"og:site_name\" content=\"ULL - Noticias\" \/>\n<meta property=\"article:publisher\" content=\"https:\/\/www.facebook.com\/universidaddelalaguna\/\" \/>\n<meta property=\"article:published_time\" content=\"2021-12-13T15:32:29+00:00\" \/>\n<meta property=\"og:image\" content=\"https:\/\/www.ull.es\/portal\/noticias\/wp-content\/uploads\/sites\/13\/2021\/12\/Aula-Cultural-de-Mu\u0301sica-Coral-Manuel-Borgun\u0303o\u0301_Banner-evento.png\" \/>\n\t<meta property=\"og:image:width\" content=\"700\" \/>\n\t<meta property=\"og:image:height\" content=\"350\" \/>\n\t<meta property=\"og:image:type\" content=\"image\/png\" \/>\n<meta name=\"author\" content=\"prensa2\" \/>\n<meta name=\"twitter:card\" content=\"summary_large_image\" \/>\n<meta name=\"twitter:creator\" content=\"@CanalULL\" \/>\n<meta name=\"twitter:site\" content=\"@CanalULL\" \/>\n<meta name=\"twitter:label1\" content=\"Escrito por\" \/>\n\t<meta name=\"twitter:data1\" content=\"prensa2\" \/>\n\t<meta name=\"twitter:label2\" content=\"Tiempo de lectura\" \/>\n\t<meta name=\"twitter:data2\" content=\"2 minutos\" \/>\n<script type=\"application\/ld+json\" class=\"yoast-schema-graph\">{\"@context\":\"https:\/\/schema.org\",\"@graph\":[{\"@type\":\"WebPage\",\"@id\":\"https:\/\/www.ull.es\/portal\/noticias\/2021\/nueva-aula-cultural-musica-coral\/\",\"url\":\"https:\/\/www.ull.es\/portal\/noticias\/2021\/nueva-aula-cultural-musica-coral\/\",\"name\":\"La ULL presenta su Aula Cultural de M\u00fasica Coral Manuel Borgu\u00f1\u00f3\",\"isPartOf\":{\"@id\":\"https:\/\/www.ull.es\/portal\/noticias\/#website\"},\"datePublished\":\"2021-12-13T15:32:29+00:00\",\"dateModified\":\"2021-12-13T15:32:29+00:00\",\"author\":{\"@id\":\"https:\/\/www.ull.es\/portal\/noticias\/#\/schema\/person\/c3b2aa857797592927a03740d6664376\"},\"description\":\"La presentaci\u00f3n se celebrar\u00e1 el martes 14 de diciembre a las 18:00 en el Sal\u00f3n de Actos de la Facultad de Educaci\u00f3n.\",\"breadcrumb\":{\"@id\":\"https:\/\/www.ull.es\/portal\/noticias\/2021\/nueva-aula-cultural-musica-coral\/#breadcrumb\"},\"inLanguage\":\"es\",\"potentialAction\":[{\"@type\":\"ReadAction\",\"target\":[\"https:\/\/www.ull.es\/portal\/noticias\/2021\/nueva-aula-cultural-musica-coral\/\"]}]},{\"@type\":\"BreadcrumbList\",\"@id\":\"https:\/\/www.ull.es\/portal\/noticias\/2021\/nueva-aula-cultural-musica-coral\/#breadcrumb\",\"itemListElement\":[{\"@type\":\"ListItem\",\"position\":1,\"name\":\"Portada\",\"item\":\"https:\/\/www.ull.es\/portal\/noticias\/\"},{\"@type\":\"ListItem\",\"position\":2,\"name\":\"La Universidad de La Laguna presenta su nueva aula cultural, dedicada a la m\u00fasica coral\"}]},{\"@type\":\"WebSite\",\"@id\":\"https:\/\/www.ull.es\/portal\/noticias\/#website\",\"url\":\"https:\/\/www.ull.es\/portal\/noticias\/\",\"name\":\"ULL - Noticias\",\"description\":\"\",\"potentialAction\":[{\"@type\":\"SearchAction\",\"target\":{\"@type\":\"EntryPoint\",\"urlTemplate\":\"https:\/\/www.ull.es\/portal\/noticias\/?s={search_term_string}\"},\"query-input\":\"required name=search_term_string\"}],\"inLanguage\":\"es\"},{\"@type\":\"Person\",\"@id\":\"https:\/\/www.ull.es\/portal\/noticias\/#\/schema\/person\/c3b2aa857797592927a03740d6664376\",\"name\":\"prensa2\",\"image\":{\"@type\":\"ImageObject\",\"inLanguage\":\"es\",\"@id\":\"https:\/\/www.ull.es\/portal\/noticias\/#\/schema\/person\/image\/\",\"url\":\"https:\/\/secure.gravatar.com\/avatar\/b58f310a5de5feb33d1e026d2493f23c?s=96&d=mm&r=g\",\"contentUrl\":\"https:\/\/secure.gravatar.com\/avatar\/b58f310a5de5feb33d1e026d2493f23c?s=96&d=mm&r=g\",\"caption\":\"prensa2\"},\"url\":\"https:\/\/www.ull.es\/portal\/noticias\/author\/prensa2\/\"}]}<\/script>\n<!-- \/ Yoast SEO plugin. -->","yoast_head_json":{"title":"La ULL presenta su Aula Cultural de M\u00fasica Coral Manuel Borgu\u00f1\u00f3","description":"La presentaci\u00f3n se celebrar\u00e1 el martes 14 de diciembre a las 18:00 en el Sal\u00f3n de Actos de la Facultad de Educaci\u00f3n.","robots":{"index":"index","follow":"follow","max-snippet":"max-snippet:-1","max-image-preview":"max-image-preview:large","max-video-preview":"max-video-preview:-1"},"canonical":"https:\/\/www.ull.es\/portal\/noticias\/2021\/nueva-aula-cultural-musica-coral\/","og_locale":"es_ES","og_type":"article","og_title":"La ULL presenta su Aula Cultural de M\u00fasica Coral Manuel Borgu\u00f1\u00f3","og_description":"La presentaci\u00f3n se celebrar\u00e1 el martes 14 de diciembre a las 18:00 en el Sal\u00f3n de Actos de la Facultad de Educaci\u00f3n.","og_url":"https:\/\/www.ull.es\/portal\/noticias\/2021\/nueva-aula-cultural-musica-coral\/","og_site_name":"ULL - Noticias","article_publisher":"https:\/\/www.facebook.com\/universidaddelalaguna\/","article_published_time":"2021-12-13T15:32:29+00:00","og_image":[{"width":700,"height":350,"url":"https:\/\/www.ull.es\/portal\/noticias\/wp-content\/uploads\/sites\/13\/2021\/12\/Aula-Cultural-de-Mu\u0301sica-Coral-Manuel-Borgun\u0303o\u0301_Banner-evento.png","type":"image\/png"}],"author":"prensa2","twitter_card":"summary_large_image","twitter_creator":"@CanalULL","twitter_site":"@CanalULL","twitter_misc":{"Escrito por":"prensa2","Tiempo de lectura":"2 minutos"},"schema":{"@context":"https:\/\/schema.org","@graph":[{"@type":"WebPage","@id":"https:\/\/www.ull.es\/portal\/noticias\/2021\/nueva-aula-cultural-musica-coral\/","url":"https:\/\/www.ull.es\/portal\/noticias\/2021\/nueva-aula-cultural-musica-coral\/","name":"La ULL presenta su Aula Cultural de M\u00fasica Coral Manuel Borgu\u00f1\u00f3","isPartOf":{"@id":"https:\/\/www.ull.es\/portal\/noticias\/#website"},"datePublished":"2021-12-13T15:32:29+00:00","dateModified":"2021-12-13T15:32:29+00:00","author":{"@id":"https:\/\/www.ull.es\/portal\/noticias\/#\/schema\/person\/c3b2aa857797592927a03740d6664376"},"description":"La presentaci\u00f3n se celebrar\u00e1 el martes 14 de diciembre a las 18:00 en el Sal\u00f3n de Actos de la Facultad de Educaci\u00f3n.","breadcrumb":{"@id":"https:\/\/www.ull.es\/portal\/noticias\/2021\/nueva-aula-cultural-musica-coral\/#breadcrumb"},"inLanguage":"es","potentialAction":[{"@type":"ReadAction","target":["https:\/\/www.ull.es\/portal\/noticias\/2021\/nueva-aula-cultural-musica-coral\/"]}]},{"@type":"BreadcrumbList","@id":"https:\/\/www.ull.es\/portal\/noticias\/2021\/nueva-aula-cultural-musica-coral\/#breadcrumb","itemListElement":[{"@type":"ListItem","position":1,"name":"Portada","item":"https:\/\/www.ull.es\/portal\/noticias\/"},{"@type":"ListItem","position":2,"name":"La Universidad de La Laguna presenta su nueva aula cultural, dedicada a la m\u00fasica coral"}]},{"@type":"WebSite","@id":"https:\/\/www.ull.es\/portal\/noticias\/#website","url":"https:\/\/www.ull.es\/portal\/noticias\/","name":"ULL - Noticias","description":"","potentialAction":[{"@type":"SearchAction","target":{"@type":"EntryPoint","urlTemplate":"https:\/\/www.ull.es\/portal\/noticias\/?s={search_term_string}"},"query-input":"required name=search_term_string"}],"inLanguage":"es"},{"@type":"Person","@id":"https:\/\/www.ull.es\/portal\/noticias\/#\/schema\/person\/c3b2aa857797592927a03740d6664376","name":"prensa2","image":{"@type":"ImageObject","inLanguage":"es","@id":"https:\/\/www.ull.es\/portal\/noticias\/#\/schema\/person\/image\/","url":"https:\/\/secure.gravatar.com\/avatar\/b58f310a5de5feb33d1e026d2493f23c?s=96&d=mm&r=g","contentUrl":"https:\/\/secure.gravatar.com\/avatar\/b58f310a5de5feb33d1e026d2493f23c?s=96&d=mm&r=g","caption":"prensa2"},"url":"https:\/\/www.ull.es\/portal\/noticias\/author\/prensa2\/"}]}},"primary_category":{"id":345,"name":"Destacado","slug":"destacado","link":"https:\/\/www.ull.es\/portal\/noticias\/category\/destacado\/"},"featured_image_thumbnail_url":"https:\/\/www.ull.es\/portal\/noticias\/wp-content\/uploads\/sites\/13\/2021\/12\/Aula-Cultural-de-Mu\u0301sica-Coral-Manuel-Borgun\u0303o\u0301_Banner-evento-300x150.png","_links":{"self":[{"href":"https:\/\/www.ull.es\/portal\/noticias\/wp-json\/wp\/v2\/posts\/60155"}],"collection":[{"href":"https:\/\/www.ull.es\/portal\/noticias\/wp-json\/wp\/v2\/posts"}],"about":[{"href":"https:\/\/www.ull.es\/portal\/noticias\/wp-json\/wp\/v2\/types\/post"}],"author":[{"embeddable":true,"href":"https:\/\/www.ull.es\/portal\/noticias\/wp-json\/wp\/v2\/users\/21"}],"replies":[{"embeddable":true,"href":"https:\/\/www.ull.es\/portal\/noticias\/wp-json\/wp\/v2\/comments?post=60155"}],"version-history":[{"count":1,"href":"https:\/\/www.ull.es\/portal\/noticias\/wp-json\/wp\/v2\/posts\/60155\/revisions"}],"predecessor-version":[{"id":60157,"href":"https:\/\/www.ull.es\/portal\/noticias\/wp-json\/wp\/v2\/posts\/60155\/revisions\/60157"}],"wp:featuredmedia":[{"embeddable":true,"href":"https:\/\/www.ull.es\/portal\/noticias\/wp-json\/wp\/v2\/media\/60156"}],"wp:attachment":[{"href":"https:\/\/www.ull.es\/portal\/noticias\/wp-json\/wp\/v2\/media?parent=60155"}],"wp:term":[{"taxonomy":"category","embeddable":true,"href":"https:\/\/www.ull.es\/portal\/noticias\/wp-json\/wp\/v2\/categories?post=60155"},{"taxonomy":"post_tag","embeddable":true,"href":"https:\/\/www.ull.es\/portal\/noticias\/wp-json\/wp\/v2\/tags?post=60155"}],"curies":[{"name":"wp","href":"https:\/\/api.w.org\/{rel}","templated":true}]}}