{"id":60158,"date":"2021-12-14T10:59:19","date_gmt":"2021-12-14T10:59:19","guid":{"rendered":"https:\/\/www.ull.es\/portal\/noticias\/?p=60158"},"modified":"2021-12-14T10:59:19","modified_gmt":"2021-12-14T10:59:19","slug":"los-investigadores-de-la-ull-piden-a-la-ministra-de-ciencia-menos-burocracia-y-mas-ayudas-para-salvar-el-hecho-insular","status":"publish","type":"post","link":"https:\/\/www.ull.es\/portal\/noticias\/2021\/los-investigadores-de-la-ull-piden-a-la-ministra-de-ciencia-menos-burocracia-y-mas-ayudas-para-salvar-el-hecho-insular\/","title":{"rendered":"Los investigadores de la ULL piden a la ministra de Ciencia menos burocracia y m\u00e1s ayudas para salvar el hecho insular"},"content":{"rendered":"<p>La ministra de Ciencia e Innovaci\u00f3n del Gobierno de Espa\u00f1a, Diana Morant, celebr\u00f3 ayer 13 un encuentro con una representaci\u00f3n de los investigadores principales de proyectos de I+D financiados por el ministerio, con el objetivo de conocer de cerca en qu\u00e9 materias trabajaban y cu\u00e1les eras sus principales demandas. De los setenta proyectos en vigor, acudieron a la cita, celebrada en el Aula Magna del Edificio Central, una treintena de ellos. La simplificaci\u00f3n de las gestiones burocr\u00e1ticas y la necesidad de contar con m\u00e1s ayudas para salvar el hecho insular frente al continente fueron los principales argumentos expresados por los cient\u00edficos.<\/p>\n<p>Acompa\u00f1ada de la rectora, Rosa Aguilar, Morant tuvo ocasi\u00f3n de hacerse primero una idea de la actividad investigadora de este centro acad\u00e9mico a trav\u00e9s de la presentaci\u00f3n ofrecida por el vicerrector de Investigaci\u00f3n y Transferencia, Ernesto Pereda. Partiendo de uno de los peores porcentajes de inversi\u00f3n de PIB en I+D de la geograf\u00eda regional, Pereda se\u00f1al\u00f3 que el 95% de la producci\u00f3n cient\u00edfica y de transferencia se realiza en las dos universidades p\u00fablicas canarias incluyendo a unidades de investigaci\u00f3n de los hospitales y centros de investigaci\u00f3n.<\/p>\n<p><img decoding=\"async\" loading=\"lazy\" class=\"alignleft size-medium wp-image-60162\" src=\"https:\/\/www.ull.es\/portal\/noticias\/wp-content\/uploads\/sites\/13\/2021\/12\/Visita-Ministra-Diana-Morant-38-300x200.jpg\" alt=\"\" width=\"300\" height=\"200\" srcset=\"https:\/\/www.ull.es\/portal\/noticias\/wp-content\/uploads\/sites\/13\/2021\/12\/Visita-Ministra-Diana-Morant-38-300x200.jpg 300w, https:\/\/www.ull.es\/portal\/noticias\/wp-content\/uploads\/sites\/13\/2021\/12\/Visita-Ministra-Diana-Morant-38-768x512.jpg 768w, https:\/\/www.ull.es\/portal\/noticias\/wp-content\/uploads\/sites\/13\/2021\/12\/Visita-Ministra-Diana-Morant-38-375x250.jpg 375w, https:\/\/www.ull.es\/portal\/noticias\/wp-content\/uploads\/sites\/13\/2021\/12\/Visita-Ministra-Diana-Morant-38-750x500.jpg 750w, https:\/\/www.ull.es\/portal\/noticias\/wp-content\/uploads\/sites\/13\/2021\/12\/Visita-Ministra-Diana-Morant-38.jpg 1024w\" sizes=\"(max-width: 300px) 100vw, 300px\" \/>Los principales centros con los que se colabora son, adem\u00e1s de los centros nacionales, estadounidenses y canadienses. En cuanto a captaci\u00f3n de recursos, La Laguna ha obtenido recientemente 4,7 millones de euros de proyectos europeos, 3 millones y medio en proyectos regionales y nacionales, y ha creado 5 empresas intensivas en conocimiento, derivadas de la explotaci\u00f3n comercial de la actividad investigadora.<\/p>\n<p>En la sesi\u00f3n de ayer diversos investigadores de varias \u00e1reas de conocimiento expusieron a la ministra el objeto de estudio en el que estaban centrados y los principales inconvenientes para llevar a cabo su labor. La detecci\u00f3n temprana de los problemas de aprendizaje y de lecto-escritura, el conocimiento de la poblaci\u00f3n aborigen a trav\u00e9s de estudios gen\u00f3micos, la etimolog\u00eda ling\u00fc\u00edstica, el an\u00e1lisis de la desigualdad social, la arqueolog\u00eda interdisciplinar o el Alzheimer y su reconocimiento en estadios tempranos fueron algunos de los temas abordados por los investigadores.<\/p>\n<p>La ministra dijo sentirse \u201cimpresionada\u201d por la gran cantidad de disciplinas abordadas en los proyectos nacionales de I+D y la calidad de las investigaciones en las que trabaja la Universidad de La Laguna. \u201cHay que reconocer el gran apoyo que esta universidad ha prestado en la crisis volc\u00e1nica de La Palma\u201d, se\u00f1al\u00f3. \u201cLa ciudadan\u00eda ha<img decoding=\"async\" loading=\"lazy\" class=\"alignright size-medium wp-image-60160\" src=\"https:\/\/www.ull.es\/portal\/noticias\/wp-content\/uploads\/sites\/13\/2021\/12\/Visita-Ministra-Diana-Morant-80-300x200.jpg\" alt=\"\" width=\"300\" height=\"200\" srcset=\"https:\/\/www.ull.es\/portal\/noticias\/wp-content\/uploads\/sites\/13\/2021\/12\/Visita-Ministra-Diana-Morant-80-300x200.jpg 300w, https:\/\/www.ull.es\/portal\/noticias\/wp-content\/uploads\/sites\/13\/2021\/12\/Visita-Ministra-Diana-Morant-80-768x512.jpg 768w, https:\/\/www.ull.es\/portal\/noticias\/wp-content\/uploads\/sites\/13\/2021\/12\/Visita-Ministra-Diana-Morant-80-375x250.jpg 375w, https:\/\/www.ull.es\/portal\/noticias\/wp-content\/uploads\/sites\/13\/2021\/12\/Visita-Ministra-Diana-Morant-80-750x500.jpg 750w, https:\/\/www.ull.es\/portal\/noticias\/wp-content\/uploads\/sites\/13\/2021\/12\/Visita-Ministra-Diana-Morant-80.jpg 1024w\" sizes=\"(max-width: 300px) 100vw, 300px\" \/> entendido perfectamente el valor de la ciencia a ra\u00edz de la pandemia. Estamos trabajando por mejorar la carrera cient\u00edfica, la colaboraci\u00f3n p\u00fablico-privada y la cogobernanza del sistema investigador\u201d, a\u00f1adi\u00f3 Morant. Tambi\u00e9n dijo que la nueva Ley de la Ciencia que ver\u00e1 la luz en breve servir\u00e1 para mejorar los sistemas de contrataci\u00f3n del personal investigador.<\/p>\n<p>Por su parte, los cient\u00edficos de la Universidad de La Laguna presentes en la reuni\u00f3n le explicaron a la ministra que la insularidad supone un coste muy elevado, \u201ctodo cuesta el doble\u201d, le dijeron, a\u00a0la par que se quejaron de la enorme burocracia a la que se ven sometidos para concurrir a cualquier proyecto y poder justificarlo posteriormente. La necesidad de contar con personal investigador joven, que aporte nuevo talento a los equipos de investigaci\u00f3n, fue otro de los temas mencionados en la cita, dado que resulta complicado optar a nuevas figuras, la financiaci\u00f3n es escasa y las trabas burocr\u00e1ticas para captar talento internacional dentro del sistema espa\u00f1ol de ciencia y tecnolog\u00eda son enormes.<\/p>\n<p>La ministra dijo tomar buena nota de todo ello y trabajar en la encomienda dada por el presidente, Pedro S\u00e1nchez: transformar el ecosistema cient\u00edfico del pa\u00eds en diez a\u00f1os.<\/p>\n","protected":false},"excerpt":{"rendered":"<p>La ministra de Ciencia e Innovaci\u00f3n del Gobierno de Espa\u00f1a, Diana Morant, celebr\u00f3 ayer 13 un encuentro con una representaci\u00f3n&#8230;<\/p>\n","protected":false},"author":23,"featured_media":60161,"comment_status":"closed","ping_status":"closed","sticky":false,"template":"","format":"standard","meta":{"inline_featured_image":false,"footnotes":""},"categories":[3785,345,350,2765],"tags":[8113,8112,8114],"acf":[],"yoast_head":"<!-- This site is optimized with the Yoast SEO plugin v21.3 - https:\/\/yoast.com\/wordpress\/plugins\/seo\/ -->\n<title>Los investigadores de la ULL piden a la ministra de Ciencia menos burocracia y m\u00e1s ayudas para salvar el hecho insular - ULL - Noticias<\/title>\n<meta name=\"robots\" content=\"index, follow, max-snippet:-1, max-image-preview:large, max-video-preview:-1\" \/>\n<link rel=\"canonical\" href=\"https:\/\/www.ull.es\/portal\/noticias\/2021\/los-investigadores-de-la-ull-piden-a-la-ministra-de-ciencia-menos-burocracia-y-mas-ayudas-para-salvar-el-hecho-insular\/\" \/>\n<meta property=\"og:locale\" content=\"es_ES\" \/>\n<meta property=\"og:type\" content=\"article\" \/>\n<meta property=\"og:title\" content=\"Los investigadores de la ULL piden a la ministra de Ciencia menos burocracia y m\u00e1s ayudas para salvar el hecho insular - ULL - Noticias\" \/>\n<meta property=\"og:description\" content=\"La ministra de Ciencia e Innovaci\u00f3n del Gobierno de Espa\u00f1a, Diana Morant, celebr\u00f3 ayer 13 un encuentro con una representaci\u00f3n...\" \/>\n<meta property=\"og:url\" content=\"https:\/\/www.ull.es\/portal\/noticias\/2021\/los-investigadores-de-la-ull-piden-a-la-ministra-de-ciencia-menos-burocracia-y-mas-ayudas-para-salvar-el-hecho-insular\/\" \/>\n<meta property=\"og:site_name\" content=\"ULL - Noticias\" \/>\n<meta property=\"article:publisher\" content=\"https:\/\/www.facebook.com\/universidaddelalaguna\/\" \/>\n<meta property=\"article:published_time\" content=\"2021-12-14T10:59:19+00:00\" \/>\n<meta property=\"og:image\" content=\"https:\/\/www.ull.es\/portal\/noticias\/wp-content\/uploads\/sites\/13\/2021\/12\/Visita-Ministra-Diana-Morant-31.jpg\" \/>\n\t<meta property=\"og:image:width\" content=\"1024\" \/>\n\t<meta property=\"og:image:height\" content=\"683\" \/>\n\t<meta property=\"og:image:type\" content=\"image\/jpeg\" \/>\n<meta name=\"author\" content=\"gaprsa\" \/>\n<meta name=\"twitter:card\" content=\"summary_large_image\" \/>\n<meta name=\"twitter:creator\" content=\"@CanalULL\" \/>\n<meta name=\"twitter:site\" content=\"@CanalULL\" \/>\n<meta name=\"twitter:label1\" content=\"Escrito por\" \/>\n\t<meta name=\"twitter:data1\" content=\"gaprsa\" \/>\n\t<meta name=\"twitter:label2\" content=\"Tiempo de lectura\" \/>\n\t<meta name=\"twitter:data2\" content=\"3 minutos\" \/>\n<script type=\"application\/ld+json\" class=\"yoast-schema-graph\">{\"@context\":\"https:\/\/schema.org\",\"@graph\":[{\"@type\":\"WebPage\",\"@id\":\"https:\/\/www.ull.es\/portal\/noticias\/2021\/los-investigadores-de-la-ull-piden-a-la-ministra-de-ciencia-menos-burocracia-y-mas-ayudas-para-salvar-el-hecho-insular\/\",\"url\":\"https:\/\/www.ull.es\/portal\/noticias\/2021\/los-investigadores-de-la-ull-piden-a-la-ministra-de-ciencia-menos-burocracia-y-mas-ayudas-para-salvar-el-hecho-insular\/\",\"name\":\"Los investigadores de la ULL piden a la ministra de Ciencia menos burocracia y m\u00e1s ayudas para salvar el hecho insular - ULL - Noticias\",\"isPartOf\":{\"@id\":\"https:\/\/www.ull.es\/portal\/noticias\/#website\"},\"datePublished\":\"2021-12-14T10:59:19+00:00\",\"dateModified\":\"2021-12-14T10:59:19+00:00\",\"author\":{\"@id\":\"https:\/\/www.ull.es\/portal\/noticias\/#\/schema\/person\/b2b1a89d43ffa609e591f7df8ef3e817\"},\"breadcrumb\":{\"@id\":\"https:\/\/www.ull.es\/portal\/noticias\/2021\/los-investigadores-de-la-ull-piden-a-la-ministra-de-ciencia-menos-burocracia-y-mas-ayudas-para-salvar-el-hecho-insular\/#breadcrumb\"},\"inLanguage\":\"es\",\"potentialAction\":[{\"@type\":\"ReadAction\",\"target\":[\"https:\/\/www.ull.es\/portal\/noticias\/2021\/los-investigadores-de-la-ull-piden-a-la-ministra-de-ciencia-menos-burocracia-y-mas-ayudas-para-salvar-el-hecho-insular\/\"]}]},{\"@type\":\"BreadcrumbList\",\"@id\":\"https:\/\/www.ull.es\/portal\/noticias\/2021\/los-investigadores-de-la-ull-piden-a-la-ministra-de-ciencia-menos-burocracia-y-mas-ayudas-para-salvar-el-hecho-insular\/#breadcrumb\",\"itemListElement\":[{\"@type\":\"ListItem\",\"position\":1,\"name\":\"Portada\",\"item\":\"https:\/\/www.ull.es\/portal\/noticias\/\"},{\"@type\":\"ListItem\",\"position\":2,\"name\":\"Los investigadores de la ULL piden a la ministra de Ciencia menos burocracia y m\u00e1s ayudas para salvar el hecho insular\"}]},{\"@type\":\"WebSite\",\"@id\":\"https:\/\/www.ull.es\/portal\/noticias\/#website\",\"url\":\"https:\/\/www.ull.es\/portal\/noticias\/\",\"name\":\"ULL - Noticias\",\"description\":\"\",\"potentialAction\":[{\"@type\":\"SearchAction\",\"target\":{\"@type\":\"EntryPoint\",\"urlTemplate\":\"https:\/\/www.ull.es\/portal\/noticias\/?s={search_term_string}\"},\"query-input\":\"required name=search_term_string\"}],\"inLanguage\":\"es\"},{\"@type\":\"Person\",\"@id\":\"https:\/\/www.ull.es\/portal\/noticias\/#\/schema\/person\/b2b1a89d43ffa609e591f7df8ef3e817\",\"name\":\"gaprsa\",\"image\":{\"@type\":\"ImageObject\",\"inLanguage\":\"es\",\"@id\":\"https:\/\/www.ull.es\/portal\/noticias\/#\/schema\/person\/image\/\",\"url\":\"https:\/\/secure.gravatar.com\/avatar\/443820550921091458b4823867723b3d?s=96&d=mm&r=g\",\"contentUrl\":\"https:\/\/secure.gravatar.com\/avatar\/443820550921091458b4823867723b3d?s=96&d=mm&r=g\",\"caption\":\"gaprsa\"},\"url\":\"https:\/\/www.ull.es\/portal\/noticias\/author\/gaprsa\/\"}]}<\/script>\n<!-- \/ Yoast SEO plugin. -->","yoast_head_json":{"title":"Los investigadores de la ULL piden a la ministra de Ciencia menos burocracia y m\u00e1s ayudas para salvar el hecho insular - ULL - Noticias","robots":{"index":"index","follow":"follow","max-snippet":"max-snippet:-1","max-image-preview":"max-image-preview:large","max-video-preview":"max-video-preview:-1"},"canonical":"https:\/\/www.ull.es\/portal\/noticias\/2021\/los-investigadores-de-la-ull-piden-a-la-ministra-de-ciencia-menos-burocracia-y-mas-ayudas-para-salvar-el-hecho-insular\/","og_locale":"es_ES","og_type":"article","og_title":"Los investigadores de la ULL piden a la ministra de Ciencia menos burocracia y m\u00e1s ayudas para salvar el hecho insular - ULL - Noticias","og_description":"La ministra de Ciencia e Innovaci\u00f3n del Gobierno de Espa\u00f1a, Diana Morant, celebr\u00f3 ayer 13 un encuentro con una representaci\u00f3n...","og_url":"https:\/\/www.ull.es\/portal\/noticias\/2021\/los-investigadores-de-la-ull-piden-a-la-ministra-de-ciencia-menos-burocracia-y-mas-ayudas-para-salvar-el-hecho-insular\/","og_site_name":"ULL - Noticias","article_publisher":"https:\/\/www.facebook.com\/universidaddelalaguna\/","article_published_time":"2021-12-14T10:59:19+00:00","og_image":[{"width":1024,"height":683,"url":"https:\/\/www.ull.es\/portal\/noticias\/wp-content\/uploads\/sites\/13\/2021\/12\/Visita-Ministra-Diana-Morant-31.jpg","type":"image\/jpeg"}],"author":"gaprsa","twitter_card":"summary_large_image","twitter_creator":"@CanalULL","twitter_site":"@CanalULL","twitter_misc":{"Escrito por":"gaprsa","Tiempo de lectura":"3 minutos"},"schema":{"@context":"https:\/\/schema.org","@graph":[{"@type":"WebPage","@id":"https:\/\/www.ull.es\/portal\/noticias\/2021\/los-investigadores-de-la-ull-piden-a-la-ministra-de-ciencia-menos-burocracia-y-mas-ayudas-para-salvar-el-hecho-insular\/","url":"https:\/\/www.ull.es\/portal\/noticias\/2021\/los-investigadores-de-la-ull-piden-a-la-ministra-de-ciencia-menos-burocracia-y-mas-ayudas-para-salvar-el-hecho-insular\/","name":"Los investigadores de la ULL piden a la ministra de Ciencia menos burocracia y m\u00e1s ayudas para salvar el hecho insular - ULL - Noticias","isPartOf":{"@id":"https:\/\/www.ull.es\/portal\/noticias\/#website"},"datePublished":"2021-12-14T10:59:19+00:00","dateModified":"2021-12-14T10:59:19+00:00","author":{"@id":"https:\/\/www.ull.es\/portal\/noticias\/#\/schema\/person\/b2b1a89d43ffa609e591f7df8ef3e817"},"breadcrumb":{"@id":"https:\/\/www.ull.es\/portal\/noticias\/2021\/los-investigadores-de-la-ull-piden-a-la-ministra-de-ciencia-menos-burocracia-y-mas-ayudas-para-salvar-el-hecho-insular\/#breadcrumb"},"inLanguage":"es","potentialAction":[{"@type":"ReadAction","target":["https:\/\/www.ull.es\/portal\/noticias\/2021\/los-investigadores-de-la-ull-piden-a-la-ministra-de-ciencia-menos-burocracia-y-mas-ayudas-para-salvar-el-hecho-insular\/"]}]},{"@type":"BreadcrumbList","@id":"https:\/\/www.ull.es\/portal\/noticias\/2021\/los-investigadores-de-la-ull-piden-a-la-ministra-de-ciencia-menos-burocracia-y-mas-ayudas-para-salvar-el-hecho-insular\/#breadcrumb","itemListElement":[{"@type":"ListItem","position":1,"name":"Portada","item":"https:\/\/www.ull.es\/portal\/noticias\/"},{"@type":"ListItem","position":2,"name":"Los investigadores de la ULL piden a la ministra de Ciencia menos burocracia y m\u00e1s ayudas para salvar el hecho insular"}]},{"@type":"WebSite","@id":"https:\/\/www.ull.es\/portal\/noticias\/#website","url":"https:\/\/www.ull.es\/portal\/noticias\/","name":"ULL - Noticias","description":"","potentialAction":[{"@type":"SearchAction","target":{"@type":"EntryPoint","urlTemplate":"https:\/\/www.ull.es\/portal\/noticias\/?s={search_term_string}"},"query-input":"required name=search_term_string"}],"inLanguage":"es"},{"@type":"Person","@id":"https:\/\/www.ull.es\/portal\/noticias\/#\/schema\/person\/b2b1a89d43ffa609e591f7df8ef3e817","name":"gaprsa","image":{"@type":"ImageObject","inLanguage":"es","@id":"https:\/\/www.ull.es\/portal\/noticias\/#\/schema\/person\/image\/","url":"https:\/\/secure.gravatar.com\/avatar\/443820550921091458b4823867723b3d?s=96&d=mm&r=g","contentUrl":"https:\/\/secure.gravatar.com\/avatar\/443820550921091458b4823867723b3d?s=96&d=mm&r=g","caption":"gaprsa"},"url":"https:\/\/www.ull.es\/portal\/noticias\/author\/gaprsa\/"}]}},"primary_category":{"id":345,"name":"Destacado","slug":"destacado","link":"https:\/\/www.ull.es\/portal\/noticias\/category\/destacado\/"},"featured_image_thumbnail_url":"https:\/\/www.ull.es\/portal\/noticias\/wp-content\/uploads\/sites\/13\/2021\/12\/Visita-Ministra-Diana-Morant-31-300x200.jpg","_links":{"self":[{"href":"https:\/\/www.ull.es\/portal\/noticias\/wp-json\/wp\/v2\/posts\/60158"}],"collection":[{"href":"https:\/\/www.ull.es\/portal\/noticias\/wp-json\/wp\/v2\/posts"}],"about":[{"href":"https:\/\/www.ull.es\/portal\/noticias\/wp-json\/wp\/v2\/types\/post"}],"author":[{"embeddable":true,"href":"https:\/\/www.ull.es\/portal\/noticias\/wp-json\/wp\/v2\/users\/23"}],"replies":[{"embeddable":true,"href":"https:\/\/www.ull.es\/portal\/noticias\/wp-json\/wp\/v2\/comments?post=60158"}],"version-history":[{"count":2,"href":"https:\/\/www.ull.es\/portal\/noticias\/wp-json\/wp\/v2\/posts\/60158\/revisions"}],"predecessor-version":[{"id":60164,"href":"https:\/\/www.ull.es\/portal\/noticias\/wp-json\/wp\/v2\/posts\/60158\/revisions\/60164"}],"wp:featuredmedia":[{"embeddable":true,"href":"https:\/\/www.ull.es\/portal\/noticias\/wp-json\/wp\/v2\/media\/60161"}],"wp:attachment":[{"href":"https:\/\/www.ull.es\/portal\/noticias\/wp-json\/wp\/v2\/media?parent=60158"}],"wp:term":[{"taxonomy":"category","embeddable":true,"href":"https:\/\/www.ull.es\/portal\/noticias\/wp-json\/wp\/v2\/categories?post=60158"},{"taxonomy":"post_tag","embeddable":true,"href":"https:\/\/www.ull.es\/portal\/noticias\/wp-json\/wp\/v2\/tags?post=60158"}],"curies":[{"name":"wp","href":"https:\/\/api.w.org\/{rel}","templated":true}]}}