{"id":60186,"date":"2021-12-15T10:19:10","date_gmt":"2021-12-15T10:19:10","guid":{"rendered":"https:\/\/www.ull.es\/portal\/noticias\/?p=60186"},"modified":"2021-12-15T11:41:58","modified_gmt":"2021-12-15T11:41:58","slug":"huella-ecologica-infraestructuras-hidraulicas-relacionadas-ciclo-agua","status":"publish","type":"post","link":"https:\/\/www.ull.es\/portal\/noticias\/2021\/huella-ecologica-infraestructuras-hidraulicas-relacionadas-ciclo-agua\/","title":{"rendered":"La ULL calcula la huella ecol\u00f3gica en las infraestructuras hidr\u00e1ulicas relacionadas con el ciclo del agua de Canarias"},"content":{"rendered":"<p class=\"p3\">Las islas son sistemas vulnerables al cambio clim\u00e1tico, debido a su gran dependencia del exterior, un elevado turismo que es, a su vez, un gran consumidor de recursos naturales y energ\u00e9ticos, y unos recursos limitados, entre otros. En pleno proceso de transici\u00f3n ecol\u00f3gica, con la Agenda 2030 como marco de referencia, el Gobierno de Canarias est\u00e1 fomentando proyectos de investigaci\u00f3n que aborden la sostenibilidad en el archipi\u00e9lago. Uno de ellos es \u201c<a href=\"https:\/\/proyectoihec.com\/\" target=\"_blank\" rel=\"noopener\" target=\"_blank\" rel=\"noopener\">An\u00e1lisis de la Huella de Carbono e H\u00eddrica de las tres principales actividades econ\u00f3micas en las Islas Canarias: turismo, agricultura y ciclo integral del agua\u201d<\/a>, promovido por la Consejer\u00eda de Transici\u00f3n Ecol\u00f3gica, Lucha contra el Cambio Clim\u00e1tico y Planificaci\u00f3n Territorial y coordinado por la Universidad de La Laguna.<\/p>\n<p class=\"p3\">El proyecto fue presentado el pasado recientemente por el director general de Ordenaci\u00f3n del Territorio y Aguas del Gobierno de Canarias, V\u00edctor Navarro, en la Secci\u00f3n de Ingenier\u00eda Agraria de la Universidad de La Laguna. Por parte de la instituci\u00f3n acad\u00e9mica, el proyecto est\u00e1 siendo coordinado por el profesor <a href=\"https:\/\/portalciencia.ull.es\/investigadores\/81246\/detalle\" target=\"_blank\" rel=\"noopener\" target=\"_blank\" rel=\"noopener\"><span class=\"s2\">Juan Carlos Santamarta<\/span><\/a> y la investigadora <a href=\"https:\/\/portalciencia.ull.es\/investigadores\/82630\/detalle\" target=\"_blank\" rel=\"noopener\" target=\"_blank\" rel=\"noopener\"><span class=\"s2\">Noelia Cruz<\/span><\/a>.<span class=\"Apple-converted-space\">\u00a0<\/span><\/p>\n<p class=\"p3\">La reducci\u00f3n de la dependencia energ\u00e9tica exterior y el avance hacia un escenario con la m\u00e1xima autosuficiencia y garant\u00eda de suministros energ\u00e9ticos es un reto que afronta el archipi\u00e9lago canario. Tambi\u00e9n la progresiva descarbonizaci\u00f3n de la econom\u00eda, as\u00ed como la implantaci\u00f3n progresiva de las energ\u00edas renovables y la reducci\u00f3n de las emisiones de gases de efecto invernadero, de acuerdo con los compromisos adquiridos por Espa\u00f1a y la Uni\u00f3n Europea.<span class=\"Apple-converted-space\">\u00a0<\/span><\/p>\n<p class=\"p3\">La huella de carbono, que es el indicador utilizado para conocer el impacto medioambiental de las principales actividades del archipi\u00e9lago, contabiliza la totalidad de los gases de efecto invernadero asociados a la producci\u00f3n de un producto, la prestaci\u00f3n de un servicio o la realizaci\u00f3n de una actividad, generados tanto de forma directa como indirecta por la organizaci\u00f3n y, de ese modo, calibrar su impacto sobre el medio ambiente.<span class=\"Apple-converted-space\">\u00a0<\/span><\/p>\n<p class=\"p3\">En este caso, el estudio aborda los tres alcances de la huella de carbono, que contabilizan las emisiones procedentes de los combustibles f\u00f3siles, as\u00ed como de la electricidad empleada por la instalaci\u00f3n para su funcionamiento. Adem\u00e1s, tendr\u00e1 en cuenta la dependencia de la instalaci\u00f3n de proveedores externos y dem\u00e1s elementos indirectos, que contribuyen al correcto funcionamiento de esta.<\/p>\n<p class=\"p3\">As\u00ed como la huella de carbono contabiliza las emisiones de los gases de efecto invernadero, la huella h\u00eddrica lo hace del volumen total de agua dulce necesaria para producir los bienes y servicios consumidos por el individuo, la comunidad o la organizaci\u00f3n. Es el resultado de sumar el volumen de agua dulce consumida y la contaminaci\u00f3n asociada a su uso por el consumidor o el productor, y el volumen de agua dulce consumida y la contaminaci\u00f3n asociada a la producci\u00f3n de bienes y servicios.<\/p>\n<p class=\"p3\">La metodolog\u00eda empleada en este proyecto ha sido la GHG Protocol y los dos a\u00f1os seleccionados para el c\u00e1lculo han sido el 2019 y el 2020, con el objetivo de ver el efecto de la pandemia en las emisiones realizadas.<\/p>\n<p class=\"p3\"><b>Resultados<span class=\"Apple-converted-space\">\u00a0<\/span><\/b><\/p>\n<p class=\"p3\">La huella de carbono m\u00e1s elevada ha sido la obtenida para las desalinizadoras de agua de mar, que se mueven en una horquilla de aproximadamente 1,0 y 5,0 kilogramos de di\u00f3xido de carbono equivalentes por metro c\u00fabico. Para el caso de las depuradoras de aguas residuales, este rango es de 0,2 y 1,20 kgCO<span class=\"s3\"><sub>2eq<\/sub><\/span>\/m<span class=\"s3\"><sup>3<\/sup><\/span>. En todos los casos, la huella de carbono ha sido inferior en el a\u00f1o 2020, si la comparamos con la del a\u00f1o 2019.<span class=\"Apple-converted-space\">\u00a0<\/span><\/p>\n<p class=\"p3\">Esto se debe principalmente a dos factores clave: la reducci\u00f3n dr\u00e1stica del turismo durante el a\u00f1o 2020, que provoc\u00f3 una disminuci\u00f3n en la demanda h\u00eddrica de las islas y, en segundo lugar, la disminuci\u00f3n de los factores de emisi\u00f3n que son los valores por los que multiplicamos los consumos anuales, con el objetivo de conocer las emisiones asociadas a un servicio. Estos factores de emisi\u00f3n los publica anualmente el Ministerio para la Transici\u00f3n Ecol\u00f3gica y, para el caso de las suministradoras el\u00e9ctricas, se ha encontrado unos mix el\u00e9ctricos cada vez m\u00e1s eficientes, lo que favorece la disminuci\u00f3n de las emisiones asociadas al consumo energ\u00e9tico de las instalaciones (que es el m\u00e1s elevado en casi todos los casos, en relaci\u00f3n el resto de consumos estudiados, como los de combustibles f\u00f3siles).<\/p>\n<p class=\"p3\">Cada uno de los a\u00f1os de duraci\u00f3n del proyecto se presentar\u00e1n los resultados de cada uno de los sectores estudiados; este primer a\u00f1o se ha estudiado el ciclo integral del agua en las Islas Canarias, para lo cual se ha contado con la participaci\u00f3n de diferentes empresas relacionadas con el sector, como Tagua, Elmasa, Canaragua, Grupo Bonny, Savasa, y entidades p\u00fablicas como la C\u00e1mara Insular de Aguas de Tenerife y los Consejos Insulares de Aguas de La Palma y el Hierro.<\/p>\n<p class=\"p3\">Se contar\u00e1 con la experiencia obtenida de la aplicaci\u00f3n de una metodolog\u00eda desarrollada por el grupo de investigaci\u00f3n <a href=\"https:\/\/portalciencia.ull.es\/grupos\/6443\/detalle\" target=\"_blank\" rel=\"noopener\" target=\"_blank\" rel=\"noopener\"><span class=\"s2\">INGENIA<\/span><\/a> de la Universidad de La Laguna tanto en Canarias como en diferentes pa\u00edses europeos durante los a\u00f1os 2019 y 2020, as\u00ed como un trabajo previo similar realizado para las Islas Baleares. Se pretende realizar un proyecto de referencia para tener un punto de partida para el proceso de descarbonizaci\u00f3n de las islas y mejora de su ciclo integral del agua.<span class=\"Apple-converted-space\">\u00a0<\/span><\/p>\n","protected":false},"excerpt":{"rendered":"<p>Las islas son sistemas vulnerables al cambio clim\u00e1tico, debido a su gran dependencia del exterior, un elevado turismo que es,&#8230;<\/p>\n","protected":false},"author":21,"featured_media":60187,"comment_status":"closed","ping_status":"closed","sticky":false,"template":"","format":"standard","meta":{"inline_featured_image":false,"footnotes":""},"categories":[345,3898,8033,350,2765],"tags":[7001,8122,4537,8121,1685,8124,8123],"acf":[],"yoast_head":"<!-- This site is optimized with the Yoast SEO plugin v21.3 - https:\/\/yoast.com\/wordpress\/plugins\/seo\/ -->\n<title>La ULL calcula la huella ecol\u00f3gica en las infraestructuras hidr\u00e1ulicas<\/title>\n<meta name=\"description\" content=\"Un proyecto analizar\u00e1 la huella de carbono e h\u00eddrica del turismo, la agricultura y el ciclo integral del agua en Canarias.\" \/>\n<meta name=\"robots\" content=\"index, follow, max-snippet:-1, max-image-preview:large, max-video-preview:-1\" \/>\n<link rel=\"canonical\" href=\"https:\/\/www.ull.es\/portal\/noticias\/2021\/huella-ecologica-infraestructuras-hidraulicas-relacionadas-ciclo-agua\/\" \/>\n<meta property=\"og:locale\" content=\"es_ES\" \/>\n<meta property=\"og:type\" content=\"article\" \/>\n<meta property=\"og:title\" content=\"La ULL calcula la huella ecol\u00f3gica en las infraestructuras hidr\u00e1ulicas\" \/>\n<meta property=\"og:description\" content=\"Un proyecto analizar\u00e1 la huella de carbono e h\u00eddrica del turismo, la agricultura y el ciclo integral del agua en Canarias.\" \/>\n<meta property=\"og:url\" content=\"https:\/\/www.ull.es\/portal\/noticias\/2021\/huella-ecologica-infraestructuras-hidraulicas-relacionadas-ciclo-agua\/\" \/>\n<meta property=\"og:site_name\" content=\"ULL - Noticias\" \/>\n<meta property=\"article:publisher\" content=\"https:\/\/www.facebook.com\/universidaddelalaguna\/\" \/>\n<meta property=\"article:published_time\" content=\"2021-12-15T10:19:10+00:00\" \/>\n<meta property=\"article:modified_time\" content=\"2021-12-15T11:41:58+00:00\" \/>\n<meta property=\"og:image\" content=\"https:\/\/www.ull.es\/portal\/noticias\/wp-content\/uploads\/sites\/13\/2021\/12\/santamarta-navarro-cruz.jpeg\" \/>\n\t<meta property=\"og:image:width\" content=\"1200\" \/>\n\t<meta property=\"og:image:height\" content=\"800\" \/>\n\t<meta property=\"og:image:type\" content=\"image\/jpeg\" \/>\n<meta name=\"author\" content=\"prensa2\" \/>\n<meta name=\"twitter:card\" content=\"summary_large_image\" \/>\n<meta name=\"twitter:creator\" content=\"@CanalULL\" \/>\n<meta name=\"twitter:site\" content=\"@CanalULL\" \/>\n<meta name=\"twitter:label1\" content=\"Escrito por\" \/>\n\t<meta name=\"twitter:data1\" content=\"prensa2\" \/>\n\t<meta name=\"twitter:label2\" content=\"Tiempo de lectura\" \/>\n\t<meta name=\"twitter:data2\" content=\"4 minutos\" \/>\n<script type=\"application\/ld+json\" class=\"yoast-schema-graph\">{\"@context\":\"https:\/\/schema.org\",\"@graph\":[{\"@type\":\"WebPage\",\"@id\":\"https:\/\/www.ull.es\/portal\/noticias\/2021\/huella-ecologica-infraestructuras-hidraulicas-relacionadas-ciclo-agua\/\",\"url\":\"https:\/\/www.ull.es\/portal\/noticias\/2021\/huella-ecologica-infraestructuras-hidraulicas-relacionadas-ciclo-agua\/\",\"name\":\"La ULL calcula la huella ecol\u00f3gica en las infraestructuras hidr\u00e1ulicas\",\"isPartOf\":{\"@id\":\"https:\/\/www.ull.es\/portal\/noticias\/#website\"},\"datePublished\":\"2021-12-15T10:19:10+00:00\",\"dateModified\":\"2021-12-15T11:41:58+00:00\",\"author\":{\"@id\":\"https:\/\/www.ull.es\/portal\/noticias\/#\/schema\/person\/c3b2aa857797592927a03740d6664376\"},\"description\":\"Un proyecto analizar\u00e1 la huella de carbono e h\u00eddrica del turismo, la agricultura y el ciclo integral del agua en Canarias.\",\"breadcrumb\":{\"@id\":\"https:\/\/www.ull.es\/portal\/noticias\/2021\/huella-ecologica-infraestructuras-hidraulicas-relacionadas-ciclo-agua\/#breadcrumb\"},\"inLanguage\":\"es\",\"potentialAction\":[{\"@type\":\"ReadAction\",\"target\":[\"https:\/\/www.ull.es\/portal\/noticias\/2021\/huella-ecologica-infraestructuras-hidraulicas-relacionadas-ciclo-agua\/\"]}]},{\"@type\":\"BreadcrumbList\",\"@id\":\"https:\/\/www.ull.es\/portal\/noticias\/2021\/huella-ecologica-infraestructuras-hidraulicas-relacionadas-ciclo-agua\/#breadcrumb\",\"itemListElement\":[{\"@type\":\"ListItem\",\"position\":1,\"name\":\"Portada\",\"item\":\"https:\/\/www.ull.es\/portal\/noticias\/\"},{\"@type\":\"ListItem\",\"position\":2,\"name\":\"La ULL calcula la huella ecol\u00f3gica en las infraestructuras hidr\u00e1ulicas relacionadas con el ciclo del agua de Canarias\"}]},{\"@type\":\"WebSite\",\"@id\":\"https:\/\/www.ull.es\/portal\/noticias\/#website\",\"url\":\"https:\/\/www.ull.es\/portal\/noticias\/\",\"name\":\"ULL - Noticias\",\"description\":\"\",\"potentialAction\":[{\"@type\":\"SearchAction\",\"target\":{\"@type\":\"EntryPoint\",\"urlTemplate\":\"https:\/\/www.ull.es\/portal\/noticias\/?s={search_term_string}\"},\"query-input\":\"required name=search_term_string\"}],\"inLanguage\":\"es\"},{\"@type\":\"Person\",\"@id\":\"https:\/\/www.ull.es\/portal\/noticias\/#\/schema\/person\/c3b2aa857797592927a03740d6664376\",\"name\":\"prensa2\",\"image\":{\"@type\":\"ImageObject\",\"inLanguage\":\"es\",\"@id\":\"https:\/\/www.ull.es\/portal\/noticias\/#\/schema\/person\/image\/\",\"url\":\"https:\/\/secure.gravatar.com\/avatar\/b58f310a5de5feb33d1e026d2493f23c?s=96&d=mm&r=g\",\"contentUrl\":\"https:\/\/secure.gravatar.com\/avatar\/b58f310a5de5feb33d1e026d2493f23c?s=96&d=mm&r=g\",\"caption\":\"prensa2\"},\"url\":\"https:\/\/www.ull.es\/portal\/noticias\/author\/prensa2\/\"}]}<\/script>\n<!-- \/ Yoast SEO plugin. -->","yoast_head_json":{"title":"La ULL calcula la huella ecol\u00f3gica en las infraestructuras hidr\u00e1ulicas","description":"Un proyecto analizar\u00e1 la huella de carbono e h\u00eddrica del turismo, la agricultura y el ciclo integral del agua en Canarias.","robots":{"index":"index","follow":"follow","max-snippet":"max-snippet:-1","max-image-preview":"max-image-preview:large","max-video-preview":"max-video-preview:-1"},"canonical":"https:\/\/www.ull.es\/portal\/noticias\/2021\/huella-ecologica-infraestructuras-hidraulicas-relacionadas-ciclo-agua\/","og_locale":"es_ES","og_type":"article","og_title":"La ULL calcula la huella ecol\u00f3gica en las infraestructuras hidr\u00e1ulicas","og_description":"Un proyecto analizar\u00e1 la huella de carbono e h\u00eddrica del turismo, la agricultura y el ciclo integral del agua en Canarias.","og_url":"https:\/\/www.ull.es\/portal\/noticias\/2021\/huella-ecologica-infraestructuras-hidraulicas-relacionadas-ciclo-agua\/","og_site_name":"ULL - Noticias","article_publisher":"https:\/\/www.facebook.com\/universidaddelalaguna\/","article_published_time":"2021-12-15T10:19:10+00:00","article_modified_time":"2021-12-15T11:41:58+00:00","og_image":[{"width":1200,"height":800,"url":"https:\/\/www.ull.es\/portal\/noticias\/wp-content\/uploads\/sites\/13\/2021\/12\/santamarta-navarro-cruz.jpeg","type":"image\/jpeg"}],"author":"prensa2","twitter_card":"summary_large_image","twitter_creator":"@CanalULL","twitter_site":"@CanalULL","twitter_misc":{"Escrito por":"prensa2","Tiempo de lectura":"4 minutos"},"schema":{"@context":"https:\/\/schema.org","@graph":[{"@type":"WebPage","@id":"https:\/\/www.ull.es\/portal\/noticias\/2021\/huella-ecologica-infraestructuras-hidraulicas-relacionadas-ciclo-agua\/","url":"https:\/\/www.ull.es\/portal\/noticias\/2021\/huella-ecologica-infraestructuras-hidraulicas-relacionadas-ciclo-agua\/","name":"La ULL calcula la huella ecol\u00f3gica en las infraestructuras hidr\u00e1ulicas","isPartOf":{"@id":"https:\/\/www.ull.es\/portal\/noticias\/#website"},"datePublished":"2021-12-15T10:19:10+00:00","dateModified":"2021-12-15T11:41:58+00:00","author":{"@id":"https:\/\/www.ull.es\/portal\/noticias\/#\/schema\/person\/c3b2aa857797592927a03740d6664376"},"description":"Un proyecto analizar\u00e1 la huella de carbono e h\u00eddrica del turismo, la agricultura y el ciclo integral del agua en Canarias.","breadcrumb":{"@id":"https:\/\/www.ull.es\/portal\/noticias\/2021\/huella-ecologica-infraestructuras-hidraulicas-relacionadas-ciclo-agua\/#breadcrumb"},"inLanguage":"es","potentialAction":[{"@type":"ReadAction","target":["https:\/\/www.ull.es\/portal\/noticias\/2021\/huella-ecologica-infraestructuras-hidraulicas-relacionadas-ciclo-agua\/"]}]},{"@type":"BreadcrumbList","@id":"https:\/\/www.ull.es\/portal\/noticias\/2021\/huella-ecologica-infraestructuras-hidraulicas-relacionadas-ciclo-agua\/#breadcrumb","itemListElement":[{"@type":"ListItem","position":1,"name":"Portada","item":"https:\/\/www.ull.es\/portal\/noticias\/"},{"@type":"ListItem","position":2,"name":"La ULL calcula la huella ecol\u00f3gica en las infraestructuras hidr\u00e1ulicas relacionadas con el ciclo del agua de Canarias"}]},{"@type":"WebSite","@id":"https:\/\/www.ull.es\/portal\/noticias\/#website","url":"https:\/\/www.ull.es\/portal\/noticias\/","name":"ULL - Noticias","description":"","potentialAction":[{"@type":"SearchAction","target":{"@type":"EntryPoint","urlTemplate":"https:\/\/www.ull.es\/portal\/noticias\/?s={search_term_string}"},"query-input":"required name=search_term_string"}],"inLanguage":"es"},{"@type":"Person","@id":"https:\/\/www.ull.es\/portal\/noticias\/#\/schema\/person\/c3b2aa857797592927a03740d6664376","name":"prensa2","image":{"@type":"ImageObject","inLanguage":"es","@id":"https:\/\/www.ull.es\/portal\/noticias\/#\/schema\/person\/image\/","url":"https:\/\/secure.gravatar.com\/avatar\/b58f310a5de5feb33d1e026d2493f23c?s=96&d=mm&r=g","contentUrl":"https:\/\/secure.gravatar.com\/avatar\/b58f310a5de5feb33d1e026d2493f23c?s=96&d=mm&r=g","caption":"prensa2"},"url":"https:\/\/www.ull.es\/portal\/noticias\/author\/prensa2\/"}]}},"primary_category":{"id":350,"name":"Investigaci\u00f3n","slug":"investigacion","link":"https:\/\/www.ull.es\/portal\/noticias\/category\/investigacion\/"},"featured_image_thumbnail_url":"https:\/\/www.ull.es\/portal\/noticias\/wp-content\/uploads\/sites\/13\/2021\/12\/santamarta-navarro-cruz-300x200.jpeg","_links":{"self":[{"href":"https:\/\/www.ull.es\/portal\/noticias\/wp-json\/wp\/v2\/posts\/60186"}],"collection":[{"href":"https:\/\/www.ull.es\/portal\/noticias\/wp-json\/wp\/v2\/posts"}],"about":[{"href":"https:\/\/www.ull.es\/portal\/noticias\/wp-json\/wp\/v2\/types\/post"}],"author":[{"embeddable":true,"href":"https:\/\/www.ull.es\/portal\/noticias\/wp-json\/wp\/v2\/users\/21"}],"replies":[{"embeddable":true,"href":"https:\/\/www.ull.es\/portal\/noticias\/wp-json\/wp\/v2\/comments?post=60186"}],"version-history":[{"count":2,"href":"https:\/\/www.ull.es\/portal\/noticias\/wp-json\/wp\/v2\/posts\/60186\/revisions"}],"predecessor-version":[{"id":60195,"href":"https:\/\/www.ull.es\/portal\/noticias\/wp-json\/wp\/v2\/posts\/60186\/revisions\/60195"}],"wp:featuredmedia":[{"embeddable":true,"href":"https:\/\/www.ull.es\/portal\/noticias\/wp-json\/wp\/v2\/media\/60187"}],"wp:attachment":[{"href":"https:\/\/www.ull.es\/portal\/noticias\/wp-json\/wp\/v2\/media?parent=60186"}],"wp:term":[{"taxonomy":"category","embeddable":true,"href":"https:\/\/www.ull.es\/portal\/noticias\/wp-json\/wp\/v2\/categories?post=60186"},{"taxonomy":"post_tag","embeddable":true,"href":"https:\/\/www.ull.es\/portal\/noticias\/wp-json\/wp\/v2\/tags?post=60186"}],"curies":[{"name":"wp","href":"https:\/\/api.w.org\/{rel}","templated":true}]}}