{"id":60478,"date":"2022-01-12T13:45:28","date_gmt":"2022-01-12T13:45:28","guid":{"rendered":"https:\/\/www.ull.es\/portal\/noticias\/?p=60478"},"modified":"2022-01-12T13:50:13","modified_gmt":"2022-01-12T13:50:13","slug":"un-equipo-multidisciplinar-dirigido-por-la-ull-profundiza-en-el-conocimiento-del-primer-poblamiento-de-la-gomera","status":"publish","type":"post","link":"https:\/\/www.ull.es\/portal\/noticias\/2022\/un-equipo-multidisciplinar-dirigido-por-la-ull-profundiza-en-el-conocimiento-del-primer-poblamiento-de-la-gomera\/","title":{"rendered":"Un equipo multidisciplinar dirigido por la ULL profundiza en el conocimiento del primer poblamiento de La Gomera"},"content":{"rendered":"<p>Un equipo multidisplinar con diferentes especialistas, dirigidos por el catedr\u00e1tico de la Universidad de La Laguna Juan Francisco Navarro, interviene el yacimiento de El Lomito del Medio para extraer m\u00e1s informaci\u00f3n acerca del primer poblamiento de La Gomera. La importancia de la excavaci\u00f3n, auspiciada por la Direcci\u00f3n General de Patrimonio Cultural del Gobierno de Canarias, radica en que nunca se ha excavado en extensi\u00f3n una cueva habitacional en la isla. Los trabajos cient\u00edficos comenzaron entre 2009 y 2010 con doce sondeos de los que se obtuvieron unos resultados sorprendentes en cinco \u00e1reas muy distintas de la isla. Su objetivo fue sentar las bases para un posterior estudio de las \u00e1reas habitacionales de la antigua poblaci\u00f3n gomera, muy poco estudiadas.<\/p>\n<p>El punto de mira de estas intervenciones era localizar cuevas, cuya funci\u00f3n fuera la de vivienda con unas condiciones singulares para poder excavarlas en extensi\u00f3n posteriormente, entre ellas, la potencia arqueosedimentaria, un registro arqueol\u00f3gico significativo, accesibilidad y buena conservaci\u00f3n. El Lomito del Medio fue una de ellas.<\/p>\n<p>Para profundizar en el conocimiento del primer poblamiento en la isla, Patrimonio Cultural ha iniciado una nueva fase de investigaci\u00f3n en este yacimiento a trav\u00e9s de la intervenci\u00f3n arqueol\u00f3gica, con la participaci\u00f3n de diferente personal experto de la empresa Arqueometra, bajo la direcci\u00f3n de Juan Francisco Navarro Mederos, del \u00e1rea de Prehistoria de la Universidad de La Laguna. Los trabajos cuentan con la colaboraci\u00f3n del Museo Arqueol\u00f3gico de La Gomera y la Unidad de Medio Ambiente, ambos pertenecientes al Cabildo Insular.<\/p>\n<p>Los resultados obtenidos en los primeros sondeos fueron importantes en el contexto de la isla. Por ejemplo, son interesantes las dataciones sobre materiales de El Lomito del Medio, que revelaron una ocupaci\u00f3n inicial en el siglo I d.C. Adem\u00e1s, el registro arqueol\u00f3gico es muy abundante y variado en cuanto a su naturaleza, de manera que algunas evidencias no se hab\u00edan identificado hasta entonces en estos contextos arqueol\u00f3gicos, aconsejando una nueva intervenci\u00f3n en el yacimiento con car\u00e1cter extensivo.<\/p>\n<figure id=\"attachment_78803\" class=\"wp-caption alignright\" aria-describedby=\"caption-attachment-78803\"><img decoding=\"async\" loading=\"lazy\" class=\"size-medium wp-image-78803\" src=\"https:\/\/www3.gobiernodecanarias.org\/noticias\/wp-content\/uploads\/2022\/01\/Lomito-del-Medio.jpg2_-300x200.jpg\" alt=\"Intervenci\u00f3n arqueol\u00f3gica Lomito del Medio\" width=\"300\" height=\"200\" \/><figcaption id=\"caption-attachment-78803\" class=\"wp-caption-text\">Intervenci\u00f3n arqueol\u00f3gica Lomito del Medio<\/figcaption><\/figure>\n<p><strong>Intervenci\u00f3n arqueol\u00f3gica\u00a0<\/strong><\/p>\n<p>La cueva est\u00e1 a una altitud de 375 metros y la cavidad se abre en un nivel de tosca rojizo-anaranjada, dentro de un gran sector de lavas apiladas donde hay otros muchos yacimientos, otras cuevas de habitaci\u00f3n y una gran necr\u00f3polis. Sus dimensiones y morfolog\u00eda son muy propias para el h\u00e1bitat, presentando una uniformidad que no abunda en la isla. Muy cerca de esta cueva de habitaci\u00f3n fueron localizadas dos cuevas de enterramiento, relaci\u00f3n espacial cuyo patr\u00f3n ha sido reconocido en toda la isla. En las ca\u00f1adas contiguas, tanto hacia el norte como hacia el sur, hay una gran abundancia de yacimientos arqueol\u00f3gicos.<\/p>\n<p>Con esta nueva investigaci\u00f3n se pretende abrir una l\u00ednea de trabajo a medio y largo plazo, tras el an\u00e1lisis de la secuencia estratigr\u00e1fica de mayor potencia registrada en La Gomera, teniendo en cuenta que uno de los mayores obst\u00e1culos que tiene la disciplina en La Gomera es la escasez de estratigraf\u00edas arqueol\u00f3gicas, debido sobre todo a la reocupaci\u00f3n de los mismos espacios a lo largo del tiempo y las fuertes pendientes del sustrato rocoso, por lo que este yacimiento se convierte en una fuente de informaci\u00f3n de primer nivel.<\/p>\n<p>Por otra parte, se contrastar\u00e1n las dataciones realizadas, ya que que de confirmar la antig\u00fcedad, se podr\u00eda estar hablando de las primeras generaciones que llegan desde el continente africano, algo in\u00e9dito en el Archipi\u00e9lago. Adem\u00e1s, se ampliar\u00e1 el registro material en el contexto dom\u00e9stico por el repertorio recuperado en 2009-2010, propio de un espacio habitacional de Canarias. Sin embargo, para La Gomera es in\u00e9dito y se pretende ampliar la informaci\u00f3n con la excavaci\u00f3n en extensi\u00f3n.<\/p>\n<p>Finalmente, colaborar\u00e1 en esta investigaci\u00f3n el proyecto dirigido por Jonathan Santana \u201cIsoCAN: Isolation and colonisation in oceanic islands: the human colonisation of the Canary Islands\u00bb, financiado por el Consejo Europeo de Investigaci\u00f3n de la Comisi\u00f3n Europea, que se har\u00e1 cargo de recuperar la totalidad de los sedimentos para sus an\u00e1lisis sistem\u00e1ticos mediante t\u00e9cnicas y m\u00e9todos apropiados para cada tipo de evidencia arqueol\u00f3gica (arqueobot\u00e1nica, zooarqueolog\u00eda, l\u00edtica, cer\u00e1mica, etc.). La clasificaci\u00f3n de los materiales se realizar\u00e1 en el laboratorio de campo y el an\u00e1lisis sistem\u00e1tico en el Laboratorio de Arqueolog\u00eda de la Universidad de Las Palmas de Gran Canaria. Esta informaci\u00f3n se incorporar\u00e1 a una base de datos que tiene conexiones bidireccionales con el Sistema de Informaci\u00f3n Geogr\u00e1fica, marcado por los objetivos de oportunidad o referencia indispensable para cualquier investigaci\u00f3n futura.<\/p>\n<p>(Nota de prensa y fotos cedidas).<\/p>\n<p>&nbsp;<\/p>\n","protected":false},"excerpt":{"rendered":"<p>Un equipo multidisplinar con diferentes especialistas, dirigidos por el catedr\u00e1tico de la Universidad de La Laguna Juan Francisco Navarro, interviene&#8230;<\/p>\n","protected":false},"author":23,"featured_media":60480,"comment_status":"closed","ping_status":"closed","sticky":false,"template":"","format":"standard","meta":{"inline_featured_image":false,"footnotes":""},"categories":[3785,345,350,2765,3464],"tags":[539,8195,8194,1722,8196,8193],"acf":[],"yoast_head":"<!-- This site is optimized with the Yoast SEO plugin v21.3 - https:\/\/yoast.com\/wordpress\/plugins\/seo\/ -->\n<title>Un equipo multidisciplinar dirigido por la ULL profundiza en el conocimiento del primer poblamiento de La Gomera - ULL - Noticias<\/title>\n<meta name=\"robots\" content=\"index, follow, max-snippet:-1, max-image-preview:large, max-video-preview:-1\" \/>\n<link rel=\"canonical\" href=\"https:\/\/www.ull.es\/portal\/noticias\/2022\/un-equipo-multidisciplinar-dirigido-por-la-ull-profundiza-en-el-conocimiento-del-primer-poblamiento-de-la-gomera\/\" \/>\n<meta property=\"og:locale\" content=\"es_ES\" \/>\n<meta property=\"og:type\" content=\"article\" \/>\n<meta property=\"og:title\" content=\"Un equipo multidisciplinar dirigido por la ULL profundiza en el conocimiento del primer poblamiento de La Gomera - ULL - Noticias\" \/>\n<meta property=\"og:description\" content=\"Un equipo multidisplinar con diferentes especialistas, dirigidos por el catedr\u00e1tico de la Universidad de La Laguna Juan Francisco Navarro, interviene...\" \/>\n<meta property=\"og:url\" content=\"https:\/\/www.ull.es\/portal\/noticias\/2022\/un-equipo-multidisciplinar-dirigido-por-la-ull-profundiza-en-el-conocimiento-del-primer-poblamiento-de-la-gomera\/\" \/>\n<meta property=\"og:site_name\" content=\"ULL - Noticias\" \/>\n<meta property=\"article:publisher\" content=\"https:\/\/www.facebook.com\/universidaddelalaguna\/\" \/>\n<meta property=\"article:published_time\" content=\"2022-01-12T13:45:28+00:00\" \/>\n<meta property=\"article:modified_time\" content=\"2022-01-12T13:50:13+00:00\" \/>\n<meta property=\"og:image\" content=\"https:\/\/www.ull.es\/portal\/noticias\/wp-content\/uploads\/sites\/13\/2022\/01\/Lomito-del-Medio.jpg\" \/>\n\t<meta property=\"og:image:width\" content=\"1600\" \/>\n\t<meta property=\"og:image:height\" content=\"1067\" \/>\n\t<meta property=\"og:image:type\" content=\"image\/jpeg\" \/>\n<meta name=\"author\" content=\"gaprsa\" \/>\n<meta name=\"twitter:card\" content=\"summary_large_image\" \/>\n<meta name=\"twitter:creator\" content=\"@CanalULL\" \/>\n<meta name=\"twitter:site\" content=\"@CanalULL\" \/>\n<meta name=\"twitter:label1\" content=\"Escrito por\" \/>\n\t<meta name=\"twitter:data1\" content=\"gaprsa\" \/>\n\t<meta name=\"twitter:label2\" content=\"Tiempo de lectura\" \/>\n\t<meta name=\"twitter:data2\" content=\"4 minutos\" \/>\n<script type=\"application\/ld+json\" class=\"yoast-schema-graph\">{\"@context\":\"https:\/\/schema.org\",\"@graph\":[{\"@type\":\"WebPage\",\"@id\":\"https:\/\/www.ull.es\/portal\/noticias\/2022\/un-equipo-multidisciplinar-dirigido-por-la-ull-profundiza-en-el-conocimiento-del-primer-poblamiento-de-la-gomera\/\",\"url\":\"https:\/\/www.ull.es\/portal\/noticias\/2022\/un-equipo-multidisciplinar-dirigido-por-la-ull-profundiza-en-el-conocimiento-del-primer-poblamiento-de-la-gomera\/\",\"name\":\"Un equipo multidisciplinar dirigido por la ULL profundiza en el conocimiento del primer poblamiento de La Gomera - ULL - Noticias\",\"isPartOf\":{\"@id\":\"https:\/\/www.ull.es\/portal\/noticias\/#website\"},\"datePublished\":\"2022-01-12T13:45:28+00:00\",\"dateModified\":\"2022-01-12T13:50:13+00:00\",\"author\":{\"@id\":\"https:\/\/www.ull.es\/portal\/noticias\/#\/schema\/person\/b2b1a89d43ffa609e591f7df8ef3e817\"},\"breadcrumb\":{\"@id\":\"https:\/\/www.ull.es\/portal\/noticias\/2022\/un-equipo-multidisciplinar-dirigido-por-la-ull-profundiza-en-el-conocimiento-del-primer-poblamiento-de-la-gomera\/#breadcrumb\"},\"inLanguage\":\"es\",\"potentialAction\":[{\"@type\":\"ReadAction\",\"target\":[\"https:\/\/www.ull.es\/portal\/noticias\/2022\/un-equipo-multidisciplinar-dirigido-por-la-ull-profundiza-en-el-conocimiento-del-primer-poblamiento-de-la-gomera\/\"]}]},{\"@type\":\"BreadcrumbList\",\"@id\":\"https:\/\/www.ull.es\/portal\/noticias\/2022\/un-equipo-multidisciplinar-dirigido-por-la-ull-profundiza-en-el-conocimiento-del-primer-poblamiento-de-la-gomera\/#breadcrumb\",\"itemListElement\":[{\"@type\":\"ListItem\",\"position\":1,\"name\":\"Portada\",\"item\":\"https:\/\/www.ull.es\/portal\/noticias\/\"},{\"@type\":\"ListItem\",\"position\":2,\"name\":\"Un equipo multidisciplinar dirigido por la ULL profundiza en el conocimiento del primer poblamiento de La Gomera\"}]},{\"@type\":\"WebSite\",\"@id\":\"https:\/\/www.ull.es\/portal\/noticias\/#website\",\"url\":\"https:\/\/www.ull.es\/portal\/noticias\/\",\"name\":\"ULL - Noticias\",\"description\":\"\",\"potentialAction\":[{\"@type\":\"SearchAction\",\"target\":{\"@type\":\"EntryPoint\",\"urlTemplate\":\"https:\/\/www.ull.es\/portal\/noticias\/?s={search_term_string}\"},\"query-input\":\"required name=search_term_string\"}],\"inLanguage\":\"es\"},{\"@type\":\"Person\",\"@id\":\"https:\/\/www.ull.es\/portal\/noticias\/#\/schema\/person\/b2b1a89d43ffa609e591f7df8ef3e817\",\"name\":\"gaprsa\",\"image\":{\"@type\":\"ImageObject\",\"inLanguage\":\"es\",\"@id\":\"https:\/\/www.ull.es\/portal\/noticias\/#\/schema\/person\/image\/\",\"url\":\"https:\/\/secure.gravatar.com\/avatar\/443820550921091458b4823867723b3d?s=96&d=mm&r=g\",\"contentUrl\":\"https:\/\/secure.gravatar.com\/avatar\/443820550921091458b4823867723b3d?s=96&d=mm&r=g\",\"caption\":\"gaprsa\"},\"url\":\"https:\/\/www.ull.es\/portal\/noticias\/author\/gaprsa\/\"}]}<\/script>\n<!-- \/ Yoast SEO plugin. -->","yoast_head_json":{"title":"Un equipo multidisciplinar dirigido por la ULL profundiza en el conocimiento del primer poblamiento de La Gomera - ULL - Noticias","robots":{"index":"index","follow":"follow","max-snippet":"max-snippet:-1","max-image-preview":"max-image-preview:large","max-video-preview":"max-video-preview:-1"},"canonical":"https:\/\/www.ull.es\/portal\/noticias\/2022\/un-equipo-multidisciplinar-dirigido-por-la-ull-profundiza-en-el-conocimiento-del-primer-poblamiento-de-la-gomera\/","og_locale":"es_ES","og_type":"article","og_title":"Un equipo multidisciplinar dirigido por la ULL profundiza en el conocimiento del primer poblamiento de La Gomera - ULL - Noticias","og_description":"Un equipo multidisplinar con diferentes especialistas, dirigidos por el catedr\u00e1tico de la Universidad de La Laguna Juan Francisco Navarro, interviene...","og_url":"https:\/\/www.ull.es\/portal\/noticias\/2022\/un-equipo-multidisciplinar-dirigido-por-la-ull-profundiza-en-el-conocimiento-del-primer-poblamiento-de-la-gomera\/","og_site_name":"ULL - Noticias","article_publisher":"https:\/\/www.facebook.com\/universidaddelalaguna\/","article_published_time":"2022-01-12T13:45:28+00:00","article_modified_time":"2022-01-12T13:50:13+00:00","og_image":[{"width":1600,"height":1067,"url":"https:\/\/www.ull.es\/portal\/noticias\/wp-content\/uploads\/sites\/13\/2022\/01\/Lomito-del-Medio.jpg","type":"image\/jpeg"}],"author":"gaprsa","twitter_card":"summary_large_image","twitter_creator":"@CanalULL","twitter_site":"@CanalULL","twitter_misc":{"Escrito por":"gaprsa","Tiempo de lectura":"4 minutos"},"schema":{"@context":"https:\/\/schema.org","@graph":[{"@type":"WebPage","@id":"https:\/\/www.ull.es\/portal\/noticias\/2022\/un-equipo-multidisciplinar-dirigido-por-la-ull-profundiza-en-el-conocimiento-del-primer-poblamiento-de-la-gomera\/","url":"https:\/\/www.ull.es\/portal\/noticias\/2022\/un-equipo-multidisciplinar-dirigido-por-la-ull-profundiza-en-el-conocimiento-del-primer-poblamiento-de-la-gomera\/","name":"Un equipo multidisciplinar dirigido por la ULL profundiza en el conocimiento del primer poblamiento de La Gomera - ULL - Noticias","isPartOf":{"@id":"https:\/\/www.ull.es\/portal\/noticias\/#website"},"datePublished":"2022-01-12T13:45:28+00:00","dateModified":"2022-01-12T13:50:13+00:00","author":{"@id":"https:\/\/www.ull.es\/portal\/noticias\/#\/schema\/person\/b2b1a89d43ffa609e591f7df8ef3e817"},"breadcrumb":{"@id":"https:\/\/www.ull.es\/portal\/noticias\/2022\/un-equipo-multidisciplinar-dirigido-por-la-ull-profundiza-en-el-conocimiento-del-primer-poblamiento-de-la-gomera\/#breadcrumb"},"inLanguage":"es","potentialAction":[{"@type":"ReadAction","target":["https:\/\/www.ull.es\/portal\/noticias\/2022\/un-equipo-multidisciplinar-dirigido-por-la-ull-profundiza-en-el-conocimiento-del-primer-poblamiento-de-la-gomera\/"]}]},{"@type":"BreadcrumbList","@id":"https:\/\/www.ull.es\/portal\/noticias\/2022\/un-equipo-multidisciplinar-dirigido-por-la-ull-profundiza-en-el-conocimiento-del-primer-poblamiento-de-la-gomera\/#breadcrumb","itemListElement":[{"@type":"ListItem","position":1,"name":"Portada","item":"https:\/\/www.ull.es\/portal\/noticias\/"},{"@type":"ListItem","position":2,"name":"Un equipo multidisciplinar dirigido por la ULL profundiza en el conocimiento del primer poblamiento de La Gomera"}]},{"@type":"WebSite","@id":"https:\/\/www.ull.es\/portal\/noticias\/#website","url":"https:\/\/www.ull.es\/portal\/noticias\/","name":"ULL - Noticias","description":"","potentialAction":[{"@type":"SearchAction","target":{"@type":"EntryPoint","urlTemplate":"https:\/\/www.ull.es\/portal\/noticias\/?s={search_term_string}"},"query-input":"required name=search_term_string"}],"inLanguage":"es"},{"@type":"Person","@id":"https:\/\/www.ull.es\/portal\/noticias\/#\/schema\/person\/b2b1a89d43ffa609e591f7df8ef3e817","name":"gaprsa","image":{"@type":"ImageObject","inLanguage":"es","@id":"https:\/\/www.ull.es\/portal\/noticias\/#\/schema\/person\/image\/","url":"https:\/\/secure.gravatar.com\/avatar\/443820550921091458b4823867723b3d?s=96&d=mm&r=g","contentUrl":"https:\/\/secure.gravatar.com\/avatar\/443820550921091458b4823867723b3d?s=96&d=mm&r=g","caption":"gaprsa"},"url":"https:\/\/www.ull.es\/portal\/noticias\/author\/gaprsa\/"}]}},"primary_category":{"id":345,"name":"Destacado","slug":"destacado","link":"https:\/\/www.ull.es\/portal\/noticias\/category\/destacado\/"},"featured_image_thumbnail_url":"https:\/\/www.ull.es\/portal\/noticias\/wp-content\/uploads\/sites\/13\/2022\/01\/Lomito-del-Medio-300x200.jpg","_links":{"self":[{"href":"https:\/\/www.ull.es\/portal\/noticias\/wp-json\/wp\/v2\/posts\/60478"}],"collection":[{"href":"https:\/\/www.ull.es\/portal\/noticias\/wp-json\/wp\/v2\/posts"}],"about":[{"href":"https:\/\/www.ull.es\/portal\/noticias\/wp-json\/wp\/v2\/types\/post"}],"author":[{"embeddable":true,"href":"https:\/\/www.ull.es\/portal\/noticias\/wp-json\/wp\/v2\/users\/23"}],"replies":[{"embeddable":true,"href":"https:\/\/www.ull.es\/portal\/noticias\/wp-json\/wp\/v2\/comments?post=60478"}],"version-history":[{"count":2,"href":"https:\/\/www.ull.es\/portal\/noticias\/wp-json\/wp\/v2\/posts\/60478\/revisions"}],"predecessor-version":[{"id":60481,"href":"https:\/\/www.ull.es\/portal\/noticias\/wp-json\/wp\/v2\/posts\/60478\/revisions\/60481"}],"wp:featuredmedia":[{"embeddable":true,"href":"https:\/\/www.ull.es\/portal\/noticias\/wp-json\/wp\/v2\/media\/60480"}],"wp:attachment":[{"href":"https:\/\/www.ull.es\/portal\/noticias\/wp-json\/wp\/v2\/media?parent=60478"}],"wp:term":[{"taxonomy":"category","embeddable":true,"href":"https:\/\/www.ull.es\/portal\/noticias\/wp-json\/wp\/v2\/categories?post=60478"},{"taxonomy":"post_tag","embeddable":true,"href":"https:\/\/www.ull.es\/portal\/noticias\/wp-json\/wp\/v2\/tags?post=60478"}],"curies":[{"name":"wp","href":"https:\/\/api.w.org\/{rel}","templated":true}]}}