{"id":60548,"date":"2022-01-19T14:08:12","date_gmt":"2022-01-19T14:08:12","guid":{"rendered":"https:\/\/www.ull.es\/portal\/noticias\/?p=60548"},"modified":"2022-01-19T14:08:12","modified_gmt":"2022-01-19T14:08:12","slug":"investigadores-de-la-ull-evaluan-la-contaminacion-por-microplasticos-en-suelos-agricolas-de-canarias","status":"publish","type":"post","link":"https:\/\/www.ull.es\/portal\/noticias\/2022\/investigadores-de-la-ull-evaluan-la-contaminacion-por-microplasticos-en-suelos-agricolas-de-canarias\/","title":{"rendered":"Investigadores de la ULL eval\u00faan la contaminaci\u00f3n por micropl\u00e1sticos en suelos agr\u00edcolas de Canarias"},"content":{"rendered":"<p>Investigadores del <a href=\"http:\/\/jhborges.webs.ull.es\/\" target=\"_blank\" rel=\"noopener\">grupo de Qu\u00edmica Anal\u00edtica Aplicada<\/a> de la Universidad de la Laguna publican en la revista <a href=\"https:\/\/doi.org\/10.1016\/j.scitotenv.2021.152830\" target=\"_blank\" rel=\"noopener\">Science of the Total Environment<\/a> los primeros datos sobre la presencia de micropl\u00e1sticos (MPs) en suelos agr\u00edcolas de Canarias, concretamente de la isla de Fuerteventura. Este estudio representa la continuaci\u00f3n del Trabajo de Fin de Grado sobre esta materia en suelos realizado por la estudiante del Grado en Ciencias Ambientales Raquel P\u00e9rez Rever\u00f3n, primera autora del art\u00edculo, y tutorizado por los profesores Javier Hern\u00e1ndez Borges y Francisco Javier D\u00edaz Pe\u00f1a.<\/p>\n<p>En los \u00faltimos cinco a\u00f1os numerosas investigaciones han demostrado que el grado de afecci\u00f3n de los ecosistemas terrestres debido a la contaminaci\u00f3n por micropl\u00e1sticos podr\u00eda ser varios \u00f3rdenes de magnitud mayor que en los oc\u00e9anos. Estos estudios han revelado que la presencia y acumulaci\u00f3n de MPs en los suelos puede afectar a diversos procesos f\u00edsicos, qu\u00edmicos y biol\u00f3gicos, todos ellos extremadamente importantes para el desarrollo de numerosos servicios ecosist\u00e9micos atribuidos a los suelos. Muchos de estos efectos nocivos no solo est\u00e1n directamente relacionados con las propias part\u00edculas de este material, sino tambi\u00e9n con la posible liberaci\u00f3n de aditivos pl\u00e1sticos t\u00f3xicos o por contaminantes persistentes y emergentes que pueden ser retenidos en su superficie mediante diferentes mecanismos.<\/p>\n<p>En particular, los suelos agr\u00edcolas constituyen uno de los sumideros de MPs m\u00e1s relevantes en los ecosistemas terrestres, debido por un lado a la gran cantidad de productos pl\u00e1sticos utilizados en la agricultura convencional (por ejemplo, acolchados, cubiertas de invernaderos, material de embalaje y riegos), que eventualmente se degradan en el campo y se transforman en MPs, y por otro lado a la aportaci\u00f3n realizada a trav\u00e9s de la aplicaci\u00f3n de lodos de depuradora, compost y otras enmiendas org\u00e1nicas, as\u00ed como con las aguas de riego.<\/p>\n<p>En este trabajo se evalu\u00f3 la presencia de MPs en dos tipos de suelos agr\u00edcolas de la isla de Fuerteventura regados durante cuatro a\u00f1os con aguas residuales depuradas y con aguas subterr\u00e1neas desalinizadas. Tanto en las aguas como en los suelos los MPs encontrados fueron clasificados atendiendo a su tama\u00f1o, color y forma para, posteriormente, identificar su composici\u00f3n mediante microscop\u00eda FTIR en la Universidad Aut\u00f3noma de Madrid.<\/p>\n<div id=\"attachment_60551\" style=\"width: 310px\" class=\"wp-caption alignleft\"><img aria-describedby=\"caption-attachment-60551\" decoding=\"async\" loading=\"lazy\" class=\"size-medium wp-image-60551\" src=\"https:\/\/www.ull.es\/portal\/noticias\/wp-content\/uploads\/sites\/13\/2022\/01\/Finca-Experimental-de-Pozo-Negro-Fuerteventura--300x169.jpg\" alt=\"\" width=\"300\" height=\"169\" srcset=\"https:\/\/www.ull.es\/portal\/noticias\/wp-content\/uploads\/sites\/13\/2022\/01\/Finca-Experimental-de-Pozo-Negro-Fuerteventura--300x169.jpg 300w, https:\/\/www.ull.es\/portal\/noticias\/wp-content\/uploads\/sites\/13\/2022\/01\/Finca-Experimental-de-Pozo-Negro-Fuerteventura--1024x576.jpg 1024w, https:\/\/www.ull.es\/portal\/noticias\/wp-content\/uploads\/sites\/13\/2022\/01\/Finca-Experimental-de-Pozo-Negro-Fuerteventura--768x432.jpg 768w, https:\/\/www.ull.es\/portal\/noticias\/wp-content\/uploads\/sites\/13\/2022\/01\/Finca-Experimental-de-Pozo-Negro-Fuerteventura--1536x864.jpg 1536w, https:\/\/www.ull.es\/portal\/noticias\/wp-content\/uploads\/sites\/13\/2022\/01\/Finca-Experimental-de-Pozo-Negro-Fuerteventura--375x211.jpg 375w, https:\/\/www.ull.es\/portal\/noticias\/wp-content\/uploads\/sites\/13\/2022\/01\/Finca-Experimental-de-Pozo-Negro-Fuerteventura--750x422.jpg 750w, https:\/\/www.ull.es\/portal\/noticias\/wp-content\/uploads\/sites\/13\/2022\/01\/Finca-Experimental-de-Pozo-Negro-Fuerteventura--1140x641.jpg 1140w, https:\/\/www.ull.es\/portal\/noticias\/wp-content\/uploads\/sites\/13\/2022\/01\/Finca-Experimental-de-Pozo-Negro-Fuerteventura-.jpg 1600w\" sizes=\"(max-width: 300px) 100vw, 300px\" \/><p id=\"caption-attachment-60551\" class=\"wp-caption-text\">Finca Experimental de Pozo Negro, en Fuerteventura.<\/p><\/div>\n<p>Los resultados mostraron la presencia predominante de microfibras celul\u00f3sicas (no pl\u00e1sticas) y poli\u00e9ster de colores azul y transparente, con una longitud promedio de 787 \u03bcm en las muestras de agua. El agua subterr\u00e1nea present\u00f3 la concentraci\u00f3n m\u00e1s baja de MPs (2,0 \u00b1 2,0 part\u00edculas L<sup>-1<\/sup>) mientras que en el agua depurada se alcanzaron concentraciones de hasta 40,0 \u00b1 19,0 part\u00edculas L<sup>-1<\/sup>. Los tipos y tama\u00f1os de micropl\u00e1sticos encontrados en la capa superior de los suelos regados coincidieron en gran medida con los observados en las aguas, y la concentraci\u00f3n fue tres veces mayor en los suelos regados con agua depurada que en los regados con aguas subterr\u00e1neas. Adem\u00e1s, no se observaron MPs en suelos no regados ni cultivados, lo que sugiere que las actividades agr\u00edcolas podr\u00edan ser la principal fuente de este contaminante en suelos alejados de n\u00facleos urbanos.<\/p>\n<p>Los resultados ponen de manifiesto que las aguas depuradas constituyen una fuente potencial de micropl\u00e1sticos en suelos regados, lo que debe considerarse entre otros potenciales problemas y beneficios relacionados con el uso de esta calidad de agua en tierras agr\u00edcolas de regiones \u00e1ridas. Estos datos plantean un nuevo desaf\u00edo en la econom\u00eda circular, ya que la reutilizaci\u00f3n de las aguas residuales depuradas constituye una actividad fundamental en territorios \u00e1ridos como Fuerteventura, donde la disponibilidad de recursos h\u00eddricos es muy limitada. Por tanto, se requieren m\u00e1s estudios que eval\u00faen a medio y largo plazo la eficacia en la eliminaci\u00f3n de este material en las plantas de tratamiento y su potencial acumulaci\u00f3n en suelos agr\u00edcolas.<\/p>\n","protected":false},"excerpt":{"rendered":"<p>Investigadores del grupo de Qu\u00edmica Anal\u00edtica Aplicada de la Universidad de la Laguna publican en la revista Science of the&#8230;<\/p>\n","protected":false},"author":23,"featured_media":60550,"comment_status":"closed","ping_status":"closed","sticky":false,"template":"","format":"standard","meta":{"inline_featured_image":false,"footnotes":""},"categories":[3785,345,3857,350,2765],"tags":[8218,1575,5733,8217,8219,8216],"acf":[],"yoast_head":"<!-- This site is optimized with the Yoast SEO plugin v21.3 - https:\/\/yoast.com\/wordpress\/plugins\/seo\/ -->\n<title>Investigadores de la ULL eval\u00faan la contaminaci\u00f3n por micropl\u00e1sticos en suelos agr\u00edcolas de Canarias - ULL - Noticias<\/title>\n<meta name=\"robots\" content=\"index, follow, max-snippet:-1, max-image-preview:large, max-video-preview:-1\" \/>\n<link rel=\"canonical\" href=\"https:\/\/www.ull.es\/portal\/noticias\/2022\/investigadores-de-la-ull-evaluan-la-contaminacion-por-microplasticos-en-suelos-agricolas-de-canarias\/\" \/>\n<meta property=\"og:locale\" content=\"es_ES\" \/>\n<meta property=\"og:type\" content=\"article\" \/>\n<meta property=\"og:title\" content=\"Investigadores de la ULL eval\u00faan la contaminaci\u00f3n por micropl\u00e1sticos en suelos agr\u00edcolas de Canarias - ULL - Noticias\" \/>\n<meta property=\"og:description\" content=\"Investigadores del grupo de Qu\u00edmica Anal\u00edtica Aplicada de la Universidad de la Laguna publican en la revista Science of the...\" \/>\n<meta property=\"og:url\" content=\"https:\/\/www.ull.es\/portal\/noticias\/2022\/investigadores-de-la-ull-evaluan-la-contaminacion-por-microplasticos-en-suelos-agricolas-de-canarias\/\" \/>\n<meta property=\"og:site_name\" content=\"ULL - Noticias\" \/>\n<meta property=\"article:publisher\" content=\"https:\/\/www.facebook.com\/universidaddelalaguna\/\" \/>\n<meta property=\"article:published_time\" content=\"2022-01-19T14:08:12+00:00\" \/>\n<meta property=\"og:image\" content=\"https:\/\/www.ull.es\/portal\/noticias\/wp-content\/uploads\/sites\/13\/2022\/01\/raquel-perez-reveron-ciencias-ambientales.jpg\" \/>\n\t<meta property=\"og:image:width\" content=\"1600\" \/>\n\t<meta property=\"og:image:height\" content=\"1200\" \/>\n\t<meta property=\"og:image:type\" content=\"image\/jpeg\" \/>\n<meta name=\"author\" content=\"gaprsa\" \/>\n<meta name=\"twitter:card\" content=\"summary_large_image\" \/>\n<meta name=\"twitter:creator\" content=\"@CanalULL\" \/>\n<meta name=\"twitter:site\" content=\"@CanalULL\" \/>\n<meta name=\"twitter:label1\" content=\"Escrito por\" \/>\n\t<meta name=\"twitter:data1\" content=\"gaprsa\" \/>\n\t<meta name=\"twitter:label2\" content=\"Tiempo de lectura\" \/>\n\t<meta name=\"twitter:data2\" content=\"3 minutos\" \/>\n<script type=\"application\/ld+json\" class=\"yoast-schema-graph\">{\"@context\":\"https:\/\/schema.org\",\"@graph\":[{\"@type\":\"WebPage\",\"@id\":\"https:\/\/www.ull.es\/portal\/noticias\/2022\/investigadores-de-la-ull-evaluan-la-contaminacion-por-microplasticos-en-suelos-agricolas-de-canarias\/\",\"url\":\"https:\/\/www.ull.es\/portal\/noticias\/2022\/investigadores-de-la-ull-evaluan-la-contaminacion-por-microplasticos-en-suelos-agricolas-de-canarias\/\",\"name\":\"Investigadores de la ULL eval\u00faan la contaminaci\u00f3n por micropl\u00e1sticos en suelos agr\u00edcolas de Canarias - ULL - Noticias\",\"isPartOf\":{\"@id\":\"https:\/\/www.ull.es\/portal\/noticias\/#website\"},\"datePublished\":\"2022-01-19T14:08:12+00:00\",\"dateModified\":\"2022-01-19T14:08:12+00:00\",\"author\":{\"@id\":\"https:\/\/www.ull.es\/portal\/noticias\/#\/schema\/person\/b2b1a89d43ffa609e591f7df8ef3e817\"},\"breadcrumb\":{\"@id\":\"https:\/\/www.ull.es\/portal\/noticias\/2022\/investigadores-de-la-ull-evaluan-la-contaminacion-por-microplasticos-en-suelos-agricolas-de-canarias\/#breadcrumb\"},\"inLanguage\":\"es\",\"potentialAction\":[{\"@type\":\"ReadAction\",\"target\":[\"https:\/\/www.ull.es\/portal\/noticias\/2022\/investigadores-de-la-ull-evaluan-la-contaminacion-por-microplasticos-en-suelos-agricolas-de-canarias\/\"]}]},{\"@type\":\"BreadcrumbList\",\"@id\":\"https:\/\/www.ull.es\/portal\/noticias\/2022\/investigadores-de-la-ull-evaluan-la-contaminacion-por-microplasticos-en-suelos-agricolas-de-canarias\/#breadcrumb\",\"itemListElement\":[{\"@type\":\"ListItem\",\"position\":1,\"name\":\"Portada\",\"item\":\"https:\/\/www.ull.es\/portal\/noticias\/\"},{\"@type\":\"ListItem\",\"position\":2,\"name\":\"Investigadores de la ULL eval\u00faan la contaminaci\u00f3n por micropl\u00e1sticos en suelos agr\u00edcolas de Canarias\"}]},{\"@type\":\"WebSite\",\"@id\":\"https:\/\/www.ull.es\/portal\/noticias\/#website\",\"url\":\"https:\/\/www.ull.es\/portal\/noticias\/\",\"name\":\"ULL - Noticias\",\"description\":\"\",\"potentialAction\":[{\"@type\":\"SearchAction\",\"target\":{\"@type\":\"EntryPoint\",\"urlTemplate\":\"https:\/\/www.ull.es\/portal\/noticias\/?s={search_term_string}\"},\"query-input\":\"required name=search_term_string\"}],\"inLanguage\":\"es\"},{\"@type\":\"Person\",\"@id\":\"https:\/\/www.ull.es\/portal\/noticias\/#\/schema\/person\/b2b1a89d43ffa609e591f7df8ef3e817\",\"name\":\"gaprsa\",\"image\":{\"@type\":\"ImageObject\",\"inLanguage\":\"es\",\"@id\":\"https:\/\/www.ull.es\/portal\/noticias\/#\/schema\/person\/image\/\",\"url\":\"https:\/\/secure.gravatar.com\/avatar\/443820550921091458b4823867723b3d?s=96&d=mm&r=g\",\"contentUrl\":\"https:\/\/secure.gravatar.com\/avatar\/443820550921091458b4823867723b3d?s=96&d=mm&r=g\",\"caption\":\"gaprsa\"},\"url\":\"https:\/\/www.ull.es\/portal\/noticias\/author\/gaprsa\/\"}]}<\/script>\n<!-- \/ Yoast SEO plugin. -->","yoast_head_json":{"title":"Investigadores de la ULL eval\u00faan la contaminaci\u00f3n por micropl\u00e1sticos en suelos agr\u00edcolas de Canarias - ULL - Noticias","robots":{"index":"index","follow":"follow","max-snippet":"max-snippet:-1","max-image-preview":"max-image-preview:large","max-video-preview":"max-video-preview:-1"},"canonical":"https:\/\/www.ull.es\/portal\/noticias\/2022\/investigadores-de-la-ull-evaluan-la-contaminacion-por-microplasticos-en-suelos-agricolas-de-canarias\/","og_locale":"es_ES","og_type":"article","og_title":"Investigadores de la ULL eval\u00faan la contaminaci\u00f3n por micropl\u00e1sticos en suelos agr\u00edcolas de Canarias - ULL - Noticias","og_description":"Investigadores del grupo de Qu\u00edmica Anal\u00edtica Aplicada de la Universidad de la Laguna publican en la revista Science of the...","og_url":"https:\/\/www.ull.es\/portal\/noticias\/2022\/investigadores-de-la-ull-evaluan-la-contaminacion-por-microplasticos-en-suelos-agricolas-de-canarias\/","og_site_name":"ULL - Noticias","article_publisher":"https:\/\/www.facebook.com\/universidaddelalaguna\/","article_published_time":"2022-01-19T14:08:12+00:00","og_image":[{"width":1600,"height":1200,"url":"https:\/\/www.ull.es\/portal\/noticias\/wp-content\/uploads\/sites\/13\/2022\/01\/raquel-perez-reveron-ciencias-ambientales.jpg","type":"image\/jpeg"}],"author":"gaprsa","twitter_card":"summary_large_image","twitter_creator":"@CanalULL","twitter_site":"@CanalULL","twitter_misc":{"Escrito por":"gaprsa","Tiempo de lectura":"3 minutos"},"schema":{"@context":"https:\/\/schema.org","@graph":[{"@type":"WebPage","@id":"https:\/\/www.ull.es\/portal\/noticias\/2022\/investigadores-de-la-ull-evaluan-la-contaminacion-por-microplasticos-en-suelos-agricolas-de-canarias\/","url":"https:\/\/www.ull.es\/portal\/noticias\/2022\/investigadores-de-la-ull-evaluan-la-contaminacion-por-microplasticos-en-suelos-agricolas-de-canarias\/","name":"Investigadores de la ULL eval\u00faan la contaminaci\u00f3n por micropl\u00e1sticos en suelos agr\u00edcolas de Canarias - ULL - Noticias","isPartOf":{"@id":"https:\/\/www.ull.es\/portal\/noticias\/#website"},"datePublished":"2022-01-19T14:08:12+00:00","dateModified":"2022-01-19T14:08:12+00:00","author":{"@id":"https:\/\/www.ull.es\/portal\/noticias\/#\/schema\/person\/b2b1a89d43ffa609e591f7df8ef3e817"},"breadcrumb":{"@id":"https:\/\/www.ull.es\/portal\/noticias\/2022\/investigadores-de-la-ull-evaluan-la-contaminacion-por-microplasticos-en-suelos-agricolas-de-canarias\/#breadcrumb"},"inLanguage":"es","potentialAction":[{"@type":"ReadAction","target":["https:\/\/www.ull.es\/portal\/noticias\/2022\/investigadores-de-la-ull-evaluan-la-contaminacion-por-microplasticos-en-suelos-agricolas-de-canarias\/"]}]},{"@type":"BreadcrumbList","@id":"https:\/\/www.ull.es\/portal\/noticias\/2022\/investigadores-de-la-ull-evaluan-la-contaminacion-por-microplasticos-en-suelos-agricolas-de-canarias\/#breadcrumb","itemListElement":[{"@type":"ListItem","position":1,"name":"Portada","item":"https:\/\/www.ull.es\/portal\/noticias\/"},{"@type":"ListItem","position":2,"name":"Investigadores de la ULL eval\u00faan la contaminaci\u00f3n por micropl\u00e1sticos en suelos agr\u00edcolas de Canarias"}]},{"@type":"WebSite","@id":"https:\/\/www.ull.es\/portal\/noticias\/#website","url":"https:\/\/www.ull.es\/portal\/noticias\/","name":"ULL - Noticias","description":"","potentialAction":[{"@type":"SearchAction","target":{"@type":"EntryPoint","urlTemplate":"https:\/\/www.ull.es\/portal\/noticias\/?s={search_term_string}"},"query-input":"required name=search_term_string"}],"inLanguage":"es"},{"@type":"Person","@id":"https:\/\/www.ull.es\/portal\/noticias\/#\/schema\/person\/b2b1a89d43ffa609e591f7df8ef3e817","name":"gaprsa","image":{"@type":"ImageObject","inLanguage":"es","@id":"https:\/\/www.ull.es\/portal\/noticias\/#\/schema\/person\/image\/","url":"https:\/\/secure.gravatar.com\/avatar\/443820550921091458b4823867723b3d?s=96&d=mm&r=g","contentUrl":"https:\/\/secure.gravatar.com\/avatar\/443820550921091458b4823867723b3d?s=96&d=mm&r=g","caption":"gaprsa"},"url":"https:\/\/www.ull.es\/portal\/noticias\/author\/gaprsa\/"}]}},"primary_category":{"id":345,"name":"Destacado","slug":"destacado","link":"https:\/\/www.ull.es\/portal\/noticias\/category\/destacado\/"},"featured_image_thumbnail_url":"https:\/\/www.ull.es\/portal\/noticias\/wp-content\/uploads\/sites\/13\/2022\/01\/raquel-perez-reveron-ciencias-ambientales-300x225.jpg","_links":{"self":[{"href":"https:\/\/www.ull.es\/portal\/noticias\/wp-json\/wp\/v2\/posts\/60548"}],"collection":[{"href":"https:\/\/www.ull.es\/portal\/noticias\/wp-json\/wp\/v2\/posts"}],"about":[{"href":"https:\/\/www.ull.es\/portal\/noticias\/wp-json\/wp\/v2\/types\/post"}],"author":[{"embeddable":true,"href":"https:\/\/www.ull.es\/portal\/noticias\/wp-json\/wp\/v2\/users\/23"}],"replies":[{"embeddable":true,"href":"https:\/\/www.ull.es\/portal\/noticias\/wp-json\/wp\/v2\/comments?post=60548"}],"version-history":[{"count":1,"href":"https:\/\/www.ull.es\/portal\/noticias\/wp-json\/wp\/v2\/posts\/60548\/revisions"}],"predecessor-version":[{"id":60552,"href":"https:\/\/www.ull.es\/portal\/noticias\/wp-json\/wp\/v2\/posts\/60548\/revisions\/60552"}],"wp:featuredmedia":[{"embeddable":true,"href":"https:\/\/www.ull.es\/portal\/noticias\/wp-json\/wp\/v2\/media\/60550"}],"wp:attachment":[{"href":"https:\/\/www.ull.es\/portal\/noticias\/wp-json\/wp\/v2\/media?parent=60548"}],"wp:term":[{"taxonomy":"category","embeddable":true,"href":"https:\/\/www.ull.es\/portal\/noticias\/wp-json\/wp\/v2\/categories?post=60548"},{"taxonomy":"post_tag","embeddable":true,"href":"https:\/\/www.ull.es\/portal\/noticias\/wp-json\/wp\/v2\/tags?post=60548"}],"curies":[{"name":"wp","href":"https:\/\/api.w.org\/{rel}","templated":true}]}}