{"id":60572,"date":"2022-01-20T10:53:59","date_gmt":"2022-01-20T10:53:59","guid":{"rendered":"https:\/\/www.ull.es\/portal\/noticias\/?p=60572"},"modified":"2022-01-24T15:12:16","modified_gmt":"2022-01-24T15:12:16","slug":"la-ull-acoge-una-muestra-del-pintor-gomero-jose-aguiar-y-el-dibujo-en-canarias","status":"publish","type":"post","link":"https:\/\/www.ull.es\/portal\/noticias\/2022\/la-ull-acoge-una-muestra-del-pintor-gomero-jose-aguiar-y-el-dibujo-en-canarias\/","title":{"rendered":"La ULL acoge una muestra del pintor gomero Jos\u00e9 Aguiar y el dibujo en Canarias"},"content":{"rendered":"<p><iframe loading=\"lazy\" title=\"Exposici\u00f3n Jose Aguiar y el dibujo en Canarias\" width=\"750\" height=\"422\" src=\"https:\/\/www.youtube.com\/embed\/zxPXGoKwSgY?feature=oembed\" frameborder=\"0\" allow=\"accelerometer; autoplay; clipboard-write; encrypted-media; gyroscope; picture-in-picture\" allowfullscreen><\/iframe><\/p>\n<p>La exposici\u00f3n <em>Jos\u00e9 Aguiar y el dibujo en Canarias<\/em> es una iniciativa de la c\u00e1tedra cultural que lleva el nombre del artista, en colaboraci\u00f3n con el Vicerrectorado de Cultura y Participaci\u00f3n Social y el Cabildo Insular de La Gomera. La exposici\u00f3n, ubicada en la Sala de Arte Paraninfo Pablo Gonz\u00e1lez Vera, en el Edificio Central de la Universidad de La Laguna, re\u00fane un total de 41 dibujos con los que se pretende poner de relevancia la figura del pintor canario, y hacer dialogar sus obras con otras de diferentes artistas y lenguajes en las islas entre 1800 y 1979, fechas en torno a la vida del homenajeado (1895-1976).<\/p>\n<div id=\"attachment_60671\" style=\"width: 310px\" class=\"wp-caption alignleft\"><img aria-describedby=\"caption-attachment-60671\" decoding=\"async\" loading=\"lazy\" class=\"size-medium wp-image-60671\" src=\"https:\/\/www.ull.es\/portal\/noticias\/wp-content\/uploads\/sites\/13\/2022\/01\/Expo-Jose-Aguiar-02-300x200.jpg\" alt=\"\" width=\"300\" height=\"200\" srcset=\"https:\/\/www.ull.es\/portal\/noticias\/wp-content\/uploads\/sites\/13\/2022\/01\/Expo-Jose-Aguiar-02-300x200.jpg 300w, https:\/\/www.ull.es\/portal\/noticias\/wp-content\/uploads\/sites\/13\/2022\/01\/Expo-Jose-Aguiar-02-768x512.jpg 768w, https:\/\/www.ull.es\/portal\/noticias\/wp-content\/uploads\/sites\/13\/2022\/01\/Expo-Jose-Aguiar-02-375x250.jpg 375w, https:\/\/www.ull.es\/portal\/noticias\/wp-content\/uploads\/sites\/13\/2022\/01\/Expo-Jose-Aguiar-02-750x500.jpg 750w, https:\/\/www.ull.es\/portal\/noticias\/wp-content\/uploads\/sites\/13\/2022\/01\/Expo-Jose-Aguiar-02.jpg 1024w\" sizes=\"(max-width: 300px) 100vw, 300px\" \/><p id=\"caption-attachment-60671\" class=\"wp-caption-text\"><\/p>\n<div>Foto: Emeterio Su\u00e1rez (CC BY 3.0)<\/div>\n<p><\/p><\/div>\n<p>La muestra se inaugurar\u00e1 ma\u00f1ana viernes 21 de enero a las 18 horas, y permanecer\u00e1 abierta en horario de lunes a viernes de ma\u00f1ana y tarde hasta el 18 de febrero. Esta exposici\u00f3n recala en la instituci\u00f3n universitaria toda vez que ha sido visitada en las instalaciones del propio cabildo gomero hasta el 9 de enero.<\/p>\n<p>Todas las obras son el papel, dibujo, con diferentes t\u00e9cnicas. Por suerte, al conjunto original se han a\u00f1adido 11 nuevas creaciones, de forma que se completa el recorrido por el proceso creativo de la pasada centuria, pero siempre centrado en los siete dibujos de Jos\u00e9 Aguiar.<\/p>\n<p>El resto de las obras buscan una comparaci\u00f3n, y a veces un enfrentamiento, entre otras tendencias que hubo en el archipi\u00e9lago y las creaciones del ilustrador gomero. As\u00ed, se comienza con un dibujo de Manuel Gonz\u00e1lez M\u00e9ndez, pintor al que admir\u00f3 Aguiar, formado en el siglo XIX en la Escuela de Bellas Artes de Par\u00eds, y se termina con un pintor regionalista como Falc\u00f3n.<\/p>\n<p>La caricatura, trascendental en las publicaciones period\u00edsticas de la pasada centuria, la abstracci\u00f3n, la Escuela de Luj\u00e1n P\u00e9rez, el simbolismo, el<img decoding=\"async\" loading=\"lazy\" class=\"alignright size-medium wp-image-60670\" src=\"https:\/\/www.ull.es\/portal\/noticias\/wp-content\/uploads\/sites\/13\/2022\/01\/Expo-Jose-Aguiar-05-300x200.jpg\" alt=\"\" width=\"300\" height=\"200\" srcset=\"https:\/\/www.ull.es\/portal\/noticias\/wp-content\/uploads\/sites\/13\/2022\/01\/Expo-Jose-Aguiar-05-300x200.jpg 300w, https:\/\/www.ull.es\/portal\/noticias\/wp-content\/uploads\/sites\/13\/2022\/01\/Expo-Jose-Aguiar-05-768x512.jpg 768w, https:\/\/www.ull.es\/portal\/noticias\/wp-content\/uploads\/sites\/13\/2022\/01\/Expo-Jose-Aguiar-05-375x250.jpg 375w, https:\/\/www.ull.es\/portal\/noticias\/wp-content\/uploads\/sites\/13\/2022\/01\/Expo-Jose-Aguiar-05-750x500.jpg 750w, https:\/\/www.ull.es\/portal\/noticias\/wp-content\/uploads\/sites\/13\/2022\/01\/Expo-Jose-Aguiar-05.jpg 1024w\" sizes=\"(max-width: 300px) 100vw, 300px\" \/> regionalismo o el surrealismo, aqu\u00ed representados, ayudan a entender el devenir del arte canario de esos a\u00f1os, con aportaciones de artistas canarios y for\u00e1neos que crearon en nuestras islas.<\/p>\n<p>El conjunto re\u00fane as\u00ed obras de Juan Ismael, Dav\u00f3, Borges Salas, Felo Monz\u00f3n, Pedro Guezala, Bonn\u00edn, Bruno Brandt, L\u00f3pez Ruiz o Jane Millares, entre otros. Lo expuesto cuenta adem\u00e1s con la singularidad de pertenecer a colecciones particulares de diferentes puntos del archipi\u00e9lago, lo que hace que la gran mayor\u00eda no haya sido vista por el p\u00fablico general hasta este momento.<\/p>\n","protected":false},"excerpt":{"rendered":"<p>La exposici\u00f3n Jos\u00e9 Aguiar y el dibujo en Canarias es una iniciativa de la c\u00e1tedra cultural que lleva el nombre&#8230;<\/p>\n","protected":false},"author":23,"featured_media":60574,"comment_status":"closed","ping_status":"closed","sticky":false,"template":"","format":"standard","meta":{"inline_featured_image":false,"footnotes":""},"categories":[344,345,2765],"tags":[8226,1616],"acf":[],"yoast_head":"<!-- This site is optimized with the Yoast SEO plugin v21.3 - https:\/\/yoast.com\/wordpress\/plugins\/seo\/ -->\n<title>La ULL acoge una muestra del pintor gomero Jos\u00e9 Aguiar y el dibujo en Canarias - ULL - Noticias<\/title>\n<meta name=\"robots\" content=\"index, follow, max-snippet:-1, max-image-preview:large, max-video-preview:-1\" \/>\n<link rel=\"canonical\" href=\"https:\/\/www.ull.es\/portal\/noticias\/2022\/la-ull-acoge-una-muestra-del-pintor-gomero-jose-aguiar-y-el-dibujo-en-canarias\/\" \/>\n<meta property=\"og:locale\" content=\"es_ES\" \/>\n<meta property=\"og:type\" content=\"article\" \/>\n<meta property=\"og:title\" content=\"La ULL acoge una muestra del pintor gomero Jos\u00e9 Aguiar y el dibujo en Canarias - ULL - Noticias\" \/>\n<meta property=\"og:description\" content=\"La exposici\u00f3n Jos\u00e9 Aguiar y el dibujo en Canarias es una iniciativa de la c\u00e1tedra cultural que lleva el nombre...\" \/>\n<meta property=\"og:url\" content=\"https:\/\/www.ull.es\/portal\/noticias\/2022\/la-ull-acoge-una-muestra-del-pintor-gomero-jose-aguiar-y-el-dibujo-en-canarias\/\" \/>\n<meta property=\"og:site_name\" content=\"ULL - Noticias\" \/>\n<meta property=\"article:publisher\" content=\"https:\/\/www.facebook.com\/universidaddelalaguna\/\" \/>\n<meta property=\"article:published_time\" content=\"2022-01-20T10:53:59+00:00\" \/>\n<meta property=\"article:modified_time\" content=\"2022-01-24T15:12:16+00:00\" \/>\n<meta property=\"og:image\" content=\"https:\/\/www.ull.es\/portal\/noticias\/wp-content\/uploads\/sites\/13\/2022\/01\/expo-Jose-Aguiar.jpg\" \/>\n\t<meta property=\"og:image:width\" content=\"700\" \/>\n\t<meta property=\"og:image:height\" content=\"350\" \/>\n\t<meta property=\"og:image:type\" content=\"image\/jpeg\" \/>\n<meta name=\"author\" content=\"gaprsa\" \/>\n<meta name=\"twitter:card\" content=\"summary_large_image\" \/>\n<meta name=\"twitter:creator\" content=\"@CanalULL\" \/>\n<meta name=\"twitter:site\" content=\"@CanalULL\" \/>\n<meta name=\"twitter:label1\" content=\"Escrito por\" \/>\n\t<meta name=\"twitter:data1\" content=\"gaprsa\" \/>\n\t<meta name=\"twitter:label2\" content=\"Tiempo de lectura\" \/>\n\t<meta name=\"twitter:data2\" content=\"3 minutos\" \/>\n<script type=\"application\/ld+json\" class=\"yoast-schema-graph\">{\"@context\":\"https:\/\/schema.org\",\"@graph\":[{\"@type\":\"WebPage\",\"@id\":\"https:\/\/www.ull.es\/portal\/noticias\/2022\/la-ull-acoge-una-muestra-del-pintor-gomero-jose-aguiar-y-el-dibujo-en-canarias\/\",\"url\":\"https:\/\/www.ull.es\/portal\/noticias\/2022\/la-ull-acoge-una-muestra-del-pintor-gomero-jose-aguiar-y-el-dibujo-en-canarias\/\",\"name\":\"La ULL acoge una muestra del pintor gomero Jos\u00e9 Aguiar y el dibujo en Canarias - ULL - Noticias\",\"isPartOf\":{\"@id\":\"https:\/\/www.ull.es\/portal\/noticias\/#website\"},\"datePublished\":\"2022-01-20T10:53:59+00:00\",\"dateModified\":\"2022-01-24T15:12:16+00:00\",\"author\":{\"@id\":\"https:\/\/www.ull.es\/portal\/noticias\/#\/schema\/person\/b2b1a89d43ffa609e591f7df8ef3e817\"},\"breadcrumb\":{\"@id\":\"https:\/\/www.ull.es\/portal\/noticias\/2022\/la-ull-acoge-una-muestra-del-pintor-gomero-jose-aguiar-y-el-dibujo-en-canarias\/#breadcrumb\"},\"inLanguage\":\"es\",\"potentialAction\":[{\"@type\":\"ReadAction\",\"target\":[\"https:\/\/www.ull.es\/portal\/noticias\/2022\/la-ull-acoge-una-muestra-del-pintor-gomero-jose-aguiar-y-el-dibujo-en-canarias\/\"]}]},{\"@type\":\"BreadcrumbList\",\"@id\":\"https:\/\/www.ull.es\/portal\/noticias\/2022\/la-ull-acoge-una-muestra-del-pintor-gomero-jose-aguiar-y-el-dibujo-en-canarias\/#breadcrumb\",\"itemListElement\":[{\"@type\":\"ListItem\",\"position\":1,\"name\":\"Portada\",\"item\":\"https:\/\/www.ull.es\/portal\/noticias\/\"},{\"@type\":\"ListItem\",\"position\":2,\"name\":\"La ULL acoge una muestra del pintor gomero Jos\u00e9 Aguiar y el dibujo en Canarias\"}]},{\"@type\":\"WebSite\",\"@id\":\"https:\/\/www.ull.es\/portal\/noticias\/#website\",\"url\":\"https:\/\/www.ull.es\/portal\/noticias\/\",\"name\":\"ULL - Noticias\",\"description\":\"\",\"potentialAction\":[{\"@type\":\"SearchAction\",\"target\":{\"@type\":\"EntryPoint\",\"urlTemplate\":\"https:\/\/www.ull.es\/portal\/noticias\/?s={search_term_string}\"},\"query-input\":\"required name=search_term_string\"}],\"inLanguage\":\"es\"},{\"@type\":\"Person\",\"@id\":\"https:\/\/www.ull.es\/portal\/noticias\/#\/schema\/person\/b2b1a89d43ffa609e591f7df8ef3e817\",\"name\":\"gaprsa\",\"image\":{\"@type\":\"ImageObject\",\"inLanguage\":\"es\",\"@id\":\"https:\/\/www.ull.es\/portal\/noticias\/#\/schema\/person\/image\/\",\"url\":\"https:\/\/secure.gravatar.com\/avatar\/443820550921091458b4823867723b3d?s=96&d=mm&r=g\",\"contentUrl\":\"https:\/\/secure.gravatar.com\/avatar\/443820550921091458b4823867723b3d?s=96&d=mm&r=g\",\"caption\":\"gaprsa\"},\"url\":\"https:\/\/www.ull.es\/portal\/noticias\/author\/gaprsa\/\"}]}<\/script>\n<!-- \/ Yoast SEO plugin. -->","yoast_head_json":{"title":"La ULL acoge una muestra del pintor gomero Jos\u00e9 Aguiar y el dibujo en Canarias - ULL - Noticias","robots":{"index":"index","follow":"follow","max-snippet":"max-snippet:-1","max-image-preview":"max-image-preview:large","max-video-preview":"max-video-preview:-1"},"canonical":"https:\/\/www.ull.es\/portal\/noticias\/2022\/la-ull-acoge-una-muestra-del-pintor-gomero-jose-aguiar-y-el-dibujo-en-canarias\/","og_locale":"es_ES","og_type":"article","og_title":"La ULL acoge una muestra del pintor gomero Jos\u00e9 Aguiar y el dibujo en Canarias - ULL - Noticias","og_description":"La exposici\u00f3n Jos\u00e9 Aguiar y el dibujo en Canarias es una iniciativa de la c\u00e1tedra cultural que lleva el nombre...","og_url":"https:\/\/www.ull.es\/portal\/noticias\/2022\/la-ull-acoge-una-muestra-del-pintor-gomero-jose-aguiar-y-el-dibujo-en-canarias\/","og_site_name":"ULL - Noticias","article_publisher":"https:\/\/www.facebook.com\/universidaddelalaguna\/","article_published_time":"2022-01-20T10:53:59+00:00","article_modified_time":"2022-01-24T15:12:16+00:00","og_image":[{"width":700,"height":350,"url":"https:\/\/www.ull.es\/portal\/noticias\/wp-content\/uploads\/sites\/13\/2022\/01\/expo-Jose-Aguiar.jpg","type":"image\/jpeg"}],"author":"gaprsa","twitter_card":"summary_large_image","twitter_creator":"@CanalULL","twitter_site":"@CanalULL","twitter_misc":{"Escrito por":"gaprsa","Tiempo de lectura":"3 minutos"},"schema":{"@context":"https:\/\/schema.org","@graph":[{"@type":"WebPage","@id":"https:\/\/www.ull.es\/portal\/noticias\/2022\/la-ull-acoge-una-muestra-del-pintor-gomero-jose-aguiar-y-el-dibujo-en-canarias\/","url":"https:\/\/www.ull.es\/portal\/noticias\/2022\/la-ull-acoge-una-muestra-del-pintor-gomero-jose-aguiar-y-el-dibujo-en-canarias\/","name":"La ULL acoge una muestra del pintor gomero Jos\u00e9 Aguiar y el dibujo en Canarias - ULL - Noticias","isPartOf":{"@id":"https:\/\/www.ull.es\/portal\/noticias\/#website"},"datePublished":"2022-01-20T10:53:59+00:00","dateModified":"2022-01-24T15:12:16+00:00","author":{"@id":"https:\/\/www.ull.es\/portal\/noticias\/#\/schema\/person\/b2b1a89d43ffa609e591f7df8ef3e817"},"breadcrumb":{"@id":"https:\/\/www.ull.es\/portal\/noticias\/2022\/la-ull-acoge-una-muestra-del-pintor-gomero-jose-aguiar-y-el-dibujo-en-canarias\/#breadcrumb"},"inLanguage":"es","potentialAction":[{"@type":"ReadAction","target":["https:\/\/www.ull.es\/portal\/noticias\/2022\/la-ull-acoge-una-muestra-del-pintor-gomero-jose-aguiar-y-el-dibujo-en-canarias\/"]}]},{"@type":"BreadcrumbList","@id":"https:\/\/www.ull.es\/portal\/noticias\/2022\/la-ull-acoge-una-muestra-del-pintor-gomero-jose-aguiar-y-el-dibujo-en-canarias\/#breadcrumb","itemListElement":[{"@type":"ListItem","position":1,"name":"Portada","item":"https:\/\/www.ull.es\/portal\/noticias\/"},{"@type":"ListItem","position":2,"name":"La ULL acoge una muestra del pintor gomero Jos\u00e9 Aguiar y el dibujo en Canarias"}]},{"@type":"WebSite","@id":"https:\/\/www.ull.es\/portal\/noticias\/#website","url":"https:\/\/www.ull.es\/portal\/noticias\/","name":"ULL - Noticias","description":"","potentialAction":[{"@type":"SearchAction","target":{"@type":"EntryPoint","urlTemplate":"https:\/\/www.ull.es\/portal\/noticias\/?s={search_term_string}"},"query-input":"required name=search_term_string"}],"inLanguage":"es"},{"@type":"Person","@id":"https:\/\/www.ull.es\/portal\/noticias\/#\/schema\/person\/b2b1a89d43ffa609e591f7df8ef3e817","name":"gaprsa","image":{"@type":"ImageObject","inLanguage":"es","@id":"https:\/\/www.ull.es\/portal\/noticias\/#\/schema\/person\/image\/","url":"https:\/\/secure.gravatar.com\/avatar\/443820550921091458b4823867723b3d?s=96&d=mm&r=g","contentUrl":"https:\/\/secure.gravatar.com\/avatar\/443820550921091458b4823867723b3d?s=96&d=mm&r=g","caption":"gaprsa"},"url":"https:\/\/www.ull.es\/portal\/noticias\/author\/gaprsa\/"}]}},"primary_category":{"id":344,"name":"Cultura","slug":"cultura","link":"https:\/\/www.ull.es\/portal\/noticias\/category\/cultura\/"},"featured_image_thumbnail_url":"https:\/\/www.ull.es\/portal\/noticias\/wp-content\/uploads\/sites\/13\/2022\/01\/expo-Jose-Aguiar-300x150.jpg","_links":{"self":[{"href":"https:\/\/www.ull.es\/portal\/noticias\/wp-json\/wp\/v2\/posts\/60572"}],"collection":[{"href":"https:\/\/www.ull.es\/portal\/noticias\/wp-json\/wp\/v2\/posts"}],"about":[{"href":"https:\/\/www.ull.es\/portal\/noticias\/wp-json\/wp\/v2\/types\/post"}],"author":[{"embeddable":true,"href":"https:\/\/www.ull.es\/portal\/noticias\/wp-json\/wp\/v2\/users\/23"}],"replies":[{"embeddable":true,"href":"https:\/\/www.ull.es\/portal\/noticias\/wp-json\/wp\/v2\/comments?post=60572"}],"version-history":[{"count":3,"href":"https:\/\/www.ull.es\/portal\/noticias\/wp-json\/wp\/v2\/posts\/60572\/revisions"}],"predecessor-version":[{"id":60672,"href":"https:\/\/www.ull.es\/portal\/noticias\/wp-json\/wp\/v2\/posts\/60572\/revisions\/60672"}],"wp:featuredmedia":[{"embeddable":true,"href":"https:\/\/www.ull.es\/portal\/noticias\/wp-json\/wp\/v2\/media\/60574"}],"wp:attachment":[{"href":"https:\/\/www.ull.es\/portal\/noticias\/wp-json\/wp\/v2\/media?parent=60572"}],"wp:term":[{"taxonomy":"category","embeddable":true,"href":"https:\/\/www.ull.es\/portal\/noticias\/wp-json\/wp\/v2\/categories?post=60572"},{"taxonomy":"post_tag","embeddable":true,"href":"https:\/\/www.ull.es\/portal\/noticias\/wp-json\/wp\/v2\/tags?post=60572"}],"curies":[{"name":"wp","href":"https:\/\/api.w.org\/{rel}","templated":true}]}}