{"id":60577,"date":"2022-01-20T12:58:31","date_gmt":"2022-01-20T12:58:31","guid":{"rendered":"https:\/\/www.ull.es\/portal\/noticias\/?p=60577"},"modified":"2022-01-20T12:58:31","modified_gmt":"2022-01-20T12:58:31","slug":"la-catedra-pedro-garcia-cabrera-de-la-ull-prepara-un-espectaculo-multimedia-sobre-la-vida-y-obra-del-poeta","status":"publish","type":"post","link":"https:\/\/www.ull.es\/portal\/noticias\/2022\/la-catedra-pedro-garcia-cabrera-de-la-ull-prepara-un-espectaculo-multimedia-sobre-la-vida-y-obra-del-poeta\/","title":{"rendered":"La C\u00e1tedra Pedro Garc\u00eda Cabrera de la ULL prepara un espect\u00e1culo multimedia sobre la vida y obra del poeta"},"content":{"rendered":"<p>La <a href=\"https:\/\/www.catedrapedrogarciacabrera.com\/\" target=\"_blank\" rel=\"noopener\">C\u00e1tedra Cultural Pedro Garc\u00eda Cabrera<\/a> de la Universidad de La Laguna lleva desde 2021 preparando un ambicioso proyecto multimedia que, bajo la denominaci\u00f3n \u201cPedro, una rebeld\u00eda de silencios\u201d, est\u00e1 en fase de financiaci\u00f3n y producci\u00f3n con vistas a ser estrenado durante este a\u00f1o 2022 en el Paraninfo de la instituci\u00f3n acad\u00e9mica y, posteriormente, itinerar por varias salas de las islas.<\/p>\n<p>Bajo la coordinaci\u00f3n del director de la c\u00e1tedra, el catedr\u00e1tico de Fisiolog\u00eda <a href=\"https:\/\/portalciencia.ull.es\/investigadores\/81926\/detalle\" target=\"_blank\" rel=\"noopener\">Guadalberto Hernandez<\/a>, el proyecto cuenta con la supervisi\u00f3n de la parte teatral del\u00a0 profesor del Departamento de Filolog\u00eda Espa\u00f1ola y director de la Agrupaci\u00f3n de Teatro de Filolog\u00eda, <a href=\"https:\/\/portalciencia.ull.es\/investigadores\/81926\/detalle\" target=\"_blank\" rel=\"noopener\">Jos\u00e9 Antonio Ramos Arteaga<\/a>; de la musical a cargo de Jonat\u00e1n Rodr\u00edguez, director art\u00edstico de <a href=\"https:\/\/www.laboratorioescenico.com\/inicio\" target=\"_blank\" rel=\"noopener\">Laboratorio Esc\u00e9nico<\/a>; y la ayuda de <a href=\"https:\/\/portalciencia.ull.es\/investigadores\/118175\/detalle\" target=\"_blank\" rel=\"noopener\">Rafael Alonso Sol\u00eds<\/a>, profesor em\u00e9rito y primer director de la c\u00e1tedra, para la captaci\u00f3n de apoyos institucionales para el proyecto.<\/p>\n<p>El espect\u00e1culo que se est\u00e1 preparado combinar\u00e1 el teatro con la m\u00fasica y textos in\u00e9ditos del propio Garc\u00eda Cabrera, y tambi\u00e9n contar\u00e1 con apoyo de materiales audiovisuales que est\u00e1n actualmente en proceso de elaboraci\u00f3n. De hecho, <a href=\"https:\/\/www.catedrapedrogarciacabrera.com\/2017-09-01-12-40-46\/2021-03-15-10-45-13\/pedro-una-rebeldia-de-silencios.html\" target=\"_blank\" rel=\"noopener\">cuatro de estos videos ya est\u00e1n disponibles<\/a>, a modo de avance, en la p\u00e1gina web de la c\u00e1tedra organizadora, dependiente del Vicerrectorado de Cultura y Participaci\u00f3n Social, y en ellos hay testimonios de gestores, te\u00f3ricos y creadores del mundo literario regional que participan en esta iniciativa, como Cecilia Dom\u00ednguez Luis, Mar\u00eda Jes\u00fas Pablo, Felipe Garc\u00eda Land\u00edn y Nilo Palenzuela.<\/p>\n<p>El espect\u00e1culo realizar\u00e1 un recorrido por la vida y la producci\u00f3n po\u00e9tica, ensay\u00edstica y teatral de Pedro Garc\u00eda Cabrera desde la aparici\u00f3n de su primer poemario \u201cL\u00edquenes\u201d en 1926 dentro de la revista Hesp\u00e9rides, pasando por su etapa m\u00e1s rebelde y surrealista en Gaceta de Arte (1931), la reanudaci\u00f3n de su producci\u00f3n po\u00e9tica hasta su literatura en el exilio entre 1936 y 1939, y la creaci\u00f3n amordazada pero l\u00facida durante la posguerra (\u201cD\u00edas de alondras\u201d, \u201cPoes\u00edas de la intimidad\u201d, su poes\u00eda social, \u201cEleg\u00edas muertas de hambre\u201d, \u201cOjos que no ven\u201d y \u201cHacia la libertad\u201d), pasando por su prosa de ficci\u00f3n y el teatro (\u201cProyecciones\u201d) hasta su muerte en 1981.<\/p>\n<p>Jos\u00e9 Antonio Ramos explica que el t\u00edtulo elegido, \u201cUna rebeld\u00eda de silencios\u201d, est\u00e1 sacado de un verso del propio Garc\u00eda Cabrera y explica la actitud del poeta, especialmente durante los a\u00f1os de la dictadura, en los que las circunstancias le obligaron a mantener un silencio que en ning\u00fan caso fue c\u00f3mplice: sigui\u00f3 escribiendo de una manera comprometida y aguda, de tal modo que ese silencio carec\u00eda de complacencia y comportaba una posibilidad de volver a alzarse y hablar de viva voz.<\/p>\n<p>El coordinador esc\u00e9nico adelanta que en escena convivir\u00e1n tres Pedro Garc\u00eda Cabrera: comenzar\u00e1 uno, ya anciano, que mientras se prepara para un homenaje que le va a ofrecer el C\u00edrculo de Bellas Artes de Santa Cruz de Tenerife (el cual fue real e incluso se podr\u00e1 escuchar la entrevista que ofreci\u00f3 para la ocasi\u00f3n a la radio), aparecer\u00e1n sus otros dos yo del pasado: el m\u00e1s joven y rebelde, y el que estuvo 40 a\u00f1os en el ostracismo. De este modo, el espect\u00e1culo ofrecer\u00e1 una visi\u00f3n poli\u00e9drica del escritor.<\/p>\n<p>Ramos reconoce que se trata de una producci\u00f3n muy ambiciosa que requiere de muchos medios no solo t\u00e9cnicos sino humanos, dada la cantidad de personas que van a ser necesarias para su puesta en marcha, desde actores a m\u00fasicos, pasando por t\u00e9cnicos de todo tipo. Aun as\u00ed, cree que 2022 ser\u00eda un a\u00f1o ideal para su estreno: \u201cEstamos saliendo de una pandemia que nos ha obligado a pasar por situaciones que nos han puesto al l\u00edmite psicol\u00f3gico y humano. El famoso verso de Garc\u00eda Carera \u201cla esperanza me mantiene\u201d tendr\u00e1 mucho protagonismo y es una idea muy importante en estos tiempos, lo que nos habla de la vigencia de la palabra y la obra del poeta\u201d.<\/p>\n<p>Por el momento, la c\u00e1tedra cultural ha conseguido apoyos tanto dentro de la propia Universidad de La Laguna (la Agrupaci\u00f3n de Teatro de Filolog\u00eda, el Vicerrectorado de Cultura y Participaci\u00f3n Social y la asociaci\u00f3n Alumni ULL), como externos a la instituci\u00f3n (Laboratorio Esc\u00e9nico y los ayuntamientos de Vallehermoso y San Crist\u00f3bal de La Laguna). Sin embargo, dado lo ambicioso del proyecto, se est\u00e1n estableciendo m\u00e1s apoyos para aumentar la n\u00f3mina de entidades patrocinadoras que permitan ultimar el proyecto en toda su complejidad y ambici\u00f3n.<\/p>\n<p>&nbsp;<\/p>\n","protected":false},"excerpt":{"rendered":"<p>La C\u00e1tedra Cultural Pedro Garc\u00eda Cabrera de la Universidad de La Laguna lleva desde 2021 preparando un ambicioso proyecto multimedia&#8230;<\/p>\n","protected":false},"author":23,"featured_media":60578,"comment_status":"closed","ping_status":"closed","sticky":false,"template":"","format":"standard","meta":{"inline_featured_image":false,"footnotes":""},"categories":[344,345,2765],"tags":[774,1408,1624,3359],"acf":[],"yoast_head":"<!-- This site is optimized with the Yoast SEO plugin v21.3 - https:\/\/yoast.com\/wordpress\/plugins\/seo\/ -->\n<title>La C\u00e1tedra Pedro Garc\u00eda Cabrera de la ULL prepara un espect\u00e1culo multimedia sobre la vida y obra del poeta - ULL - Noticias<\/title>\n<meta name=\"robots\" content=\"index, follow, max-snippet:-1, max-image-preview:large, max-video-preview:-1\" \/>\n<link rel=\"canonical\" href=\"https:\/\/www.ull.es\/portal\/noticias\/2022\/la-catedra-pedro-garcia-cabrera-de-la-ull-prepara-un-espectaculo-multimedia-sobre-la-vida-y-obra-del-poeta\/\" \/>\n<meta property=\"og:locale\" content=\"es_ES\" \/>\n<meta property=\"og:type\" content=\"article\" \/>\n<meta property=\"og:title\" content=\"La C\u00e1tedra Pedro Garc\u00eda Cabrera de la ULL prepara un espect\u00e1culo multimedia sobre la vida y obra del poeta - ULL - Noticias\" \/>\n<meta property=\"og:description\" content=\"La C\u00e1tedra Cultural Pedro Garc\u00eda Cabrera de la Universidad de La Laguna lleva desde 2021 preparando un ambicioso proyecto multimedia...\" \/>\n<meta property=\"og:url\" content=\"https:\/\/www.ull.es\/portal\/noticias\/2022\/la-catedra-pedro-garcia-cabrera-de-la-ull-prepara-un-espectaculo-multimedia-sobre-la-vida-y-obra-del-poeta\/\" \/>\n<meta property=\"og:site_name\" content=\"ULL - Noticias\" \/>\n<meta property=\"article:publisher\" content=\"https:\/\/www.facebook.com\/universidaddelalaguna\/\" \/>\n<meta property=\"article:published_time\" content=\"2022-01-20T12:58:31+00:00\" \/>\n<meta property=\"og:image\" content=\"https:\/\/www.ull.es\/portal\/noticias\/wp-content\/uploads\/sites\/13\/2022\/01\/rebeldia-02.jpeg\" \/>\n\t<meta property=\"og:image:width\" content=\"900\" \/>\n\t<meta property=\"og:image:height\" content=\"450\" \/>\n\t<meta property=\"og:image:type\" content=\"image\/jpeg\" \/>\n<meta name=\"author\" content=\"gaprsa\" \/>\n<meta name=\"twitter:card\" content=\"summary_large_image\" \/>\n<meta name=\"twitter:creator\" content=\"@CanalULL\" \/>\n<meta name=\"twitter:site\" content=\"@CanalULL\" \/>\n<meta name=\"twitter:label1\" content=\"Escrito por\" \/>\n\t<meta name=\"twitter:data1\" content=\"gaprsa\" \/>\n\t<meta name=\"twitter:label2\" content=\"Tiempo de lectura\" \/>\n\t<meta name=\"twitter:data2\" content=\"4 minutos\" \/>\n<script type=\"application\/ld+json\" class=\"yoast-schema-graph\">{\"@context\":\"https:\/\/schema.org\",\"@graph\":[{\"@type\":\"WebPage\",\"@id\":\"https:\/\/www.ull.es\/portal\/noticias\/2022\/la-catedra-pedro-garcia-cabrera-de-la-ull-prepara-un-espectaculo-multimedia-sobre-la-vida-y-obra-del-poeta\/\",\"url\":\"https:\/\/www.ull.es\/portal\/noticias\/2022\/la-catedra-pedro-garcia-cabrera-de-la-ull-prepara-un-espectaculo-multimedia-sobre-la-vida-y-obra-del-poeta\/\",\"name\":\"La C\u00e1tedra Pedro Garc\u00eda Cabrera de la ULL prepara un espect\u00e1culo multimedia sobre la vida y obra del poeta - ULL - Noticias\",\"isPartOf\":{\"@id\":\"https:\/\/www.ull.es\/portal\/noticias\/#website\"},\"datePublished\":\"2022-01-20T12:58:31+00:00\",\"dateModified\":\"2022-01-20T12:58:31+00:00\",\"author\":{\"@id\":\"https:\/\/www.ull.es\/portal\/noticias\/#\/schema\/person\/b2b1a89d43ffa609e591f7df8ef3e817\"},\"breadcrumb\":{\"@id\":\"https:\/\/www.ull.es\/portal\/noticias\/2022\/la-catedra-pedro-garcia-cabrera-de-la-ull-prepara-un-espectaculo-multimedia-sobre-la-vida-y-obra-del-poeta\/#breadcrumb\"},\"inLanguage\":\"es\",\"potentialAction\":[{\"@type\":\"ReadAction\",\"target\":[\"https:\/\/www.ull.es\/portal\/noticias\/2022\/la-catedra-pedro-garcia-cabrera-de-la-ull-prepara-un-espectaculo-multimedia-sobre-la-vida-y-obra-del-poeta\/\"]}]},{\"@type\":\"BreadcrumbList\",\"@id\":\"https:\/\/www.ull.es\/portal\/noticias\/2022\/la-catedra-pedro-garcia-cabrera-de-la-ull-prepara-un-espectaculo-multimedia-sobre-la-vida-y-obra-del-poeta\/#breadcrumb\",\"itemListElement\":[{\"@type\":\"ListItem\",\"position\":1,\"name\":\"Portada\",\"item\":\"https:\/\/www.ull.es\/portal\/noticias\/\"},{\"@type\":\"ListItem\",\"position\":2,\"name\":\"La C\u00e1tedra Pedro Garc\u00eda Cabrera de la ULL prepara un espect\u00e1culo multimedia sobre la vida y obra del poeta\"}]},{\"@type\":\"WebSite\",\"@id\":\"https:\/\/www.ull.es\/portal\/noticias\/#website\",\"url\":\"https:\/\/www.ull.es\/portal\/noticias\/\",\"name\":\"ULL - Noticias\",\"description\":\"\",\"potentialAction\":[{\"@type\":\"SearchAction\",\"target\":{\"@type\":\"EntryPoint\",\"urlTemplate\":\"https:\/\/www.ull.es\/portal\/noticias\/?s={search_term_string}\"},\"query-input\":\"required name=search_term_string\"}],\"inLanguage\":\"es\"},{\"@type\":\"Person\",\"@id\":\"https:\/\/www.ull.es\/portal\/noticias\/#\/schema\/person\/b2b1a89d43ffa609e591f7df8ef3e817\",\"name\":\"gaprsa\",\"image\":{\"@type\":\"ImageObject\",\"inLanguage\":\"es\",\"@id\":\"https:\/\/www.ull.es\/portal\/noticias\/#\/schema\/person\/image\/\",\"url\":\"https:\/\/secure.gravatar.com\/avatar\/443820550921091458b4823867723b3d?s=96&d=mm&r=g\",\"contentUrl\":\"https:\/\/secure.gravatar.com\/avatar\/443820550921091458b4823867723b3d?s=96&d=mm&r=g\",\"caption\":\"gaprsa\"},\"url\":\"https:\/\/www.ull.es\/portal\/noticias\/author\/gaprsa\/\"}]}<\/script>\n<!-- \/ Yoast SEO plugin. -->","yoast_head_json":{"title":"La C\u00e1tedra Pedro Garc\u00eda Cabrera de la ULL prepara un espect\u00e1culo multimedia sobre la vida y obra del poeta - ULL - Noticias","robots":{"index":"index","follow":"follow","max-snippet":"max-snippet:-1","max-image-preview":"max-image-preview:large","max-video-preview":"max-video-preview:-1"},"canonical":"https:\/\/www.ull.es\/portal\/noticias\/2022\/la-catedra-pedro-garcia-cabrera-de-la-ull-prepara-un-espectaculo-multimedia-sobre-la-vida-y-obra-del-poeta\/","og_locale":"es_ES","og_type":"article","og_title":"La C\u00e1tedra Pedro Garc\u00eda Cabrera de la ULL prepara un espect\u00e1culo multimedia sobre la vida y obra del poeta - ULL - Noticias","og_description":"La C\u00e1tedra Cultural Pedro Garc\u00eda Cabrera de la Universidad de La Laguna lleva desde 2021 preparando un ambicioso proyecto multimedia...","og_url":"https:\/\/www.ull.es\/portal\/noticias\/2022\/la-catedra-pedro-garcia-cabrera-de-la-ull-prepara-un-espectaculo-multimedia-sobre-la-vida-y-obra-del-poeta\/","og_site_name":"ULL - Noticias","article_publisher":"https:\/\/www.facebook.com\/universidaddelalaguna\/","article_published_time":"2022-01-20T12:58:31+00:00","og_image":[{"width":900,"height":450,"url":"https:\/\/www.ull.es\/portal\/noticias\/wp-content\/uploads\/sites\/13\/2022\/01\/rebeldia-02.jpeg","type":"image\/jpeg"}],"author":"gaprsa","twitter_card":"summary_large_image","twitter_creator":"@CanalULL","twitter_site":"@CanalULL","twitter_misc":{"Escrito por":"gaprsa","Tiempo de lectura":"4 minutos"},"schema":{"@context":"https:\/\/schema.org","@graph":[{"@type":"WebPage","@id":"https:\/\/www.ull.es\/portal\/noticias\/2022\/la-catedra-pedro-garcia-cabrera-de-la-ull-prepara-un-espectaculo-multimedia-sobre-la-vida-y-obra-del-poeta\/","url":"https:\/\/www.ull.es\/portal\/noticias\/2022\/la-catedra-pedro-garcia-cabrera-de-la-ull-prepara-un-espectaculo-multimedia-sobre-la-vida-y-obra-del-poeta\/","name":"La C\u00e1tedra Pedro Garc\u00eda Cabrera de la ULL prepara un espect\u00e1culo multimedia sobre la vida y obra del poeta - ULL - Noticias","isPartOf":{"@id":"https:\/\/www.ull.es\/portal\/noticias\/#website"},"datePublished":"2022-01-20T12:58:31+00:00","dateModified":"2022-01-20T12:58:31+00:00","author":{"@id":"https:\/\/www.ull.es\/portal\/noticias\/#\/schema\/person\/b2b1a89d43ffa609e591f7df8ef3e817"},"breadcrumb":{"@id":"https:\/\/www.ull.es\/portal\/noticias\/2022\/la-catedra-pedro-garcia-cabrera-de-la-ull-prepara-un-espectaculo-multimedia-sobre-la-vida-y-obra-del-poeta\/#breadcrumb"},"inLanguage":"es","potentialAction":[{"@type":"ReadAction","target":["https:\/\/www.ull.es\/portal\/noticias\/2022\/la-catedra-pedro-garcia-cabrera-de-la-ull-prepara-un-espectaculo-multimedia-sobre-la-vida-y-obra-del-poeta\/"]}]},{"@type":"BreadcrumbList","@id":"https:\/\/www.ull.es\/portal\/noticias\/2022\/la-catedra-pedro-garcia-cabrera-de-la-ull-prepara-un-espectaculo-multimedia-sobre-la-vida-y-obra-del-poeta\/#breadcrumb","itemListElement":[{"@type":"ListItem","position":1,"name":"Portada","item":"https:\/\/www.ull.es\/portal\/noticias\/"},{"@type":"ListItem","position":2,"name":"La C\u00e1tedra Pedro Garc\u00eda Cabrera de la ULL prepara un espect\u00e1culo multimedia sobre la vida y obra del poeta"}]},{"@type":"WebSite","@id":"https:\/\/www.ull.es\/portal\/noticias\/#website","url":"https:\/\/www.ull.es\/portal\/noticias\/","name":"ULL - Noticias","description":"","potentialAction":[{"@type":"SearchAction","target":{"@type":"EntryPoint","urlTemplate":"https:\/\/www.ull.es\/portal\/noticias\/?s={search_term_string}"},"query-input":"required name=search_term_string"}],"inLanguage":"es"},{"@type":"Person","@id":"https:\/\/www.ull.es\/portal\/noticias\/#\/schema\/person\/b2b1a89d43ffa609e591f7df8ef3e817","name":"gaprsa","image":{"@type":"ImageObject","inLanguage":"es","@id":"https:\/\/www.ull.es\/portal\/noticias\/#\/schema\/person\/image\/","url":"https:\/\/secure.gravatar.com\/avatar\/443820550921091458b4823867723b3d?s=96&d=mm&r=g","contentUrl":"https:\/\/secure.gravatar.com\/avatar\/443820550921091458b4823867723b3d?s=96&d=mm&r=g","caption":"gaprsa"},"url":"https:\/\/www.ull.es\/portal\/noticias\/author\/gaprsa\/"}]}},"primary_category":{"id":345,"name":"Destacado","slug":"destacado","link":"https:\/\/www.ull.es\/portal\/noticias\/category\/destacado\/"},"featured_image_thumbnail_url":"https:\/\/www.ull.es\/portal\/noticias\/wp-content\/uploads\/sites\/13\/2022\/01\/rebeldia-02-300x150.jpeg","_links":{"self":[{"href":"https:\/\/www.ull.es\/portal\/noticias\/wp-json\/wp\/v2\/posts\/60577"}],"collection":[{"href":"https:\/\/www.ull.es\/portal\/noticias\/wp-json\/wp\/v2\/posts"}],"about":[{"href":"https:\/\/www.ull.es\/portal\/noticias\/wp-json\/wp\/v2\/types\/post"}],"author":[{"embeddable":true,"href":"https:\/\/www.ull.es\/portal\/noticias\/wp-json\/wp\/v2\/users\/23"}],"replies":[{"embeddable":true,"href":"https:\/\/www.ull.es\/portal\/noticias\/wp-json\/wp\/v2\/comments?post=60577"}],"version-history":[{"count":1,"href":"https:\/\/www.ull.es\/portal\/noticias\/wp-json\/wp\/v2\/posts\/60577\/revisions"}],"predecessor-version":[{"id":60579,"href":"https:\/\/www.ull.es\/portal\/noticias\/wp-json\/wp\/v2\/posts\/60577\/revisions\/60579"}],"wp:featuredmedia":[{"embeddable":true,"href":"https:\/\/www.ull.es\/portal\/noticias\/wp-json\/wp\/v2\/media\/60578"}],"wp:attachment":[{"href":"https:\/\/www.ull.es\/portal\/noticias\/wp-json\/wp\/v2\/media?parent=60577"}],"wp:term":[{"taxonomy":"category","embeddable":true,"href":"https:\/\/www.ull.es\/portal\/noticias\/wp-json\/wp\/v2\/categories?post=60577"},{"taxonomy":"post_tag","embeddable":true,"href":"https:\/\/www.ull.es\/portal\/noticias\/wp-json\/wp\/v2\/tags?post=60577"}],"curies":[{"name":"wp","href":"https:\/\/api.w.org\/{rel}","templated":true}]}}