{"id":60589,"date":"2022-01-21T09:46:05","date_gmt":"2022-01-21T09:46:05","guid":{"rendered":"https:\/\/www.ull.es\/portal\/noticias\/?p=60589"},"modified":"2022-01-21T09:46:05","modified_gmt":"2022-01-21T09:46:05","slug":"los-realejos-y-la-universidad-de-la-laguna-restauraran-documentos-del-archivo-historico-municipal","status":"publish","type":"post","link":"https:\/\/www.ull.es\/portal\/noticias\/2022\/los-realejos-y-la-universidad-de-la-laguna-restauraran-documentos-del-archivo-historico-municipal\/","title":{"rendered":"Los Realejos y la Universidad de La Laguna restaurar\u00e1n documentos del archivo hist\u00f3rico municipal"},"content":{"rendered":"<article id=\"post-32579\" class=\"post-32579 post type-post status-publish format-standard has-post-thumbnail hentry category-general area-general\" target=\"_blank\" rel=\"noopener\">\n<div class=\"entry-content\">\n<p>La concejala de Servicios Generales, Noelia Gonz\u00e1lez, ha anunciado que el Ayuntamiento de Los Realejos y la Universidad de La Laguna, a trav\u00e9s de su Fundaci\u00f3n General, llevar\u00e1n a cabo distintos proyectos de estudio y restauraci\u00f3n de documentos del archivo hist\u00f3rico municipal, que se iniciar\u00e1n con la inminente recuperaci\u00f3n del volumen que recoge el padr\u00f3n general de Realejo Alto de 1915, que seg\u00fan un informe t\u00e9cnico previo, presenta un estado de conservaci\u00f3n muy grave, \u00abafectado por microorganismos y descomposici\u00f3n de parte del soporte y, en consecuencia, p\u00e9rdida de informaci\u00f3n\u201d.<\/p>\n<p>\u201cEstamos hablando de un importante documento de cuantos se custodian en el archivo municipal\u00bb, que comprende a modo de registro administrativo los vecinos y vecinas del municipio en ese a\u00f1o, descritos por nombres de residentes de cada vivienda, identificaci\u00f3n de la misma, relaci\u00f3n de parentesco entre miembros, o datos complementarios como si sab\u00edan o no escribir o leer. \u00abSe trata de una informaci\u00f3n municipal de especial relevancia hist\u00f3rica que merece ser recuperada, con una intervenci\u00f3n especializada que frene estas alteraciones en el papel y ofrezca garant\u00edas de conservaci\u00f3n futura\u201d, destaca Noelia Gonz\u00e1lez.<\/p>\n<p>La concejala considera prioritario retomar este tipo de iniciativas de recuperaci\u00f3n y conservaci\u00f3n del archivo, que se iniciar\u00e1n con este volumen que presenta mayor riesgo de p\u00e9rdida, con el fin de garantizar la historia documental y patrimonial de Los Realejos a\u00fan custodiada, con el asesoramiento t\u00e9cnico del archivero municipal y la investigaci\u00f3n e intervenci\u00f3n especializada del Servicio de An\u00e1lisis y Documentaci\u00f3n de Obras de Arte y Servicio de Gen\u00f3mica, perteneciente al Servicio General de Apoyo a la Investigaci\u00f3n de la Universidad de La Laguna.<\/p>\n<p>El volumen centenario en cuesti\u00f3n, de 32 x 22,5 cent\u00edmetros, est\u00e1 integrado por 179 hojas cosidas por el lomo utilizando tanto para su cubierta como para el cuerpo del ejemplar el papel continuo y presentando tres tipos de elementos sustentados como tintas de impresi\u00f3n, metalo\u00e1cidas y mecanogr\u00e1ficas, adem\u00e1s de sello tamp\u00f3n distribuidos a lo largo de todas las hojas.<\/p>\n<p>El equipo de trabajo para la recuperaci\u00f3n del documento estar\u00e1 dirigido por la doctora del departamento de Bellas Artes de la Facultad de Bellas Artes de la ULL y responsable del Servicio de An\u00e1lisis y Documentaci\u00f3n de Obras de Arte-SEGAI, Elisa Mar\u00eda D\u00edaz Gonz\u00e1lez, y contar\u00e1 con la investigadora en formaci\u00f3n FPI\/FPU predoctoral y conservadora y restauradora de Bienes Culturales de la ULL, Ania Rodr\u00edguez Maciel.<\/p>\n<p>El proceso de intervenci\u00f3n que se prolongar\u00e1 durante cuatro meses consta de tres fases. La primera de ellas se centra en el estudio pormenorizado del volumen, caracterizaci\u00f3n f\u00edsica del ejemplar y descripci\u00f3n. La segunda ser\u00e1 el estudio no destructivo por imagen con aplicaci\u00f3n de distintos tipos de iluminaci\u00f3n de radicaci\u00f3n invisible que permitan recuperar la legibilidad de textos y caracterizaci\u00f3n de tintas presentes. La tercera fase conllevar\u00e1 pruebas complementarias que determinen el tratamiento de restauraci\u00f3n en relaci\u00f3n a la composici\u00f3n, estado de acidez del papel y alteraciones f\u00edsicas presentes. Se llevar\u00e1n a cabo labores de desinfecci\u00f3n del volumen y consolidaci\u00f3n del soporte a nivel interno y externo para su minucioso y cuidadoso estudio y manipulaci\u00f3n.<\/p>\n<p>(Nota de prensa e imagen cedidas).<\/p>\n<div><\/div>\n<\/div>\n<\/article>\n","protected":false},"excerpt":{"rendered":"<p>La concejala de Servicios Generales, Noelia Gonz\u00e1lez, ha anunciado que el Ayuntamiento de Los Realejos y la Universidad de La&#8230;<\/p>\n","protected":false},"author":23,"featured_media":60591,"comment_status":"closed","ping_status":"closed","sticky":false,"template":"","format":"standard","meta":{"inline_featured_image":false,"footnotes":""},"categories":[3785,345,350,2765],"tags":[8230,6660],"acf":[],"yoast_head":"<!-- This site is optimized with the Yoast SEO plugin v21.3 - https:\/\/yoast.com\/wordpress\/plugins\/seo\/ -->\n<title>Los Realejos y la Universidad de La Laguna restaurar\u00e1n documentos del archivo hist\u00f3rico municipal - ULL - Noticias<\/title>\n<meta name=\"robots\" content=\"index, follow, max-snippet:-1, max-image-preview:large, max-video-preview:-1\" \/>\n<link rel=\"canonical\" href=\"https:\/\/www.ull.es\/portal\/noticias\/2022\/los-realejos-y-la-universidad-de-la-laguna-restauraran-documentos-del-archivo-historico-municipal\/\" \/>\n<meta property=\"og:locale\" content=\"es_ES\" \/>\n<meta property=\"og:type\" content=\"article\" \/>\n<meta property=\"og:title\" content=\"Los Realejos y la Universidad de La Laguna restaurar\u00e1n documentos del archivo hist\u00f3rico municipal - ULL - Noticias\" \/>\n<meta property=\"og:description\" content=\"La concejala de Servicios Generales, Noelia Gonz\u00e1lez, ha anunciado que el Ayuntamiento de Los Realejos y la Universidad de La...\" \/>\n<meta property=\"og:url\" content=\"https:\/\/www.ull.es\/portal\/noticias\/2022\/los-realejos-y-la-universidad-de-la-laguna-restauraran-documentos-del-archivo-historico-municipal\/\" \/>\n<meta property=\"og:site_name\" content=\"ULL - Noticias\" \/>\n<meta property=\"article:publisher\" content=\"https:\/\/www.facebook.com\/universidaddelalaguna\/\" \/>\n<meta property=\"article:published_time\" content=\"2022-01-21T09:46:05+00:00\" \/>\n<meta property=\"og:image\" content=\"https:\/\/www.ull.es\/portal\/noticias\/wp-content\/uploads\/sites\/13\/2022\/01\/archivo-los-realejos.jpeg\" \/>\n\t<meta property=\"og:image:width\" content=\"1600\" \/>\n\t<meta property=\"og:image:height\" content=\"1200\" \/>\n\t<meta property=\"og:image:type\" content=\"image\/jpeg\" \/>\n<meta name=\"author\" content=\"gaprsa\" \/>\n<meta name=\"twitter:card\" content=\"summary_large_image\" \/>\n<meta name=\"twitter:creator\" content=\"@CanalULL\" \/>\n<meta name=\"twitter:site\" content=\"@CanalULL\" \/>\n<meta name=\"twitter:label1\" content=\"Escrito por\" \/>\n\t<meta name=\"twitter:data1\" content=\"gaprsa\" \/>\n\t<meta name=\"twitter:label2\" content=\"Tiempo de lectura\" \/>\n\t<meta name=\"twitter:data2\" content=\"3 minutos\" \/>\n<script type=\"application\/ld+json\" class=\"yoast-schema-graph\">{\"@context\":\"https:\/\/schema.org\",\"@graph\":[{\"@type\":\"WebPage\",\"@id\":\"https:\/\/www.ull.es\/portal\/noticias\/2022\/los-realejos-y-la-universidad-de-la-laguna-restauraran-documentos-del-archivo-historico-municipal\/\",\"url\":\"https:\/\/www.ull.es\/portal\/noticias\/2022\/los-realejos-y-la-universidad-de-la-laguna-restauraran-documentos-del-archivo-historico-municipal\/\",\"name\":\"Los Realejos y la Universidad de La Laguna restaurar\u00e1n documentos del archivo hist\u00f3rico municipal - ULL - Noticias\",\"isPartOf\":{\"@id\":\"https:\/\/www.ull.es\/portal\/noticias\/#website\"},\"datePublished\":\"2022-01-21T09:46:05+00:00\",\"dateModified\":\"2022-01-21T09:46:05+00:00\",\"author\":{\"@id\":\"https:\/\/www.ull.es\/portal\/noticias\/#\/schema\/person\/b2b1a89d43ffa609e591f7df8ef3e817\"},\"breadcrumb\":{\"@id\":\"https:\/\/www.ull.es\/portal\/noticias\/2022\/los-realejos-y-la-universidad-de-la-laguna-restauraran-documentos-del-archivo-historico-municipal\/#breadcrumb\"},\"inLanguage\":\"es\",\"potentialAction\":[{\"@type\":\"ReadAction\",\"target\":[\"https:\/\/www.ull.es\/portal\/noticias\/2022\/los-realejos-y-la-universidad-de-la-laguna-restauraran-documentos-del-archivo-historico-municipal\/\"]}]},{\"@type\":\"BreadcrumbList\",\"@id\":\"https:\/\/www.ull.es\/portal\/noticias\/2022\/los-realejos-y-la-universidad-de-la-laguna-restauraran-documentos-del-archivo-historico-municipal\/#breadcrumb\",\"itemListElement\":[{\"@type\":\"ListItem\",\"position\":1,\"name\":\"Portada\",\"item\":\"https:\/\/www.ull.es\/portal\/noticias\/\"},{\"@type\":\"ListItem\",\"position\":2,\"name\":\"Los Realejos y la Universidad de La Laguna restaurar\u00e1n documentos del archivo hist\u00f3rico municipal\"}]},{\"@type\":\"WebSite\",\"@id\":\"https:\/\/www.ull.es\/portal\/noticias\/#website\",\"url\":\"https:\/\/www.ull.es\/portal\/noticias\/\",\"name\":\"ULL - Noticias\",\"description\":\"\",\"potentialAction\":[{\"@type\":\"SearchAction\",\"target\":{\"@type\":\"EntryPoint\",\"urlTemplate\":\"https:\/\/www.ull.es\/portal\/noticias\/?s={search_term_string}\"},\"query-input\":\"required name=search_term_string\"}],\"inLanguage\":\"es\"},{\"@type\":\"Person\",\"@id\":\"https:\/\/www.ull.es\/portal\/noticias\/#\/schema\/person\/b2b1a89d43ffa609e591f7df8ef3e817\",\"name\":\"gaprsa\",\"image\":{\"@type\":\"ImageObject\",\"inLanguage\":\"es\",\"@id\":\"https:\/\/www.ull.es\/portal\/noticias\/#\/schema\/person\/image\/\",\"url\":\"https:\/\/secure.gravatar.com\/avatar\/443820550921091458b4823867723b3d?s=96&d=mm&r=g\",\"contentUrl\":\"https:\/\/secure.gravatar.com\/avatar\/443820550921091458b4823867723b3d?s=96&d=mm&r=g\",\"caption\":\"gaprsa\"},\"url\":\"https:\/\/www.ull.es\/portal\/noticias\/author\/gaprsa\/\"}]}<\/script>\n<!-- \/ Yoast SEO plugin. -->","yoast_head_json":{"title":"Los Realejos y la Universidad de La Laguna restaurar\u00e1n documentos del archivo hist\u00f3rico municipal - ULL - Noticias","robots":{"index":"index","follow":"follow","max-snippet":"max-snippet:-1","max-image-preview":"max-image-preview:large","max-video-preview":"max-video-preview:-1"},"canonical":"https:\/\/www.ull.es\/portal\/noticias\/2022\/los-realejos-y-la-universidad-de-la-laguna-restauraran-documentos-del-archivo-historico-municipal\/","og_locale":"es_ES","og_type":"article","og_title":"Los Realejos y la Universidad de La Laguna restaurar\u00e1n documentos del archivo hist\u00f3rico municipal - ULL - Noticias","og_description":"La concejala de Servicios Generales, Noelia Gonz\u00e1lez, ha anunciado que el Ayuntamiento de Los Realejos y la Universidad de La...","og_url":"https:\/\/www.ull.es\/portal\/noticias\/2022\/los-realejos-y-la-universidad-de-la-laguna-restauraran-documentos-del-archivo-historico-municipal\/","og_site_name":"ULL - Noticias","article_publisher":"https:\/\/www.facebook.com\/universidaddelalaguna\/","article_published_time":"2022-01-21T09:46:05+00:00","og_image":[{"width":1600,"height":1200,"url":"https:\/\/www.ull.es\/portal\/noticias\/wp-content\/uploads\/sites\/13\/2022\/01\/archivo-los-realejos.jpeg","type":"image\/jpeg"}],"author":"gaprsa","twitter_card":"summary_large_image","twitter_creator":"@CanalULL","twitter_site":"@CanalULL","twitter_misc":{"Escrito por":"gaprsa","Tiempo de lectura":"3 minutos"},"schema":{"@context":"https:\/\/schema.org","@graph":[{"@type":"WebPage","@id":"https:\/\/www.ull.es\/portal\/noticias\/2022\/los-realejos-y-la-universidad-de-la-laguna-restauraran-documentos-del-archivo-historico-municipal\/","url":"https:\/\/www.ull.es\/portal\/noticias\/2022\/los-realejos-y-la-universidad-de-la-laguna-restauraran-documentos-del-archivo-historico-municipal\/","name":"Los Realejos y la Universidad de La Laguna restaurar\u00e1n documentos del archivo hist\u00f3rico municipal - ULL - Noticias","isPartOf":{"@id":"https:\/\/www.ull.es\/portal\/noticias\/#website"},"datePublished":"2022-01-21T09:46:05+00:00","dateModified":"2022-01-21T09:46:05+00:00","author":{"@id":"https:\/\/www.ull.es\/portal\/noticias\/#\/schema\/person\/b2b1a89d43ffa609e591f7df8ef3e817"},"breadcrumb":{"@id":"https:\/\/www.ull.es\/portal\/noticias\/2022\/los-realejos-y-la-universidad-de-la-laguna-restauraran-documentos-del-archivo-historico-municipal\/#breadcrumb"},"inLanguage":"es","potentialAction":[{"@type":"ReadAction","target":["https:\/\/www.ull.es\/portal\/noticias\/2022\/los-realejos-y-la-universidad-de-la-laguna-restauraran-documentos-del-archivo-historico-municipal\/"]}]},{"@type":"BreadcrumbList","@id":"https:\/\/www.ull.es\/portal\/noticias\/2022\/los-realejos-y-la-universidad-de-la-laguna-restauraran-documentos-del-archivo-historico-municipal\/#breadcrumb","itemListElement":[{"@type":"ListItem","position":1,"name":"Portada","item":"https:\/\/www.ull.es\/portal\/noticias\/"},{"@type":"ListItem","position":2,"name":"Los Realejos y la Universidad de La Laguna restaurar\u00e1n documentos del archivo hist\u00f3rico municipal"}]},{"@type":"WebSite","@id":"https:\/\/www.ull.es\/portal\/noticias\/#website","url":"https:\/\/www.ull.es\/portal\/noticias\/","name":"ULL - Noticias","description":"","potentialAction":[{"@type":"SearchAction","target":{"@type":"EntryPoint","urlTemplate":"https:\/\/www.ull.es\/portal\/noticias\/?s={search_term_string}"},"query-input":"required name=search_term_string"}],"inLanguage":"es"},{"@type":"Person","@id":"https:\/\/www.ull.es\/portal\/noticias\/#\/schema\/person\/b2b1a89d43ffa609e591f7df8ef3e817","name":"gaprsa","image":{"@type":"ImageObject","inLanguage":"es","@id":"https:\/\/www.ull.es\/portal\/noticias\/#\/schema\/person\/image\/","url":"https:\/\/secure.gravatar.com\/avatar\/443820550921091458b4823867723b3d?s=96&d=mm&r=g","contentUrl":"https:\/\/secure.gravatar.com\/avatar\/443820550921091458b4823867723b3d?s=96&d=mm&r=g","caption":"gaprsa"},"url":"https:\/\/www.ull.es\/portal\/noticias\/author\/gaprsa\/"}]}},"primary_category":{"id":345,"name":"Destacado","slug":"destacado","link":"https:\/\/www.ull.es\/portal\/noticias\/category\/destacado\/"},"featured_image_thumbnail_url":"https:\/\/www.ull.es\/portal\/noticias\/wp-content\/uploads\/sites\/13\/2022\/01\/archivo-los-realejos-300x225.jpeg","_links":{"self":[{"href":"https:\/\/www.ull.es\/portal\/noticias\/wp-json\/wp\/v2\/posts\/60589"}],"collection":[{"href":"https:\/\/www.ull.es\/portal\/noticias\/wp-json\/wp\/v2\/posts"}],"about":[{"href":"https:\/\/www.ull.es\/portal\/noticias\/wp-json\/wp\/v2\/types\/post"}],"author":[{"embeddable":true,"href":"https:\/\/www.ull.es\/portal\/noticias\/wp-json\/wp\/v2\/users\/23"}],"replies":[{"embeddable":true,"href":"https:\/\/www.ull.es\/portal\/noticias\/wp-json\/wp\/v2\/comments?post=60589"}],"version-history":[{"count":1,"href":"https:\/\/www.ull.es\/portal\/noticias\/wp-json\/wp\/v2\/posts\/60589\/revisions"}],"predecessor-version":[{"id":60590,"href":"https:\/\/www.ull.es\/portal\/noticias\/wp-json\/wp\/v2\/posts\/60589\/revisions\/60590"}],"wp:featuredmedia":[{"embeddable":true,"href":"https:\/\/www.ull.es\/portal\/noticias\/wp-json\/wp\/v2\/media\/60591"}],"wp:attachment":[{"href":"https:\/\/www.ull.es\/portal\/noticias\/wp-json\/wp\/v2\/media?parent=60589"}],"wp:term":[{"taxonomy":"category","embeddable":true,"href":"https:\/\/www.ull.es\/portal\/noticias\/wp-json\/wp\/v2\/categories?post=60589"},{"taxonomy":"post_tag","embeddable":true,"href":"https:\/\/www.ull.es\/portal\/noticias\/wp-json\/wp\/v2\/tags?post=60589"}],"curies":[{"name":"wp","href":"https:\/\/api.w.org\/{rel}","templated":true}]}}