{"id":60753,"date":"2022-02-01T11:04:06","date_gmt":"2022-02-01T11:04:06","guid":{"rendered":"https:\/\/www.ull.es\/portal\/noticias\/?p=60753"},"modified":"2022-02-01T11:04:06","modified_gmt":"2022-02-01T11:04:06","slug":"capilla-exhibe-premios-pintura-escultura","status":"publish","type":"post","link":"https:\/\/www.ull.es\/portal\/noticias\/2022\/capilla-exhibe-premios-pintura-escultura\/","title":{"rendered":"El Espacio Cultural La Capilla exhibe las obras de los premios de pintura y escultura de la ULL"},"content":{"rendered":"<p><iframe loading=\"lazy\" title=\"Exposici\u00f3n Premios de Pintura y Escultura 2021\" width=\"750\" height=\"422\" src=\"https:\/\/www.youtube.com\/embed\/I4paTdQqd38?feature=oembed\" frameborder=\"0\" allow=\"accelerometer; autoplay; clipboard-write; encrypted-media; gyroscope; picture-in-picture\" allowfullscreen><\/iframe><\/p>\n<p class=\"p3\">Cada a\u00f1o, el <a href=\"https:\/\/www.ull.es\/la-universidad\/equipo-gobierno\/vicerrectorado-cultura-participacion-social-campus-ofra-palma\/\" target=\"_blank\" rel=\"noopener\" target=\"_blank\" rel=\"noopener\"><span class=\"s3\">Vicerrectorado de Cultura y Participaci\u00f3n Social<span class=\"Apple-converted-space\">\u00a0<\/span><\/span><\/a> de la Universidad de La Laguna convoca una serie de <a href=\"https:\/\/www.ull.es\/vive-la-ull\/premios-culturales\/\" target=\"_blank\" rel=\"noopener\" target=\"_blank\" rel=\"noopener\"><span class=\"s3\">premios culturales<\/span><\/a> que abarcan una amplia variedad de disciplinas. La instituci\u00f3n acad\u00e9mica siempre ha procurado que estas distinciones tengan repercusi\u00f3n p\u00fablica, organizando para ello numerosas iniciativas para difundir las obras ganadoras. As\u00ed, desde finales de enero y hasta el pr\u00f3ximo 25 de febrero, el <a href=\"http:\/\/ull.es\/vive-la-ull\/exposiciones\/nuestros-espacios\/\" target=\"_blank\" rel=\"noopener\" target=\"_blank\" rel=\"noopener\"><span class=\"s3\">Espacio Cultural La Capilla<\/span><\/a>, ubicado en el Edificio Central del centro<span class=\"Apple-converted-space\">\u00a0 <\/span>acad\u00e9mico, <a href=\"https:\/\/www.ull.es\/portal\/agenda\/evento\/exposicion-de-los-premios-de-pintura-y-escultura\/\" target=\"_blank\" rel=\"noopener\" target=\"_blank\" rel=\"noopener\"><span class=\"s3\">una exposici\u00f3n<\/span><\/a> recoge piezas ganadoras y presentadas al II Premio Nacional de Escultura Mar\u00eda Bel\u00e9n Morales y el XXIV Premio Nacional de Pintura Enrique Lite, la cual se podr\u00e1 visitar de lunes a viernes, entre las 17:00 y las 20:00 horas.<\/p>\n<p style=\"text-align: center\"><a href=\"https:\/\/drive.google.com\/drive\/folders\/1R7YK6BaUEu6bmEhj3XTHFU7uLbg6mUjd?usp=sharing\" target=\"_blank\" rel=\"noopener\" target=\"_blank\" rel=\"noopener\"><strong>Galer\u00eda de im\u00e1genes<\/strong><\/a><\/p>\n<div id=\"attachment_60755\" style=\"width: 310px\" class=\"wp-caption alignleft\"><a href=\"https:\/\/www.ull.es\/portal\/noticias\/wp-content\/uploads\/sites\/13\/2022\/02\/Expo-Premios-Escult-Pint-21-46.jpg\" target=\"_blank\" rel=\"noopener\" target=\"_blank\" rel=\"noopener\"><img aria-describedby=\"caption-attachment-60755\" decoding=\"async\" loading=\"lazy\" class=\"wp-image-60755 size-medium\" src=\"https:\/\/www.ull.es\/portal\/noticias\/wp-content\/uploads\/sites\/13\/2022\/02\/Expo-Premios-Escult-Pint-21-46-300x200.jpg\" alt=\"Paco Moreno, premio de escultura\" width=\"300\" height=\"200\" srcset=\"https:\/\/www.ull.es\/portal\/noticias\/wp-content\/uploads\/sites\/13\/2022\/02\/Expo-Premios-Escult-Pint-21-46-300x200.jpg 300w, https:\/\/www.ull.es\/portal\/noticias\/wp-content\/uploads\/sites\/13\/2022\/02\/Expo-Premios-Escult-Pint-21-46-768x512.jpg 768w, https:\/\/www.ull.es\/portal\/noticias\/wp-content\/uploads\/sites\/13\/2022\/02\/Expo-Premios-Escult-Pint-21-46-375x250.jpg 375w, https:\/\/www.ull.es\/portal\/noticias\/wp-content\/uploads\/sites\/13\/2022\/02\/Expo-Premios-Escult-Pint-21-46-750x500.jpg 750w, https:\/\/www.ull.es\/portal\/noticias\/wp-content\/uploads\/sites\/13\/2022\/02\/Expo-Premios-Escult-Pint-21-46.jpg 1024w\" sizes=\"(max-width: 300px) 100vw, 300px\" \/><\/a><p id=\"caption-attachment-60755\" class=\"wp-caption-text\">Paco Moreno, premio de escultura.<\/p>\n<div>Foto: Emeterio Su\u00e1rez (CC BY 3.0)<\/div>\n<p><\/p><\/div>\n<p class=\"p3\">En la inauguraci\u00f3n de la muestra se aprovech\u00f3 la ocasi\u00f3n para que algunas de las personas ganadoras en ambos cert\u00e1menes recogieran personalmente sus galardones. El premio de escultura fue entregado por la profesora de la Facultad de Bellas Artes y miembro del jurado correspondiente Ithaisa P\u00e9rez, y su ganador fue Paco Moreno con \u201cCalabrote\u201d, mientras que tambi\u00e9n recibieron menciones especiales D\u00e1cil Ventura Gonz\u00e1lez por <span class=\"s4\">\u201c<\/span>Umbilicus mundi\u201d y Gabriella Bevilacqua Sanz por <span class=\"s4\">\u201c<\/span>Analog\u00eda de la arboleda\u201d.<span class=\"Apple-converted-space\">\u00a0<\/span><\/p>\n<div id=\"attachment_60754\" style=\"width: 310px\" class=\"wp-caption alignright\"><a href=\"https:\/\/www.ull.es\/portal\/noticias\/wp-content\/uploads\/sites\/13\/2022\/02\/Expo-Premios-Escult-Pint-21-41.jpg\" target=\"_blank\" rel=\"noopener\"><img aria-describedby=\"caption-attachment-60754\" decoding=\"async\" loading=\"lazy\" class=\"wp-image-60754 size-medium\" src=\"https:\/\/www.ull.es\/portal\/noticias\/wp-content\/uploads\/sites\/13\/2022\/02\/Expo-Premios-Escult-Pint-21-41-300x200.jpg\" alt=\"Emma Jane Bach recoge el premio de pintura.\" width=\"300\" height=\"200\" srcset=\"https:\/\/www.ull.es\/portal\/noticias\/wp-content\/uploads\/sites\/13\/2022\/02\/Expo-Premios-Escult-Pint-21-41-300x200.jpg 300w, https:\/\/www.ull.es\/portal\/noticias\/wp-content\/uploads\/sites\/13\/2022\/02\/Expo-Premios-Escult-Pint-21-41-768x512.jpg 768w, https:\/\/www.ull.es\/portal\/noticias\/wp-content\/uploads\/sites\/13\/2022\/02\/Expo-Premios-Escult-Pint-21-41-375x250.jpg 375w, https:\/\/www.ull.es\/portal\/noticias\/wp-content\/uploads\/sites\/13\/2022\/02\/Expo-Premios-Escult-Pint-21-41-750x500.jpg 750w, https:\/\/www.ull.es\/portal\/noticias\/wp-content\/uploads\/sites\/13\/2022\/02\/Expo-Premios-Escult-Pint-21-41.jpg 1024w\" sizes=\"(max-width: 300px) 100vw, 300px\" \/><\/a><p id=\"caption-attachment-60754\" class=\"wp-caption-text\">Emma Jane Bach recoge el premio de pintura.<\/p><\/div>\n<p class=\"p3\">Los premios de pintura fueron entregados por la tambi\u00e9n docente en Bellas Artes y jurado Sabina Gau, y acudieron a recogerlo tanto la ganadora del certamen, Emma Jane Bach con el cuadro \u201cLua\u201d, como la artista que recibi\u00f3 el segundo premio, Martina A. Valero, por \u201c\u00bfHoy quieres ser qu\u00e9 o qui\u00e9n?\u201d. Lidia Mart\u00ednez no acudi\u00f3 al acto, pero ha sido la tercera premiada, por su obra\u00a0\u201cKhun maa-j\u00e0ak t\u00eei-nai\u201d. La gala de entrega de premios estuvo presidida por el vicerrector de Cultura y Participaci\u00f3n Social, Juan Albino M\u00e9ndez, quien valor\u00f3 la alta calidad de las obras presentadas y el arraigo de estos premios, con alguno de ellos superando ya veinticinco a\u00f1os de historia.<\/p>\n<p class=\"p3\">La exposici\u00f3n est\u00e1 compuesta por 24 esculturas y 22 cuadros, creados por artistas de diferentes puntos de la geograf\u00eda nacional con diversos planteamientos te\u00f3ricos, t\u00e9cnicos y est\u00e9ticos, lo cual ha propiciado una muestra de gran calidad y variedad. En ese af\u00e1n por difundir las piezas presentadas, la universidad tambi\u00e9n ha editado el cat\u00e1logo correspondiente, que dejar\u00e1 constancia de la celebraci\u00f3n de esta muestra.<\/p>\n<div id=\"attachment_60756\" style=\"width: 310px\" class=\"wp-caption alignleft\"><a href=\"https:\/\/www.ull.es\/portal\/noticias\/wp-content\/uploads\/sites\/13\/2022\/02\/Expo-Premios-Escult-Pint-21-03.jpg\" target=\"_blank\" rel=\"noopener\" target=\"_blank\" rel=\"noopener\"><img aria-describedby=\"caption-attachment-60756\" decoding=\"async\" loading=\"lazy\" class=\"wp-image-60756 size-medium\" src=\"https:\/\/www.ull.es\/portal\/noticias\/wp-content\/uploads\/sites\/13\/2022\/02\/Expo-Premios-Escult-Pint-21-03-300x200.jpg\" alt=\"Vista general de la exposici\u00f3n.\" width=\"300\" height=\"200\" srcset=\"https:\/\/www.ull.es\/portal\/noticias\/wp-content\/uploads\/sites\/13\/2022\/02\/Expo-Premios-Escult-Pint-21-03-300x200.jpg 300w, https:\/\/www.ull.es\/portal\/noticias\/wp-content\/uploads\/sites\/13\/2022\/02\/Expo-Premios-Escult-Pint-21-03-768x512.jpg 768w, https:\/\/www.ull.es\/portal\/noticias\/wp-content\/uploads\/sites\/13\/2022\/02\/Expo-Premios-Escult-Pint-21-03-375x250.jpg 375w, https:\/\/www.ull.es\/portal\/noticias\/wp-content\/uploads\/sites\/13\/2022\/02\/Expo-Premios-Escult-Pint-21-03-750x500.jpg 750w, https:\/\/www.ull.es\/portal\/noticias\/wp-content\/uploads\/sites\/13\/2022\/02\/Expo-Premios-Escult-Pint-21-03.jpg 1024w\" sizes=\"(max-width: 300px) 100vw, 300px\" \/><\/a><p id=\"caption-attachment-60756\" class=\"wp-caption-text\">Vista general de la exposici\u00f3n.<\/p><\/div>\n<p class=\"p3\">En <a href=\"https:\/\/www.ull.es\/portal\/noticias\/2022\/abrazo-a-la-cultura\/\" target=\"_blank\" rel=\"noopener\"><span class=\"s3\">unas entrevistas<\/span><\/a> recientemente concedidas a la propia universidad, los artistas ganadores explicaron su obras. \u201cLua\u201d, el premio de pintura, busca trasmitir <span class=\"s4\">\u201c<\/span>la despersonalizaci\u00f3n, la alienaci\u00f3n, el estado de estar ausente, la melancol\u00eda contempor\u00e1nea\u201d, mediante un trazo en algunos puntos es muy detallado y en otros apenas perceptible, representando as\u00ed esa idea de disoluci\u00f3n. Por su parte, la escultura \u201cCalabrote\u201d propone, a trav\u00e9s de la imagen impactante de un elefante tratando de escapar de una caja de madera, una cr\u00edtica a la \u201cmercantilizaci\u00f3n de la vida salvaje\u201d y el distanciamiento del p\u00fablico urbanita con respecto a la naturaleza.<\/p>\n","protected":false},"excerpt":{"rendered":"<p>Cada a\u00f1o, el Vicerrectorado de Cultura y Participaci\u00f3n Social\u00a0 de la Universidad de La Laguna convoca una serie de premios&#8230;<\/p>\n","protected":false},"author":21,"featured_media":60756,"comment_status":"closed","ping_status":"closed","sticky":false,"template":"","format":"image","meta":{"inline_featured_image":false,"footnotes":""},"categories":[344,345,3283,2765,352],"tags":[8212,2956,1201,8213,6776,3238,2151],"acf":[],"yoast_head":"<!-- This site is optimized with the Yoast SEO plugin v21.3 - https:\/\/yoast.com\/wordpress\/plugins\/seo\/ -->\n<title>La sala La Capilla expone los premios de pintura y escultura de la ULL<\/title>\n<meta name=\"description\" content=\"Haste el pr\u00f3ximo 25 de febrero ser\u00e1 posible visitar en horario de tarde esta variada muestra que re\u00fane 24 esculturas y 22 cuadros.\" \/>\n<meta name=\"robots\" content=\"index, follow, max-snippet:-1, max-image-preview:large, max-video-preview:-1\" \/>\n<link rel=\"canonical\" href=\"https:\/\/www.ull.es\/portal\/noticias\/2022\/capilla-exhibe-premios-pintura-escultura\/\" \/>\n<meta property=\"og:locale\" content=\"es_ES\" \/>\n<meta property=\"og:type\" content=\"article\" \/>\n<meta property=\"og:title\" content=\"La sala La Capilla expone los premios de pintura y escultura de la ULL\" \/>\n<meta property=\"og:description\" content=\"Haste el pr\u00f3ximo 25 de febrero ser\u00e1 posible visitar en horario de tarde esta variada muestra que re\u00fane 24 esculturas y 22 cuadros.\" \/>\n<meta property=\"og:url\" content=\"https:\/\/www.ull.es\/portal\/noticias\/2022\/capilla-exhibe-premios-pintura-escultura\/\" \/>\n<meta property=\"og:site_name\" content=\"ULL - Noticias\" \/>\n<meta property=\"article:publisher\" content=\"https:\/\/www.facebook.com\/universidaddelalaguna\/\" \/>\n<meta property=\"article:published_time\" content=\"2022-02-01T11:04:06+00:00\" \/>\n<meta property=\"og:image\" content=\"https:\/\/www.ull.es\/portal\/noticias\/wp-content\/uploads\/sites\/13\/2022\/02\/Expo-Premios-Escult-Pint-21-03.jpg\" \/>\n\t<meta property=\"og:image:width\" content=\"1024\" \/>\n\t<meta property=\"og:image:height\" content=\"683\" \/>\n\t<meta property=\"og:image:type\" content=\"image\/jpeg\" \/>\n<meta name=\"author\" content=\"prensa2\" \/>\n<meta name=\"twitter:card\" content=\"summary_large_image\" \/>\n<meta name=\"twitter:creator\" content=\"@CanalULL\" \/>\n<meta name=\"twitter:site\" content=\"@CanalULL\" \/>\n<meta name=\"twitter:label1\" content=\"Escrito por\" \/>\n\t<meta name=\"twitter:data1\" content=\"prensa2\" \/>\n\t<meta name=\"twitter:label2\" content=\"Tiempo de lectura\" \/>\n\t<meta name=\"twitter:data2\" content=\"3 minutos\" \/>\n<script type=\"application\/ld+json\" class=\"yoast-schema-graph\">{\"@context\":\"https:\/\/schema.org\",\"@graph\":[{\"@type\":\"WebPage\",\"@id\":\"https:\/\/www.ull.es\/portal\/noticias\/2022\/capilla-exhibe-premios-pintura-escultura\/\",\"url\":\"https:\/\/www.ull.es\/portal\/noticias\/2022\/capilla-exhibe-premios-pintura-escultura\/\",\"name\":\"La sala La Capilla expone los premios de pintura y escultura de la ULL\",\"isPartOf\":{\"@id\":\"https:\/\/www.ull.es\/portal\/noticias\/#website\"},\"datePublished\":\"2022-02-01T11:04:06+00:00\",\"dateModified\":\"2022-02-01T11:04:06+00:00\",\"author\":{\"@id\":\"https:\/\/www.ull.es\/portal\/noticias\/#\/schema\/person\/c3b2aa857797592927a03740d6664376\"},\"description\":\"Haste el pr\u00f3ximo 25 de febrero ser\u00e1 posible visitar en horario de tarde esta variada muestra que re\u00fane 24 esculturas y 22 cuadros.\",\"breadcrumb\":{\"@id\":\"https:\/\/www.ull.es\/portal\/noticias\/2022\/capilla-exhibe-premios-pintura-escultura\/#breadcrumb\"},\"inLanguage\":\"es\",\"potentialAction\":[{\"@type\":\"ReadAction\",\"target\":[\"https:\/\/www.ull.es\/portal\/noticias\/2022\/capilla-exhibe-premios-pintura-escultura\/\"]}]},{\"@type\":\"BreadcrumbList\",\"@id\":\"https:\/\/www.ull.es\/portal\/noticias\/2022\/capilla-exhibe-premios-pintura-escultura\/#breadcrumb\",\"itemListElement\":[{\"@type\":\"ListItem\",\"position\":1,\"name\":\"Portada\",\"item\":\"https:\/\/www.ull.es\/portal\/noticias\/\"},{\"@type\":\"ListItem\",\"position\":2,\"name\":\"El Espacio Cultural La Capilla exhibe las obras de los premios de pintura y escultura de la ULL\"}]},{\"@type\":\"WebSite\",\"@id\":\"https:\/\/www.ull.es\/portal\/noticias\/#website\",\"url\":\"https:\/\/www.ull.es\/portal\/noticias\/\",\"name\":\"ULL - Noticias\",\"description\":\"\",\"potentialAction\":[{\"@type\":\"SearchAction\",\"target\":{\"@type\":\"EntryPoint\",\"urlTemplate\":\"https:\/\/www.ull.es\/portal\/noticias\/?s={search_term_string}\"},\"query-input\":\"required name=search_term_string\"}],\"inLanguage\":\"es\"},{\"@type\":\"Person\",\"@id\":\"https:\/\/www.ull.es\/portal\/noticias\/#\/schema\/person\/c3b2aa857797592927a03740d6664376\",\"name\":\"prensa2\",\"image\":{\"@type\":\"ImageObject\",\"inLanguage\":\"es\",\"@id\":\"https:\/\/www.ull.es\/portal\/noticias\/#\/schema\/person\/image\/\",\"url\":\"https:\/\/secure.gravatar.com\/avatar\/b58f310a5de5feb33d1e026d2493f23c?s=96&d=mm&r=g\",\"contentUrl\":\"https:\/\/secure.gravatar.com\/avatar\/b58f310a5de5feb33d1e026d2493f23c?s=96&d=mm&r=g\",\"caption\":\"prensa2\"},\"url\":\"https:\/\/www.ull.es\/portal\/noticias\/author\/prensa2\/\"}]}<\/script>\n<!-- \/ Yoast SEO plugin. -->","yoast_head_json":{"title":"La sala La Capilla expone los premios de pintura y escultura de la ULL","description":"Haste el pr\u00f3ximo 25 de febrero ser\u00e1 posible visitar en horario de tarde esta variada muestra que re\u00fane 24 esculturas y 22 cuadros.","robots":{"index":"index","follow":"follow","max-snippet":"max-snippet:-1","max-image-preview":"max-image-preview:large","max-video-preview":"max-video-preview:-1"},"canonical":"https:\/\/www.ull.es\/portal\/noticias\/2022\/capilla-exhibe-premios-pintura-escultura\/","og_locale":"es_ES","og_type":"article","og_title":"La sala La Capilla expone los premios de pintura y escultura de la ULL","og_description":"Haste el pr\u00f3ximo 25 de febrero ser\u00e1 posible visitar en horario de tarde esta variada muestra que re\u00fane 24 esculturas y 22 cuadros.","og_url":"https:\/\/www.ull.es\/portal\/noticias\/2022\/capilla-exhibe-premios-pintura-escultura\/","og_site_name":"ULL - Noticias","article_publisher":"https:\/\/www.facebook.com\/universidaddelalaguna\/","article_published_time":"2022-02-01T11:04:06+00:00","og_image":[{"width":1024,"height":683,"url":"https:\/\/www.ull.es\/portal\/noticias\/wp-content\/uploads\/sites\/13\/2022\/02\/Expo-Premios-Escult-Pint-21-03.jpg","type":"image\/jpeg"}],"author":"prensa2","twitter_card":"summary_large_image","twitter_creator":"@CanalULL","twitter_site":"@CanalULL","twitter_misc":{"Escrito por":"prensa2","Tiempo de lectura":"3 minutos"},"schema":{"@context":"https:\/\/schema.org","@graph":[{"@type":"WebPage","@id":"https:\/\/www.ull.es\/portal\/noticias\/2022\/capilla-exhibe-premios-pintura-escultura\/","url":"https:\/\/www.ull.es\/portal\/noticias\/2022\/capilla-exhibe-premios-pintura-escultura\/","name":"La sala La Capilla expone los premios de pintura y escultura de la ULL","isPartOf":{"@id":"https:\/\/www.ull.es\/portal\/noticias\/#website"},"datePublished":"2022-02-01T11:04:06+00:00","dateModified":"2022-02-01T11:04:06+00:00","author":{"@id":"https:\/\/www.ull.es\/portal\/noticias\/#\/schema\/person\/c3b2aa857797592927a03740d6664376"},"description":"Haste el pr\u00f3ximo 25 de febrero ser\u00e1 posible visitar en horario de tarde esta variada muestra que re\u00fane 24 esculturas y 22 cuadros.","breadcrumb":{"@id":"https:\/\/www.ull.es\/portal\/noticias\/2022\/capilla-exhibe-premios-pintura-escultura\/#breadcrumb"},"inLanguage":"es","potentialAction":[{"@type":"ReadAction","target":["https:\/\/www.ull.es\/portal\/noticias\/2022\/capilla-exhibe-premios-pintura-escultura\/"]}]},{"@type":"BreadcrumbList","@id":"https:\/\/www.ull.es\/portal\/noticias\/2022\/capilla-exhibe-premios-pintura-escultura\/#breadcrumb","itemListElement":[{"@type":"ListItem","position":1,"name":"Portada","item":"https:\/\/www.ull.es\/portal\/noticias\/"},{"@type":"ListItem","position":2,"name":"El Espacio Cultural La Capilla exhibe las obras de los premios de pintura y escultura de la ULL"}]},{"@type":"WebSite","@id":"https:\/\/www.ull.es\/portal\/noticias\/#website","url":"https:\/\/www.ull.es\/portal\/noticias\/","name":"ULL - Noticias","description":"","potentialAction":[{"@type":"SearchAction","target":{"@type":"EntryPoint","urlTemplate":"https:\/\/www.ull.es\/portal\/noticias\/?s={search_term_string}"},"query-input":"required name=search_term_string"}],"inLanguage":"es"},{"@type":"Person","@id":"https:\/\/www.ull.es\/portal\/noticias\/#\/schema\/person\/c3b2aa857797592927a03740d6664376","name":"prensa2","image":{"@type":"ImageObject","inLanguage":"es","@id":"https:\/\/www.ull.es\/portal\/noticias\/#\/schema\/person\/image\/","url":"https:\/\/secure.gravatar.com\/avatar\/b58f310a5de5feb33d1e026d2493f23c?s=96&d=mm&r=g","contentUrl":"https:\/\/secure.gravatar.com\/avatar\/b58f310a5de5feb33d1e026d2493f23c?s=96&d=mm&r=g","caption":"prensa2"},"url":"https:\/\/www.ull.es\/portal\/noticias\/author\/prensa2\/"}]}},"primary_category":{"id":345,"name":"Destacado","slug":"destacado","link":"https:\/\/www.ull.es\/portal\/noticias\/category\/destacado\/"},"featured_image_thumbnail_url":"https:\/\/www.ull.es\/portal\/noticias\/wp-content\/uploads\/sites\/13\/2022\/02\/Expo-Premios-Escult-Pint-21-03-300x200.jpg","_links":{"self":[{"href":"https:\/\/www.ull.es\/portal\/noticias\/wp-json\/wp\/v2\/posts\/60753"}],"collection":[{"href":"https:\/\/www.ull.es\/portal\/noticias\/wp-json\/wp\/v2\/posts"}],"about":[{"href":"https:\/\/www.ull.es\/portal\/noticias\/wp-json\/wp\/v2\/types\/post"}],"author":[{"embeddable":true,"href":"https:\/\/www.ull.es\/portal\/noticias\/wp-json\/wp\/v2\/users\/21"}],"replies":[{"embeddable":true,"href":"https:\/\/www.ull.es\/portal\/noticias\/wp-json\/wp\/v2\/comments?post=60753"}],"version-history":[{"count":1,"href":"https:\/\/www.ull.es\/portal\/noticias\/wp-json\/wp\/v2\/posts\/60753\/revisions"}],"predecessor-version":[{"id":60757,"href":"https:\/\/www.ull.es\/portal\/noticias\/wp-json\/wp\/v2\/posts\/60753\/revisions\/60757"}],"wp:featuredmedia":[{"embeddable":true,"href":"https:\/\/www.ull.es\/portal\/noticias\/wp-json\/wp\/v2\/media\/60756"}],"wp:attachment":[{"href":"https:\/\/www.ull.es\/portal\/noticias\/wp-json\/wp\/v2\/media?parent=60753"}],"wp:term":[{"taxonomy":"category","embeddable":true,"href":"https:\/\/www.ull.es\/portal\/noticias\/wp-json\/wp\/v2\/categories?post=60753"},{"taxonomy":"post_tag","embeddable":true,"href":"https:\/\/www.ull.es\/portal\/noticias\/wp-json\/wp\/v2\/tags?post=60753"}],"curies":[{"name":"wp","href":"https:\/\/api.w.org\/{rel}","templated":true}]}}