{"id":60786,"date":"2022-02-03T13:38:16","date_gmt":"2022-02-03T13:38:16","guid":{"rendered":"https:\/\/www.ull.es\/portal\/noticias\/?p=60786"},"modified":"2023-02-16T11:55:12","modified_gmt":"2023-02-16T11:55:12","slug":"inaugurado-cabo-verde-master-descarbonizacion-energetica","status":"publish","type":"post","link":"https:\/\/www.ull.es\/portal\/noticias\/2022\/inaugurado-cabo-verde-master-descarbonizacion-energetica\/","title":{"rendered":"Inaugurado en Cabo Verde el M\u00e1ster en Descarbonizaci\u00f3n Energ\u00e9tica coorganizado por la ULL con apoyo del Cabildo"},"content":{"rendered":"<p>La Universidad de La Laguna, la <a href=\"https:\/\/www.unicv.edu.cv\/pt\/\" target=\"_blank\" rel=\"noopener\" target=\"_blank\" rel=\"noopener\">Universidad de Cabo Verde<\/a> y el <a href=\"https:\/\/www.tenerife.es\/portalcabtfe\/es\/\" target=\"_blank\" rel=\"noopener\" target=\"_blank\" rel=\"noopener\">Cabildo Insular de Tenerife<\/a> han colaborado para poner en marcha un m\u00e1ster internacional en Descarbonizaci\u00f3n Energ\u00e9tica en Pa\u00edses Emergentes, que fue formalmente inaugurado esta misma semana en la instituci\u00f3n acad\u00e9mica caboverdiana.<\/p>\n<p>En representaci\u00f3n de la Universidad de La Laguna estuvo presente la vicerrectora de Proyecci\u00f3n, Internacionalizaci\u00f3n y Cooperaci\u00f3n, <a href=\"https:\/\/www.ull.es\/la-universidad\/equipo-gobierno\/vicerrectorado-proyeccion-internacionalizacion-cooperacion\/\" target=\"_blank\" rel=\"noopener\" target=\"_blank\" rel=\"noopener\">Lidia Cabrera P\u00e9rez<\/a>, quien estuvo acompa\u00f1ada por la consejera delegada de Acci\u00f3n Exterior del Cabildo de Tenerife, Liskel \u00c1lvarez; la rectora saliente de la Universidad de Cabo Verde, Judite Medina do Nascimento, que fue con quien se negoci\u00f3 y firm\u00f3 el convenio correspondiente para la puesta en marcha de este t\u00edtulo; y el rector entrante de la misma instituci\u00f3n, Jos\u00e9 Arlindo Barreto. El acto tambi\u00e9n cont\u00f3 con la asistencia de la embajadora de Espa\u00f1a en Cabo Verde, M\u00aa Dolores R\u00edos Peset.<\/p>\n<p>El <a href=\"https:\/\/www.ull.es\/titulospropios\/master-propio-descarbonizacion-energetica-paises-emergentes\/\" target=\"_blank\" rel=\"noopener\" target=\"_blank\" rel=\"noopener\">M\u00e1ster Interuniversitario Internacional en Descarbonizaci\u00f3n Energ\u00e9tica en Pa\u00edses Emergentes<\/a> es un t\u00edtulo propio en la Universidad de La Laguna, pero oficial en la instituci\u00f3n caboverdiana, al haber sido aprobado por la agencia nacional de evaluaci\u00f3n correspondiente. Cuenta con un total de 28 personas matriculadas, de las cuales 26 son de Cabo Verde y las dos restantes, de Canarias. El Cabildo de Tenerife financia este posgrado con 130.000 euros, correspondientes a dos anualidades de 65.000 cada una.<\/p>\n<p>Est\u00e1 estructurado en tres t\u00edtulos de expertos independientes de 30 cr\u00e9ditos cada uno que, en caso de cursarse en su totalidad y a\u00f1adir un cuarto m\u00f3dulo de pr\u00e1cticas con similar carga lectiva que se desarrollar\u00e1n el en Instituto Tecnol\u00f3gico y de Energ\u00edas Renovables (ITER), otorgar\u00edan el t\u00edtulo de m\u00e1ster. Los tres expertos son, concretamente, el de Tecnolog\u00eda para la Descarbonizaci\u00f3n El\u00e9ctrica, el de Descarbonizaci\u00f3n El\u00e9ctrica y de Combustibles y el de Regulaci\u00f3n e Integraci\u00f3n Energ\u00e9tica en Sistemas Insulares y Pa\u00edses Emergentes. El t\u00edtulo est\u00e1 dirigido por el catedr\u00e1tico de F\u00edsica Aplicada de la Universidad de La Laguna <a href=\"https:\/\/portalciencia.ull.es\/investigadores\/82267\/detalle\" target=\"_blank\" rel=\"noopener\" target=\"_blank\" rel=\"noopener\">Ricardo Guerrero Lemus<\/a> y cuenta con docentes de ambas instituciones organizadoras.<\/p>\n<div id=\"attachment_60789\" style=\"width: 310px\" class=\"wp-caption alignleft\"><a href=\"https:\/\/www.ull.es\/portal\/noticias\/wp-content\/uploads\/sites\/13\/2022\/02\/alumnos-caboverdianos.jpg\" target=\"_blank\" rel=\"noopener\" target=\"_blank\" rel=\"noopener\"><img aria-describedby=\"caption-attachment-60789\" decoding=\"async\" loading=\"lazy\" class=\"wp-image-60789 size-medium\" src=\"https:\/\/www.ull.es\/portal\/noticias\/wp-content\/uploads\/sites\/13\/2022\/02\/alumnos-caboverdianos-300x225.jpg\" alt=\"\" width=\"300\" height=\"225\" srcset=\"https:\/\/www.ull.es\/portal\/noticias\/wp-content\/uploads\/sites\/13\/2022\/02\/alumnos-caboverdianos-300x225.jpg 300w, https:\/\/www.ull.es\/portal\/noticias\/wp-content\/uploads\/sites\/13\/2022\/02\/alumnos-caboverdianos-1024x768.jpg 1024w, https:\/\/www.ull.es\/portal\/noticias\/wp-content\/uploads\/sites\/13\/2022\/02\/alumnos-caboverdianos-768x576.jpg 768w, https:\/\/www.ull.es\/portal\/noticias\/wp-content\/uploads\/sites\/13\/2022\/02\/alumnos-caboverdianos-1536x1152.jpg 1536w, https:\/\/www.ull.es\/portal\/noticias\/wp-content\/uploads\/sites\/13\/2022\/02\/alumnos-caboverdianos-375x281.jpg 375w, https:\/\/www.ull.es\/portal\/noticias\/wp-content\/uploads\/sites\/13\/2022\/02\/alumnos-caboverdianos-750x563.jpg 750w, https:\/\/www.ull.es\/portal\/noticias\/wp-content\/uploads\/sites\/13\/2022\/02\/alumnos-caboverdianos-1140x855.jpg 1140w, https:\/\/www.ull.es\/portal\/noticias\/wp-content\/uploads\/sites\/13\/2022\/02\/alumnos-caboverdianos-108x81.jpg 108w, https:\/\/www.ull.es\/portal\/noticias\/wp-content\/uploads\/sites\/13\/2022\/02\/alumnos-caboverdianos.jpg 1600w\" sizes=\"(max-width: 300px) 100vw, 300px\" \/><\/a><p id=\"caption-attachment-60789\" class=\"wp-caption-text\">La vicerrectora de la ULL, en el centro de la imagen con los alumnos caboverdianos del m\u00e1ster. El resto se conect\u00f3 online.<\/p><\/div>\n<p>La vicerrectora Lidia Cabrera destac\u00f3 durante el acto inaugural que esta supone la primera ocasi\u00f3n en la que la Universidad de La Laguna forma parte de la creaci\u00f3n de un t\u00edtulo internacional, y destac\u00f3 la sinergia establecida entre las tres instituciones promotoras para poner en marca un t\u00edtulo que \u201cno solo es novedoso y relevante, sino que responde a varios e importantes necesidades y retos de las regiones canaria y cabo verdiana y del mundo actual\u201d.<\/p>\n<p>Cabrera record\u00f3 que la descarbonizaci\u00f3n energ\u00e9tica entronca con la b\u00fasqueda de una eficiencia energ\u00e9tica y de la transici\u00f3n hacia un modelo sostenible que esta\u0301 en las agendas pol\u00edticas y econ\u00f3micas de todos los gobiernos actuales, y corresponde al Objetivo de Desarrollo Sostenible n\u00famero 7, referido a la energ\u00eda asequible y no contaminante. Lograrlo conlleva no s\u00f3lo una renovaci\u00f3n de infraestructuras, sino de la capacitaci\u00f3n de profesionales tanto actuales y futuros, de ah\u00ed el inter\u00e9s de este posgrado.<\/p>\n<p>La vicerrectora tambi\u00e9n se\u00f1al\u00f3 que esta oferta formativa ha sido organizada en expertos independientes y est\u00e1 adaptada a perfiles profesionales en activo para el reciclaje profesional y formaci\u00f3n a lo largo de la vida. Adem\u00e1s, se imparte de manera online para as\u00ed lograr un mayor alcance y ofrecer m\u00e1s oportunidades para personas con dificultades para el acceso a la educaci\u00f3n superior.<\/p>\n<p>Asimismo, y m\u00e1s all\u00e1 de sus objetivos acad\u00e9micos, Cabrera valor\u00f3 que la puesta en marcha de este t\u00edtulo redunda en la modernizaci\u00f3n de las universidades participantes, pues supone un proceso de internacionalizaci\u00f3n. \u201cEn la universidad del futuro, la creaci\u00f3n de alianzas y redes internacionales para la cooperaci\u00f3n, tanto acad\u00e9mica como investigadora, se vuelve imprescindible. Cabo Verde es para la universidad de La Laguna es un socio estrat\u00e9gico por los lazos hist\u00f3ricos, la cercan\u00eda geogr\u00e1fica, una lengua accesible. Para Canarias, A\u0301frica es un territorio cercano, y el Estado de Cabo Verde re\u00fane v\u00ednculos pol\u00edticos, econ\u00f3micos, culturales y de infraestructuras que le favorecen como socio para el desarrollo de un proyecto de estas caracter\u00edsticas\u201d, se\u00f1al\u00f3.<\/p>\n<p>La consejera delegada de Acci\u00f3n Exterior del Cabildo de Tenerife, Liskel \u00c1lvarez, asegur\u00f3 que \u201cse trata de una oferta formativa pionera en la que dos universidades internacionales abordar\u00e1n el aprovechamiento de las energ\u00edas renovables en la zona de la Macaronesia, en la que est\u00e1n incluidas tanto Canarias como para el pa\u00eds africano\u201d.<\/p>\n<p>\u00c1lvarez record\u00f3 que Cabo Verde es uno de los destinos hist\u00f3ricos de la cooperaci\u00f3n que Tenerife mantiene con el continente africano. \u201cNos une un mismo espacio geogr\u00e1fico y compartimos retos comunes, como el cambio clim\u00e1tico. Por este motivo, \u201cqueremos seguir fortaleciendo nuestros lazos, trabajando de la mano, tanto del Gobierno caboverdiano como de la universidad\u201d.<\/p>\n<p>Por su parte, tanto la rectora saliente como el rector entrante de la Universidad de Cabo Verde mostraron una enorme satisfacci\u00f3n y agradecimiento a la instituci\u00f3n acad\u00e9mica tinerfe\u00f1a por la alianza creada, que redundar\u00e1 no solo en la formaci\u00f3n sino en el reforzamiento institucional y en la ciencia, y no dudaron en considerar que este master ser\u00e1 referencia en los pa\u00edses de habla portuguesa.<\/p>\n<p>Durante su visita a Cabo Verde, la vicerrectora tambi\u00e9n mantuvo una reuni\u00f3n con los estudiantes en la Facultad de Ciencias del centro caboverdiano y visit\u00f3 la <a href=\"https:\/\/www.unipiaget.edu.cv\/index.php\" target=\"_blank\" rel=\"noopener\" target=\"_blank\" rel=\"noopener\">Universidad Jean Piaget<\/a> en la isla capitalina de Praia para la firma de un protocolo que establece el <a href=\"https:\/\/www.unipiaget.edu.cv\/?r=site\/notic&amp;id=574\" target=\"_blank\" rel=\"noopener\" target=\"_blank\" rel=\"noopener\">programa de intercambio<\/a> de estudiantes entre dicho centro y la Universidad de La Laguna.<\/p>\n","protected":false},"excerpt":{"rendered":"<p>La Universidad de La Laguna, la Universidad de Cabo Verde y el Cabildo Insular de Tenerife han colaborado para poner&#8230;<\/p>\n","protected":false},"author":21,"featured_media":60787,"comment_status":"closed","ping_status":"closed","sticky":false,"template":"","format":"standard","meta":{"inline_featured_image":false,"footnotes":""},"categories":[345,346,2765],"tags":[665,668,5954,7259,7575,7301,4656],"acf":[],"yoast_head":"<!-- This site is optimized with the Yoast SEO plugin v21.3 - https:\/\/yoast.com\/wordpress\/plugins\/seo\/ -->\n<title>Inaugurado en Cabo Verde el M\u00e1ster en Descarbonizaci\u00f3n Energ\u00e9tica<\/title>\n<meta name=\"description\" content=\"Este posgrado est\u00e1 coorganizado por la Universidad de La Laguna, la Universidad de Cabo Verde y el Cabildo Insular de Tenerife.\" \/>\n<meta name=\"robots\" content=\"index, follow, max-snippet:-1, max-image-preview:large, max-video-preview:-1\" \/>\n<link rel=\"canonical\" href=\"https:\/\/www.ull.es\/portal\/noticias\/2022\/inaugurado-cabo-verde-master-descarbonizacion-energetica\/\" \/>\n<meta property=\"og:locale\" content=\"es_ES\" \/>\n<meta property=\"og:type\" content=\"article\" \/>\n<meta property=\"og:title\" content=\"Inaugurado en Cabo Verde el M\u00e1ster en Descarbonizaci\u00f3n Energ\u00e9tica\" \/>\n<meta property=\"og:description\" content=\"Este posgrado est\u00e1 coorganizado por la Universidad de La Laguna, la Universidad de Cabo Verde y el Cabildo Insular de Tenerife.\" \/>\n<meta property=\"og:url\" content=\"https:\/\/www.ull.es\/portal\/noticias\/2022\/inaugurado-cabo-verde-master-descarbonizacion-energetica\/\" \/>\n<meta property=\"og:site_name\" content=\"ULL - Noticias\" \/>\n<meta property=\"article:publisher\" content=\"https:\/\/www.facebook.com\/universidaddelalaguna\/\" \/>\n<meta property=\"article:published_time\" content=\"2022-02-03T13:38:16+00:00\" \/>\n<meta property=\"article:modified_time\" content=\"2023-02-16T11:55:12+00:00\" \/>\n<meta property=\"og:image\" content=\"https:\/\/www.ull.es\/portal\/noticias\/wp-content\/uploads\/sites\/13\/2022\/02\/inauguracion-master-cavo-verde.jpg\" \/>\n\t<meta property=\"og:image:width\" content=\"1200\" \/>\n\t<meta property=\"og:image:height\" content=\"800\" \/>\n\t<meta property=\"og:image:type\" content=\"image\/jpeg\" \/>\n<meta name=\"author\" content=\"prensa2\" \/>\n<meta name=\"twitter:card\" content=\"summary_large_image\" \/>\n<meta name=\"twitter:creator\" content=\"@CanalULL\" \/>\n<meta name=\"twitter:site\" content=\"@CanalULL\" \/>\n<meta name=\"twitter:label1\" content=\"Escrito por\" \/>\n\t<meta name=\"twitter:data1\" content=\"prensa2\" \/>\n\t<meta name=\"twitter:label2\" content=\"Tiempo de lectura\" \/>\n\t<meta name=\"twitter:data2\" content=\"5 minutos\" \/>\n<script type=\"application\/ld+json\" class=\"yoast-schema-graph\">{\"@context\":\"https:\/\/schema.org\",\"@graph\":[{\"@type\":\"WebPage\",\"@id\":\"https:\/\/www.ull.es\/portal\/noticias\/2022\/inaugurado-cabo-verde-master-descarbonizacion-energetica\/\",\"url\":\"https:\/\/www.ull.es\/portal\/noticias\/2022\/inaugurado-cabo-verde-master-descarbonizacion-energetica\/\",\"name\":\"Inaugurado en Cabo Verde el M\u00e1ster en Descarbonizaci\u00f3n Energ\u00e9tica\",\"isPartOf\":{\"@id\":\"https:\/\/www.ull.es\/portal\/noticias\/#website\"},\"datePublished\":\"2022-02-03T13:38:16+00:00\",\"dateModified\":\"2023-02-16T11:55:12+00:00\",\"author\":{\"@id\":\"https:\/\/www.ull.es\/portal\/noticias\/#\/schema\/person\/c3b2aa857797592927a03740d6664376\"},\"description\":\"Este posgrado est\u00e1 coorganizado por la Universidad de La Laguna, la Universidad de Cabo Verde y el Cabildo Insular de Tenerife.\",\"breadcrumb\":{\"@id\":\"https:\/\/www.ull.es\/portal\/noticias\/2022\/inaugurado-cabo-verde-master-descarbonizacion-energetica\/#breadcrumb\"},\"inLanguage\":\"es\",\"potentialAction\":[{\"@type\":\"ReadAction\",\"target\":[\"https:\/\/www.ull.es\/portal\/noticias\/2022\/inaugurado-cabo-verde-master-descarbonizacion-energetica\/\"]}]},{\"@type\":\"BreadcrumbList\",\"@id\":\"https:\/\/www.ull.es\/portal\/noticias\/2022\/inaugurado-cabo-verde-master-descarbonizacion-energetica\/#breadcrumb\",\"itemListElement\":[{\"@type\":\"ListItem\",\"position\":1,\"name\":\"Portada\",\"item\":\"https:\/\/www.ull.es\/portal\/noticias\/\"},{\"@type\":\"ListItem\",\"position\":2,\"name\":\"Inaugurado en Cabo Verde el M\u00e1ster en Descarbonizaci\u00f3n Energ\u00e9tica coorganizado por la ULL con apoyo del Cabildo\"}]},{\"@type\":\"WebSite\",\"@id\":\"https:\/\/www.ull.es\/portal\/noticias\/#website\",\"url\":\"https:\/\/www.ull.es\/portal\/noticias\/\",\"name\":\"ULL - Noticias\",\"description\":\"\",\"potentialAction\":[{\"@type\":\"SearchAction\",\"target\":{\"@type\":\"EntryPoint\",\"urlTemplate\":\"https:\/\/www.ull.es\/portal\/noticias\/?s={search_term_string}\"},\"query-input\":\"required name=search_term_string\"}],\"inLanguage\":\"es\"},{\"@type\":\"Person\",\"@id\":\"https:\/\/www.ull.es\/portal\/noticias\/#\/schema\/person\/c3b2aa857797592927a03740d6664376\",\"name\":\"prensa2\",\"image\":{\"@type\":\"ImageObject\",\"inLanguage\":\"es\",\"@id\":\"https:\/\/www.ull.es\/portal\/noticias\/#\/schema\/person\/image\/\",\"url\":\"https:\/\/secure.gravatar.com\/avatar\/b58f310a5de5feb33d1e026d2493f23c?s=96&d=mm&r=g\",\"contentUrl\":\"https:\/\/secure.gravatar.com\/avatar\/b58f310a5de5feb33d1e026d2493f23c?s=96&d=mm&r=g\",\"caption\":\"prensa2\"},\"url\":\"https:\/\/www.ull.es\/portal\/noticias\/author\/prensa2\/\"}]}<\/script>\n<!-- \/ Yoast SEO plugin. -->","yoast_head_json":{"title":"Inaugurado en Cabo Verde el M\u00e1ster en Descarbonizaci\u00f3n Energ\u00e9tica","description":"Este posgrado est\u00e1 coorganizado por la Universidad de La Laguna, la Universidad de Cabo Verde y el Cabildo Insular de Tenerife.","robots":{"index":"index","follow":"follow","max-snippet":"max-snippet:-1","max-image-preview":"max-image-preview:large","max-video-preview":"max-video-preview:-1"},"canonical":"https:\/\/www.ull.es\/portal\/noticias\/2022\/inaugurado-cabo-verde-master-descarbonizacion-energetica\/","og_locale":"es_ES","og_type":"article","og_title":"Inaugurado en Cabo Verde el M\u00e1ster en Descarbonizaci\u00f3n Energ\u00e9tica","og_description":"Este posgrado est\u00e1 coorganizado por la Universidad de La Laguna, la Universidad de Cabo Verde y el Cabildo Insular de Tenerife.","og_url":"https:\/\/www.ull.es\/portal\/noticias\/2022\/inaugurado-cabo-verde-master-descarbonizacion-energetica\/","og_site_name":"ULL - Noticias","article_publisher":"https:\/\/www.facebook.com\/universidaddelalaguna\/","article_published_time":"2022-02-03T13:38:16+00:00","article_modified_time":"2023-02-16T11:55:12+00:00","og_image":[{"width":1200,"height":800,"url":"https:\/\/www.ull.es\/portal\/noticias\/wp-content\/uploads\/sites\/13\/2022\/02\/inauguracion-master-cavo-verde.jpg","type":"image\/jpeg"}],"author":"prensa2","twitter_card":"summary_large_image","twitter_creator":"@CanalULL","twitter_site":"@CanalULL","twitter_misc":{"Escrito por":"prensa2","Tiempo de lectura":"5 minutos"},"schema":{"@context":"https:\/\/schema.org","@graph":[{"@type":"WebPage","@id":"https:\/\/www.ull.es\/portal\/noticias\/2022\/inaugurado-cabo-verde-master-descarbonizacion-energetica\/","url":"https:\/\/www.ull.es\/portal\/noticias\/2022\/inaugurado-cabo-verde-master-descarbonizacion-energetica\/","name":"Inaugurado en Cabo Verde el M\u00e1ster en Descarbonizaci\u00f3n Energ\u00e9tica","isPartOf":{"@id":"https:\/\/www.ull.es\/portal\/noticias\/#website"},"datePublished":"2022-02-03T13:38:16+00:00","dateModified":"2023-02-16T11:55:12+00:00","author":{"@id":"https:\/\/www.ull.es\/portal\/noticias\/#\/schema\/person\/c3b2aa857797592927a03740d6664376"},"description":"Este posgrado est\u00e1 coorganizado por la Universidad de La Laguna, la Universidad de Cabo Verde y el Cabildo Insular de Tenerife.","breadcrumb":{"@id":"https:\/\/www.ull.es\/portal\/noticias\/2022\/inaugurado-cabo-verde-master-descarbonizacion-energetica\/#breadcrumb"},"inLanguage":"es","potentialAction":[{"@type":"ReadAction","target":["https:\/\/www.ull.es\/portal\/noticias\/2022\/inaugurado-cabo-verde-master-descarbonizacion-energetica\/"]}]},{"@type":"BreadcrumbList","@id":"https:\/\/www.ull.es\/portal\/noticias\/2022\/inaugurado-cabo-verde-master-descarbonizacion-energetica\/#breadcrumb","itemListElement":[{"@type":"ListItem","position":1,"name":"Portada","item":"https:\/\/www.ull.es\/portal\/noticias\/"},{"@type":"ListItem","position":2,"name":"Inaugurado en Cabo Verde el M\u00e1ster en Descarbonizaci\u00f3n Energ\u00e9tica coorganizado por la ULL con apoyo del Cabildo"}]},{"@type":"WebSite","@id":"https:\/\/www.ull.es\/portal\/noticias\/#website","url":"https:\/\/www.ull.es\/portal\/noticias\/","name":"ULL - Noticias","description":"","potentialAction":[{"@type":"SearchAction","target":{"@type":"EntryPoint","urlTemplate":"https:\/\/www.ull.es\/portal\/noticias\/?s={search_term_string}"},"query-input":"required name=search_term_string"}],"inLanguage":"es"},{"@type":"Person","@id":"https:\/\/www.ull.es\/portal\/noticias\/#\/schema\/person\/c3b2aa857797592927a03740d6664376","name":"prensa2","image":{"@type":"ImageObject","inLanguage":"es","@id":"https:\/\/www.ull.es\/portal\/noticias\/#\/schema\/person\/image\/","url":"https:\/\/secure.gravatar.com\/avatar\/b58f310a5de5feb33d1e026d2493f23c?s=96&d=mm&r=g","contentUrl":"https:\/\/secure.gravatar.com\/avatar\/b58f310a5de5feb33d1e026d2493f23c?s=96&d=mm&r=g","caption":"prensa2"},"url":"https:\/\/www.ull.es\/portal\/noticias\/author\/prensa2\/"}]}},"primary_category":{"id":345,"name":"Destacado","slug":"destacado","link":"https:\/\/www.ull.es\/portal\/noticias\/category\/destacado\/"},"featured_image_thumbnail_url":"https:\/\/www.ull.es\/portal\/noticias\/wp-content\/uploads\/sites\/13\/2022\/02\/inauguracion-master-cavo-verde-300x200.jpg","_links":{"self":[{"href":"https:\/\/www.ull.es\/portal\/noticias\/wp-json\/wp\/v2\/posts\/60786"}],"collection":[{"href":"https:\/\/www.ull.es\/portal\/noticias\/wp-json\/wp\/v2\/posts"}],"about":[{"href":"https:\/\/www.ull.es\/portal\/noticias\/wp-json\/wp\/v2\/types\/post"}],"author":[{"embeddable":true,"href":"https:\/\/www.ull.es\/portal\/noticias\/wp-json\/wp\/v2\/users\/21"}],"replies":[{"embeddable":true,"href":"https:\/\/www.ull.es\/portal\/noticias\/wp-json\/wp\/v2\/comments?post=60786"}],"version-history":[{"count":7,"href":"https:\/\/www.ull.es\/portal\/noticias\/wp-json\/wp\/v2\/posts\/60786\/revisions"}],"predecessor-version":[{"id":67844,"href":"https:\/\/www.ull.es\/portal\/noticias\/wp-json\/wp\/v2\/posts\/60786\/revisions\/67844"}],"wp:featuredmedia":[{"embeddable":true,"href":"https:\/\/www.ull.es\/portal\/noticias\/wp-json\/wp\/v2\/media\/60787"}],"wp:attachment":[{"href":"https:\/\/www.ull.es\/portal\/noticias\/wp-json\/wp\/v2\/media?parent=60786"}],"wp:term":[{"taxonomy":"category","embeddable":true,"href":"https:\/\/www.ull.es\/portal\/noticias\/wp-json\/wp\/v2\/categories?post=60786"},{"taxonomy":"post_tag","embeddable":true,"href":"https:\/\/www.ull.es\/portal\/noticias\/wp-json\/wp\/v2\/tags?post=60786"}],"curies":[{"name":"wp","href":"https:\/\/api.w.org\/{rel}","templated":true}]}}