{"id":60822,"date":"2022-02-04T13:50:47","date_gmt":"2022-02-04T13:50:47","guid":{"rendered":"https:\/\/www.ull.es\/portal\/noticias\/?p=60822"},"modified":"2022-02-04T13:50:59","modified_gmt":"2022-02-04T13:50:59","slug":"la-rectora-recibe-a-una-delegacion-de-educacion-que-reconoce-que-la-asignacion-de-tfg-ya-esta-solventada","status":"publish","type":"post","link":"https:\/\/www.ull.es\/portal\/noticias\/2022\/la-rectora-recibe-a-una-delegacion-de-educacion-que-reconoce-que-la-asignacion-de-tfg-ya-esta-solventada\/","title":{"rendered":"La rectora recibe a una delegaci\u00f3n de Educaci\u00f3n, que reconoce que la asignaci\u00f3n de TFG ya est\u00e1 solventada"},"content":{"rendered":"<p>La rectora de la Universidad de La Laguna, Rosa Aguilar, se ha reunido hoy 4 de febrero con una delegaci\u00f3n del alumnado que se ha manifestado hoy \u2013una treintena- a la entrada del Rectorado para protestar por la paralizaci\u00f3n de asignaci\u00f3n de tutores en los Trabajos Fin de Grado (TFG), medida anunciada por el decanato de la Facultad de Educaci\u00f3n el pasado viernes ante la falta de docentes para poder llevarlo a cabo, seg\u00fan el centro.<\/p>\n<p>Una semana despu\u00e9s, y tras haber remitido la rectora una instrucci\u00f3n al centro para que se repartiese la asignaci\u00f3n de tutores de esta asignatura entre el profesorado de todas las \u00e1reas de conocimiento con docencia en la facultad, los estudiantes reconocieron en la reuni\u00f3n que el problema ya est\u00e1 resuelto y que se va a proceder de inmediato a esta distribuci\u00f3n de docentes para que puedan titular. Les preocupa, sin embargo, la calidad de los trabajos que se van a presentar, ante la posibilidad, dijeron, de que los tutores no sean especialistas en las \u00e1reas espec\u00edficas de educaci\u00f3n.<\/p>\n<p>Rosa Aguilar sostuvo que la universidad es un servicio p\u00fablico que debe prestarse siempre y que lo primero es salvaguardar el derecho del alumnado a recibir su docencia, antes incluso que atender las labores de investigaci\u00f3n o de gesti\u00f3n. \u201cHay que preservar el derecho a titular del alumnado, porque sin estudiantes no hay universidad\u201d, sostuvo.<\/p>\n<p>En la reuni\u00f3n estuvieron presentes la vicerrectora de Personal Docente e Investigador, Roc\u00edo Pe\u00f1a, y la secretaria general, Elvira Afonso. La primera apunt\u00f3 que en los \u00faltimos tres a\u00f1os se han producido125 contrataciones en la mencionada facultad. Con todo, agreg\u00f3, el profesorado sab\u00eda de la asignaci\u00f3n de tutores para los TFG desde junio del a\u00f1o pasado, cuando se aprob\u00f3 el Plan de Organizaci\u00f3n Docente del siguiente curso \u2013el actual en vigor- y suscribieron la llamada hoja de dedicaci\u00f3n, adem\u00e1s de ser un compromiso adquirido con el alumnado en la gu\u00eda docente de la titulaci\u00f3n. \u201cEn ese momento nadie de la facultad se\u00f1al\u00f3 la imposibilidad de ejecutar este acuerdo\u201d, explic\u00f3 al alumnado.<\/p>\n<p>Pe\u00f1a a\u00f1adi\u00f3 que existe una herramienta p\u00fablica del Plan de Organizaci\u00f3n Docente (POD), a la que todo el profesorado puede acceder y comprobar la carga docente de cada profesor o profesora de esta instituci\u00f3n universitaria. Una vez creada esta herramienta, se aprobaron unos criterios generales para la asignaci\u00f3n de plazas en aquellas \u00e1reas de conocimiento con mayor necesidad de profesorado, que son igualmente p\u00fablicos.<\/p>\n<p>Los estudiantes a\u00f1adieron en la reuni\u00f3n que las clases se han dado en condiciones dif\u00edciles, dado que no ha podido respetarse la distancia de seguridad por mantener la presencialidad en este inicio de curso, si bien reconocieron que este es otro asunto al margen de la concentraci\u00f3n de esta ma\u00f1ana. \u201cNos pareci\u00f3 que lo responsable era venir al Rectorado, pese a que el problema ya est\u00e1 solucionado, porque queremos reivindicar la necesaria calidad de nuestro trabajo de fin de grado\u201d. En este punto, la secretaria general defendi\u00f3 la m\u00e1s que acreditada solvencia del profesorado de la Universidad de La Laguna para llevar a cabo esta tarea.<\/p>\n<p>Tanto la rectora como la secretaria general y la vicerrectora agradecieron el buen clima de la reuni\u00f3n y el talante constructivo de los estudiantes en sus reivindicaciones.<\/p>\n","protected":false},"excerpt":{"rendered":"<p>La rectora de la Universidad de La Laguna, Rosa Aguilar, se ha reunido hoy 4 de febrero con una delegaci\u00f3n&#8230;<\/p>\n","protected":false},"author":23,"featured_media":60824,"comment_status":"closed","ping_status":"closed","sticky":false,"template":"","format":"standard","meta":{"inline_featured_image":false,"footnotes":""},"categories":[343,345,348,2765],"tags":[8268],"acf":[],"yoast_head":"<!-- This site is optimized with the Yoast SEO plugin v21.3 - https:\/\/yoast.com\/wordpress\/plugins\/seo\/ -->\n<title>La rectora recibe a una delegaci\u00f3n de Educaci\u00f3n, que reconoce que la asignaci\u00f3n de TFG ya est\u00e1 solventada - ULL - Noticias<\/title>\n<meta name=\"robots\" content=\"index, follow, max-snippet:-1, max-image-preview:large, max-video-preview:-1\" \/>\n<link rel=\"canonical\" href=\"https:\/\/www.ull.es\/portal\/noticias\/2022\/la-rectora-recibe-a-una-delegacion-de-educacion-que-reconoce-que-la-asignacion-de-tfg-ya-esta-solventada\/\" \/>\n<meta property=\"og:locale\" content=\"es_ES\" \/>\n<meta property=\"og:type\" content=\"article\" \/>\n<meta property=\"og:title\" content=\"La rectora recibe a una delegaci\u00f3n de Educaci\u00f3n, que reconoce que la asignaci\u00f3n de TFG ya est\u00e1 solventada - ULL - Noticias\" \/>\n<meta property=\"og:description\" content=\"La rectora de la Universidad de La Laguna, Rosa Aguilar, se ha reunido hoy 4 de febrero con una delegaci\u00f3n...\" \/>\n<meta property=\"og:url\" content=\"https:\/\/www.ull.es\/portal\/noticias\/2022\/la-rectora-recibe-a-una-delegacion-de-educacion-que-reconoce-que-la-asignacion-de-tfg-ya-esta-solventada\/\" \/>\n<meta property=\"og:site_name\" content=\"ULL - Noticias\" \/>\n<meta property=\"article:publisher\" content=\"https:\/\/www.facebook.com\/universidaddelalaguna\/\" \/>\n<meta property=\"article:published_time\" content=\"2022-02-04T13:50:47+00:00\" \/>\n<meta property=\"article:modified_time\" content=\"2022-02-04T13:50:59+00:00\" \/>\n<meta property=\"og:image\" content=\"https:\/\/www.ull.es\/portal\/noticias\/wp-content\/uploads\/sites\/13\/2022\/02\/reunion-rectora-alumnos-educacion.jpg\" \/>\n\t<meta property=\"og:image:width\" content=\"1600\" \/>\n\t<meta property=\"og:image:height\" content=\"1067\" \/>\n\t<meta property=\"og:image:type\" content=\"image\/jpeg\" \/>\n<meta name=\"author\" content=\"gaprsa\" \/>\n<meta name=\"twitter:card\" content=\"summary_large_image\" \/>\n<meta name=\"twitter:creator\" content=\"@CanalULL\" \/>\n<meta name=\"twitter:site\" content=\"@CanalULL\" \/>\n<meta name=\"twitter:label1\" content=\"Escrito por\" \/>\n\t<meta name=\"twitter:data1\" content=\"gaprsa\" \/>\n\t<meta name=\"twitter:label2\" content=\"Tiempo de lectura\" \/>\n\t<meta name=\"twitter:data2\" content=\"3 minutos\" \/>\n<script type=\"application\/ld+json\" class=\"yoast-schema-graph\">{\"@context\":\"https:\/\/schema.org\",\"@graph\":[{\"@type\":\"WebPage\",\"@id\":\"https:\/\/www.ull.es\/portal\/noticias\/2022\/la-rectora-recibe-a-una-delegacion-de-educacion-que-reconoce-que-la-asignacion-de-tfg-ya-esta-solventada\/\",\"url\":\"https:\/\/www.ull.es\/portal\/noticias\/2022\/la-rectora-recibe-a-una-delegacion-de-educacion-que-reconoce-que-la-asignacion-de-tfg-ya-esta-solventada\/\",\"name\":\"La rectora recibe a una delegaci\u00f3n de Educaci\u00f3n, que reconoce que la asignaci\u00f3n de TFG ya est\u00e1 solventada - ULL - Noticias\",\"isPartOf\":{\"@id\":\"https:\/\/www.ull.es\/portal\/noticias\/#website\"},\"datePublished\":\"2022-02-04T13:50:47+00:00\",\"dateModified\":\"2022-02-04T13:50:59+00:00\",\"author\":{\"@id\":\"https:\/\/www.ull.es\/portal\/noticias\/#\/schema\/person\/b2b1a89d43ffa609e591f7df8ef3e817\"},\"breadcrumb\":{\"@id\":\"https:\/\/www.ull.es\/portal\/noticias\/2022\/la-rectora-recibe-a-una-delegacion-de-educacion-que-reconoce-que-la-asignacion-de-tfg-ya-esta-solventada\/#breadcrumb\"},\"inLanguage\":\"es\",\"potentialAction\":[{\"@type\":\"ReadAction\",\"target\":[\"https:\/\/www.ull.es\/portal\/noticias\/2022\/la-rectora-recibe-a-una-delegacion-de-educacion-que-reconoce-que-la-asignacion-de-tfg-ya-esta-solventada\/\"]}]},{\"@type\":\"BreadcrumbList\",\"@id\":\"https:\/\/www.ull.es\/portal\/noticias\/2022\/la-rectora-recibe-a-una-delegacion-de-educacion-que-reconoce-que-la-asignacion-de-tfg-ya-esta-solventada\/#breadcrumb\",\"itemListElement\":[{\"@type\":\"ListItem\",\"position\":1,\"name\":\"Portada\",\"item\":\"https:\/\/www.ull.es\/portal\/noticias\/\"},{\"@type\":\"ListItem\",\"position\":2,\"name\":\"La rectora recibe a una delegaci\u00f3n de Educaci\u00f3n, que reconoce que la asignaci\u00f3n de TFG ya est\u00e1 solventada\"}]},{\"@type\":\"WebSite\",\"@id\":\"https:\/\/www.ull.es\/portal\/noticias\/#website\",\"url\":\"https:\/\/www.ull.es\/portal\/noticias\/\",\"name\":\"ULL - Noticias\",\"description\":\"\",\"potentialAction\":[{\"@type\":\"SearchAction\",\"target\":{\"@type\":\"EntryPoint\",\"urlTemplate\":\"https:\/\/www.ull.es\/portal\/noticias\/?s={search_term_string}\"},\"query-input\":\"required name=search_term_string\"}],\"inLanguage\":\"es\"},{\"@type\":\"Person\",\"@id\":\"https:\/\/www.ull.es\/portal\/noticias\/#\/schema\/person\/b2b1a89d43ffa609e591f7df8ef3e817\",\"name\":\"gaprsa\",\"image\":{\"@type\":\"ImageObject\",\"inLanguage\":\"es\",\"@id\":\"https:\/\/www.ull.es\/portal\/noticias\/#\/schema\/person\/image\/\",\"url\":\"https:\/\/secure.gravatar.com\/avatar\/443820550921091458b4823867723b3d?s=96&d=mm&r=g\",\"contentUrl\":\"https:\/\/secure.gravatar.com\/avatar\/443820550921091458b4823867723b3d?s=96&d=mm&r=g\",\"caption\":\"gaprsa\"},\"url\":\"https:\/\/www.ull.es\/portal\/noticias\/author\/gaprsa\/\"}]}<\/script>\n<!-- \/ Yoast SEO plugin. -->","yoast_head_json":{"title":"La rectora recibe a una delegaci\u00f3n de Educaci\u00f3n, que reconoce que la asignaci\u00f3n de TFG ya est\u00e1 solventada - ULL - Noticias","robots":{"index":"index","follow":"follow","max-snippet":"max-snippet:-1","max-image-preview":"max-image-preview:large","max-video-preview":"max-video-preview:-1"},"canonical":"https:\/\/www.ull.es\/portal\/noticias\/2022\/la-rectora-recibe-a-una-delegacion-de-educacion-que-reconoce-que-la-asignacion-de-tfg-ya-esta-solventada\/","og_locale":"es_ES","og_type":"article","og_title":"La rectora recibe a una delegaci\u00f3n de Educaci\u00f3n, que reconoce que la asignaci\u00f3n de TFG ya est\u00e1 solventada - ULL - Noticias","og_description":"La rectora de la Universidad de La Laguna, Rosa Aguilar, se ha reunido hoy 4 de febrero con una delegaci\u00f3n...","og_url":"https:\/\/www.ull.es\/portal\/noticias\/2022\/la-rectora-recibe-a-una-delegacion-de-educacion-que-reconoce-que-la-asignacion-de-tfg-ya-esta-solventada\/","og_site_name":"ULL - Noticias","article_publisher":"https:\/\/www.facebook.com\/universidaddelalaguna\/","article_published_time":"2022-02-04T13:50:47+00:00","article_modified_time":"2022-02-04T13:50:59+00:00","og_image":[{"width":1600,"height":1067,"url":"https:\/\/www.ull.es\/portal\/noticias\/wp-content\/uploads\/sites\/13\/2022\/02\/reunion-rectora-alumnos-educacion.jpg","type":"image\/jpeg"}],"author":"gaprsa","twitter_card":"summary_large_image","twitter_creator":"@CanalULL","twitter_site":"@CanalULL","twitter_misc":{"Escrito por":"gaprsa","Tiempo de lectura":"3 minutos"},"schema":{"@context":"https:\/\/schema.org","@graph":[{"@type":"WebPage","@id":"https:\/\/www.ull.es\/portal\/noticias\/2022\/la-rectora-recibe-a-una-delegacion-de-educacion-que-reconoce-que-la-asignacion-de-tfg-ya-esta-solventada\/","url":"https:\/\/www.ull.es\/portal\/noticias\/2022\/la-rectora-recibe-a-una-delegacion-de-educacion-que-reconoce-que-la-asignacion-de-tfg-ya-esta-solventada\/","name":"La rectora recibe a una delegaci\u00f3n de Educaci\u00f3n, que reconoce que la asignaci\u00f3n de TFG ya est\u00e1 solventada - ULL - Noticias","isPartOf":{"@id":"https:\/\/www.ull.es\/portal\/noticias\/#website"},"datePublished":"2022-02-04T13:50:47+00:00","dateModified":"2022-02-04T13:50:59+00:00","author":{"@id":"https:\/\/www.ull.es\/portal\/noticias\/#\/schema\/person\/b2b1a89d43ffa609e591f7df8ef3e817"},"breadcrumb":{"@id":"https:\/\/www.ull.es\/portal\/noticias\/2022\/la-rectora-recibe-a-una-delegacion-de-educacion-que-reconoce-que-la-asignacion-de-tfg-ya-esta-solventada\/#breadcrumb"},"inLanguage":"es","potentialAction":[{"@type":"ReadAction","target":["https:\/\/www.ull.es\/portal\/noticias\/2022\/la-rectora-recibe-a-una-delegacion-de-educacion-que-reconoce-que-la-asignacion-de-tfg-ya-esta-solventada\/"]}]},{"@type":"BreadcrumbList","@id":"https:\/\/www.ull.es\/portal\/noticias\/2022\/la-rectora-recibe-a-una-delegacion-de-educacion-que-reconoce-que-la-asignacion-de-tfg-ya-esta-solventada\/#breadcrumb","itemListElement":[{"@type":"ListItem","position":1,"name":"Portada","item":"https:\/\/www.ull.es\/portal\/noticias\/"},{"@type":"ListItem","position":2,"name":"La rectora recibe a una delegaci\u00f3n de Educaci\u00f3n, que reconoce que la asignaci\u00f3n de TFG ya est\u00e1 solventada"}]},{"@type":"WebSite","@id":"https:\/\/www.ull.es\/portal\/noticias\/#website","url":"https:\/\/www.ull.es\/portal\/noticias\/","name":"ULL - Noticias","description":"","potentialAction":[{"@type":"SearchAction","target":{"@type":"EntryPoint","urlTemplate":"https:\/\/www.ull.es\/portal\/noticias\/?s={search_term_string}"},"query-input":"required name=search_term_string"}],"inLanguage":"es"},{"@type":"Person","@id":"https:\/\/www.ull.es\/portal\/noticias\/#\/schema\/person\/b2b1a89d43ffa609e591f7df8ef3e817","name":"gaprsa","image":{"@type":"ImageObject","inLanguage":"es","@id":"https:\/\/www.ull.es\/portal\/noticias\/#\/schema\/person\/image\/","url":"https:\/\/secure.gravatar.com\/avatar\/443820550921091458b4823867723b3d?s=96&d=mm&r=g","contentUrl":"https:\/\/secure.gravatar.com\/avatar\/443820550921091458b4823867723b3d?s=96&d=mm&r=g","caption":"gaprsa"},"url":"https:\/\/www.ull.es\/portal\/noticias\/author\/gaprsa\/"}]}},"primary_category":{"id":345,"name":"Destacado","slug":"destacado","link":"https:\/\/www.ull.es\/portal\/noticias\/category\/destacado\/"},"featured_image_thumbnail_url":"https:\/\/www.ull.es\/portal\/noticias\/wp-content\/uploads\/sites\/13\/2022\/02\/reunion-rectora-alumnos-educacion-300x200.jpg","_links":{"self":[{"href":"https:\/\/www.ull.es\/portal\/noticias\/wp-json\/wp\/v2\/posts\/60822"}],"collection":[{"href":"https:\/\/www.ull.es\/portal\/noticias\/wp-json\/wp\/v2\/posts"}],"about":[{"href":"https:\/\/www.ull.es\/portal\/noticias\/wp-json\/wp\/v2\/types\/post"}],"author":[{"embeddable":true,"href":"https:\/\/www.ull.es\/portal\/noticias\/wp-json\/wp\/v2\/users\/23"}],"replies":[{"embeddable":true,"href":"https:\/\/www.ull.es\/portal\/noticias\/wp-json\/wp\/v2\/comments?post=60822"}],"version-history":[{"count":1,"href":"https:\/\/www.ull.es\/portal\/noticias\/wp-json\/wp\/v2\/posts\/60822\/revisions"}],"predecessor-version":[{"id":60823,"href":"https:\/\/www.ull.es\/portal\/noticias\/wp-json\/wp\/v2\/posts\/60822\/revisions\/60823"}],"wp:featuredmedia":[{"embeddable":true,"href":"https:\/\/www.ull.es\/portal\/noticias\/wp-json\/wp\/v2\/media\/60824"}],"wp:attachment":[{"href":"https:\/\/www.ull.es\/portal\/noticias\/wp-json\/wp\/v2\/media?parent=60822"}],"wp:term":[{"taxonomy":"category","embeddable":true,"href":"https:\/\/www.ull.es\/portal\/noticias\/wp-json\/wp\/v2\/categories?post=60822"},{"taxonomy":"post_tag","embeddable":true,"href":"https:\/\/www.ull.es\/portal\/noticias\/wp-json\/wp\/v2\/tags?post=60822"}],"curies":[{"name":"wp","href":"https:\/\/api.w.org\/{rel}","templated":true}]}}