{"id":61087,"date":"2022-02-21T12:05:06","date_gmt":"2022-02-21T12:05:06","guid":{"rendered":"https:\/\/www.ull.es\/portal\/noticias\/?p=61087"},"modified":"2022-06-13T12:43:11","modified_gmt":"2022-06-13T12:43:11","slug":"arranca-la-fase-de-trabajo-del-programa-ingenia-para-formar-agentes-del-cambio-en-ods","status":"publish","type":"post","link":"https:\/\/www.ull.es\/portal\/noticias\/2022\/arranca-la-fase-de-trabajo-del-programa-ingenia-para-formar-agentes-del-cambio-en-ods\/","title":{"rendered":"Arranca la fase de trabajo del programa Ingenia para formar agentes del cambio en ODS"},"content":{"rendered":"<p>El programa Ingenia es una iniciativa de innovaci\u00f3n social promovido por la Universidad de La Laguna y financiada por el Cabildo Insular de Tenerife. Su prop\u00f3sito es formar a estudiantes de diferentes niveles para que se conviertan en \u201cagentes del cambio\u201d y promotores de los Objetivos de Desarrollo Sostenible (ODS) de la ONU. Este fin de semana ha arrancado en el Campus de Guajara la fase de trabajo de su tercera edici\u00f3n, en la cual los equipos de alumnado seleccionados tendr\u00e1n cuatro meses para desarrollar los proyectos sobre sostenibilidad que presentaron en las fases previas, y por los cuales fueron escogidos.<\/p>\n<p>El acto estuvo presidido pro la rectora de la Universidad de La Laguna, Rosa Aguilar Chinea, y tambi\u00e9n cont\u00f3 con la presencia de la consejera insular del \u00c1rea de Educaci\u00f3n, Juventud, Museos y Deportes del Cabildo de Tenerife, Concepci\u00f3n Rivero; la directora Insular del \u00c1rea de Educaci\u00f3n y Juventud del Cabildo de Tenerife, Isabel Bello; el director general de Investigaci\u00f3n y Coordinaci\u00f3n del Desarrollo Sostenible del Gobierno de Canarias, David Padr\u00f3n; y la vicerrectora de Estudiantes y Empleabilidad de la instituci\u00f3n acad\u00e9mica, Lastenia Hern\u00e1ndez.<\/p>\n<p><img decoding=\"async\" loading=\"lazy\" class=\"alignleft size-medium wp-image-61089\" src=\"https:\/\/www.ull.es\/portal\/noticias\/wp-content\/uploads\/sites\/13\/2022\/02\/INGENIA3-06-300x200.jpg\" alt=\"\" width=\"300\" height=\"200\" srcset=\"https:\/\/www.ull.es\/portal\/noticias\/wp-content\/uploads\/sites\/13\/2022\/02\/INGENIA3-06-300x200.jpg 300w, https:\/\/www.ull.es\/portal\/noticias\/wp-content\/uploads\/sites\/13\/2022\/02\/INGENIA3-06-768x512.jpg 768w, https:\/\/www.ull.es\/portal\/noticias\/wp-content\/uploads\/sites\/13\/2022\/02\/INGENIA3-06-375x250.jpg 375w, https:\/\/www.ull.es\/portal\/noticias\/wp-content\/uploads\/sites\/13\/2022\/02\/INGENIA3-06-750x500.jpg 750w, https:\/\/www.ull.es\/portal\/noticias\/wp-content\/uploads\/sites\/13\/2022\/02\/INGENIA3-06.jpg 1024w\" sizes=\"(max-width: 300px) 100vw, 300px\" \/>La rectora se refiri\u00f3 a este programa como un ejemplo m\u00e1s del compromiso de la Universidad de La Laguna con los ODS. \u201cTodas las personas, ya sea desde el compromiso individual o a trav\u00e9s de nuestra actividad profesional y cient\u00edfica, podemos involucrarnos con estos objetivos\u201d, se\u00f1al\u00f3 antes de matizar que siempre era preferible hacerlo \u201cdesde el conocimiento de esos ODS y por ello, es de suma importancia contar con personas formadas en ellos. De ah\u00ed el inter\u00e9s de este proyecto, gracias al cual quienes participen se van a convertir en agentes del cambio\u201d.<\/p>\n<p>La rectora destac\u00f3 el inter\u00e9s de Ingenia por involucrar tanto a alumnado universitario como de niveles previos en la Agenda 2030. \u201cContar con una juventud concienciada con las problem\u00e1ticas relacionadas con el medio ambiente, los derechos humanos, la econom\u00eda, la cultura y la sociedad es esencial para el \u00e9xito de esta ambiciosa hoja de ruta hacia la sostenibilidad\u201d.<\/p>\n<p>El acto del s\u00e1bado ha servido para que el alumnado de los equipos seleccionados conociera al grupo de facilitadores que les ayudar\u00e1 a lo largo del periodo que dure la elaboraci\u00f3n de los proyectos seleccionados. Para participar, hab\u00eda que enviar hasta el pasado 22 de enero un proyecto relacionado con los ODS que fue evaluado por un comit\u00e9 de expertos que, finalmente, el pasado 16 de febrero public\u00f3 el listado de iniciativas que hab\u00edan sido evaluadas con m\u00e1s de un 60% y, por tanto, ser\u00edan desarrolladas.<\/p>\n<p>Los proyectos deb\u00edan plantear soluciones concretas a problemas que puedan ampararse bajo el paraguas conceptual de los ODS y afecten espec\u00edficamente a la sociedad canaria. Cada propuesta est\u00e1 acompa\u00f1ada de una serie de objetivos evaluables y cuya viabilidad ha sido justificada, y tambi\u00e9n plantea qu\u00e9 m\u00e9tricas se emplear\u00e1n para determinar su impacto final. Asimismo, tambi\u00e9n se ha valorado que los proyectos sean sostenibles en el tiempo, es decir, que puedan tener continuidad una vez finalice el programa Ingenia.<\/p>\n<p>En total, fueron elegidos seis proyectos: uno promovido por estudiantes de grado, denominado \u201cCuerpetea\u201d; otro por estudiantes que el pasado a\u00f1o realizaron el curso MOOC sobre ODS promovido por el programa, llamado \u201cOc\u00e9ano de Canarias\u201d; dos proyectos de estudiantes de Ense\u00f1anza Secundaria, que han sido llamados \u201cDerroche energ\u00e9tico\u201d y \u201cReducci\u00f3n de consumo el\u00e9ctrico\u201d; y, finalmente, otros dos proyectos promovidos por estudiantes de m\u00e1ster o doctorado de la Universidad de La Laguna, \u201cCriptobosques\u201d y \u201cBioextract\u201d.<\/p>\n<p>Cada proyecto tendr\u00e1 una financiaci\u00f3n de hasta 2.000 euros para su desarrollo entre febrero y junio de este a\u00f1o, y contar\u00e1 con el apoyo de un facilitador o facilitadora de aprendizaje, cuyo papel es acompa\u00f1ar a cada equipo durante el proceso. Cuando finalicen, deber\u00e1n presentar una memoria y un p\u00f3ster describiendo los resultados y, adem\u00e1s, se celebrar\u00e1 un evento para la exposici\u00f3n p\u00fablica de cada proyecto, cuya fecha prevista es el 25 de junio.<\/p>\n","protected":false},"excerpt":{"rendered":"<p>El programa Ingenia es una iniciativa de innovaci\u00f3n social promovido por la Universidad de La Laguna y financiada por el&#8230;<\/p>\n","protected":false},"author":23,"featured_media":61090,"comment_status":"closed","ping_status":"closed","sticky":false,"template":"","format":"standard","meta":{"inline_featured_image":false,"footnotes":""},"categories":[5232,345,8720,348,2765],"tags":[8301,1493,4150],"acf":[],"yoast_head":"<!-- This site is optimized with the Yoast SEO plugin v21.3 - https:\/\/yoast.com\/wordpress\/plugins\/seo\/ -->\n<title>Arranca la fase de trabajo del programa Ingenia para formar agentes del cambio en ODS - ULL - Noticias<\/title>\n<meta name=\"robots\" content=\"index, follow, max-snippet:-1, max-image-preview:large, max-video-preview:-1\" \/>\n<link rel=\"canonical\" href=\"https:\/\/www.ull.es\/portal\/noticias\/2022\/arranca-la-fase-de-trabajo-del-programa-ingenia-para-formar-agentes-del-cambio-en-ods\/\" \/>\n<meta property=\"og:locale\" content=\"es_ES\" \/>\n<meta property=\"og:type\" content=\"article\" \/>\n<meta property=\"og:title\" content=\"Arranca la fase de trabajo del programa Ingenia para formar agentes del cambio en ODS - ULL - Noticias\" \/>\n<meta property=\"og:description\" content=\"El programa Ingenia es una iniciativa de innovaci\u00f3n social promovido por la Universidad de La Laguna y financiada por el...\" \/>\n<meta property=\"og:url\" content=\"https:\/\/www.ull.es\/portal\/noticias\/2022\/arranca-la-fase-de-trabajo-del-programa-ingenia-para-formar-agentes-del-cambio-en-ods\/\" \/>\n<meta property=\"og:site_name\" content=\"ULL - Noticias\" \/>\n<meta property=\"article:publisher\" content=\"https:\/\/www.facebook.com\/universidaddelalaguna\/\" \/>\n<meta property=\"article:published_time\" content=\"2022-02-21T12:05:06+00:00\" \/>\n<meta property=\"article:modified_time\" content=\"2022-06-13T12:43:11+00:00\" \/>\n<meta property=\"og:image\" content=\"https:\/\/www.ull.es\/portal\/noticias\/wp-content\/uploads\/sites\/13\/2022\/02\/INGENIA3-01.jpg\" \/>\n\t<meta property=\"og:image:width\" content=\"1024\" \/>\n\t<meta property=\"og:image:height\" content=\"683\" \/>\n\t<meta property=\"og:image:type\" content=\"image\/jpeg\" \/>\n<meta name=\"author\" content=\"gaprsa\" \/>\n<meta name=\"twitter:card\" content=\"summary_large_image\" \/>\n<meta name=\"twitter:creator\" content=\"@CanalULL\" \/>\n<meta name=\"twitter:site\" content=\"@CanalULL\" \/>\n<meta name=\"twitter:label1\" content=\"Escrito por\" \/>\n\t<meta name=\"twitter:data1\" content=\"gaprsa\" \/>\n\t<meta name=\"twitter:label2\" content=\"Tiempo de lectura\" \/>\n\t<meta name=\"twitter:data2\" content=\"4 minutos\" \/>\n<script type=\"application\/ld+json\" class=\"yoast-schema-graph\">{\"@context\":\"https:\/\/schema.org\",\"@graph\":[{\"@type\":\"WebPage\",\"@id\":\"https:\/\/www.ull.es\/portal\/noticias\/2022\/arranca-la-fase-de-trabajo-del-programa-ingenia-para-formar-agentes-del-cambio-en-ods\/\",\"url\":\"https:\/\/www.ull.es\/portal\/noticias\/2022\/arranca-la-fase-de-trabajo-del-programa-ingenia-para-formar-agentes-del-cambio-en-ods\/\",\"name\":\"Arranca la fase de trabajo del programa Ingenia para formar agentes del cambio en ODS - ULL - Noticias\",\"isPartOf\":{\"@id\":\"https:\/\/www.ull.es\/portal\/noticias\/#website\"},\"datePublished\":\"2022-02-21T12:05:06+00:00\",\"dateModified\":\"2022-06-13T12:43:11+00:00\",\"author\":{\"@id\":\"https:\/\/www.ull.es\/portal\/noticias\/#\/schema\/person\/b2b1a89d43ffa609e591f7df8ef3e817\"},\"breadcrumb\":{\"@id\":\"https:\/\/www.ull.es\/portal\/noticias\/2022\/arranca-la-fase-de-trabajo-del-programa-ingenia-para-formar-agentes-del-cambio-en-ods\/#breadcrumb\"},\"inLanguage\":\"es\",\"potentialAction\":[{\"@type\":\"ReadAction\",\"target\":[\"https:\/\/www.ull.es\/portal\/noticias\/2022\/arranca-la-fase-de-trabajo-del-programa-ingenia-para-formar-agentes-del-cambio-en-ods\/\"]}]},{\"@type\":\"BreadcrumbList\",\"@id\":\"https:\/\/www.ull.es\/portal\/noticias\/2022\/arranca-la-fase-de-trabajo-del-programa-ingenia-para-formar-agentes-del-cambio-en-ods\/#breadcrumb\",\"itemListElement\":[{\"@type\":\"ListItem\",\"position\":1,\"name\":\"Portada\",\"item\":\"https:\/\/www.ull.es\/portal\/noticias\/\"},{\"@type\":\"ListItem\",\"position\":2,\"name\":\"Arranca la fase de trabajo del programa Ingenia para formar agentes del cambio en ODS\"}]},{\"@type\":\"WebSite\",\"@id\":\"https:\/\/www.ull.es\/portal\/noticias\/#website\",\"url\":\"https:\/\/www.ull.es\/portal\/noticias\/\",\"name\":\"ULL - Noticias\",\"description\":\"\",\"potentialAction\":[{\"@type\":\"SearchAction\",\"target\":{\"@type\":\"EntryPoint\",\"urlTemplate\":\"https:\/\/www.ull.es\/portal\/noticias\/?s={search_term_string}\"},\"query-input\":\"required name=search_term_string\"}],\"inLanguage\":\"es\"},{\"@type\":\"Person\",\"@id\":\"https:\/\/www.ull.es\/portal\/noticias\/#\/schema\/person\/b2b1a89d43ffa609e591f7df8ef3e817\",\"name\":\"gaprsa\",\"image\":{\"@type\":\"ImageObject\",\"inLanguage\":\"es\",\"@id\":\"https:\/\/www.ull.es\/portal\/noticias\/#\/schema\/person\/image\/\",\"url\":\"https:\/\/secure.gravatar.com\/avatar\/443820550921091458b4823867723b3d?s=96&d=mm&r=g\",\"contentUrl\":\"https:\/\/secure.gravatar.com\/avatar\/443820550921091458b4823867723b3d?s=96&d=mm&r=g\",\"caption\":\"gaprsa\"},\"url\":\"https:\/\/www.ull.es\/portal\/noticias\/author\/gaprsa\/\"}]}<\/script>\n<!-- \/ Yoast SEO plugin. -->","yoast_head_json":{"title":"Arranca la fase de trabajo del programa Ingenia para formar agentes del cambio en ODS - ULL - Noticias","robots":{"index":"index","follow":"follow","max-snippet":"max-snippet:-1","max-image-preview":"max-image-preview:large","max-video-preview":"max-video-preview:-1"},"canonical":"https:\/\/www.ull.es\/portal\/noticias\/2022\/arranca-la-fase-de-trabajo-del-programa-ingenia-para-formar-agentes-del-cambio-en-ods\/","og_locale":"es_ES","og_type":"article","og_title":"Arranca la fase de trabajo del programa Ingenia para formar agentes del cambio en ODS - ULL - Noticias","og_description":"El programa Ingenia es una iniciativa de innovaci\u00f3n social promovido por la Universidad de La Laguna y financiada por el...","og_url":"https:\/\/www.ull.es\/portal\/noticias\/2022\/arranca-la-fase-de-trabajo-del-programa-ingenia-para-formar-agentes-del-cambio-en-ods\/","og_site_name":"ULL - Noticias","article_publisher":"https:\/\/www.facebook.com\/universidaddelalaguna\/","article_published_time":"2022-02-21T12:05:06+00:00","article_modified_time":"2022-06-13T12:43:11+00:00","og_image":[{"width":1024,"height":683,"url":"https:\/\/www.ull.es\/portal\/noticias\/wp-content\/uploads\/sites\/13\/2022\/02\/INGENIA3-01.jpg","type":"image\/jpeg"}],"author":"gaprsa","twitter_card":"summary_large_image","twitter_creator":"@CanalULL","twitter_site":"@CanalULL","twitter_misc":{"Escrito por":"gaprsa","Tiempo de lectura":"4 minutos"},"schema":{"@context":"https:\/\/schema.org","@graph":[{"@type":"WebPage","@id":"https:\/\/www.ull.es\/portal\/noticias\/2022\/arranca-la-fase-de-trabajo-del-programa-ingenia-para-formar-agentes-del-cambio-en-ods\/","url":"https:\/\/www.ull.es\/portal\/noticias\/2022\/arranca-la-fase-de-trabajo-del-programa-ingenia-para-formar-agentes-del-cambio-en-ods\/","name":"Arranca la fase de trabajo del programa Ingenia para formar agentes del cambio en ODS - ULL - Noticias","isPartOf":{"@id":"https:\/\/www.ull.es\/portal\/noticias\/#website"},"datePublished":"2022-02-21T12:05:06+00:00","dateModified":"2022-06-13T12:43:11+00:00","author":{"@id":"https:\/\/www.ull.es\/portal\/noticias\/#\/schema\/person\/b2b1a89d43ffa609e591f7df8ef3e817"},"breadcrumb":{"@id":"https:\/\/www.ull.es\/portal\/noticias\/2022\/arranca-la-fase-de-trabajo-del-programa-ingenia-para-formar-agentes-del-cambio-en-ods\/#breadcrumb"},"inLanguage":"es","potentialAction":[{"@type":"ReadAction","target":["https:\/\/www.ull.es\/portal\/noticias\/2022\/arranca-la-fase-de-trabajo-del-programa-ingenia-para-formar-agentes-del-cambio-en-ods\/"]}]},{"@type":"BreadcrumbList","@id":"https:\/\/www.ull.es\/portal\/noticias\/2022\/arranca-la-fase-de-trabajo-del-programa-ingenia-para-formar-agentes-del-cambio-en-ods\/#breadcrumb","itemListElement":[{"@type":"ListItem","position":1,"name":"Portada","item":"https:\/\/www.ull.es\/portal\/noticias\/"},{"@type":"ListItem","position":2,"name":"Arranca la fase de trabajo del programa Ingenia para formar agentes del cambio en ODS"}]},{"@type":"WebSite","@id":"https:\/\/www.ull.es\/portal\/noticias\/#website","url":"https:\/\/www.ull.es\/portal\/noticias\/","name":"ULL - Noticias","description":"","potentialAction":[{"@type":"SearchAction","target":{"@type":"EntryPoint","urlTemplate":"https:\/\/www.ull.es\/portal\/noticias\/?s={search_term_string}"},"query-input":"required name=search_term_string"}],"inLanguage":"es"},{"@type":"Person","@id":"https:\/\/www.ull.es\/portal\/noticias\/#\/schema\/person\/b2b1a89d43ffa609e591f7df8ef3e817","name":"gaprsa","image":{"@type":"ImageObject","inLanguage":"es","@id":"https:\/\/www.ull.es\/portal\/noticias\/#\/schema\/person\/image\/","url":"https:\/\/secure.gravatar.com\/avatar\/443820550921091458b4823867723b3d?s=96&d=mm&r=g","contentUrl":"https:\/\/secure.gravatar.com\/avatar\/443820550921091458b4823867723b3d?s=96&d=mm&r=g","caption":"gaprsa"},"url":"https:\/\/www.ull.es\/portal\/noticias\/author\/gaprsa\/"}]}},"primary_category":{"id":345,"name":"Destacado","slug":"destacado","link":"https:\/\/www.ull.es\/portal\/noticias\/category\/destacado\/"},"featured_image_thumbnail_url":"https:\/\/www.ull.es\/portal\/noticias\/wp-content\/uploads\/sites\/13\/2022\/02\/INGENIA3-01-300x200.jpg","_links":{"self":[{"href":"https:\/\/www.ull.es\/portal\/noticias\/wp-json\/wp\/v2\/posts\/61087"}],"collection":[{"href":"https:\/\/www.ull.es\/portal\/noticias\/wp-json\/wp\/v2\/posts"}],"about":[{"href":"https:\/\/www.ull.es\/portal\/noticias\/wp-json\/wp\/v2\/types\/post"}],"author":[{"embeddable":true,"href":"https:\/\/www.ull.es\/portal\/noticias\/wp-json\/wp\/v2\/users\/23"}],"replies":[{"embeddable":true,"href":"https:\/\/www.ull.es\/portal\/noticias\/wp-json\/wp\/v2\/comments?post=61087"}],"version-history":[{"count":2,"href":"https:\/\/www.ull.es\/portal\/noticias\/wp-json\/wp\/v2\/posts\/61087\/revisions"}],"predecessor-version":[{"id":61091,"href":"https:\/\/www.ull.es\/portal\/noticias\/wp-json\/wp\/v2\/posts\/61087\/revisions\/61091"}],"wp:featuredmedia":[{"embeddable":true,"href":"https:\/\/www.ull.es\/portal\/noticias\/wp-json\/wp\/v2\/media\/61090"}],"wp:attachment":[{"href":"https:\/\/www.ull.es\/portal\/noticias\/wp-json\/wp\/v2\/media?parent=61087"}],"wp:term":[{"taxonomy":"category","embeddable":true,"href":"https:\/\/www.ull.es\/portal\/noticias\/wp-json\/wp\/v2\/categories?post=61087"},{"taxonomy":"post_tag","embeddable":true,"href":"https:\/\/www.ull.es\/portal\/noticias\/wp-json\/wp\/v2\/tags?post=61087"}],"curies":[{"name":"wp","href":"https:\/\/api.w.org\/{rel}","templated":true}]}}