{"id":61100,"date":"2022-02-22T09:39:54","date_gmt":"2022-02-22T09:39:54","guid":{"rendered":"https:\/\/www.ull.es\/portal\/noticias\/?p=61100"},"modified":"2022-02-22T09:39:54","modified_gmt":"2022-02-22T09:39:54","slug":"ministerio-defensa-ull-convenio-practicas","status":"publish","type":"post","link":"https:\/\/www.ull.es\/portal\/noticias\/2022\/ministerio-defensa-ull-convenio-practicas\/","title":{"rendered":"El Ministerio de Defensa y la Universidad de La Laguna firman un convenio para pr\u00e1cticas estudiantiles"},"content":{"rendered":"<p>La Universidad de La Laguna y el Ministerio de defensa firmaron ayer, lunes 21 de febrero, un convenio de colaboraci\u00f3n gracias al cual el alumnado de grado y m\u00e1steres oficiales de la instituci\u00f3n acad\u00e9mica podr\u00e1 realizar pr\u00e1cticas externas en unidades, centros y organismos dependientes de la administraci\u00f3n ministerial.<\/p>\n<p>La firma se celebr\u00f3 en el patio interior del Palacio de la Capitan\u00eda General de Canarias en Santa Cruz de Tenerife, sede del Cuartel General del Mando de Canarias del Ej\u00e9rcito de Tierra. El acuerdo fue rubricado, por parte de la instituci\u00f3n acad\u00e9mica, por su la vicerrectora de Estudiantes, Empleabilidad y Campus de Guajara, Lastenia Hern\u00e1ndez, mientras que en representaci\u00f3n del ministerio lo hizo el Teniente General Jefe del Mando de Canarias del Ej\u00e9rcito de Tierra, Alejandro Esc\u00e1mez. En el acto tambi\u00e9n estuvo presente la rectora del centro universitario, Rosa Aguilar.<\/p>\n<p>Con este convenio se establece, adem\u00e1s, un marco de cooperaci\u00f3n educativa en materia de Trabajos de Fin de Grado y de M\u00e1ster, asignatura de car\u00e1cter obligatorio y cuya superaci\u00f3n es requisito imprescindible para la obtenci\u00f3n del t\u00edtulo oficial.<\/p>\n<p>Los convenios del Ministerio de Defensa con las universidades y centros Educativos contribuyen, tambi\u00e9n, al conocimiento mutuo de estas instituciones, a la promoci\u00f3n de la cultura de seguridad y defensa y a la difusi\u00f3n del patrimonio hist\u00f3rico y cultural que conservan las fuerzas armadas.<\/p>\n","protected":false},"excerpt":{"rendered":"<p>La Universidad de La Laguna y el Ministerio de defensa firmaron ayer, lunes 21 de febrero, un convenio de colaboraci\u00f3n&#8230;<\/p>\n","protected":false},"author":21,"featured_media":61101,"comment_status":"closed","ping_status":"closed","sticky":false,"template":"","format":"standard","meta":{"inline_featured_image":false,"footnotes":""},"categories":[345,348,2765],"tags":[910,3006,8303,2134,4518,2481],"acf":[],"yoast_head":"<!-- This site is optimized with the Yoast SEO plugin v21.3 - https:\/\/yoast.com\/wordpress\/plugins\/seo\/ -->\n<title>Defensa y la ULL firman un convenio para pr\u00e1cticas estudiantiles<\/title>\n<meta name=\"description\" content=\"El acuerdo facilitar\u00e1 al alumnado de grado y m\u00e1steres oficiales realizar pr\u00e1cticas externas en unidades y organismos dependientes de Defensa.\" \/>\n<meta name=\"robots\" content=\"index, follow, max-snippet:-1, max-image-preview:large, max-video-preview:-1\" \/>\n<link rel=\"canonical\" href=\"https:\/\/www.ull.es\/portal\/noticias\/2022\/ministerio-defensa-ull-convenio-practicas\/\" \/>\n<meta property=\"og:locale\" content=\"es_ES\" \/>\n<meta property=\"og:type\" content=\"article\" \/>\n<meta property=\"og:title\" content=\"Defensa y la ULL firman un convenio para pr\u00e1cticas estudiantiles\" \/>\n<meta property=\"og:description\" content=\"El acuerdo facilitar\u00e1 al alumnado de grado y m\u00e1steres oficiales realizar pr\u00e1cticas externas en unidades y organismos dependientes de Defensa.\" \/>\n<meta property=\"og:url\" content=\"https:\/\/www.ull.es\/portal\/noticias\/2022\/ministerio-defensa-ull-convenio-practicas\/\" \/>\n<meta property=\"og:site_name\" content=\"ULL - Noticias\" \/>\n<meta property=\"article:publisher\" content=\"https:\/\/www.facebook.com\/universidaddelalaguna\/\" \/>\n<meta property=\"article:published_time\" content=\"2022-02-22T09:39:54+00:00\" \/>\n<meta property=\"og:image\" content=\"https:\/\/www.ull.es\/portal\/noticias\/wp-content\/uploads\/sites\/13\/2022\/02\/convenio-defensa.jpg\" \/>\n\t<meta property=\"og:image:width\" content=\"1200\" \/>\n\t<meta property=\"og:image:height\" content=\"800\" \/>\n\t<meta property=\"og:image:type\" content=\"image\/jpeg\" \/>\n<meta name=\"author\" content=\"prensa2\" \/>\n<meta name=\"twitter:card\" content=\"summary_large_image\" \/>\n<meta name=\"twitter:creator\" content=\"@CanalULL\" \/>\n<meta name=\"twitter:site\" content=\"@CanalULL\" \/>\n<meta name=\"twitter:label1\" content=\"Escrito por\" \/>\n\t<meta name=\"twitter:data1\" content=\"prensa2\" \/>\n\t<meta name=\"twitter:label2\" content=\"Tiempo de lectura\" \/>\n\t<meta name=\"twitter:data2\" content=\"1 minuto\" \/>\n<script type=\"application\/ld+json\" class=\"yoast-schema-graph\">{\"@context\":\"https:\/\/schema.org\",\"@graph\":[{\"@type\":\"WebPage\",\"@id\":\"https:\/\/www.ull.es\/portal\/noticias\/2022\/ministerio-defensa-ull-convenio-practicas\/\",\"url\":\"https:\/\/www.ull.es\/portal\/noticias\/2022\/ministerio-defensa-ull-convenio-practicas\/\",\"name\":\"Defensa y la ULL firman un convenio para pr\u00e1cticas estudiantiles\",\"isPartOf\":{\"@id\":\"https:\/\/www.ull.es\/portal\/noticias\/#website\"},\"datePublished\":\"2022-02-22T09:39:54+00:00\",\"dateModified\":\"2022-02-22T09:39:54+00:00\",\"author\":{\"@id\":\"https:\/\/www.ull.es\/portal\/noticias\/#\/schema\/person\/c3b2aa857797592927a03740d6664376\"},\"description\":\"El acuerdo facilitar\u00e1 al alumnado de grado y m\u00e1steres oficiales realizar pr\u00e1cticas externas en unidades y organismos dependientes de Defensa.\",\"breadcrumb\":{\"@id\":\"https:\/\/www.ull.es\/portal\/noticias\/2022\/ministerio-defensa-ull-convenio-practicas\/#breadcrumb\"},\"inLanguage\":\"es\",\"potentialAction\":[{\"@type\":\"ReadAction\",\"target\":[\"https:\/\/www.ull.es\/portal\/noticias\/2022\/ministerio-defensa-ull-convenio-practicas\/\"]}]},{\"@type\":\"BreadcrumbList\",\"@id\":\"https:\/\/www.ull.es\/portal\/noticias\/2022\/ministerio-defensa-ull-convenio-practicas\/#breadcrumb\",\"itemListElement\":[{\"@type\":\"ListItem\",\"position\":1,\"name\":\"Portada\",\"item\":\"https:\/\/www.ull.es\/portal\/noticias\/\"},{\"@type\":\"ListItem\",\"position\":2,\"name\":\"El Ministerio de Defensa y la Universidad de La Laguna firman un convenio para pr\u00e1cticas estudiantiles\"}]},{\"@type\":\"WebSite\",\"@id\":\"https:\/\/www.ull.es\/portal\/noticias\/#website\",\"url\":\"https:\/\/www.ull.es\/portal\/noticias\/\",\"name\":\"ULL - Noticias\",\"description\":\"\",\"potentialAction\":[{\"@type\":\"SearchAction\",\"target\":{\"@type\":\"EntryPoint\",\"urlTemplate\":\"https:\/\/www.ull.es\/portal\/noticias\/?s={search_term_string}\"},\"query-input\":\"required name=search_term_string\"}],\"inLanguage\":\"es\"},{\"@type\":\"Person\",\"@id\":\"https:\/\/www.ull.es\/portal\/noticias\/#\/schema\/person\/c3b2aa857797592927a03740d6664376\",\"name\":\"prensa2\",\"image\":{\"@type\":\"ImageObject\",\"inLanguage\":\"es\",\"@id\":\"https:\/\/www.ull.es\/portal\/noticias\/#\/schema\/person\/image\/\",\"url\":\"https:\/\/secure.gravatar.com\/avatar\/b58f310a5de5feb33d1e026d2493f23c?s=96&d=mm&r=g\",\"contentUrl\":\"https:\/\/secure.gravatar.com\/avatar\/b58f310a5de5feb33d1e026d2493f23c?s=96&d=mm&r=g\",\"caption\":\"prensa2\"},\"url\":\"https:\/\/www.ull.es\/portal\/noticias\/author\/prensa2\/\"}]}<\/script>\n<!-- \/ Yoast SEO plugin. -->","yoast_head_json":{"title":"Defensa y la ULL firman un convenio para pr\u00e1cticas estudiantiles","description":"El acuerdo facilitar\u00e1 al alumnado de grado y m\u00e1steres oficiales realizar pr\u00e1cticas externas en unidades y organismos dependientes de Defensa.","robots":{"index":"index","follow":"follow","max-snippet":"max-snippet:-1","max-image-preview":"max-image-preview:large","max-video-preview":"max-video-preview:-1"},"canonical":"https:\/\/www.ull.es\/portal\/noticias\/2022\/ministerio-defensa-ull-convenio-practicas\/","og_locale":"es_ES","og_type":"article","og_title":"Defensa y la ULL firman un convenio para pr\u00e1cticas estudiantiles","og_description":"El acuerdo facilitar\u00e1 al alumnado de grado y m\u00e1steres oficiales realizar pr\u00e1cticas externas en unidades y organismos dependientes de Defensa.","og_url":"https:\/\/www.ull.es\/portal\/noticias\/2022\/ministerio-defensa-ull-convenio-practicas\/","og_site_name":"ULL - Noticias","article_publisher":"https:\/\/www.facebook.com\/universidaddelalaguna\/","article_published_time":"2022-02-22T09:39:54+00:00","og_image":[{"width":1200,"height":800,"url":"https:\/\/www.ull.es\/portal\/noticias\/wp-content\/uploads\/sites\/13\/2022\/02\/convenio-defensa.jpg","type":"image\/jpeg"}],"author":"prensa2","twitter_card":"summary_large_image","twitter_creator":"@CanalULL","twitter_site":"@CanalULL","twitter_misc":{"Escrito por":"prensa2","Tiempo de lectura":"1 minuto"},"schema":{"@context":"https:\/\/schema.org","@graph":[{"@type":"WebPage","@id":"https:\/\/www.ull.es\/portal\/noticias\/2022\/ministerio-defensa-ull-convenio-practicas\/","url":"https:\/\/www.ull.es\/portal\/noticias\/2022\/ministerio-defensa-ull-convenio-practicas\/","name":"Defensa y la ULL firman un convenio para pr\u00e1cticas estudiantiles","isPartOf":{"@id":"https:\/\/www.ull.es\/portal\/noticias\/#website"},"datePublished":"2022-02-22T09:39:54+00:00","dateModified":"2022-02-22T09:39:54+00:00","author":{"@id":"https:\/\/www.ull.es\/portal\/noticias\/#\/schema\/person\/c3b2aa857797592927a03740d6664376"},"description":"El acuerdo facilitar\u00e1 al alumnado de grado y m\u00e1steres oficiales realizar pr\u00e1cticas externas en unidades y organismos dependientes de Defensa.","breadcrumb":{"@id":"https:\/\/www.ull.es\/portal\/noticias\/2022\/ministerio-defensa-ull-convenio-practicas\/#breadcrumb"},"inLanguage":"es","potentialAction":[{"@type":"ReadAction","target":["https:\/\/www.ull.es\/portal\/noticias\/2022\/ministerio-defensa-ull-convenio-practicas\/"]}]},{"@type":"BreadcrumbList","@id":"https:\/\/www.ull.es\/portal\/noticias\/2022\/ministerio-defensa-ull-convenio-practicas\/#breadcrumb","itemListElement":[{"@type":"ListItem","position":1,"name":"Portada","item":"https:\/\/www.ull.es\/portal\/noticias\/"},{"@type":"ListItem","position":2,"name":"El Ministerio de Defensa y la Universidad de La Laguna firman un convenio para pr\u00e1cticas estudiantiles"}]},{"@type":"WebSite","@id":"https:\/\/www.ull.es\/portal\/noticias\/#website","url":"https:\/\/www.ull.es\/portal\/noticias\/","name":"ULL - Noticias","description":"","potentialAction":[{"@type":"SearchAction","target":{"@type":"EntryPoint","urlTemplate":"https:\/\/www.ull.es\/portal\/noticias\/?s={search_term_string}"},"query-input":"required name=search_term_string"}],"inLanguage":"es"},{"@type":"Person","@id":"https:\/\/www.ull.es\/portal\/noticias\/#\/schema\/person\/c3b2aa857797592927a03740d6664376","name":"prensa2","image":{"@type":"ImageObject","inLanguage":"es","@id":"https:\/\/www.ull.es\/portal\/noticias\/#\/schema\/person\/image\/","url":"https:\/\/secure.gravatar.com\/avatar\/b58f310a5de5feb33d1e026d2493f23c?s=96&d=mm&r=g","contentUrl":"https:\/\/secure.gravatar.com\/avatar\/b58f310a5de5feb33d1e026d2493f23c?s=96&d=mm&r=g","caption":"prensa2"},"url":"https:\/\/www.ull.es\/portal\/noticias\/author\/prensa2\/"}]}},"primary_category":{"id":345,"name":"Destacado","slug":"destacado","link":"https:\/\/www.ull.es\/portal\/noticias\/category\/destacado\/"},"featured_image_thumbnail_url":"https:\/\/www.ull.es\/portal\/noticias\/wp-content\/uploads\/sites\/13\/2022\/02\/convenio-defensa-300x200.jpg","_links":{"self":[{"href":"https:\/\/www.ull.es\/portal\/noticias\/wp-json\/wp\/v2\/posts\/61100"}],"collection":[{"href":"https:\/\/www.ull.es\/portal\/noticias\/wp-json\/wp\/v2\/posts"}],"about":[{"href":"https:\/\/www.ull.es\/portal\/noticias\/wp-json\/wp\/v2\/types\/post"}],"author":[{"embeddable":true,"href":"https:\/\/www.ull.es\/portal\/noticias\/wp-json\/wp\/v2\/users\/21"}],"replies":[{"embeddable":true,"href":"https:\/\/www.ull.es\/portal\/noticias\/wp-json\/wp\/v2\/comments?post=61100"}],"version-history":[{"count":1,"href":"https:\/\/www.ull.es\/portal\/noticias\/wp-json\/wp\/v2\/posts\/61100\/revisions"}],"predecessor-version":[{"id":61102,"href":"https:\/\/www.ull.es\/portal\/noticias\/wp-json\/wp\/v2\/posts\/61100\/revisions\/61102"}],"wp:featuredmedia":[{"embeddable":true,"href":"https:\/\/www.ull.es\/portal\/noticias\/wp-json\/wp\/v2\/media\/61101"}],"wp:attachment":[{"href":"https:\/\/www.ull.es\/portal\/noticias\/wp-json\/wp\/v2\/media?parent=61100"}],"wp:term":[{"taxonomy":"category","embeddable":true,"href":"https:\/\/www.ull.es\/portal\/noticias\/wp-json\/wp\/v2\/categories?post=61100"},{"taxonomy":"post_tag","embeddable":true,"href":"https:\/\/www.ull.es\/portal\/noticias\/wp-json\/wp\/v2\/tags?post=61100"}],"curies":[{"name":"wp","href":"https:\/\/api.w.org\/{rel}","templated":true}]}}