{"id":61189,"date":"2022-02-25T14:50:54","date_gmt":"2022-02-25T14:50:54","guid":{"rendered":"https:\/\/www.ull.es\/portal\/noticias\/?p=61189"},"modified":"2022-02-25T15:23:34","modified_gmt":"2022-02-25T15:23:34","slug":"la-ull-da-la-bienvenida-a-los-jovenes-que-acceden-la-universidad-en-su-primera-experiencia-laboral-en-la-administracion","status":"publish","type":"post","link":"https:\/\/www.ull.es\/portal\/noticias\/2022\/la-ull-da-la-bienvenida-a-los-jovenes-que-acceden-la-universidad-en-su-primera-experiencia-laboral-en-la-administracion\/","title":{"rendered":"La ULL da la bienvenida a los j\u00f3venes que acceden a la universidad en su primera experiencia laboral en la administraci\u00f3n"},"content":{"rendered":"<p>El Rectorado de la Universidad de La Laguna ha optado a una subvenci\u00f3n del Servicio Canario de Empleo (SCE) mediante la cual, y a trav\u00e9s de fondos europeos, se ha contratado a quince j\u00f3venes en su primera experiencia laboral en una administraci\u00f3n p\u00fablica canaria. Se trata de un contrato en pr\u00e1cticas que servir\u00e1 para que estos reci\u00e9n egresados conozcan la administraci\u00f3n por dentro, se formen y aporten nuevas soluciones.<\/p>\n<p style=\"text-align: center\"><a href=\"https:\/\/drive.google.com\/drive\/folders\/1iX8tpPGZanTK1I1kQPWQgzDZcnQtK4hA?usp=sharing\" target=\"_blank\" rel=\"noopener\"><strong>Galer\u00eda gr\u00e1fica<\/strong><\/a><\/p>\n<p>Los graduados universitarios fueron recibidos por la rectora, Rosa Aguilar, acompa\u00f1ada de varios vicerrectores y jefes de servicio y de secci\u00f3n, responsables de su tutorizaci\u00f3n. Aguilar les hizo ver la importancia de trabajar en una administraci\u00f3n p\u00fablica, al servicio de los dem\u00e1s y procurando la igualdad de derechos y de acceso a los recursos de las personas. \u201cEstamos encantados de recibirles en nuestra instituci\u00f3n, en esta primera experiencia en la administraci\u00f3n p\u00fablica. Estoy segura de que lo van a disfrutar, van a aprender mucho y van a estar perfectamente asesorados por el gran equipo humano que conforma nuestra instituci\u00f3n\u201d, se\u00f1al\u00f3.<\/p>\n<p>La directora del \u00c1rea de Infraestructuras, Mantenimiento, Contrataci\u00f3n y Prevenci\u00f3n Riesgos Laborales, Ana Isabel Borja, les aclar\u00f3 que todo el trabajo que lleven a cabo en la instituci\u00f3n acad\u00e9mica va a estar supervisado y dirigido por los funcionarios y funcionarias de la Universidad de La Laguna, lo que no quita para que tengan iniciativas, propongan mejoras y sean proactivos.<\/p>\n<p><img decoding=\"async\" loading=\"lazy\" class=\"alignleft size-medium wp-image-61191\" src=\"https:\/\/www.ull.es\/portal\/noticias\/wp-content\/uploads\/sites\/13\/2022\/02\/jovenes-empleo-universidad-09-300x200.jpg\" alt=\"\" width=\"300\" height=\"200\" srcset=\"https:\/\/www.ull.es\/portal\/noticias\/wp-content\/uploads\/sites\/13\/2022\/02\/jovenes-empleo-universidad-09-300x200.jpg 300w, https:\/\/www.ull.es\/portal\/noticias\/wp-content\/uploads\/sites\/13\/2022\/02\/jovenes-empleo-universidad-09-768x512.jpg 768w, https:\/\/www.ull.es\/portal\/noticias\/wp-content\/uploads\/sites\/13\/2022\/02\/jovenes-empleo-universidad-09-375x250.jpg 375w, https:\/\/www.ull.es\/portal\/noticias\/wp-content\/uploads\/sites\/13\/2022\/02\/jovenes-empleo-universidad-09-750x500.jpg 750w, https:\/\/www.ull.es\/portal\/noticias\/wp-content\/uploads\/sites\/13\/2022\/02\/jovenes-empleo-universidad-09.jpg 1024w\" sizes=\"(max-width: 300px) 100vw, 300px\" \/>Rosa Aguilar dijo sentirse orgullosa de \u201cpertenecer a una instituci\u00f3n que da oportunidades a los egresados y egresadas, que capta talento joven y que, en cierta medida, a\u00f1ade savia nueva a la Universidad de La Laguna\u201d, con la colaboraci\u00f3n a trav\u00e9s de este contrato en pr\u00e1cticas.<\/p>\n<p>Por su parte, el gerente de la instituci\u00f3n, Juan Manuel Plasencia, agreg\u00f3 que los j\u00f3venes iban a trabajar en \u201cuna administraci\u00f3n p\u00fablica absolutamente din\u00e1mica\u201d. Se trata, se\u00f1al\u00f3, de una gran maquinaria que hace que la docencia y que la investigaci\u00f3n funcionen todos los d\u00edas, pero tambi\u00e9n la cultura, los proyectos de sostenibilidad o los de innovaci\u00f3n social. Seg\u00fan la convocatoria del SCE, un 20% de los j\u00f3venes ir\u00e1 destinado a la Oficina T\u00e9cnica para trabajar en todo lo relacionado con la sostenibilidad, otro porcentaje similar ser\u00e1 para competencias digitales y el resto tendr\u00e1 como destino actividades generales de la universidad, es decir, Investigaci\u00f3n, Recursos Humanos, Intervenci\u00f3n, Oficina Presupuestaria o Gerencia.<\/p>\n<p>Estos j\u00f3venes tendr\u00e1n un contrato de un a\u00f1o, que de hecho expirar\u00e1 el 22 de febrero de 2023. Los responsables de los servicios convocados en el acto de bienvenida explicaron las particularidades de su centro de trabajo, pero todos recalcaron que se trata de una experiencia \u00fanica que deben aprovechar al m\u00e1ximo. Indicaron igualmente que este es un momento muy particular, dado que la administraci\u00f3n est\u00e1 experimentando un gran cambio interno, robotizando procesos regulares, simplificando actuaciones y modernizando y mejorando<img decoding=\"async\" loading=\"lazy\" class=\"alignright size-medium wp-image-61190\" src=\"https:\/\/www.ull.es\/portal\/noticias\/wp-content\/uploads\/sites\/13\/2022\/02\/jovenes-primer-empleo-06-300x200.jpg\" alt=\"\" width=\"300\" height=\"200\" srcset=\"https:\/\/www.ull.es\/portal\/noticias\/wp-content\/uploads\/sites\/13\/2022\/02\/jovenes-primer-empleo-06-300x200.jpg 300w, https:\/\/www.ull.es\/portal\/noticias\/wp-content\/uploads\/sites\/13\/2022\/02\/jovenes-primer-empleo-06-768x512.jpg 768w, https:\/\/www.ull.es\/portal\/noticias\/wp-content\/uploads\/sites\/13\/2022\/02\/jovenes-primer-empleo-06-375x250.jpg 375w, https:\/\/www.ull.es\/portal\/noticias\/wp-content\/uploads\/sites\/13\/2022\/02\/jovenes-primer-empleo-06-750x500.jpg 750w, https:\/\/www.ull.es\/portal\/noticias\/wp-content\/uploads\/sites\/13\/2022\/02\/jovenes-primer-empleo-06.jpg 1024w\" sizes=\"(max-width: 300px) 100vw, 300px\" \/> su servicio a la ciudadan\u00eda, de todo lo cual la quincena de j\u00f3venes contratados por la Universidad de La Laguna va a ser testigo en primera fila.<\/p>\n<p>\u201cAunque se trate de un periodo en pr\u00e1cticas, esperamos mucho de ustedes: queremos implicaci\u00f3n, ganas, capacidad de aprendizaje, de aportar soluciones a la resoluci\u00f3n de problemas, de trabajo en equipo\u201d, sostuvo la rectora.<\/p>\n","protected":false},"excerpt":{"rendered":"<p>El Rectorado de la Universidad de La Laguna ha optado a una subvenci\u00f3n del Servicio Canario de Empleo (SCE) mediante&#8230;<\/p>\n","protected":false},"author":23,"featured_media":61192,"comment_status":"closed","ping_status":"closed","sticky":false,"template":"","format":"standard","meta":{"inline_featured_image":false,"footnotes":""},"categories":[345,348,2765],"tags":[8318,5259],"acf":[],"yoast_head":"<!-- This site is optimized with the Yoast SEO plugin v21.3 - https:\/\/yoast.com\/wordpress\/plugins\/seo\/ -->\n<title>La ULL da la bienvenida a los j\u00f3venes que acceden a la universidad en su primera experiencia laboral en la administraci\u00f3n - ULL - Noticias<\/title>\n<meta name=\"robots\" content=\"index, follow, max-snippet:-1, max-image-preview:large, max-video-preview:-1\" \/>\n<link rel=\"canonical\" href=\"https:\/\/www.ull.es\/portal\/noticias\/2022\/la-ull-da-la-bienvenida-a-los-jovenes-que-acceden-la-universidad-en-su-primera-experiencia-laboral-en-la-administracion\/\" \/>\n<meta property=\"og:locale\" content=\"es_ES\" \/>\n<meta property=\"og:type\" content=\"article\" \/>\n<meta property=\"og:title\" content=\"La ULL da la bienvenida a los j\u00f3venes que acceden a la universidad en su primera experiencia laboral en la administraci\u00f3n - ULL - Noticias\" \/>\n<meta property=\"og:description\" content=\"El Rectorado de la Universidad de La Laguna ha optado a una subvenci\u00f3n del Servicio Canario de Empleo (SCE) mediante...\" \/>\n<meta property=\"og:url\" content=\"https:\/\/www.ull.es\/portal\/noticias\/2022\/la-ull-da-la-bienvenida-a-los-jovenes-que-acceden-la-universidad-en-su-primera-experiencia-laboral-en-la-administracion\/\" \/>\n<meta property=\"og:site_name\" content=\"ULL - Noticias\" \/>\n<meta property=\"article:publisher\" content=\"https:\/\/www.facebook.com\/universidaddelalaguna\/\" \/>\n<meta property=\"article:published_time\" content=\"2022-02-25T14:50:54+00:00\" \/>\n<meta property=\"article:modified_time\" content=\"2022-02-25T15:23:34+00:00\" \/>\n<meta property=\"og:image\" content=\"https:\/\/www.ull.es\/portal\/noticias\/wp-content\/uploads\/sites\/13\/2022\/02\/jovenes-empleo-universidad-02.jpg\" \/>\n\t<meta property=\"og:image:width\" content=\"1024\" \/>\n\t<meta property=\"og:image:height\" content=\"683\" \/>\n\t<meta property=\"og:image:type\" content=\"image\/jpeg\" \/>\n<meta name=\"author\" content=\"gaprsa\" \/>\n<meta name=\"twitter:card\" content=\"summary_large_image\" \/>\n<meta name=\"twitter:creator\" content=\"@CanalULL\" \/>\n<meta name=\"twitter:site\" content=\"@CanalULL\" \/>\n<meta name=\"twitter:label1\" content=\"Escrito por\" \/>\n\t<meta name=\"twitter:data1\" content=\"gaprsa\" \/>\n\t<meta name=\"twitter:label2\" content=\"Tiempo de lectura\" \/>\n\t<meta name=\"twitter:data2\" content=\"3 minutos\" \/>\n<script type=\"application\/ld+json\" class=\"yoast-schema-graph\">{\"@context\":\"https:\/\/schema.org\",\"@graph\":[{\"@type\":\"WebPage\",\"@id\":\"https:\/\/www.ull.es\/portal\/noticias\/2022\/la-ull-da-la-bienvenida-a-los-jovenes-que-acceden-la-universidad-en-su-primera-experiencia-laboral-en-la-administracion\/\",\"url\":\"https:\/\/www.ull.es\/portal\/noticias\/2022\/la-ull-da-la-bienvenida-a-los-jovenes-que-acceden-la-universidad-en-su-primera-experiencia-laboral-en-la-administracion\/\",\"name\":\"La ULL da la bienvenida a los j\u00f3venes que acceden a la universidad en su primera experiencia laboral en la administraci\u00f3n - ULL - Noticias\",\"isPartOf\":{\"@id\":\"https:\/\/www.ull.es\/portal\/noticias\/#website\"},\"datePublished\":\"2022-02-25T14:50:54+00:00\",\"dateModified\":\"2022-02-25T15:23:34+00:00\",\"author\":{\"@id\":\"https:\/\/www.ull.es\/portal\/noticias\/#\/schema\/person\/b2b1a89d43ffa609e591f7df8ef3e817\"},\"breadcrumb\":{\"@id\":\"https:\/\/www.ull.es\/portal\/noticias\/2022\/la-ull-da-la-bienvenida-a-los-jovenes-que-acceden-la-universidad-en-su-primera-experiencia-laboral-en-la-administracion\/#breadcrumb\"},\"inLanguage\":\"es\",\"potentialAction\":[{\"@type\":\"ReadAction\",\"target\":[\"https:\/\/www.ull.es\/portal\/noticias\/2022\/la-ull-da-la-bienvenida-a-los-jovenes-que-acceden-la-universidad-en-su-primera-experiencia-laboral-en-la-administracion\/\"]}]},{\"@type\":\"BreadcrumbList\",\"@id\":\"https:\/\/www.ull.es\/portal\/noticias\/2022\/la-ull-da-la-bienvenida-a-los-jovenes-que-acceden-la-universidad-en-su-primera-experiencia-laboral-en-la-administracion\/#breadcrumb\",\"itemListElement\":[{\"@type\":\"ListItem\",\"position\":1,\"name\":\"Portada\",\"item\":\"https:\/\/www.ull.es\/portal\/noticias\/\"},{\"@type\":\"ListItem\",\"position\":2,\"name\":\"La ULL da la bienvenida a los j\u00f3venes que acceden a la universidad en su primera experiencia laboral en la administraci\u00f3n\"}]},{\"@type\":\"WebSite\",\"@id\":\"https:\/\/www.ull.es\/portal\/noticias\/#website\",\"url\":\"https:\/\/www.ull.es\/portal\/noticias\/\",\"name\":\"ULL - Noticias\",\"description\":\"\",\"potentialAction\":[{\"@type\":\"SearchAction\",\"target\":{\"@type\":\"EntryPoint\",\"urlTemplate\":\"https:\/\/www.ull.es\/portal\/noticias\/?s={search_term_string}\"},\"query-input\":\"required name=search_term_string\"}],\"inLanguage\":\"es\"},{\"@type\":\"Person\",\"@id\":\"https:\/\/www.ull.es\/portal\/noticias\/#\/schema\/person\/b2b1a89d43ffa609e591f7df8ef3e817\",\"name\":\"gaprsa\",\"image\":{\"@type\":\"ImageObject\",\"inLanguage\":\"es\",\"@id\":\"https:\/\/www.ull.es\/portal\/noticias\/#\/schema\/person\/image\/\",\"url\":\"https:\/\/secure.gravatar.com\/avatar\/443820550921091458b4823867723b3d?s=96&d=mm&r=g\",\"contentUrl\":\"https:\/\/secure.gravatar.com\/avatar\/443820550921091458b4823867723b3d?s=96&d=mm&r=g\",\"caption\":\"gaprsa\"},\"url\":\"https:\/\/www.ull.es\/portal\/noticias\/author\/gaprsa\/\"}]}<\/script>\n<!-- \/ Yoast SEO plugin. -->","yoast_head_json":{"title":"La ULL da la bienvenida a los j\u00f3venes que acceden a la universidad en su primera experiencia laboral en la administraci\u00f3n - ULL - Noticias","robots":{"index":"index","follow":"follow","max-snippet":"max-snippet:-1","max-image-preview":"max-image-preview:large","max-video-preview":"max-video-preview:-1"},"canonical":"https:\/\/www.ull.es\/portal\/noticias\/2022\/la-ull-da-la-bienvenida-a-los-jovenes-que-acceden-la-universidad-en-su-primera-experiencia-laboral-en-la-administracion\/","og_locale":"es_ES","og_type":"article","og_title":"La ULL da la bienvenida a los j\u00f3venes que acceden a la universidad en su primera experiencia laboral en la administraci\u00f3n - ULL - Noticias","og_description":"El Rectorado de la Universidad de La Laguna ha optado a una subvenci\u00f3n del Servicio Canario de Empleo (SCE) mediante...","og_url":"https:\/\/www.ull.es\/portal\/noticias\/2022\/la-ull-da-la-bienvenida-a-los-jovenes-que-acceden-la-universidad-en-su-primera-experiencia-laboral-en-la-administracion\/","og_site_name":"ULL - Noticias","article_publisher":"https:\/\/www.facebook.com\/universidaddelalaguna\/","article_published_time":"2022-02-25T14:50:54+00:00","article_modified_time":"2022-02-25T15:23:34+00:00","og_image":[{"width":1024,"height":683,"url":"https:\/\/www.ull.es\/portal\/noticias\/wp-content\/uploads\/sites\/13\/2022\/02\/jovenes-empleo-universidad-02.jpg","type":"image\/jpeg"}],"author":"gaprsa","twitter_card":"summary_large_image","twitter_creator":"@CanalULL","twitter_site":"@CanalULL","twitter_misc":{"Escrito por":"gaprsa","Tiempo de lectura":"3 minutos"},"schema":{"@context":"https:\/\/schema.org","@graph":[{"@type":"WebPage","@id":"https:\/\/www.ull.es\/portal\/noticias\/2022\/la-ull-da-la-bienvenida-a-los-jovenes-que-acceden-la-universidad-en-su-primera-experiencia-laboral-en-la-administracion\/","url":"https:\/\/www.ull.es\/portal\/noticias\/2022\/la-ull-da-la-bienvenida-a-los-jovenes-que-acceden-la-universidad-en-su-primera-experiencia-laboral-en-la-administracion\/","name":"La ULL da la bienvenida a los j\u00f3venes que acceden a la universidad en su primera experiencia laboral en la administraci\u00f3n - ULL - Noticias","isPartOf":{"@id":"https:\/\/www.ull.es\/portal\/noticias\/#website"},"datePublished":"2022-02-25T14:50:54+00:00","dateModified":"2022-02-25T15:23:34+00:00","author":{"@id":"https:\/\/www.ull.es\/portal\/noticias\/#\/schema\/person\/b2b1a89d43ffa609e591f7df8ef3e817"},"breadcrumb":{"@id":"https:\/\/www.ull.es\/portal\/noticias\/2022\/la-ull-da-la-bienvenida-a-los-jovenes-que-acceden-la-universidad-en-su-primera-experiencia-laboral-en-la-administracion\/#breadcrumb"},"inLanguage":"es","potentialAction":[{"@type":"ReadAction","target":["https:\/\/www.ull.es\/portal\/noticias\/2022\/la-ull-da-la-bienvenida-a-los-jovenes-que-acceden-la-universidad-en-su-primera-experiencia-laboral-en-la-administracion\/"]}]},{"@type":"BreadcrumbList","@id":"https:\/\/www.ull.es\/portal\/noticias\/2022\/la-ull-da-la-bienvenida-a-los-jovenes-que-acceden-la-universidad-en-su-primera-experiencia-laboral-en-la-administracion\/#breadcrumb","itemListElement":[{"@type":"ListItem","position":1,"name":"Portada","item":"https:\/\/www.ull.es\/portal\/noticias\/"},{"@type":"ListItem","position":2,"name":"La ULL da la bienvenida a los j\u00f3venes que acceden a la universidad en su primera experiencia laboral en la administraci\u00f3n"}]},{"@type":"WebSite","@id":"https:\/\/www.ull.es\/portal\/noticias\/#website","url":"https:\/\/www.ull.es\/portal\/noticias\/","name":"ULL - Noticias","description":"","potentialAction":[{"@type":"SearchAction","target":{"@type":"EntryPoint","urlTemplate":"https:\/\/www.ull.es\/portal\/noticias\/?s={search_term_string}"},"query-input":"required name=search_term_string"}],"inLanguage":"es"},{"@type":"Person","@id":"https:\/\/www.ull.es\/portal\/noticias\/#\/schema\/person\/b2b1a89d43ffa609e591f7df8ef3e817","name":"gaprsa","image":{"@type":"ImageObject","inLanguage":"es","@id":"https:\/\/www.ull.es\/portal\/noticias\/#\/schema\/person\/image\/","url":"https:\/\/secure.gravatar.com\/avatar\/443820550921091458b4823867723b3d?s=96&d=mm&r=g","contentUrl":"https:\/\/secure.gravatar.com\/avatar\/443820550921091458b4823867723b3d?s=96&d=mm&r=g","caption":"gaprsa"},"url":"https:\/\/www.ull.es\/portal\/noticias\/author\/gaprsa\/"}]}},"primary_category":{"id":345,"name":"Destacado","slug":"destacado","link":"https:\/\/www.ull.es\/portal\/noticias\/category\/destacado\/"},"featured_image_thumbnail_url":"https:\/\/www.ull.es\/portal\/noticias\/wp-content\/uploads\/sites\/13\/2022\/02\/jovenes-empleo-universidad-02-300x200.jpg","_links":{"self":[{"href":"https:\/\/www.ull.es\/portal\/noticias\/wp-json\/wp\/v2\/posts\/61189"}],"collection":[{"href":"https:\/\/www.ull.es\/portal\/noticias\/wp-json\/wp\/v2\/posts"}],"about":[{"href":"https:\/\/www.ull.es\/portal\/noticias\/wp-json\/wp\/v2\/types\/post"}],"author":[{"embeddable":true,"href":"https:\/\/www.ull.es\/portal\/noticias\/wp-json\/wp\/v2\/users\/23"}],"replies":[{"embeddable":true,"href":"https:\/\/www.ull.es\/portal\/noticias\/wp-json\/wp\/v2\/comments?post=61189"}],"version-history":[{"count":6,"href":"https:\/\/www.ull.es\/portal\/noticias\/wp-json\/wp\/v2\/posts\/61189\/revisions"}],"predecessor-version":[{"id":61198,"href":"https:\/\/www.ull.es\/portal\/noticias\/wp-json\/wp\/v2\/posts\/61189\/revisions\/61198"}],"wp:featuredmedia":[{"embeddable":true,"href":"https:\/\/www.ull.es\/portal\/noticias\/wp-json\/wp\/v2\/media\/61192"}],"wp:attachment":[{"href":"https:\/\/www.ull.es\/portal\/noticias\/wp-json\/wp\/v2\/media?parent=61189"}],"wp:term":[{"taxonomy":"category","embeddable":true,"href":"https:\/\/www.ull.es\/portal\/noticias\/wp-json\/wp\/v2\/categories?post=61189"},{"taxonomy":"post_tag","embeddable":true,"href":"https:\/\/www.ull.es\/portal\/noticias\/wp-json\/wp\/v2\/tags?post=61189"}],"curies":[{"name":"wp","href":"https:\/\/api.w.org\/{rel}","templated":true}]}}