{"id":61214,"date":"2022-03-02T12:23:47","date_gmt":"2022-03-02T12:23:47","guid":{"rendered":"https:\/\/www.ull.es\/portal\/noticias\/?p=61214"},"modified":"2022-03-07T15:31:34","modified_gmt":"2022-03-07T15:31:34","slug":"magec-reesearch-en-national-geographic","status":"publish","type":"post","link":"https:\/\/www.ull.es\/portal\/noticias\/2022\/magec-reesearch-en-national-geographic\/","title":{"rendered":"Las \u201ctierras raras\u201d y el proyecto Magec-Reesearch coordinado por la ULL, protagonistas de National Geographic\u00a0"},"content":{"rendered":"<div id=\"attachment_61216\" style=\"width: 217px\" class=\"wp-caption alignleft\"><a href=\"https:\/\/www.ull.es\/portal\/noticias\/wp-content\/uploads\/sites\/13\/2022\/03\/national-geofrafic-tierras-raras-portada.jpg\" target=\"_blank\" rel=\"noopener\" target=\"_blank\" rel=\"noopener\"><img aria-describedby=\"caption-attachment-61216\" decoding=\"async\" loading=\"lazy\" class=\"wp-image-61216 size-medium\" src=\"https:\/\/www.ull.es\/portal\/noticias\/wp-content\/uploads\/sites\/13\/2022\/03\/national-geofrafic-tierras-raras-portada-207x300.jpg\" alt=\"Portada del n\u00famero de marzo de National Geographic Espa\u00f1a.\" width=\"207\" height=\"300\" srcset=\"https:\/\/www.ull.es\/portal\/noticias\/wp-content\/uploads\/sites\/13\/2022\/03\/national-geofrafic-tierras-raras-portada-207x300.jpg 207w, https:\/\/www.ull.es\/portal\/noticias\/wp-content\/uploads\/sites\/13\/2022\/03\/national-geofrafic-tierras-raras-portada-707x1024.jpg 707w, https:\/\/www.ull.es\/portal\/noticias\/wp-content\/uploads\/sites\/13\/2022\/03\/national-geofrafic-tierras-raras-portada-768x1113.jpg 768w, https:\/\/www.ull.es\/portal\/noticias\/wp-content\/uploads\/sites\/13\/2022\/03\/national-geofrafic-tierras-raras-portada-375x543.jpg 375w, https:\/\/www.ull.es\/portal\/noticias\/wp-content\/uploads\/sites\/13\/2022\/03\/national-geofrafic-tierras-raras-portada-750x1087.jpg 750w, https:\/\/www.ull.es\/portal\/noticias\/wp-content\/uploads\/sites\/13\/2022\/03\/national-geofrafic-tierras-raras-portada.jpg 828w\" sizes=\"(max-width: 207px) 100vw, 207px\" \/><\/a><p id=\"caption-attachment-61216\" class=\"wp-caption-text\">Portada del n\u00famero de marzo de National Geographic Espa\u00f1a.<\/p><\/div>\n<p class=\"p2\">El n\u00famero de marzo de National Geographic Espa\u00f1a lleva aborda en su portada, editorial y <a href=\"https:\/\/www.nationalgeographic.com.es\/edicion-impresa\/articulos\/tierras-raras_17818\" target=\"_blank\" rel=\"noopener\" target=\"_blank\" rel=\"noopener\"><span class=\"s1\">amplio reportaje interior<\/span><\/a> uno de los elementos m\u00e1s codiciados y estrat\u00e9gicos de la industria tecnol\u00f3gica del siglo XXI desde las energ\u00edas limpias, las telecomunicaciones hasta la biomedicina: las llamadas \u201ctierras raras\u201d. Conocidas como las \u201cvitaminas de la industria\u201d, estos 17 elementos de la tabla peri\u00f3dica realmente no tienen nada de extra\u00f1o y son metales estrat\u00e9gicos cuya investigaci\u00f3n tanto de la exploraci\u00f3n de sus recursos minerales hasta sus numerosas aplicaciones tecnol\u00f3gicas es de vital importancia.<span class=\"Apple-converted-space\">\u00a0 \u00a0<\/span><\/p>\n<p class=\"p2\">Desde las placas solares fotovoltaicas a los imanes imprescindibles en los coches el\u00e9ctricos y aerogeneradores de energ\u00eda e\u00f3lica, la ansiada transici\u00f3n energ\u00e9tica hacia las energ\u00edas limpias no es posible sin este recurso. Desde la Universidad de La Laguna se lidera desde hace ya diez a\u00f1os el proyecto MAGEC-REEsearch, cuyo investigador principal es el profesor del Departamento de F\u00edsica Jorge M\u00e9ndez. Un proyecto multidisciplinar e interuniversitario coordinado con la Universidad de Las Palmas de Gran Canaria, a trav\u00e9s del catedr\u00e1tico de geolog\u00eda del <a href=\"https:\/\/iocag.ulpgc.es\/home\" target=\"_blank\" rel=\"noopener\" target=\"_blank\" rel=\"noopener\"><span class=\"s1\">IOCAG<\/span><\/a> Jos\u00e9 Mangas, as\u00ed como con el Instituto Espa\u00f1ol de Oceanograf\u00eda (<a href=\"http:\/\/www.ieo.es\/\" target=\"_blank\" rel=\"noopener\" target=\"_blank\" rel=\"noopener\"><span class=\"s1\">IEO<\/span><\/a>) con Jes\u00fas Rivera y el <a href=\"https:\/\/museuciencies.cat\/es\/\" target=\"_blank\" rel=\"noopener\" target=\"_blank\" rel=\"noopener\"><span class=\"s1\">Museu de Ci\u00e8ncies Naturals de Barcelona<\/span><\/a>, a trav\u00e9s de Marc Campeny, ge\u00f3logo experto en investigaci\u00f3n de yacimientos de estos elementos cr\u00edticos.<span class=\"Apple-converted-space\">\u00a0<\/span><\/p>\n<p class=\"p3\">MAGEC-REEsearch se encuentra en la fase inicial de un proyecto de exploraci\u00f3n geol\u00f3gica con facetas de mineralog\u00eda, petrolog\u00eda y geoqu\u00edmica, para saber qu\u00e9 tipo de minerales que forman las rocas contienen estas \u201ctierras raras\u201d. Esta fase proporciona informaci\u00f3n estrat\u00e9gica para conocer los recursos potenciales de estos \u201cmetales cr\u00edticos\u201d que pueda tener Canarias, es decir, si los recursos potenciales que el equipo el proyecto ya ha encontrado (especialmente en la superficie de Fuerteventura, as\u00ed como en montes submarinos de Canarias), se pueden transformar en reservas y en yacimientos minerales con rentabilidad econ\u00f3mica.<span class=\"Apple-converted-space\">\u00a0<\/span><\/p>\n<p class=\"p3\">Por otro lado, con respecto a la investigaci\u00f3n en nanotecnolog\u00eda, fot\u00f3nica y energ\u00edas renovables, el proyecto abarca el dise\u00f1o, caracterizaci\u00f3n y s\u00edntesis de materiales luminiscentes que contienen estos elementos de \u201ctierras raras\u201d, con el objetivo de mejorar la eficiencia en la generaci\u00f3n de \u201chidr\u00f3geno verde\u201d con energ\u00eda solar (\u201cfotos\u00edntesis artificial\u201d) y \u201ccombustibles solares\u201d a trav\u00e9s de procesos de fotocat\u00e1lsis del agua. Para ello, tambi\u00e9n se exploran las salinas tradicionales de Canarias como laboratorio natural, a modo de fotorreactores solares de agua de mar para la generaci\u00f3n sostenible y renovable de hidr\u00f3geno.<span class=\"Apple-converted-space\">\u00a0<\/span><\/p>\n<p class=\"p3\">Toda esta doble dimensi\u00f3n del proyecto MAGEC-REEsearch se encuentra ampliamente cubierta en el reportaje sobre las \u201ctierras raras\u201d del reci\u00e9n publicado n\u00famero del mes de marzo la revista National Geographic Espa\u00f1a.<\/p>\n","protected":false},"excerpt":{"rendered":"<p>El n\u00famero de marzo de National Geographic Espa\u00f1a lleva aborda en su portada, editorial y amplio reportaje interior uno de&#8230;<\/p>\n","protected":false},"author":21,"featured_media":61215,"comment_status":"closed","ping_status":"closed","sticky":false,"template":"","format":"image","meta":{"inline_featured_image":false,"footnotes":""},"categories":[345,350,2765],"tags":[1601,6977,8325,6976],"acf":[],"yoast_head":"<!-- This site is optimized with the Yoast SEO plugin v21.3 - https:\/\/yoast.com\/wordpress\/plugins\/seo\/ -->\n<title>Un proyecto de la ULL sobre tierras raras, portada de National Geographic\u00a0<\/title>\n<meta name=\"description\" content=\"La edici\u00f3n espa\u00f1ola de la revista de cuenta de la trayectoria del proyecto MAGEC-REEsearch, liderado por el f\u00edsico de la ULL Jorge M\u00e9ndez\" \/>\n<meta name=\"robots\" content=\"index, follow, max-snippet:-1, max-image-preview:large, max-video-preview:-1\" \/>\n<link rel=\"canonical\" href=\"https:\/\/www.ull.es\/portal\/noticias\/2022\/magec-reesearch-en-national-geographic\/\" \/>\n<meta property=\"og:locale\" content=\"es_ES\" \/>\n<meta property=\"og:type\" content=\"article\" \/>\n<meta property=\"og:title\" content=\"Un proyecto de la ULL sobre tierras raras, portada de National Geographic\u00a0\" \/>\n<meta property=\"og:description\" content=\"La edici\u00f3n espa\u00f1ola de la revista de cuenta de la trayectoria del proyecto MAGEC-REEsearch, liderado por el f\u00edsico de la ULL Jorge M\u00e9ndez\" \/>\n<meta property=\"og:url\" content=\"https:\/\/www.ull.es\/portal\/noticias\/2022\/magec-reesearch-en-national-geographic\/\" \/>\n<meta property=\"og:site_name\" content=\"ULL - Noticias\" \/>\n<meta property=\"article:publisher\" content=\"https:\/\/www.facebook.com\/universidaddelalaguna\/\" \/>\n<meta property=\"article:published_time\" content=\"2022-03-02T12:23:47+00:00\" \/>\n<meta property=\"article:modified_time\" content=\"2022-03-07T15:31:34+00:00\" \/>\n<meta property=\"og:image\" content=\"https:\/\/www.ull.es\/portal\/noticias\/wp-content\/uploads\/sites\/13\/2022\/03\/national-geofrafic-tierras-raras-portada-copia.jpg\" \/>\n\t<meta property=\"og:image:width\" content=\"701\" \/>\n\t<meta property=\"og:image:height\" content=\"488\" \/>\n\t<meta property=\"og:image:type\" content=\"image\/jpeg\" \/>\n<meta name=\"author\" content=\"prensa2\" \/>\n<meta name=\"twitter:card\" content=\"summary_large_image\" \/>\n<meta name=\"twitter:creator\" content=\"@CanalULL\" \/>\n<meta name=\"twitter:site\" content=\"@CanalULL\" \/>\n<meta name=\"twitter:label1\" content=\"Escrito por\" \/>\n\t<meta name=\"twitter:data1\" content=\"prensa2\" \/>\n\t<meta name=\"twitter:label2\" content=\"Tiempo de lectura\" \/>\n\t<meta name=\"twitter:data2\" content=\"3 minutos\" \/>\n<script type=\"application\/ld+json\" class=\"yoast-schema-graph\">{\"@context\":\"https:\/\/schema.org\",\"@graph\":[{\"@type\":\"WebPage\",\"@id\":\"https:\/\/www.ull.es\/portal\/noticias\/2022\/magec-reesearch-en-national-geographic\/\",\"url\":\"https:\/\/www.ull.es\/portal\/noticias\/2022\/magec-reesearch-en-national-geographic\/\",\"name\":\"Un proyecto de la ULL sobre tierras raras, portada de National Geographic\u00a0\",\"isPartOf\":{\"@id\":\"https:\/\/www.ull.es\/portal\/noticias\/#website\"},\"datePublished\":\"2022-03-02T12:23:47+00:00\",\"dateModified\":\"2022-03-07T15:31:34+00:00\",\"author\":{\"@id\":\"https:\/\/www.ull.es\/portal\/noticias\/#\/schema\/person\/c3b2aa857797592927a03740d6664376\"},\"description\":\"La edici\u00f3n espa\u00f1ola de la revista de cuenta de la trayectoria del proyecto MAGEC-REEsearch, liderado por el f\u00edsico de la ULL Jorge M\u00e9ndez\",\"breadcrumb\":{\"@id\":\"https:\/\/www.ull.es\/portal\/noticias\/2022\/magec-reesearch-en-national-geographic\/#breadcrumb\"},\"inLanguage\":\"es\",\"potentialAction\":[{\"@type\":\"ReadAction\",\"target\":[\"https:\/\/www.ull.es\/portal\/noticias\/2022\/magec-reesearch-en-national-geographic\/\"]}]},{\"@type\":\"BreadcrumbList\",\"@id\":\"https:\/\/www.ull.es\/portal\/noticias\/2022\/magec-reesearch-en-national-geographic\/#breadcrumb\",\"itemListElement\":[{\"@type\":\"ListItem\",\"position\":1,\"name\":\"Portada\",\"item\":\"https:\/\/www.ull.es\/portal\/noticias\/\"},{\"@type\":\"ListItem\",\"position\":2,\"name\":\"Las \u201ctierras raras\u201d y el proyecto Magec-Reesearch coordinado por la ULL, protagonistas de National Geographic\u00a0\"}]},{\"@type\":\"WebSite\",\"@id\":\"https:\/\/www.ull.es\/portal\/noticias\/#website\",\"url\":\"https:\/\/www.ull.es\/portal\/noticias\/\",\"name\":\"ULL - Noticias\",\"description\":\"\",\"potentialAction\":[{\"@type\":\"SearchAction\",\"target\":{\"@type\":\"EntryPoint\",\"urlTemplate\":\"https:\/\/www.ull.es\/portal\/noticias\/?s={search_term_string}\"},\"query-input\":\"required name=search_term_string\"}],\"inLanguage\":\"es\"},{\"@type\":\"Person\",\"@id\":\"https:\/\/www.ull.es\/portal\/noticias\/#\/schema\/person\/c3b2aa857797592927a03740d6664376\",\"name\":\"prensa2\",\"image\":{\"@type\":\"ImageObject\",\"inLanguage\":\"es\",\"@id\":\"https:\/\/www.ull.es\/portal\/noticias\/#\/schema\/person\/image\/\",\"url\":\"https:\/\/secure.gravatar.com\/avatar\/b58f310a5de5feb33d1e026d2493f23c?s=96&d=mm&r=g\",\"contentUrl\":\"https:\/\/secure.gravatar.com\/avatar\/b58f310a5de5feb33d1e026d2493f23c?s=96&d=mm&r=g\",\"caption\":\"prensa2\"},\"url\":\"https:\/\/www.ull.es\/portal\/noticias\/author\/prensa2\/\"}]}<\/script>\n<!-- \/ Yoast SEO plugin. -->","yoast_head_json":{"title":"Un proyecto de la ULL sobre tierras raras, portada de National Geographic\u00a0","description":"La edici\u00f3n espa\u00f1ola de la revista de cuenta de la trayectoria del proyecto MAGEC-REEsearch, liderado por el f\u00edsico de la ULL Jorge M\u00e9ndez","robots":{"index":"index","follow":"follow","max-snippet":"max-snippet:-1","max-image-preview":"max-image-preview:large","max-video-preview":"max-video-preview:-1"},"canonical":"https:\/\/www.ull.es\/portal\/noticias\/2022\/magec-reesearch-en-national-geographic\/","og_locale":"es_ES","og_type":"article","og_title":"Un proyecto de la ULL sobre tierras raras, portada de National Geographic\u00a0","og_description":"La edici\u00f3n espa\u00f1ola de la revista de cuenta de la trayectoria del proyecto MAGEC-REEsearch, liderado por el f\u00edsico de la ULL Jorge M\u00e9ndez","og_url":"https:\/\/www.ull.es\/portal\/noticias\/2022\/magec-reesearch-en-national-geographic\/","og_site_name":"ULL - Noticias","article_publisher":"https:\/\/www.facebook.com\/universidaddelalaguna\/","article_published_time":"2022-03-02T12:23:47+00:00","article_modified_time":"2022-03-07T15:31:34+00:00","og_image":[{"width":701,"height":488,"url":"https:\/\/www.ull.es\/portal\/noticias\/wp-content\/uploads\/sites\/13\/2022\/03\/national-geofrafic-tierras-raras-portada-copia.jpg","type":"image\/jpeg"}],"author":"prensa2","twitter_card":"summary_large_image","twitter_creator":"@CanalULL","twitter_site":"@CanalULL","twitter_misc":{"Escrito por":"prensa2","Tiempo de lectura":"3 minutos"},"schema":{"@context":"https:\/\/schema.org","@graph":[{"@type":"WebPage","@id":"https:\/\/www.ull.es\/portal\/noticias\/2022\/magec-reesearch-en-national-geographic\/","url":"https:\/\/www.ull.es\/portal\/noticias\/2022\/magec-reesearch-en-national-geographic\/","name":"Un proyecto de la ULL sobre tierras raras, portada de National Geographic\u00a0","isPartOf":{"@id":"https:\/\/www.ull.es\/portal\/noticias\/#website"},"datePublished":"2022-03-02T12:23:47+00:00","dateModified":"2022-03-07T15:31:34+00:00","author":{"@id":"https:\/\/www.ull.es\/portal\/noticias\/#\/schema\/person\/c3b2aa857797592927a03740d6664376"},"description":"La edici\u00f3n espa\u00f1ola de la revista de cuenta de la trayectoria del proyecto MAGEC-REEsearch, liderado por el f\u00edsico de la ULL Jorge M\u00e9ndez","breadcrumb":{"@id":"https:\/\/www.ull.es\/portal\/noticias\/2022\/magec-reesearch-en-national-geographic\/#breadcrumb"},"inLanguage":"es","potentialAction":[{"@type":"ReadAction","target":["https:\/\/www.ull.es\/portal\/noticias\/2022\/magec-reesearch-en-national-geographic\/"]}]},{"@type":"BreadcrumbList","@id":"https:\/\/www.ull.es\/portal\/noticias\/2022\/magec-reesearch-en-national-geographic\/#breadcrumb","itemListElement":[{"@type":"ListItem","position":1,"name":"Portada","item":"https:\/\/www.ull.es\/portal\/noticias\/"},{"@type":"ListItem","position":2,"name":"Las \u201ctierras raras\u201d y el proyecto Magec-Reesearch coordinado por la ULL, protagonistas de National Geographic\u00a0"}]},{"@type":"WebSite","@id":"https:\/\/www.ull.es\/portal\/noticias\/#website","url":"https:\/\/www.ull.es\/portal\/noticias\/","name":"ULL - Noticias","description":"","potentialAction":[{"@type":"SearchAction","target":{"@type":"EntryPoint","urlTemplate":"https:\/\/www.ull.es\/portal\/noticias\/?s={search_term_string}"},"query-input":"required name=search_term_string"}],"inLanguage":"es"},{"@type":"Person","@id":"https:\/\/www.ull.es\/portal\/noticias\/#\/schema\/person\/c3b2aa857797592927a03740d6664376","name":"prensa2","image":{"@type":"ImageObject","inLanguage":"es","@id":"https:\/\/www.ull.es\/portal\/noticias\/#\/schema\/person\/image\/","url":"https:\/\/secure.gravatar.com\/avatar\/b58f310a5de5feb33d1e026d2493f23c?s=96&d=mm&r=g","contentUrl":"https:\/\/secure.gravatar.com\/avatar\/b58f310a5de5feb33d1e026d2493f23c?s=96&d=mm&r=g","caption":"prensa2"},"url":"https:\/\/www.ull.es\/portal\/noticias\/author\/prensa2\/"}]}},"primary_category":{"id":345,"name":"Destacado","slug":"destacado","link":"https:\/\/www.ull.es\/portal\/noticias\/category\/destacado\/"},"featured_image_thumbnail_url":"https:\/\/www.ull.es\/portal\/noticias\/wp-content\/uploads\/sites\/13\/2022\/03\/national-geofrafic-tierras-raras-portada-copia-300x209.jpg","_links":{"self":[{"href":"https:\/\/www.ull.es\/portal\/noticias\/wp-json\/wp\/v2\/posts\/61214"}],"collection":[{"href":"https:\/\/www.ull.es\/portal\/noticias\/wp-json\/wp\/v2\/posts"}],"about":[{"href":"https:\/\/www.ull.es\/portal\/noticias\/wp-json\/wp\/v2\/types\/post"}],"author":[{"embeddable":true,"href":"https:\/\/www.ull.es\/portal\/noticias\/wp-json\/wp\/v2\/users\/21"}],"replies":[{"embeddable":true,"href":"https:\/\/www.ull.es\/portal\/noticias\/wp-json\/wp\/v2\/comments?post=61214"}],"version-history":[{"count":3,"href":"https:\/\/www.ull.es\/portal\/noticias\/wp-json\/wp\/v2\/posts\/61214\/revisions"}],"predecessor-version":[{"id":61320,"href":"https:\/\/www.ull.es\/portal\/noticias\/wp-json\/wp\/v2\/posts\/61214\/revisions\/61320"}],"wp:featuredmedia":[{"embeddable":true,"href":"https:\/\/www.ull.es\/portal\/noticias\/wp-json\/wp\/v2\/media\/61215"}],"wp:attachment":[{"href":"https:\/\/www.ull.es\/portal\/noticias\/wp-json\/wp\/v2\/media?parent=61214"}],"wp:term":[{"taxonomy":"category","embeddable":true,"href":"https:\/\/www.ull.es\/portal\/noticias\/wp-json\/wp\/v2\/categories?post=61214"},{"taxonomy":"post_tag","embeddable":true,"href":"https:\/\/www.ull.es\/portal\/noticias\/wp-json\/wp\/v2\/tags?post=61214"}],"curies":[{"name":"wp","href":"https:\/\/api.w.org\/{rel}","templated":true}]}}