{"id":61234,"date":"2022-03-03T13:24:16","date_gmt":"2022-03-03T13:24:16","guid":{"rendered":"https:\/\/www.ull.es\/portal\/noticias\/?p=61234"},"modified":"2022-03-03T13:24:23","modified_gmt":"2022-03-03T13:24:23","slug":"la-universidad-de-la-laguna-acogio-la-fase-final-de-la-i-olimpiada-informatica-de-canarias","status":"publish","type":"post","link":"https:\/\/www.ull.es\/portal\/noticias\/2022\/la-universidad-de-la-laguna-acogio-la-fase-final-de-la-i-olimpiada-informatica-de-canarias\/","title":{"rendered":"La Universidad de La Laguna acogi\u00f3 la fase final de la I Olimpiada Inform\u00e1tica de Canarias"},"content":{"rendered":"<p>La semana pasada tuvo lugar la final de la\u00a0I Olimpiada Inform\u00e1tica de Canarias en las provincias de Santa Cruz de Tenerife y Las Palmas. Los participantes acudieron a la sede m\u00e1s cercana, en el Centro de C\u00e1lculo de la Escuela Superior de Ingenier\u00eda y Tecnolog\u00eda de la Universidad de La Laguna y a las instalaciones de la Escuela de Ingenier\u00eda Inform\u00e1tica de la Universidad de Las Palmas de Gran Canaria, respectivamente.<\/p>\n<p>El primer clasificado ha sido Jorge Hern\u00e1ndez Palop, estudiante de bachillerato del centro IES Viera y Clavijo, quien acudir\u00e1 pr\u00f3ximamente a la Olimpiada Inform\u00e1tica Espa\u00f1ola. Se trata de un concurso para estudiantes preuniversitarios de ense\u00f1anza secundaria y bachillerato convocado en todos los centros de dicho nivel en Espa\u00f1a, y que tendr\u00e1 lugar entre el 1 y el 3 de abril. Los participantes concursan de forma individual, e intentan obtener la m\u00e1xima puntuaci\u00f3n resolviendo un conjunto de problemas algor\u00edtmicos en las dos sesiones previstas.<\/p>\n<p>La Olimpiada Inform\u00e1tica Espa\u00f1ola se viene convocando en Espa\u00f1a desde 1997, siempre bajo los auspicios de la Fundaci\u00f3n Aula Escola Europea de Barcelona. El equipo espa\u00f1ol ha estado presente en todas las ediciones de la Olimpiada Inform\u00e1tica Internacional desde 1997 en adelante. Desde 2006 la Facultad de Inform\u00e1tica de Barcelona de la Universidad Polit\u00e9cnica de Catalu\u00f1a y desde 2019 la Conferencia de Directores y Decanos de Ingenier\u00eda Inform\u00e1tica colaboran con la citada fundaci\u00f3n en la organizaci\u00f3n del concurso.<\/p>\n<p>Los entrenamientos se iniciaron en octubre de 2021 siguiendo los cursos online de la academia Leagues of Codes. Estos fueron seguidos por 46 estudiantes preuniversitarios\u00a0provenientes de 6 centros de Santa Cruz de Tenerife: Colegio Echeyde II (4), IES Los Cristianos (1), IES Marina Cebri\u00e1n (9), CEIPS Nuryana (23), IES Valle Guerra (3), IES Viera y Clavijo (6). Finalmente, acudieron al concurso que se celebr\u00f3 en la Universidad de La Laguna un total de\u00a09 estudiantes. Los responsables de la organizaci\u00f3n en esta sede han sido la subdirectora de Calidad de los estudios de Inform\u00e1tica, Coromoto Le\u00f3n Hern\u00e1ndez, y el contratado predoctoral Rafael Herrero \u00c1lvarez.<\/p>\n<p>En la provincia de Las Palmas participaron 31 estudiantes preuniversitarios provenientes de 6 centros: IES La Aldea (5), IES Canterbury School of Gran Canaria (5), IES Siete Palmas (7), IES Isabel de Espa\u00f1a (6), IES El Rinc\u00f3n (2) e IES T\u00e1mara (6). Finalmente, acudieron al concurso que se celebr\u00f3 en la Universidad de Las Palmas de Gran canaria un total de 29 estudiantes. Los responsables de la organizaci\u00f3n han sido la secretaria de la escuela anfitriona, Mar\u00eda Dolores Afonso Su\u00e1rez, y el profesor del Departamento de Inform\u00e1tica y Sistemas Juan Carlos Rodr\u00edguez del Pino. Se puede obtener m\u00e1s informaci\u00f3n en la <a href=\"https:\/\/sites.google.com\/ull.edu.es\/oic\/\" target=\"_blank\" rel=\"noopener\">web<\/a> de la I Olimpiada Inform\u00e1tica de Canarias.<\/p>\n","protected":false},"excerpt":{"rendered":"<p>La semana pasada tuvo lugar la final de la\u00a0I Olimpiada Inform\u00e1tica de Canarias en las provincias de Santa Cruz de&#8230;<\/p>\n","protected":false},"author":23,"featured_media":61236,"comment_status":"closed","ping_status":"closed","sticky":false,"template":"","format":"standard","meta":{"inline_featured_image":false,"footnotes":""},"categories":[343,345,3701,2765],"tags":[8328],"acf":[],"yoast_head":"<!-- This site is optimized with the Yoast SEO plugin v21.3 - https:\/\/yoast.com\/wordpress\/plugins\/seo\/ -->\n<title>La Universidad de La Laguna acogi\u00f3 la fase final de la I Olimpiada Inform\u00e1tica de Canarias - ULL - Noticias<\/title>\n<meta name=\"robots\" content=\"index, follow, max-snippet:-1, max-image-preview:large, max-video-preview:-1\" \/>\n<link rel=\"canonical\" href=\"https:\/\/www.ull.es\/portal\/noticias\/2022\/la-universidad-de-la-laguna-acogio-la-fase-final-de-la-i-olimpiada-informatica-de-canarias\/\" \/>\n<meta property=\"og:locale\" content=\"es_ES\" \/>\n<meta property=\"og:type\" content=\"article\" \/>\n<meta property=\"og:title\" content=\"La Universidad de La Laguna acogi\u00f3 la fase final de la I Olimpiada Inform\u00e1tica de Canarias - ULL - Noticias\" \/>\n<meta property=\"og:description\" content=\"La semana pasada tuvo lugar la final de la\u00a0I Olimpiada Inform\u00e1tica de Canarias en las provincias de Santa Cruz de...\" \/>\n<meta property=\"og:url\" content=\"https:\/\/www.ull.es\/portal\/noticias\/2022\/la-universidad-de-la-laguna-acogio-la-fase-final-de-la-i-olimpiada-informatica-de-canarias\/\" \/>\n<meta property=\"og:site_name\" content=\"ULL - Noticias\" \/>\n<meta property=\"article:publisher\" content=\"https:\/\/www.facebook.com\/universidaddelalaguna\/\" \/>\n<meta property=\"article:published_time\" content=\"2022-03-03T13:24:16+00:00\" \/>\n<meta property=\"article:modified_time\" content=\"2022-03-03T13:24:23+00:00\" \/>\n<meta property=\"og:image\" content=\"https:\/\/www.ull.es\/portal\/noticias\/wp-content\/uploads\/sites\/13\/2022\/03\/olimpiada-informatica.jpg\" \/>\n\t<meta property=\"og:image:width\" content=\"1600\" \/>\n\t<meta property=\"og:image:height\" content=\"1200\" \/>\n\t<meta property=\"og:image:type\" content=\"image\/jpeg\" \/>\n<meta name=\"author\" content=\"gaprsa\" \/>\n<meta name=\"twitter:card\" content=\"summary_large_image\" \/>\n<meta name=\"twitter:creator\" content=\"@CanalULL\" \/>\n<meta name=\"twitter:site\" content=\"@CanalULL\" \/>\n<meta name=\"twitter:label1\" content=\"Escrito por\" \/>\n\t<meta name=\"twitter:data1\" content=\"gaprsa\" \/>\n\t<meta name=\"twitter:label2\" content=\"Tiempo de lectura\" \/>\n\t<meta name=\"twitter:data2\" content=\"2 minutos\" \/>\n<script type=\"application\/ld+json\" class=\"yoast-schema-graph\">{\"@context\":\"https:\/\/schema.org\",\"@graph\":[{\"@type\":\"WebPage\",\"@id\":\"https:\/\/www.ull.es\/portal\/noticias\/2022\/la-universidad-de-la-laguna-acogio-la-fase-final-de-la-i-olimpiada-informatica-de-canarias\/\",\"url\":\"https:\/\/www.ull.es\/portal\/noticias\/2022\/la-universidad-de-la-laguna-acogio-la-fase-final-de-la-i-olimpiada-informatica-de-canarias\/\",\"name\":\"La Universidad de La Laguna acogi\u00f3 la fase final de la I Olimpiada Inform\u00e1tica de Canarias - ULL - Noticias\",\"isPartOf\":{\"@id\":\"https:\/\/www.ull.es\/portal\/noticias\/#website\"},\"datePublished\":\"2022-03-03T13:24:16+00:00\",\"dateModified\":\"2022-03-03T13:24:23+00:00\",\"author\":{\"@id\":\"https:\/\/www.ull.es\/portal\/noticias\/#\/schema\/person\/b2b1a89d43ffa609e591f7df8ef3e817\"},\"breadcrumb\":{\"@id\":\"https:\/\/www.ull.es\/portal\/noticias\/2022\/la-universidad-de-la-laguna-acogio-la-fase-final-de-la-i-olimpiada-informatica-de-canarias\/#breadcrumb\"},\"inLanguage\":\"es\",\"potentialAction\":[{\"@type\":\"ReadAction\",\"target\":[\"https:\/\/www.ull.es\/portal\/noticias\/2022\/la-universidad-de-la-laguna-acogio-la-fase-final-de-la-i-olimpiada-informatica-de-canarias\/\"]}]},{\"@type\":\"BreadcrumbList\",\"@id\":\"https:\/\/www.ull.es\/portal\/noticias\/2022\/la-universidad-de-la-laguna-acogio-la-fase-final-de-la-i-olimpiada-informatica-de-canarias\/#breadcrumb\",\"itemListElement\":[{\"@type\":\"ListItem\",\"position\":1,\"name\":\"Portada\",\"item\":\"https:\/\/www.ull.es\/portal\/noticias\/\"},{\"@type\":\"ListItem\",\"position\":2,\"name\":\"La Universidad de La Laguna acogi\u00f3 la fase final de la I Olimpiada Inform\u00e1tica de Canarias\"}]},{\"@type\":\"WebSite\",\"@id\":\"https:\/\/www.ull.es\/portal\/noticias\/#website\",\"url\":\"https:\/\/www.ull.es\/portal\/noticias\/\",\"name\":\"ULL - Noticias\",\"description\":\"\",\"potentialAction\":[{\"@type\":\"SearchAction\",\"target\":{\"@type\":\"EntryPoint\",\"urlTemplate\":\"https:\/\/www.ull.es\/portal\/noticias\/?s={search_term_string}\"},\"query-input\":\"required name=search_term_string\"}],\"inLanguage\":\"es\"},{\"@type\":\"Person\",\"@id\":\"https:\/\/www.ull.es\/portal\/noticias\/#\/schema\/person\/b2b1a89d43ffa609e591f7df8ef3e817\",\"name\":\"gaprsa\",\"image\":{\"@type\":\"ImageObject\",\"inLanguage\":\"es\",\"@id\":\"https:\/\/www.ull.es\/portal\/noticias\/#\/schema\/person\/image\/\",\"url\":\"https:\/\/secure.gravatar.com\/avatar\/443820550921091458b4823867723b3d?s=96&d=mm&r=g\",\"contentUrl\":\"https:\/\/secure.gravatar.com\/avatar\/443820550921091458b4823867723b3d?s=96&d=mm&r=g\",\"caption\":\"gaprsa\"},\"url\":\"https:\/\/www.ull.es\/portal\/noticias\/author\/gaprsa\/\"}]}<\/script>\n<!-- \/ Yoast SEO plugin. -->","yoast_head_json":{"title":"La Universidad de La Laguna acogi\u00f3 la fase final de la I Olimpiada Inform\u00e1tica de Canarias - ULL - Noticias","robots":{"index":"index","follow":"follow","max-snippet":"max-snippet:-1","max-image-preview":"max-image-preview:large","max-video-preview":"max-video-preview:-1"},"canonical":"https:\/\/www.ull.es\/portal\/noticias\/2022\/la-universidad-de-la-laguna-acogio-la-fase-final-de-la-i-olimpiada-informatica-de-canarias\/","og_locale":"es_ES","og_type":"article","og_title":"La Universidad de La Laguna acogi\u00f3 la fase final de la I Olimpiada Inform\u00e1tica de Canarias - ULL - Noticias","og_description":"La semana pasada tuvo lugar la final de la\u00a0I Olimpiada Inform\u00e1tica de Canarias en las provincias de Santa Cruz de...","og_url":"https:\/\/www.ull.es\/portal\/noticias\/2022\/la-universidad-de-la-laguna-acogio-la-fase-final-de-la-i-olimpiada-informatica-de-canarias\/","og_site_name":"ULL - Noticias","article_publisher":"https:\/\/www.facebook.com\/universidaddelalaguna\/","article_published_time":"2022-03-03T13:24:16+00:00","article_modified_time":"2022-03-03T13:24:23+00:00","og_image":[{"width":1600,"height":1200,"url":"https:\/\/www.ull.es\/portal\/noticias\/wp-content\/uploads\/sites\/13\/2022\/03\/olimpiada-informatica.jpg","type":"image\/jpeg"}],"author":"gaprsa","twitter_card":"summary_large_image","twitter_creator":"@CanalULL","twitter_site":"@CanalULL","twitter_misc":{"Escrito por":"gaprsa","Tiempo de lectura":"2 minutos"},"schema":{"@context":"https:\/\/schema.org","@graph":[{"@type":"WebPage","@id":"https:\/\/www.ull.es\/portal\/noticias\/2022\/la-universidad-de-la-laguna-acogio-la-fase-final-de-la-i-olimpiada-informatica-de-canarias\/","url":"https:\/\/www.ull.es\/portal\/noticias\/2022\/la-universidad-de-la-laguna-acogio-la-fase-final-de-la-i-olimpiada-informatica-de-canarias\/","name":"La Universidad de La Laguna acogi\u00f3 la fase final de la I Olimpiada Inform\u00e1tica de Canarias - ULL - Noticias","isPartOf":{"@id":"https:\/\/www.ull.es\/portal\/noticias\/#website"},"datePublished":"2022-03-03T13:24:16+00:00","dateModified":"2022-03-03T13:24:23+00:00","author":{"@id":"https:\/\/www.ull.es\/portal\/noticias\/#\/schema\/person\/b2b1a89d43ffa609e591f7df8ef3e817"},"breadcrumb":{"@id":"https:\/\/www.ull.es\/portal\/noticias\/2022\/la-universidad-de-la-laguna-acogio-la-fase-final-de-la-i-olimpiada-informatica-de-canarias\/#breadcrumb"},"inLanguage":"es","potentialAction":[{"@type":"ReadAction","target":["https:\/\/www.ull.es\/portal\/noticias\/2022\/la-universidad-de-la-laguna-acogio-la-fase-final-de-la-i-olimpiada-informatica-de-canarias\/"]}]},{"@type":"BreadcrumbList","@id":"https:\/\/www.ull.es\/portal\/noticias\/2022\/la-universidad-de-la-laguna-acogio-la-fase-final-de-la-i-olimpiada-informatica-de-canarias\/#breadcrumb","itemListElement":[{"@type":"ListItem","position":1,"name":"Portada","item":"https:\/\/www.ull.es\/portal\/noticias\/"},{"@type":"ListItem","position":2,"name":"La Universidad de La Laguna acogi\u00f3 la fase final de la I Olimpiada Inform\u00e1tica de Canarias"}]},{"@type":"WebSite","@id":"https:\/\/www.ull.es\/portal\/noticias\/#website","url":"https:\/\/www.ull.es\/portal\/noticias\/","name":"ULL - Noticias","description":"","potentialAction":[{"@type":"SearchAction","target":{"@type":"EntryPoint","urlTemplate":"https:\/\/www.ull.es\/portal\/noticias\/?s={search_term_string}"},"query-input":"required name=search_term_string"}],"inLanguage":"es"},{"@type":"Person","@id":"https:\/\/www.ull.es\/portal\/noticias\/#\/schema\/person\/b2b1a89d43ffa609e591f7df8ef3e817","name":"gaprsa","image":{"@type":"ImageObject","inLanguage":"es","@id":"https:\/\/www.ull.es\/portal\/noticias\/#\/schema\/person\/image\/","url":"https:\/\/secure.gravatar.com\/avatar\/443820550921091458b4823867723b3d?s=96&d=mm&r=g","contentUrl":"https:\/\/secure.gravatar.com\/avatar\/443820550921091458b4823867723b3d?s=96&d=mm&r=g","caption":"gaprsa"},"url":"https:\/\/www.ull.es\/portal\/noticias\/author\/gaprsa\/"}]}},"primary_category":{"id":345,"name":"Destacado","slug":"destacado","link":"https:\/\/www.ull.es\/portal\/noticias\/category\/destacado\/"},"featured_image_thumbnail_url":"https:\/\/www.ull.es\/portal\/noticias\/wp-content\/uploads\/sites\/13\/2022\/03\/olimpiada-informatica-300x225.jpg","_links":{"self":[{"href":"https:\/\/www.ull.es\/portal\/noticias\/wp-json\/wp\/v2\/posts\/61234"}],"collection":[{"href":"https:\/\/www.ull.es\/portal\/noticias\/wp-json\/wp\/v2\/posts"}],"about":[{"href":"https:\/\/www.ull.es\/portal\/noticias\/wp-json\/wp\/v2\/types\/post"}],"author":[{"embeddable":true,"href":"https:\/\/www.ull.es\/portal\/noticias\/wp-json\/wp\/v2\/users\/23"}],"replies":[{"embeddable":true,"href":"https:\/\/www.ull.es\/portal\/noticias\/wp-json\/wp\/v2\/comments?post=61234"}],"version-history":[{"count":1,"href":"https:\/\/www.ull.es\/portal\/noticias\/wp-json\/wp\/v2\/posts\/61234\/revisions"}],"predecessor-version":[{"id":61235,"href":"https:\/\/www.ull.es\/portal\/noticias\/wp-json\/wp\/v2\/posts\/61234\/revisions\/61235"}],"wp:featuredmedia":[{"embeddable":true,"href":"https:\/\/www.ull.es\/portal\/noticias\/wp-json\/wp\/v2\/media\/61236"}],"wp:attachment":[{"href":"https:\/\/www.ull.es\/portal\/noticias\/wp-json\/wp\/v2\/media?parent=61234"}],"wp:term":[{"taxonomy":"category","embeddable":true,"href":"https:\/\/www.ull.es\/portal\/noticias\/wp-json\/wp\/v2\/categories?post=61234"},{"taxonomy":"post_tag","embeddable":true,"href":"https:\/\/www.ull.es\/portal\/noticias\/wp-json\/wp\/v2\/tags?post=61234"}],"curies":[{"name":"wp","href":"https:\/\/api.w.org\/{rel}","templated":true}]}}