{"id":61249,"date":"2022-03-04T09:18:26","date_gmt":"2022-03-04T09:18:26","guid":{"rendered":"https:\/\/www.ull.es\/portal\/noticias\/?p=61249"},"modified":"2022-03-04T11:29:14","modified_gmt":"2022-03-04T11:29:14","slug":"el-rosario-dedica-calle-wolfredo-wildpret","status":"publish","type":"post","link":"https:\/\/www.ull.es\/portal\/noticias\/2022\/el-rosario-dedica-calle-wolfredo-wildpret\/","title":{"rendered":"El Ayuntamiento de El Rosario dedica una calle al catedr\u00e1tico em\u00e9rito de la ULL Wolfredo Wildpret"},"content":{"rendered":"<p class=\"p2\">El Ayuntamiento de El Rosario acord\u00f3 dedicar una calle en honor al catedr\u00e1tico em\u00e9rito e insigne bot\u00e1nico de la Universidad de La Laguna Wolfredo Wildpret de la Torra, y nada m\u00e1s oportuno que hacer coincidir su presentaci\u00f3n con el D\u00eda Mundial de la Naturaleza, celebrado ayer, jueves 3 de marzo. En la ceremonia estuvieron presentes el alcalde del municipio, Escol\u00e1stico Gil; la vicerrectora de Proyecci\u00f3n, Internacionalizaci\u00f3n y Cooperaci\u00f3n de la instituci\u00f3n acad\u00e9mica, Lidia Cabrera; el segundo teniente de alcalde e instructor del expediente de honores, Fidel V\u00e1zquez, as\u00ed como el resto del gobierno local, el juez de paz, familiares, colegas de profesi\u00f3n y vecinos.<\/p>\n<p class=\"p2\">La v\u00eda \u00abCatedr\u00e1tico Wolfredo Wildpret\u00bb est\u00e1 enclavada en La Esperanza, entre las calles El Roquillo y Madro\u00f1o Goteras, y es una calle recientemente urbanizada que hace de frontera entre la villa y la zona de monte, por lo que no es algo trivial que fuera designada para rendir homenaje al catedr\u00e1tico em\u00e9rito de Bot\u00e1nica de la Universidad de La Laguna. La jornada de ayer materializ\u00f3, finalmente, un acuerdo un\u00e1nime del pleno del Ayuntamiento de El Rosario adoptado en febrero de 2021.<\/p>\n<p class=\"p2\"><a href=\"https:\/\/www.ull.es\/portal\/noticias\/wp-content\/uploads\/sites\/13\/2022\/03\/wildpret-calle-01.jpeg\" target=\"_blank\" rel=\"noopener\" target=\"_blank\" rel=\"noopener\"><img decoding=\"async\" loading=\"lazy\" class=\"alignleft wp-image-61251 size-medium\" src=\"https:\/\/www.ull.es\/portal\/noticias\/wp-content\/uploads\/sites\/13\/2022\/03\/wildpret-calle-01-199x300.jpeg\" alt=\"\" width=\"199\" height=\"300\" srcset=\"https:\/\/www.ull.es\/portal\/noticias\/wp-content\/uploads\/sites\/13\/2022\/03\/wildpret-calle-01-199x300.jpeg 199w, https:\/\/www.ull.es\/portal\/noticias\/wp-content\/uploads\/sites\/13\/2022\/03\/wildpret-calle-01-680x1024.jpeg 680w, https:\/\/www.ull.es\/portal\/noticias\/wp-content\/uploads\/sites\/13\/2022\/03\/wildpret-calle-01-768x1156.jpeg 768w, https:\/\/www.ull.es\/portal\/noticias\/wp-content\/uploads\/sites\/13\/2022\/03\/wildpret-calle-01-375x565.jpeg 375w, https:\/\/www.ull.es\/portal\/noticias\/wp-content\/uploads\/sites\/13\/2022\/03\/wildpret-calle-01-750x1129.jpeg 750w, https:\/\/www.ull.es\/portal\/noticias\/wp-content\/uploads\/sites\/13\/2022\/03\/wildpret-calle-01.jpeg 797w\" sizes=\"(max-width: 199px) 100vw, 199px\" \/><\/a>Tras la lectura del acuerdo plenario y el descubrimiento de la placa, el profesor Wildpret fue obsequiado con una metopa y una manta esperancera, como s\u00edmbolo vern\u00e1culo del municipio. El alcalde destac\u00f3 la figura de Wolfredo Wildpret: \u201dno es casualidad que designemos a esta calle con el nombre de una persona que tanto ha trabajado por la conservaci\u00f3n del medioambiente y por la divulgaci\u00f3n del bosque del Adelantado, pues aqu\u00ed nace el barranco de La Fuente que atraviesa nuestro querido bosque, ese que Wolfredo, con sus conocimientos, me ha hecho admirar, si cabe, a\u00fan m\u00e1s.\u00bb<\/p>\n<p class=\"p2\">Por su parte, Wildpret, vecino de Radazul desde hace casi treinta a\u00f1os, reconoci\u00f3 sentirse \u00abmuy agradecido\u00bb por este reconocimiento y, tras cubrirse con la manta esperancera, record\u00f3 la estampa de su padre con esta misma prenda tan significativa cuando \u00e9l solo era ni\u00f1o. Tuvo especiales palabras de cari\u00f1o para su esposa, la profesora titular de Bot\u00e1nica de la Universidad de La Laguna, Victoria Eugenia Mart\u00edn, con quien contrajo matrimonio en El Rosario, tal y como record\u00f3, y a su hijo \u00abque es un \u2018rosariero\u2019 de pro\u00bb.<\/p>\n<p class=\"p2\">Tambi\u00e9n el segundo teniente de alcalde, Fidel V\u00e1zquez, como instructor del expediente de honores y distinciones, tom\u00f3 la palabra para glosar la figura del homenajeado, quien, entre otras distinciones, es Premio Canarias de Investigaci\u00f3n, doctorado Honoris Causa por la Universidad Leibniz de Hannover (Alemania) y Premio C\u00e9sar Manrique de Medio Ambiente del Gobierno de Canarias.<\/p>\n<p class=\"p2\">Por la tarde, Wildpret moder\u00f3 una mesa redonda organizada por el Ayuntamiento de El Rosario con motivo del D\u00eda Mundial de la Naturaleza, que cont\u00f3 con la participaci\u00f3n de del vicepresidente y consejero de Hacienda, Presupuestos y Asuntos Europeos del Gobierno de Canarias, Rom\u00e1n Rodr\u00edguez; el consejero regional de Transici\u00f3n Ecol\u00f3gica, Lucha contra el Cambio Clim\u00e1tico y Planificaci\u00f3n Territorial, Jos\u00e9 Antonio Valbuena; la fiscal delegada de Medio Ambiente de Santa Cruz de Tenerife, Mar\u00eda Francisca S\u00e1nchez; el catedr\u00e1tico de Ecolog\u00eda de la Universidad de La Laguna Jos\u00e9 Mar\u00eda Fern\u00e1ndez-Palacios; el profesor de Geograf\u00eda y director de la C\u00e1tedra de Reducci\u00f3n de Riesgos de Desastres. Ciudades Resilientes de la Universidad de La Laguna, Pedro Dorta; y Felipe Ravina, autor del documental \u201cLos fondos de El Rosario\u201d que fue proyectado previamente.<\/p>\n<p class=\"p2\">En la mesa redonda se debatieron la implementaci\u00f3n de medidas tendentes a la recuperaci\u00f3n de los fondos marinos erosionados en Canarias, las consecuencias judiciales del amplio desarrollismo urbano experimentado d\u00e9cadas atr\u00e1s en el Archipi\u00e9lago, o el nuevo mapa de vertidos incontrolados que llevar\u00e1 a cabo Grafcan a petici\u00f3n de la Agencia Canaria de Protecci\u00f3n del Medio Natural.<\/p>\n<p>(Nota y foto cedidas por el Ayuntamiento de El Rosario).<\/p>\n","protected":false},"excerpt":{"rendered":"<p>El Ayuntamiento de El Rosario acord\u00f3 dedicar una calle en honor al catedr\u00e1tico em\u00e9rito e insigne bot\u00e1nico de la Universidad&#8230;<\/p>\n","protected":false},"author":21,"featured_media":61250,"comment_status":"closed","ping_status":"closed","sticky":false,"template":"","format":"standard","meta":{"inline_featured_image":false,"footnotes":""},"categories":[345,348,2765],"tags":[8330,6661,1437,6581,2657],"acf":[],"yoast_head":"<!-- This site is optimized with the Yoast SEO plugin v21.3 - https:\/\/yoast.com\/wordpress\/plugins\/seo\/ -->\n<title>El Rosario dedica una calle al catedr\u00e1tico em\u00e9rito Wolfredo Wildpret<\/title>\n<meta name=\"description\" content=\"El ayuntamiento organiz\u00f3 el 3 de marzo, D\u00eda Mundial de la Naturaleza, el acto de inauguraci\u00f3n de esta v\u00eda que unir\u00e1 el municipio con el monte.\" \/>\n<meta name=\"robots\" content=\"index, follow, max-snippet:-1, max-image-preview:large, max-video-preview:-1\" \/>\n<link rel=\"canonical\" href=\"https:\/\/www.ull.es\/portal\/noticias\/2022\/el-rosario-dedica-calle-wolfredo-wildpret\/\" \/>\n<meta property=\"og:locale\" content=\"es_ES\" \/>\n<meta property=\"og:type\" content=\"article\" \/>\n<meta property=\"og:title\" content=\"El Rosario dedica una calle al catedr\u00e1tico em\u00e9rito Wolfredo Wildpret\" \/>\n<meta property=\"og:description\" content=\"El ayuntamiento organiz\u00f3 el 3 de marzo, D\u00eda Mundial de la Naturaleza, el acto de inauguraci\u00f3n de esta v\u00eda que unir\u00e1 el municipio con el monte.\" \/>\n<meta property=\"og:url\" content=\"https:\/\/www.ull.es\/portal\/noticias\/2022\/el-rosario-dedica-calle-wolfredo-wildpret\/\" \/>\n<meta property=\"og:site_name\" content=\"ULL - Noticias\" \/>\n<meta property=\"article:publisher\" content=\"https:\/\/www.facebook.com\/universidaddelalaguna\/\" \/>\n<meta property=\"article:published_time\" content=\"2022-03-04T09:18:26+00:00\" \/>\n<meta property=\"article:modified_time\" content=\"2022-03-04T11:29:14+00:00\" \/>\n<meta property=\"og:image\" content=\"https:\/\/www.ull.es\/portal\/noticias\/wp-content\/uploads\/sites\/13\/2022\/03\/wildpret-calle-02.jpeg\" \/>\n\t<meta property=\"og:image:width\" content=\"1200\" \/>\n\t<meta property=\"og:image:height\" content=\"797\" \/>\n\t<meta property=\"og:image:type\" content=\"image\/jpeg\" \/>\n<meta name=\"author\" content=\"prensa2\" \/>\n<meta name=\"twitter:card\" content=\"summary_large_image\" \/>\n<meta name=\"twitter:creator\" content=\"@CanalULL\" \/>\n<meta name=\"twitter:site\" content=\"@CanalULL\" \/>\n<meta name=\"twitter:label1\" content=\"Escrito por\" \/>\n\t<meta name=\"twitter:data1\" content=\"prensa2\" \/>\n\t<meta name=\"twitter:label2\" content=\"Tiempo de lectura\" \/>\n\t<meta name=\"twitter:data2\" content=\"3 minutos\" \/>\n<script type=\"application\/ld+json\" class=\"yoast-schema-graph\">{\"@context\":\"https:\/\/schema.org\",\"@graph\":[{\"@type\":\"WebPage\",\"@id\":\"https:\/\/www.ull.es\/portal\/noticias\/2022\/el-rosario-dedica-calle-wolfredo-wildpret\/\",\"url\":\"https:\/\/www.ull.es\/portal\/noticias\/2022\/el-rosario-dedica-calle-wolfredo-wildpret\/\",\"name\":\"El Rosario dedica una calle al catedr\u00e1tico em\u00e9rito Wolfredo Wildpret\",\"isPartOf\":{\"@id\":\"https:\/\/www.ull.es\/portal\/noticias\/#website\"},\"datePublished\":\"2022-03-04T09:18:26+00:00\",\"dateModified\":\"2022-03-04T11:29:14+00:00\",\"author\":{\"@id\":\"https:\/\/www.ull.es\/portal\/noticias\/#\/schema\/person\/c3b2aa857797592927a03740d6664376\"},\"description\":\"El ayuntamiento organiz\u00f3 el 3 de marzo, D\u00eda Mundial de la Naturaleza, el acto de inauguraci\u00f3n de esta v\u00eda que unir\u00e1 el municipio con el monte.\",\"breadcrumb\":{\"@id\":\"https:\/\/www.ull.es\/portal\/noticias\/2022\/el-rosario-dedica-calle-wolfredo-wildpret\/#breadcrumb\"},\"inLanguage\":\"es\",\"potentialAction\":[{\"@type\":\"ReadAction\",\"target\":[\"https:\/\/www.ull.es\/portal\/noticias\/2022\/el-rosario-dedica-calle-wolfredo-wildpret\/\"]}]},{\"@type\":\"BreadcrumbList\",\"@id\":\"https:\/\/www.ull.es\/portal\/noticias\/2022\/el-rosario-dedica-calle-wolfredo-wildpret\/#breadcrumb\",\"itemListElement\":[{\"@type\":\"ListItem\",\"position\":1,\"name\":\"Portada\",\"item\":\"https:\/\/www.ull.es\/portal\/noticias\/\"},{\"@type\":\"ListItem\",\"position\":2,\"name\":\"El Ayuntamiento de El Rosario dedica una calle al catedr\u00e1tico em\u00e9rito de la ULL Wolfredo Wildpret\"}]},{\"@type\":\"WebSite\",\"@id\":\"https:\/\/www.ull.es\/portal\/noticias\/#website\",\"url\":\"https:\/\/www.ull.es\/portal\/noticias\/\",\"name\":\"ULL - Noticias\",\"description\":\"\",\"potentialAction\":[{\"@type\":\"SearchAction\",\"target\":{\"@type\":\"EntryPoint\",\"urlTemplate\":\"https:\/\/www.ull.es\/portal\/noticias\/?s={search_term_string}\"},\"query-input\":\"required name=search_term_string\"}],\"inLanguage\":\"es\"},{\"@type\":\"Person\",\"@id\":\"https:\/\/www.ull.es\/portal\/noticias\/#\/schema\/person\/c3b2aa857797592927a03740d6664376\",\"name\":\"prensa2\",\"image\":{\"@type\":\"ImageObject\",\"inLanguage\":\"es\",\"@id\":\"https:\/\/www.ull.es\/portal\/noticias\/#\/schema\/person\/image\/\",\"url\":\"https:\/\/secure.gravatar.com\/avatar\/b58f310a5de5feb33d1e026d2493f23c?s=96&d=mm&r=g\",\"contentUrl\":\"https:\/\/secure.gravatar.com\/avatar\/b58f310a5de5feb33d1e026d2493f23c?s=96&d=mm&r=g\",\"caption\":\"prensa2\"},\"url\":\"https:\/\/www.ull.es\/portal\/noticias\/author\/prensa2\/\"}]}<\/script>\n<!-- \/ Yoast SEO plugin. -->","yoast_head_json":{"title":"El Rosario dedica una calle al catedr\u00e1tico em\u00e9rito Wolfredo Wildpret","description":"El ayuntamiento organiz\u00f3 el 3 de marzo, D\u00eda Mundial de la Naturaleza, el acto de inauguraci\u00f3n de esta v\u00eda que unir\u00e1 el municipio con el monte.","robots":{"index":"index","follow":"follow","max-snippet":"max-snippet:-1","max-image-preview":"max-image-preview:large","max-video-preview":"max-video-preview:-1"},"canonical":"https:\/\/www.ull.es\/portal\/noticias\/2022\/el-rosario-dedica-calle-wolfredo-wildpret\/","og_locale":"es_ES","og_type":"article","og_title":"El Rosario dedica una calle al catedr\u00e1tico em\u00e9rito Wolfredo Wildpret","og_description":"El ayuntamiento organiz\u00f3 el 3 de marzo, D\u00eda Mundial de la Naturaleza, el acto de inauguraci\u00f3n de esta v\u00eda que unir\u00e1 el municipio con el monte.","og_url":"https:\/\/www.ull.es\/portal\/noticias\/2022\/el-rosario-dedica-calle-wolfredo-wildpret\/","og_site_name":"ULL - Noticias","article_publisher":"https:\/\/www.facebook.com\/universidaddelalaguna\/","article_published_time":"2022-03-04T09:18:26+00:00","article_modified_time":"2022-03-04T11:29:14+00:00","og_image":[{"width":1200,"height":797,"url":"https:\/\/www.ull.es\/portal\/noticias\/wp-content\/uploads\/sites\/13\/2022\/03\/wildpret-calle-02.jpeg","type":"image\/jpeg"}],"author":"prensa2","twitter_card":"summary_large_image","twitter_creator":"@CanalULL","twitter_site":"@CanalULL","twitter_misc":{"Escrito por":"prensa2","Tiempo de lectura":"3 minutos"},"schema":{"@context":"https:\/\/schema.org","@graph":[{"@type":"WebPage","@id":"https:\/\/www.ull.es\/portal\/noticias\/2022\/el-rosario-dedica-calle-wolfredo-wildpret\/","url":"https:\/\/www.ull.es\/portal\/noticias\/2022\/el-rosario-dedica-calle-wolfredo-wildpret\/","name":"El Rosario dedica una calle al catedr\u00e1tico em\u00e9rito Wolfredo Wildpret","isPartOf":{"@id":"https:\/\/www.ull.es\/portal\/noticias\/#website"},"datePublished":"2022-03-04T09:18:26+00:00","dateModified":"2022-03-04T11:29:14+00:00","author":{"@id":"https:\/\/www.ull.es\/portal\/noticias\/#\/schema\/person\/c3b2aa857797592927a03740d6664376"},"description":"El ayuntamiento organiz\u00f3 el 3 de marzo, D\u00eda Mundial de la Naturaleza, el acto de inauguraci\u00f3n de esta v\u00eda que unir\u00e1 el municipio con el monte.","breadcrumb":{"@id":"https:\/\/www.ull.es\/portal\/noticias\/2022\/el-rosario-dedica-calle-wolfredo-wildpret\/#breadcrumb"},"inLanguage":"es","potentialAction":[{"@type":"ReadAction","target":["https:\/\/www.ull.es\/portal\/noticias\/2022\/el-rosario-dedica-calle-wolfredo-wildpret\/"]}]},{"@type":"BreadcrumbList","@id":"https:\/\/www.ull.es\/portal\/noticias\/2022\/el-rosario-dedica-calle-wolfredo-wildpret\/#breadcrumb","itemListElement":[{"@type":"ListItem","position":1,"name":"Portada","item":"https:\/\/www.ull.es\/portal\/noticias\/"},{"@type":"ListItem","position":2,"name":"El Ayuntamiento de El Rosario dedica una calle al catedr\u00e1tico em\u00e9rito de la ULL Wolfredo Wildpret"}]},{"@type":"WebSite","@id":"https:\/\/www.ull.es\/portal\/noticias\/#website","url":"https:\/\/www.ull.es\/portal\/noticias\/","name":"ULL - Noticias","description":"","potentialAction":[{"@type":"SearchAction","target":{"@type":"EntryPoint","urlTemplate":"https:\/\/www.ull.es\/portal\/noticias\/?s={search_term_string}"},"query-input":"required name=search_term_string"}],"inLanguage":"es"},{"@type":"Person","@id":"https:\/\/www.ull.es\/portal\/noticias\/#\/schema\/person\/c3b2aa857797592927a03740d6664376","name":"prensa2","image":{"@type":"ImageObject","inLanguage":"es","@id":"https:\/\/www.ull.es\/portal\/noticias\/#\/schema\/person\/image\/","url":"https:\/\/secure.gravatar.com\/avatar\/b58f310a5de5feb33d1e026d2493f23c?s=96&d=mm&r=g","contentUrl":"https:\/\/secure.gravatar.com\/avatar\/b58f310a5de5feb33d1e026d2493f23c?s=96&d=mm&r=g","caption":"prensa2"},"url":"https:\/\/www.ull.es\/portal\/noticias\/author\/prensa2\/"}]}},"primary_category":{"id":345,"name":"Destacado","slug":"destacado","link":"https:\/\/www.ull.es\/portal\/noticias\/category\/destacado\/"},"featured_image_thumbnail_url":"https:\/\/www.ull.es\/portal\/noticias\/wp-content\/uploads\/sites\/13\/2022\/03\/wildpret-calle-02-300x199.jpeg","_links":{"self":[{"href":"https:\/\/www.ull.es\/portal\/noticias\/wp-json\/wp\/v2\/posts\/61249"}],"collection":[{"href":"https:\/\/www.ull.es\/portal\/noticias\/wp-json\/wp\/v2\/posts"}],"about":[{"href":"https:\/\/www.ull.es\/portal\/noticias\/wp-json\/wp\/v2\/types\/post"}],"author":[{"embeddable":true,"href":"https:\/\/www.ull.es\/portal\/noticias\/wp-json\/wp\/v2\/users\/21"}],"replies":[{"embeddable":true,"href":"https:\/\/www.ull.es\/portal\/noticias\/wp-json\/wp\/v2\/comments?post=61249"}],"version-history":[{"count":4,"href":"https:\/\/www.ull.es\/portal\/noticias\/wp-json\/wp\/v2\/posts\/61249\/revisions"}],"predecessor-version":[{"id":61260,"href":"https:\/\/www.ull.es\/portal\/noticias\/wp-json\/wp\/v2\/posts\/61249\/revisions\/61260"}],"wp:featuredmedia":[{"embeddable":true,"href":"https:\/\/www.ull.es\/portal\/noticias\/wp-json\/wp\/v2\/media\/61250"}],"wp:attachment":[{"href":"https:\/\/www.ull.es\/portal\/noticias\/wp-json\/wp\/v2\/media?parent=61249"}],"wp:term":[{"taxonomy":"category","embeddable":true,"href":"https:\/\/www.ull.es\/portal\/noticias\/wp-json\/wp\/v2\/categories?post=61249"},{"taxonomy":"post_tag","embeddable":true,"href":"https:\/\/www.ull.es\/portal\/noticias\/wp-json\/wp\/v2\/tags?post=61249"}],"curies":[{"name":"wp","href":"https:\/\/api.w.org\/{rel}","templated":true}]}}