{"id":61364,"date":"2022-03-09T11:34:32","date_gmt":"2022-03-09T11:34:32","guid":{"rendered":"https:\/\/www.ull.es\/portal\/noticias\/?p=61364"},"modified":"2022-03-09T11:52:16","modified_gmt":"2022-03-09T11:52:16","slug":"el-cabildo-refuerza-su-cooperacion-con-la-internacionalizacion-de-la-universidad-de-la-laguna","status":"publish","type":"post","link":"https:\/\/www.ull.es\/portal\/noticias\/2022\/el-cabildo-refuerza-su-cooperacion-con-la-internacionalizacion-de-la-universidad-de-la-laguna\/","title":{"rendered":"El Cabildo refuerza su cooperaci\u00f3n con la internacionalizaci\u00f3n de la Universidad de La Laguna"},"content":{"rendered":"<p>La vicerrectora de Proyecci\u00f3n, Internacionalizaci\u00f3n y Cooperaci\u00f3n, Lidia Cabrera, se ha reunido recientemente con la consejera de Educaci\u00f3n del Cabildo de Tenerife, Concepci\u00f3n Rivero, y la directora insular, Isabel Bello, para renovar los acuerdos de cooperaci\u00f3n que la instituci\u00f3n insular mantiene con la Universidad de La Laguna destinados a la promoci\u00f3n de la internacionalizaci\u00f3n de sus programas educativos y a fomentar la adquisici\u00f3n de competencias internacionales en el alumnado.<\/p>\n<p>El apoyo econ\u00f3mico y humano del \u00c1rea de Educaci\u00f3n del Cabildo con el centro universitario es muy s\u00f3lido, a trav\u00e9s de un amplio cat\u00e1logo de programas educativos gestionados por diversas unidades organizativas. Con el Vicerrectorado de Internacionalizaci\u00f3n son varias las l\u00edneas de actuaci\u00f3n, entre las que se destaca el programa para el fomento de competencias internacionales; el de asistentes Fulbright para el apoyo a la docencia y actividades en ingl\u00e9s; y el programa de mentor\u00eda y estancias de investigaci\u00f3n en Estados Unidos para doctorandos.<\/p>\n<p>As\u00ed, el programa de competencias internacionales es el m\u00e1s novedoso y en torno al cual se desarroll\u00f3 una amplia variedad de actividades, alrededor de tres subprogramas. El primero de ellos se denomina \u201cWe are international\u201d, y est\u00e1 pensado para el aprendizaje, a trav\u00e9s de una formaci\u00f3n reglada de complemento al curriculum, de competencias tales como liderazgo internacional, relaciones interpersonales, sostenibilidad social, resoluci\u00f3n de problemas interculturales o emprendimiento internacional.<\/p>\n<p>El segundo subprograma se llama \u201cBe international\u201d y persigue la internacionalizaci\u00f3n del campus y la adquisici\u00f3n de experiencias de internacionales fuera del aula, en contextos informales, aprovechando la sinergia de nuestros estudiantes visitantes, sobre todo de estudiantes Erasmus. Y, finalmente, \u201cBeing international\u201d est\u00e1 permitiendo la sensibilizaci\u00f3n y formaci\u00f3n del profesorado para ense\u00f1ar en clave internacional, sobre todo a trav\u00e9s de la Jornadas de Internacionalizaci\u00f3n del Curriculum, que pr\u00f3ximamente celebrar\u00e1 su segunda edici\u00f3n.<\/p>\n<p>El programa de mentor\u00eda de estudiantes pretende el incremento de doctorados con menci\u00f3n internacional, promoviendo estancias de investigaci\u00f3n de los estudiantes solicitantes en universidades y laboratorios de EEUU. Este programa se desarrolla en colaboraci\u00f3n con la Asociaci\u00f3n de Espa\u00f1oles Cient\u00edficos en Estados Unidos (ECUSA). Las estancias de los estudiantes se han visto muy afectadas en los dos \u00faltimos cursos por la pandemia de la Covid-19, dadas las dificultades en la obtenci\u00f3n de permisos para estancias f\u00edsicas en las instituciones americanos como en la obtenci\u00f3n de visados. A pesar de ello, en estos momentos se trabaja en la convocatoria para el curso 2022\/23.<\/p>\n<p>El tercer programa se centra en el desarrollo de competencias ling\u00fc\u00edsticas, sobre todo de lengua inglesa. La presencia de asistentes Fulbright incide sobre todo en apoyo de actividades desarrolladas en lengua inglesa, docencia, talleres de conversaci\u00f3n, talleres de tutor\u00eda con el alumnado para la presentaci\u00f3n de trabajos en ingl\u00e9s, etc.\u00a0La valoraci\u00f3n de los resultados de todos los programas por ambas instituciones ha sido muy positiva, por lo que la consejera insular ha decidido continuar apoy\u00e1ndolos y financi\u00e1ndolos.<\/p>\n<p>Finalmente, la vicerrectora Lidia Cabrera ha solicitado a la instituci\u00f3n insular su apoyo en un ambicioso proyecto que la Universidad de La Laguna est\u00e1 preparando en este momento. Se trata de un proyecto de Alianza Europea, con otras siete universidades de siete pa\u00edses diferentes, para la constituci\u00f3n de un Intercampus, en el marco de la convocatoria de la Uni\u00f3n Europea de Universidades Europea\u201d, dentro del Programa Erasmus. La instituci\u00f3n insular no s\u00f3lo ha mostrado su sost\u00e9n al proyecto, sino que se ha comprometido a colaborar con apoyo log\u00edstico para su desarrollo, en caso de que sea aprobado.<\/p>\n","protected":false},"excerpt":{"rendered":"<p>La vicerrectora de Proyecci\u00f3n, Internacionalizaci\u00f3n y Cooperaci\u00f3n, Lidia Cabrera, se ha reunido recientemente con la consejera de Educaci\u00f3n del Cabildo&#8230;<\/p>\n","protected":false},"author":23,"featured_media":61366,"comment_status":"closed","ping_status":"closed","sticky":false,"template":"","format":"standard","meta":{"inline_featured_image":false,"footnotes":""},"categories":[345,349,2765],"tags":[7462,7463,8338,1537,7375],"acf":[],"yoast_head":"<!-- This site is optimized with the Yoast SEO plugin v21.3 - https:\/\/yoast.com\/wordpress\/plugins\/seo\/ -->\n<title>El Cabildo refuerza su cooperaci\u00f3n con la internacionalizaci\u00f3n de la Universidad de La Laguna - ULL - Noticias<\/title>\n<meta name=\"robots\" content=\"index, follow, max-snippet:-1, max-image-preview:large, max-video-preview:-1\" \/>\n<link rel=\"canonical\" href=\"https:\/\/www.ull.es\/portal\/noticias\/2022\/el-cabildo-refuerza-su-cooperacion-con-la-internacionalizacion-de-la-universidad-de-la-laguna\/\" \/>\n<meta property=\"og:locale\" content=\"es_ES\" \/>\n<meta property=\"og:type\" content=\"article\" \/>\n<meta property=\"og:title\" content=\"El Cabildo refuerza su cooperaci\u00f3n con la internacionalizaci\u00f3n de la Universidad de La Laguna - ULL - Noticias\" \/>\n<meta property=\"og:description\" content=\"La vicerrectora de Proyecci\u00f3n, Internacionalizaci\u00f3n y Cooperaci\u00f3n, Lidia Cabrera, se ha reunido recientemente con la consejera de Educaci\u00f3n del Cabildo...\" \/>\n<meta property=\"og:url\" content=\"https:\/\/www.ull.es\/portal\/noticias\/2022\/el-cabildo-refuerza-su-cooperacion-con-la-internacionalizacion-de-la-universidad-de-la-laguna\/\" \/>\n<meta property=\"og:site_name\" content=\"ULL - Noticias\" \/>\n<meta property=\"article:publisher\" content=\"https:\/\/www.facebook.com\/universidaddelalaguna\/\" \/>\n<meta property=\"article:published_time\" content=\"2022-03-09T11:34:32+00:00\" \/>\n<meta property=\"article:modified_time\" content=\"2022-03-09T11:52:16+00:00\" \/>\n<meta property=\"og:image\" content=\"https:\/\/www.ull.es\/portal\/noticias\/wp-content\/uploads\/sites\/13\/2022\/03\/vicerrectora-consejera-cabildo.jpg\" \/>\n\t<meta property=\"og:image:width\" content=\"1600\" \/>\n\t<meta property=\"og:image:height\" content=\"1200\" \/>\n\t<meta property=\"og:image:type\" content=\"image\/jpeg\" \/>\n<meta name=\"author\" content=\"gaprsa\" \/>\n<meta name=\"twitter:card\" content=\"summary_large_image\" \/>\n<meta name=\"twitter:creator\" content=\"@CanalULL\" \/>\n<meta name=\"twitter:site\" content=\"@CanalULL\" \/>\n<meta name=\"twitter:label1\" content=\"Escrito por\" \/>\n\t<meta name=\"twitter:data1\" content=\"gaprsa\" \/>\n\t<meta name=\"twitter:label2\" content=\"Tiempo de lectura\" \/>\n\t<meta name=\"twitter:data2\" content=\"3 minutos\" \/>\n<script type=\"application\/ld+json\" class=\"yoast-schema-graph\">{\"@context\":\"https:\/\/schema.org\",\"@graph\":[{\"@type\":\"WebPage\",\"@id\":\"https:\/\/www.ull.es\/portal\/noticias\/2022\/el-cabildo-refuerza-su-cooperacion-con-la-internacionalizacion-de-la-universidad-de-la-laguna\/\",\"url\":\"https:\/\/www.ull.es\/portal\/noticias\/2022\/el-cabildo-refuerza-su-cooperacion-con-la-internacionalizacion-de-la-universidad-de-la-laguna\/\",\"name\":\"El Cabildo refuerza su cooperaci\u00f3n con la internacionalizaci\u00f3n de la Universidad de La Laguna - ULL - Noticias\",\"isPartOf\":{\"@id\":\"https:\/\/www.ull.es\/portal\/noticias\/#website\"},\"datePublished\":\"2022-03-09T11:34:32+00:00\",\"dateModified\":\"2022-03-09T11:52:16+00:00\",\"author\":{\"@id\":\"https:\/\/www.ull.es\/portal\/noticias\/#\/schema\/person\/b2b1a89d43ffa609e591f7df8ef3e817\"},\"breadcrumb\":{\"@id\":\"https:\/\/www.ull.es\/portal\/noticias\/2022\/el-cabildo-refuerza-su-cooperacion-con-la-internacionalizacion-de-la-universidad-de-la-laguna\/#breadcrumb\"},\"inLanguage\":\"es\",\"potentialAction\":[{\"@type\":\"ReadAction\",\"target\":[\"https:\/\/www.ull.es\/portal\/noticias\/2022\/el-cabildo-refuerza-su-cooperacion-con-la-internacionalizacion-de-la-universidad-de-la-laguna\/\"]}]},{\"@type\":\"BreadcrumbList\",\"@id\":\"https:\/\/www.ull.es\/portal\/noticias\/2022\/el-cabildo-refuerza-su-cooperacion-con-la-internacionalizacion-de-la-universidad-de-la-laguna\/#breadcrumb\",\"itemListElement\":[{\"@type\":\"ListItem\",\"position\":1,\"name\":\"Portada\",\"item\":\"https:\/\/www.ull.es\/portal\/noticias\/\"},{\"@type\":\"ListItem\",\"position\":2,\"name\":\"El Cabildo refuerza su cooperaci\u00f3n con la internacionalizaci\u00f3n de la Universidad de La Laguna\"}]},{\"@type\":\"WebSite\",\"@id\":\"https:\/\/www.ull.es\/portal\/noticias\/#website\",\"url\":\"https:\/\/www.ull.es\/portal\/noticias\/\",\"name\":\"ULL - Noticias\",\"description\":\"\",\"potentialAction\":[{\"@type\":\"SearchAction\",\"target\":{\"@type\":\"EntryPoint\",\"urlTemplate\":\"https:\/\/www.ull.es\/portal\/noticias\/?s={search_term_string}\"},\"query-input\":\"required name=search_term_string\"}],\"inLanguage\":\"es\"},{\"@type\":\"Person\",\"@id\":\"https:\/\/www.ull.es\/portal\/noticias\/#\/schema\/person\/b2b1a89d43ffa609e591f7df8ef3e817\",\"name\":\"gaprsa\",\"image\":{\"@type\":\"ImageObject\",\"inLanguage\":\"es\",\"@id\":\"https:\/\/www.ull.es\/portal\/noticias\/#\/schema\/person\/image\/\",\"url\":\"https:\/\/secure.gravatar.com\/avatar\/443820550921091458b4823867723b3d?s=96&d=mm&r=g\",\"contentUrl\":\"https:\/\/secure.gravatar.com\/avatar\/443820550921091458b4823867723b3d?s=96&d=mm&r=g\",\"caption\":\"gaprsa\"},\"url\":\"https:\/\/www.ull.es\/portal\/noticias\/author\/gaprsa\/\"}]}<\/script>\n<!-- \/ Yoast SEO plugin. -->","yoast_head_json":{"title":"El Cabildo refuerza su cooperaci\u00f3n con la internacionalizaci\u00f3n de la Universidad de La Laguna - ULL - Noticias","robots":{"index":"index","follow":"follow","max-snippet":"max-snippet:-1","max-image-preview":"max-image-preview:large","max-video-preview":"max-video-preview:-1"},"canonical":"https:\/\/www.ull.es\/portal\/noticias\/2022\/el-cabildo-refuerza-su-cooperacion-con-la-internacionalizacion-de-la-universidad-de-la-laguna\/","og_locale":"es_ES","og_type":"article","og_title":"El Cabildo refuerza su cooperaci\u00f3n con la internacionalizaci\u00f3n de la Universidad de La Laguna - ULL - Noticias","og_description":"La vicerrectora de Proyecci\u00f3n, Internacionalizaci\u00f3n y Cooperaci\u00f3n, Lidia Cabrera, se ha reunido recientemente con la consejera de Educaci\u00f3n del Cabildo...","og_url":"https:\/\/www.ull.es\/portal\/noticias\/2022\/el-cabildo-refuerza-su-cooperacion-con-la-internacionalizacion-de-la-universidad-de-la-laguna\/","og_site_name":"ULL - Noticias","article_publisher":"https:\/\/www.facebook.com\/universidaddelalaguna\/","article_published_time":"2022-03-09T11:34:32+00:00","article_modified_time":"2022-03-09T11:52:16+00:00","og_image":[{"width":1600,"height":1200,"url":"https:\/\/www.ull.es\/portal\/noticias\/wp-content\/uploads\/sites\/13\/2022\/03\/vicerrectora-consejera-cabildo.jpg","type":"image\/jpeg"}],"author":"gaprsa","twitter_card":"summary_large_image","twitter_creator":"@CanalULL","twitter_site":"@CanalULL","twitter_misc":{"Escrito por":"gaprsa","Tiempo de lectura":"3 minutos"},"schema":{"@context":"https:\/\/schema.org","@graph":[{"@type":"WebPage","@id":"https:\/\/www.ull.es\/portal\/noticias\/2022\/el-cabildo-refuerza-su-cooperacion-con-la-internacionalizacion-de-la-universidad-de-la-laguna\/","url":"https:\/\/www.ull.es\/portal\/noticias\/2022\/el-cabildo-refuerza-su-cooperacion-con-la-internacionalizacion-de-la-universidad-de-la-laguna\/","name":"El Cabildo refuerza su cooperaci\u00f3n con la internacionalizaci\u00f3n de la Universidad de La Laguna - ULL - Noticias","isPartOf":{"@id":"https:\/\/www.ull.es\/portal\/noticias\/#website"},"datePublished":"2022-03-09T11:34:32+00:00","dateModified":"2022-03-09T11:52:16+00:00","author":{"@id":"https:\/\/www.ull.es\/portal\/noticias\/#\/schema\/person\/b2b1a89d43ffa609e591f7df8ef3e817"},"breadcrumb":{"@id":"https:\/\/www.ull.es\/portal\/noticias\/2022\/el-cabildo-refuerza-su-cooperacion-con-la-internacionalizacion-de-la-universidad-de-la-laguna\/#breadcrumb"},"inLanguage":"es","potentialAction":[{"@type":"ReadAction","target":["https:\/\/www.ull.es\/portal\/noticias\/2022\/el-cabildo-refuerza-su-cooperacion-con-la-internacionalizacion-de-la-universidad-de-la-laguna\/"]}]},{"@type":"BreadcrumbList","@id":"https:\/\/www.ull.es\/portal\/noticias\/2022\/el-cabildo-refuerza-su-cooperacion-con-la-internacionalizacion-de-la-universidad-de-la-laguna\/#breadcrumb","itemListElement":[{"@type":"ListItem","position":1,"name":"Portada","item":"https:\/\/www.ull.es\/portal\/noticias\/"},{"@type":"ListItem","position":2,"name":"El Cabildo refuerza su cooperaci\u00f3n con la internacionalizaci\u00f3n de la Universidad de La Laguna"}]},{"@type":"WebSite","@id":"https:\/\/www.ull.es\/portal\/noticias\/#website","url":"https:\/\/www.ull.es\/portal\/noticias\/","name":"ULL - Noticias","description":"","potentialAction":[{"@type":"SearchAction","target":{"@type":"EntryPoint","urlTemplate":"https:\/\/www.ull.es\/portal\/noticias\/?s={search_term_string}"},"query-input":"required name=search_term_string"}],"inLanguage":"es"},{"@type":"Person","@id":"https:\/\/www.ull.es\/portal\/noticias\/#\/schema\/person\/b2b1a89d43ffa609e591f7df8ef3e817","name":"gaprsa","image":{"@type":"ImageObject","inLanguage":"es","@id":"https:\/\/www.ull.es\/portal\/noticias\/#\/schema\/person\/image\/","url":"https:\/\/secure.gravatar.com\/avatar\/443820550921091458b4823867723b3d?s=96&d=mm&r=g","contentUrl":"https:\/\/secure.gravatar.com\/avatar\/443820550921091458b4823867723b3d?s=96&d=mm&r=g","caption":"gaprsa"},"url":"https:\/\/www.ull.es\/portal\/noticias\/author\/gaprsa\/"}]}},"primary_category":{"id":345,"name":"Destacado","slug":"destacado","link":"https:\/\/www.ull.es\/portal\/noticias\/category\/destacado\/"},"featured_image_thumbnail_url":"https:\/\/www.ull.es\/portal\/noticias\/wp-content\/uploads\/sites\/13\/2022\/03\/vicerrectora-consejera-cabildo-300x225.jpg","_links":{"self":[{"href":"https:\/\/www.ull.es\/portal\/noticias\/wp-json\/wp\/v2\/posts\/61364"}],"collection":[{"href":"https:\/\/www.ull.es\/portal\/noticias\/wp-json\/wp\/v2\/posts"}],"about":[{"href":"https:\/\/www.ull.es\/portal\/noticias\/wp-json\/wp\/v2\/types\/post"}],"author":[{"embeddable":true,"href":"https:\/\/www.ull.es\/portal\/noticias\/wp-json\/wp\/v2\/users\/23"}],"replies":[{"embeddable":true,"href":"https:\/\/www.ull.es\/portal\/noticias\/wp-json\/wp\/v2\/comments?post=61364"}],"version-history":[{"count":2,"href":"https:\/\/www.ull.es\/portal\/noticias\/wp-json\/wp\/v2\/posts\/61364\/revisions"}],"predecessor-version":[{"id":61367,"href":"https:\/\/www.ull.es\/portal\/noticias\/wp-json\/wp\/v2\/posts\/61364\/revisions\/61367"}],"wp:featuredmedia":[{"embeddable":true,"href":"https:\/\/www.ull.es\/portal\/noticias\/wp-json\/wp\/v2\/media\/61366"}],"wp:attachment":[{"href":"https:\/\/www.ull.es\/portal\/noticias\/wp-json\/wp\/v2\/media?parent=61364"}],"wp:term":[{"taxonomy":"category","embeddable":true,"href":"https:\/\/www.ull.es\/portal\/noticias\/wp-json\/wp\/v2\/categories?post=61364"},{"taxonomy":"post_tag","embeddable":true,"href":"https:\/\/www.ull.es\/portal\/noticias\/wp-json\/wp\/v2\/tags?post=61364"}],"curies":[{"name":"wp","href":"https:\/\/api.w.org\/{rel}","templated":true}]}}