{"id":61546,"date":"2022-03-16T13:12:58","date_gmt":"2022-03-16T13:12:58","guid":{"rendered":"https:\/\/www.ull.es\/portal\/noticias\/?p=61546"},"modified":"2022-03-16T13:12:58","modified_gmt":"2022-03-16T13:12:58","slug":"alumnado-derecho-asistir-telematicamente-juicios","status":"publish","type":"post","link":"https:\/\/www.ull.es\/portal\/noticias\/2022\/alumnado-derecho-asistir-telematicamente-juicios\/","title":{"rendered":"Un proyecto pionero de la Facultad de Derecho de la ULL permite a su alumnado asistir telem\u00e1ticamente a juicios"},"content":{"rendered":"<p>La Facultad de Derecho de la Universidad de La Laguna ha puesto en marcha desde febrero de este a\u00f1o un proyecto pionero en Espa\u00f1a que facilita a su alumnado de pr\u00e1cticas externas presenciar en directo juicios reales mediante videoconferencia. La iniciativa ha sido posible gracias al acuerdo adoptado por la Sala de Gobierno del Tribunal Superior de Justicia de Canarias.<\/p>\n<p>Esta iniciativa forma parte de un proyecto de innovaci\u00f3n y transferencia educativa convocado por el Vicerrectorado de Innovaci\u00f3n Docente y Calidad, titulado \u00abPr\u00e1cticas externas en juzgados y tribunales en la era postcovid\u00bb. Y es que, como explica una de sus responsables, la profesora titular de Derecho Procesal Alicia Gonz\u00e1lez Navarro, esta metodolog\u00eda suple una carencia formativa surgida a causa de la pandemia: hasta 2020, el alumnado de la Facultad de Derecho acud\u00eda presencialmente a las salas de justica como parte de su formaci\u00f3n pr\u00e1ctica, pero las medidas de seguridad sanitaria interrumpieron ese acceso.<\/p>\n<p>Gracias a este proyecto, hasta ahora, el alumnado ha podido ver en directo juicios de la Secci\u00f3n 6\u00aa de la Audiencia Provincial y del Juzgado de lo Penal n\u00famero 2 de Santa Cruz de Tenerife, si bien en las pr\u00f3ximas semanas tambi\u00e9n est\u00e1 previsto que se conecten con distintos Juzgado de Primera Instancia.<\/p>\n<p>Una ventaja de este procedimiento es que permite que se conecten a la vez hasta un centenar de estudiantes, mientras que de manera presencial lo m\u00e1ximo permitido eran doce por sala. La profesora explica que la asignatura va m\u00e1s all\u00e1 de la mera observaci\u00f3n pasiva de cada vista, pues a su t\u00e9rmino, tanto los magistrados, fiscales, letrados de la administraci\u00f3n de justicia y abogados, como las profesoras implicadas, explican las actuaciones y responden las preguntas del alumnado.<\/p>\n<p>Adicionalmente, la profesora Gonz\u00e1lez Navarro a\u00f1ade que se est\u00e1 intentando contar con una base de datos de vistas reales grabadas, que si bien, por una parte, carecen de las ventajas del directo, por otra, permitir\u00edan al profesorado de la asignatura detener la reproducci\u00f3n cuando quisiera para explicar aspectos procedimentales concretos.<\/p>\n<p>Hasta la fecha, esta iniciativa es la primera de estas caracter\u00edsticas que se estaba desarrollando en Espa\u00f1a, si bien alguna instituci\u00f3n madrile\u00f1a va a comenzar a desarrollar una actividad similar en breve. Como explica la responsable del proyecto, lograr este apoyo telem\u00e1tico ha sido una gran noticia, habida cuenta que la asignatura de pr\u00e1cticas externas es muy importante, con una carga lectiva de 12 cr\u00e9ditos, 6 de los cuales deben cumplirse mediante la asistencia a vistas de tribunales y la presentaci\u00f3n de una memoria sobre la experiencia.<\/p>\n<p>Adem\u00e1s de Gonz\u00e1lez Navarro, imparten la asignatura las profesoras Juana Pilar Rodr\u00edguez P\u00e9rez, Diana Marrero Guanche y tambi\u00e9n Ana Teresa Afonso Barrera. El desarrollo de la asignatura les supone un esfuerzo log\u00edstico, ya que una de las docentes debe acudir de manera presencial al juzgado con una c\u00e1mara y un ordenador para iniciar la videoconferencia a la que se conecta el alumnado.<\/p>\n<p>Navarro cree que el sistema telem\u00e1tico ofrece muchas ventajas, dado que permite la asistencia de una gran cantidad de estudiantes simult\u00e1neamente en cada vista, pero cree que aun as\u00ed el alumnado echar\u00e1 en falta algunos aspectos de la experiencia de acudir en persona a la sala, por lo que estima que en el futuro la asignatura se articular\u00e1 de manera mixta, intentando aprovechar las ventajas tanto de lo presencial como de lo telem\u00e1tico.<\/p>\n","protected":false},"excerpt":{"rendered":"<p>La Facultad de Derecho de la Universidad de La Laguna ha puesto en marcha desde febrero de este a\u00f1o un&#8230;<\/p>\n","protected":false},"author":21,"featured_media":61547,"comment_status":"closed","ping_status":"closed","sticky":false,"template":"","format":"standard","meta":{"inline_featured_image":false,"footnotes":""},"categories":[345,346,3799,2765],"tags":[4366,8382,8381,1220,6443,8380,8383,8379,2134],"acf":[],"yoast_head":"<!-- This site is optimized with the Yoast SEO plugin v21.3 - https:\/\/yoast.com\/wordpress\/plugins\/seo\/ -->\n<title>El alumnado de Derecho de la ULL asiste telem\u00e1ticamente a juicios<\/title>\n<meta name=\"description\" content=\"De este modo se solventa la restricci\u00f3n del acceso a los juzgados por la Covid-19 que estaba afectando a la asignatura de pr\u00e1cticas externas.\" \/>\n<meta name=\"robots\" content=\"index, follow, max-snippet:-1, max-image-preview:large, max-video-preview:-1\" \/>\n<link rel=\"canonical\" href=\"https:\/\/www.ull.es\/portal\/noticias\/2022\/alumnado-derecho-asistir-telematicamente-juicios\/\" \/>\n<meta property=\"og:locale\" content=\"es_ES\" \/>\n<meta property=\"og:type\" content=\"article\" \/>\n<meta property=\"og:title\" content=\"El alumnado de Derecho de la ULL asiste telem\u00e1ticamente a juicios\" \/>\n<meta property=\"og:description\" content=\"De este modo se solventa la restricci\u00f3n del acceso a los juzgados por la Covid-19 que estaba afectando a la asignatura de pr\u00e1cticas externas.\" \/>\n<meta property=\"og:url\" content=\"https:\/\/www.ull.es\/portal\/noticias\/2022\/alumnado-derecho-asistir-telematicamente-juicios\/\" \/>\n<meta property=\"og:site_name\" content=\"ULL - Noticias\" \/>\n<meta property=\"article:publisher\" content=\"https:\/\/www.facebook.com\/universidaddelalaguna\/\" \/>\n<meta property=\"article:published_time\" content=\"2022-03-16T13:12:58+00:00\" \/>\n<meta property=\"og:image\" content=\"https:\/\/www.ull.es\/portal\/noticias\/wp-content\/uploads\/sites\/13\/2022\/03\/practicas-juzgados-online.jpg\" \/>\n\t<meta property=\"og:image:width\" content=\"1200\" \/>\n\t<meta property=\"og:image:height\" content=\"800\" \/>\n\t<meta property=\"og:image:type\" content=\"image\/jpeg\" \/>\n<meta name=\"author\" content=\"prensa2\" \/>\n<meta name=\"twitter:card\" content=\"summary_large_image\" \/>\n<meta name=\"twitter:creator\" content=\"@CanalULL\" \/>\n<meta name=\"twitter:site\" content=\"@CanalULL\" \/>\n<meta name=\"twitter:label1\" content=\"Escrito por\" \/>\n\t<meta name=\"twitter:data1\" content=\"prensa2\" \/>\n\t<meta name=\"twitter:label2\" content=\"Tiempo de lectura\" \/>\n\t<meta name=\"twitter:data2\" content=\"3 minutos\" \/>\n<script type=\"application\/ld+json\" class=\"yoast-schema-graph\">{\"@context\":\"https:\/\/schema.org\",\"@graph\":[{\"@type\":\"WebPage\",\"@id\":\"https:\/\/www.ull.es\/portal\/noticias\/2022\/alumnado-derecho-asistir-telematicamente-juicios\/\",\"url\":\"https:\/\/www.ull.es\/portal\/noticias\/2022\/alumnado-derecho-asistir-telematicamente-juicios\/\",\"name\":\"El alumnado de Derecho de la ULL asiste telem\u00e1ticamente a juicios\",\"isPartOf\":{\"@id\":\"https:\/\/www.ull.es\/portal\/noticias\/#website\"},\"datePublished\":\"2022-03-16T13:12:58+00:00\",\"dateModified\":\"2022-03-16T13:12:58+00:00\",\"author\":{\"@id\":\"https:\/\/www.ull.es\/portal\/noticias\/#\/schema\/person\/c3b2aa857797592927a03740d6664376\"},\"description\":\"De este modo se solventa la restricci\u00f3n del acceso a los juzgados por la Covid-19 que estaba afectando a la asignatura de pr\u00e1cticas externas.\",\"breadcrumb\":{\"@id\":\"https:\/\/www.ull.es\/portal\/noticias\/2022\/alumnado-derecho-asistir-telematicamente-juicios\/#breadcrumb\"},\"inLanguage\":\"es\",\"potentialAction\":[{\"@type\":\"ReadAction\",\"target\":[\"https:\/\/www.ull.es\/portal\/noticias\/2022\/alumnado-derecho-asistir-telematicamente-juicios\/\"]}]},{\"@type\":\"BreadcrumbList\",\"@id\":\"https:\/\/www.ull.es\/portal\/noticias\/2022\/alumnado-derecho-asistir-telematicamente-juicios\/#breadcrumb\",\"itemListElement\":[{\"@type\":\"ListItem\",\"position\":1,\"name\":\"Portada\",\"item\":\"https:\/\/www.ull.es\/portal\/noticias\/\"},{\"@type\":\"ListItem\",\"position\":2,\"name\":\"Un proyecto pionero de la Facultad de Derecho de la ULL permite a su alumnado asistir telem\u00e1ticamente a juicios\"}]},{\"@type\":\"WebSite\",\"@id\":\"https:\/\/www.ull.es\/portal\/noticias\/#website\",\"url\":\"https:\/\/www.ull.es\/portal\/noticias\/\",\"name\":\"ULL - Noticias\",\"description\":\"\",\"potentialAction\":[{\"@type\":\"SearchAction\",\"target\":{\"@type\":\"EntryPoint\",\"urlTemplate\":\"https:\/\/www.ull.es\/portal\/noticias\/?s={search_term_string}\"},\"query-input\":\"required name=search_term_string\"}],\"inLanguage\":\"es\"},{\"@type\":\"Person\",\"@id\":\"https:\/\/www.ull.es\/portal\/noticias\/#\/schema\/person\/c3b2aa857797592927a03740d6664376\",\"name\":\"prensa2\",\"image\":{\"@type\":\"ImageObject\",\"inLanguage\":\"es\",\"@id\":\"https:\/\/www.ull.es\/portal\/noticias\/#\/schema\/person\/image\/\",\"url\":\"https:\/\/secure.gravatar.com\/avatar\/b58f310a5de5feb33d1e026d2493f23c?s=96&d=mm&r=g\",\"contentUrl\":\"https:\/\/secure.gravatar.com\/avatar\/b58f310a5de5feb33d1e026d2493f23c?s=96&d=mm&r=g\",\"caption\":\"prensa2\"},\"url\":\"https:\/\/www.ull.es\/portal\/noticias\/author\/prensa2\/\"}]}<\/script>\n<!-- \/ Yoast SEO plugin. -->","yoast_head_json":{"title":"El alumnado de Derecho de la ULL asiste telem\u00e1ticamente a juicios","description":"De este modo se solventa la restricci\u00f3n del acceso a los juzgados por la Covid-19 que estaba afectando a la asignatura de pr\u00e1cticas externas.","robots":{"index":"index","follow":"follow","max-snippet":"max-snippet:-1","max-image-preview":"max-image-preview:large","max-video-preview":"max-video-preview:-1"},"canonical":"https:\/\/www.ull.es\/portal\/noticias\/2022\/alumnado-derecho-asistir-telematicamente-juicios\/","og_locale":"es_ES","og_type":"article","og_title":"El alumnado de Derecho de la ULL asiste telem\u00e1ticamente a juicios","og_description":"De este modo se solventa la restricci\u00f3n del acceso a los juzgados por la Covid-19 que estaba afectando a la asignatura de pr\u00e1cticas externas.","og_url":"https:\/\/www.ull.es\/portal\/noticias\/2022\/alumnado-derecho-asistir-telematicamente-juicios\/","og_site_name":"ULL - Noticias","article_publisher":"https:\/\/www.facebook.com\/universidaddelalaguna\/","article_published_time":"2022-03-16T13:12:58+00:00","og_image":[{"width":1200,"height":800,"url":"https:\/\/www.ull.es\/portal\/noticias\/wp-content\/uploads\/sites\/13\/2022\/03\/practicas-juzgados-online.jpg","type":"image\/jpeg"}],"author":"prensa2","twitter_card":"summary_large_image","twitter_creator":"@CanalULL","twitter_site":"@CanalULL","twitter_misc":{"Escrito por":"prensa2","Tiempo de lectura":"3 minutos"},"schema":{"@context":"https:\/\/schema.org","@graph":[{"@type":"WebPage","@id":"https:\/\/www.ull.es\/portal\/noticias\/2022\/alumnado-derecho-asistir-telematicamente-juicios\/","url":"https:\/\/www.ull.es\/portal\/noticias\/2022\/alumnado-derecho-asistir-telematicamente-juicios\/","name":"El alumnado de Derecho de la ULL asiste telem\u00e1ticamente a juicios","isPartOf":{"@id":"https:\/\/www.ull.es\/portal\/noticias\/#website"},"datePublished":"2022-03-16T13:12:58+00:00","dateModified":"2022-03-16T13:12:58+00:00","author":{"@id":"https:\/\/www.ull.es\/portal\/noticias\/#\/schema\/person\/c3b2aa857797592927a03740d6664376"},"description":"De este modo se solventa la restricci\u00f3n del acceso a los juzgados por la Covid-19 que estaba afectando a la asignatura de pr\u00e1cticas externas.","breadcrumb":{"@id":"https:\/\/www.ull.es\/portal\/noticias\/2022\/alumnado-derecho-asistir-telematicamente-juicios\/#breadcrumb"},"inLanguage":"es","potentialAction":[{"@type":"ReadAction","target":["https:\/\/www.ull.es\/portal\/noticias\/2022\/alumnado-derecho-asistir-telematicamente-juicios\/"]}]},{"@type":"BreadcrumbList","@id":"https:\/\/www.ull.es\/portal\/noticias\/2022\/alumnado-derecho-asistir-telematicamente-juicios\/#breadcrumb","itemListElement":[{"@type":"ListItem","position":1,"name":"Portada","item":"https:\/\/www.ull.es\/portal\/noticias\/"},{"@type":"ListItem","position":2,"name":"Un proyecto pionero de la Facultad de Derecho de la ULL permite a su alumnado asistir telem\u00e1ticamente a juicios"}]},{"@type":"WebSite","@id":"https:\/\/www.ull.es\/portal\/noticias\/#website","url":"https:\/\/www.ull.es\/portal\/noticias\/","name":"ULL - Noticias","description":"","potentialAction":[{"@type":"SearchAction","target":{"@type":"EntryPoint","urlTemplate":"https:\/\/www.ull.es\/portal\/noticias\/?s={search_term_string}"},"query-input":"required name=search_term_string"}],"inLanguage":"es"},{"@type":"Person","@id":"https:\/\/www.ull.es\/portal\/noticias\/#\/schema\/person\/c3b2aa857797592927a03740d6664376","name":"prensa2","image":{"@type":"ImageObject","inLanguage":"es","@id":"https:\/\/www.ull.es\/portal\/noticias\/#\/schema\/person\/image\/","url":"https:\/\/secure.gravatar.com\/avatar\/b58f310a5de5feb33d1e026d2493f23c?s=96&d=mm&r=g","contentUrl":"https:\/\/secure.gravatar.com\/avatar\/b58f310a5de5feb33d1e026d2493f23c?s=96&d=mm&r=g","caption":"prensa2"},"url":"https:\/\/www.ull.es\/portal\/noticias\/author\/prensa2\/"}]}},"primary_category":{"id":345,"name":"Destacado","slug":"destacado","link":"https:\/\/www.ull.es\/portal\/noticias\/category\/destacado\/"},"featured_image_thumbnail_url":"https:\/\/www.ull.es\/portal\/noticias\/wp-content\/uploads\/sites\/13\/2022\/03\/practicas-juzgados-online-300x200.jpg","_links":{"self":[{"href":"https:\/\/www.ull.es\/portal\/noticias\/wp-json\/wp\/v2\/posts\/61546"}],"collection":[{"href":"https:\/\/www.ull.es\/portal\/noticias\/wp-json\/wp\/v2\/posts"}],"about":[{"href":"https:\/\/www.ull.es\/portal\/noticias\/wp-json\/wp\/v2\/types\/post"}],"author":[{"embeddable":true,"href":"https:\/\/www.ull.es\/portal\/noticias\/wp-json\/wp\/v2\/users\/21"}],"replies":[{"embeddable":true,"href":"https:\/\/www.ull.es\/portal\/noticias\/wp-json\/wp\/v2\/comments?post=61546"}],"version-history":[{"count":1,"href":"https:\/\/www.ull.es\/portal\/noticias\/wp-json\/wp\/v2\/posts\/61546\/revisions"}],"predecessor-version":[{"id":61548,"href":"https:\/\/www.ull.es\/portal\/noticias\/wp-json\/wp\/v2\/posts\/61546\/revisions\/61548"}],"wp:featuredmedia":[{"embeddable":true,"href":"https:\/\/www.ull.es\/portal\/noticias\/wp-json\/wp\/v2\/media\/61547"}],"wp:attachment":[{"href":"https:\/\/www.ull.es\/portal\/noticias\/wp-json\/wp\/v2\/media?parent=61546"}],"wp:term":[{"taxonomy":"category","embeddable":true,"href":"https:\/\/www.ull.es\/portal\/noticias\/wp-json\/wp\/v2\/categories?post=61546"},{"taxonomy":"post_tag","embeddable":true,"href":"https:\/\/www.ull.es\/portal\/noticias\/wp-json\/wp\/v2\/tags?post=61546"}],"curies":[{"name":"wp","href":"https:\/\/api.w.org\/{rel}","templated":true}]}}