{"id":61570,"date":"2022-03-18T13:05:44","date_gmt":"2022-03-18T13:05:44","guid":{"rendered":"https:\/\/www.ull.es\/portal\/noticias\/?p=61570"},"modified":"2022-03-18T13:05:44","modified_gmt":"2022-03-18T13:05:44","slug":"universidades-canarias-papel-transformador-estabilidad-financiera","status":"publish","type":"post","link":"https:\/\/www.ull.es\/portal\/noticias\/2022\/universidades-canarias-papel-transformador-estabilidad-financiera\/","title":{"rendered":"Las universidades canarias ponen en valor su papel transformador y piden estabilidad financiera  \u00a0"},"content":{"rendered":"<p>Los rectores de las universidades p\u00fablicas canarias, Rosa Aguilar (ULL) y Llu\u00eds Serra (ULPGC), han comparecido hoy, viernes 18 de marzo, ante la Comisi\u00f3n de Educaci\u00f3n, Universidades, Cultura y Deportes del Parlamento de Canarias, a solicitud del Grupo Popular, para exponer planes de trabajo, desaf\u00edos y retos de futuro de las universidades canarias.<\/p>\n<p style=\"text-align: center\"><a href=\"https:\/\/drive.google.com\/drive\/folders\/12dC7RJj1yJXFC_ZnuNtM1-jXslHdWOHI?usp=sharing\" target=\"_blank\" rel=\"noopener\" target=\"_blank\" rel=\"noopener\"><strong>Galer\u00eda de im\u00e1genes<\/strong><\/a><\/p>\n<p>En su intervenci\u00f3n, ambos rectores han puesto en valor el papel de las universidades como ejes centrales de la creaci\u00f3n del conocimiento que se transfiere a la sociedad, de vital importancia en un contexto de retos sociales, econ\u00f3micos y ambientales como a los que nos enfrentamos en la actualidad. Las universidades no s\u00f3lo pueden ser la palanca de transformaci\u00f3n econ\u00f3mica de Canarias, sino que son las instituciones donde se est\u00e1n formando los ciudadanos y ciudadanas cualificados del futuro que permitir\u00e1n el avance del Archipi\u00e9lago.<\/p>\n<p>Los rectores tambi\u00e9n se han referido a las necesidades de sus instituciones y han hecho hincapi\u00e9 en la negociaci\u00f3n de un contrato-programa con el Gobierno de Canarias, que establezca la financiaci\u00f3n plurianual de las universidades p\u00fablicas canarias, en el que aparte de los par\u00e1metros m\u00e1s cl\u00e1sicos de personal, titulaciones y estudiantado, se tengan en cuenta otros como la digitalizaci\u00f3n de procesos y servicios, teleformaci\u00f3n, eficiencia en la gesti\u00f3n o diferencia con la financiaci\u00f3n p\u00fablica estatal media por estudiante.<\/p>\n<p>Aguilar y Serra han elaborado un documento conjunto que consta de una primera parte referida a la financiaci\u00f3n y una segunda sobre investigaci\u00f3n.<\/p>\n<div id=\"attachment_61597\" style=\"width: 210px\" class=\"wp-caption alignleft\"><a href=\"https:\/\/www.ull.es\/portal\/noticias\/wp-content\/uploads\/sites\/13\/2022\/03\/parlamento-005.jpg\" target=\"_blank\" rel=\"noopener\" target=\"_blank\" rel=\"noopener\"><img aria-describedby=\"caption-attachment-61597\" decoding=\"async\" loading=\"lazy\" class=\"wp-image-61597 size-medium\" src=\"https:\/\/www.ull.es\/portal\/noticias\/wp-content\/uploads\/sites\/13\/2022\/03\/parlamento-005-200x300.jpg\" alt=\"Rosa Aguilar (ULL)\" width=\"200\" height=\"300\" srcset=\"https:\/\/www.ull.es\/portal\/noticias\/wp-content\/uploads\/sites\/13\/2022\/03\/parlamento-005-200x300.jpg 200w, https:\/\/www.ull.es\/portal\/noticias\/wp-content\/uploads\/sites\/13\/2022\/03\/parlamento-005-683x1024.jpg 683w, https:\/\/www.ull.es\/portal\/noticias\/wp-content\/uploads\/sites\/13\/2022\/03\/parlamento-005-768x1152.jpg 768w, https:\/\/www.ull.es\/portal\/noticias\/wp-content\/uploads\/sites\/13\/2022\/03\/parlamento-005-375x563.jpg 375w, https:\/\/www.ull.es\/portal\/noticias\/wp-content\/uploads\/sites\/13\/2022\/03\/parlamento-005-750x1125.jpg 750w, https:\/\/www.ull.es\/portal\/noticias\/wp-content\/uploads\/sites\/13\/2022\/03\/parlamento-005.jpg 800w\" sizes=\"(max-width: 200px) 100vw, 200px\" \/><\/a><p id=\"caption-attachment-61597\" class=\"wp-caption-text\">Rosa Aguilar (ULL)<\/p><\/div>\n<p><strong>La financiaci\u00f3n estructural, en ca\u00edda<\/strong><\/p>\n<p>En el aspecto financiero, los rectores indicaron que es muy necesaria una evaluaci\u00f3n previa de la situaci\u00f3n actual de la financiaci\u00f3n del servicio p\u00fablico de educaci\u00f3n superior, dado que a pesar del esfuerzo en mejorar la partida presupuestaria para la financiaci\u00f3n de las infraestructuras universitarias, que crece para 2022 en 1.227.500 euros, la financiaci\u00f3n estructural no hace sino decrecer ya que los incrementos previstos no cubren las verdaderas necesidades de financiaci\u00f3n de ambas universidades.<\/p>\n<p>Queda reflejado, por ejemplo, en que en 2022 a pesar de contar una partida para gastos de funcionamiento que crece un 0,76% no ha cubierto los incrementos retributivos de su personal del el 0,9% de 2021 ni el 2% de 2022.<\/p>\n<p>Las dos universidades p\u00fablicas canarias han visto reducida su participaci\u00f3n en los presupuestos de la Consejer\u00eda de Educaci\u00f3n, Universidades, Cultura y Deportes a lo largo de estos \u00faltimos a\u00f1os. Paulatinamente la Consejer\u00eda ha ido destinando un menor porcentaje de su presupuesto global a la educaci\u00f3n superior universitaria.<\/p>\n<p>En el a\u00f1o 2018 la suma de los cr\u00e9ditos destinados a ambas universidades supon\u00eda el 13,87% del presupuesto total de la Consejer\u00eda de Educaci\u00f3n, Universidades. Cultura y Deportes. Este porcentaje se ha reducido hasta el 11,43% en el a\u00f1o 2022. De no haberse producido esta ca\u00edda las dos universidades canarias hubieran recibido un total de 52 millones de euros m\u00e1s en el a\u00f1o 2022. Adem\u00e1s, de acuerdo con los datos de la Fundaci\u00f3n CYD, la financiaci\u00f3n de las universidades p\u00fablicas canarias en relaci\u00f3n al n\u00famero de estudiantes se sit\u00faa unos 1000 euros\/estudiante, por debajo de la media nacional.<\/p>\n<p>Por otra parte, se est\u00e1 registrando un paulatino aumento del precio de otros bienes y servicios que est\u00e1 asfixiando la capacidad de ambas universidades para hacer frente a sus necesidades. Por ejemplo, en la electricidad, la ULL ha aumentado el gasto de 1,3 millones anuales a unos 3,2 millones al a\u00f1o; y la ULPGC sufrir\u00e1 un defecto de financiaci\u00f3n de 1,94 millones.<\/p>\n<p>Los rectores indicaron que la restricci\u00f3n econ\u00f3mica impide a ambas universidades asumir una pol\u00edtica de impulso decidida por mejorar la calidad de la educaci\u00f3n superior en las islas, el mantenimiento estructural de las infraestructuras, la mejora de la gesti\u00f3n y el adecuado impulso a la docencia y la investigaci\u00f3n.<\/p>\n<p>Llu\u00eds Serra y Rosa Aguilar a\u00f1adieron que tambi\u00e9n es necesario acometer mejoras de los espacios docentes y para la calidad de la investigaci\u00f3n y docencia, como los laboratorios y otros espacios similares, cubriendo las necesidades para Planes de Inversi\u00f3n en Infraestructuras en el pr\u00f3ximo quinquenio.<\/p>\n<div id=\"attachment_61598\" style=\"width: 210px\" class=\"wp-caption alignright\"><a href=\"https:\/\/www.ull.es\/portal\/noticias\/wp-content\/uploads\/sites\/13\/2022\/03\/parlamento-006.jpg\" target=\"_blank\" rel=\"noopener\" target=\"_blank\" rel=\"noopener\"><img aria-describedby=\"caption-attachment-61598\" decoding=\"async\" loading=\"lazy\" class=\"wp-image-61598 size-medium\" src=\"https:\/\/www.ull.es\/portal\/noticias\/wp-content\/uploads\/sites\/13\/2022\/03\/parlamento-006-200x300.jpg\" alt=\"Llu\u00eds Serra (ULPGC)\" width=\"200\" height=\"300\" srcset=\"https:\/\/www.ull.es\/portal\/noticias\/wp-content\/uploads\/sites\/13\/2022\/03\/parlamento-006-200x300.jpg 200w, https:\/\/www.ull.es\/portal\/noticias\/wp-content\/uploads\/sites\/13\/2022\/03\/parlamento-006-683x1024.jpg 683w, https:\/\/www.ull.es\/portal\/noticias\/wp-content\/uploads\/sites\/13\/2022\/03\/parlamento-006-768x1152.jpg 768w, https:\/\/www.ull.es\/portal\/noticias\/wp-content\/uploads\/sites\/13\/2022\/03\/parlamento-006-375x563.jpg 375w, https:\/\/www.ull.es\/portal\/noticias\/wp-content\/uploads\/sites\/13\/2022\/03\/parlamento-006-750x1125.jpg 750w, https:\/\/www.ull.es\/portal\/noticias\/wp-content\/uploads\/sites\/13\/2022\/03\/parlamento-006.jpg 800w\" sizes=\"(max-width: 200px) 100vw, 200px\" \/><\/a><p id=\"caption-attachment-61598\" class=\"wp-caption-text\">Llu\u00eds Serra (ULPGC)<\/p><\/div>\n<p><strong>Dos bater\u00edas de actuaciones<\/strong><\/p>\n<p>Por todo ello, las dos universidades p\u00fablicas canarias, de manera conjunta, proponen al Gobierno de Canarias dos bater\u00edas de actuaciones: una de car\u00e1cter inmediato que atienda a la necesidad coyuntural debida a la pandemia y las consecuencias de la guerra en Ucrania, y otra estructural que esencialmente se plasmar\u00eda en el futuro contrato-programa.<\/p>\n<p>En las medidas coyunturales para 2022 y 2023 se solicitan fondos que pal\u00eden el sobrecoste energ\u00e9tico que se est\u00e1 padeciendo y, de otra parte, conceder permiso a las dos universidades, de forma puntual, para usar los remanentes de tesorer\u00eda para gastos generales que se han ido acumulando en pasados ejercicios con destino a gastos estructurales, permitiendo as\u00ed un d\u00e9ficit temporal que vendr\u00eda justificado, a nivel regional, por la suspensi\u00f3n de las reglas fiscales ya aceptada por la UE. Esta compensaci\u00f3n econ\u00f3mica para 2022 y 2023 se cifra en unos 5 millones anuales por universidad.<\/p>\n<p>Por lo que respecta a las medidas estructurales, como primera aproximaci\u00f3n al establecimiento de un futuro financiero sostenible, las universidades consideran la posibilidad de elevar al menos una d\u00e9cima el porcentaje de financiaci\u00f3n respecto al PIB, pasando de un 0.5% a un 0.6%, lo que supone un incremento de 47 Meuros aproximadamente para la financiaci\u00f3n del sistema p\u00fablico de universidades canario.<\/p>\n<p>Este incremento se podr\u00eda distribuir temporalmente a lo largo de la vigencia del contrato-programa, a partir de 2023, para poder acometer acciones concretas en cuatro grandes bloques para la mejora de la calidad educativa de las universidades p\u00fablicas canarias: mejora de la docencia, de la investigaci\u00f3n, un plan de financiaci\u00f3n de las infraestructuras universitarias y la mejora de la gesti\u00f3n y la eficiencia, lo cual supondr\u00eda la soluci\u00f3n a medio y largo plazo de la financiaci\u00f3n estable de las dos universidades.<\/p>\n<p><strong><a href=\"https:\/\/www.ull.es\/portal\/noticias\/wp-content\/uploads\/sites\/13\/2022\/03\/parlamento-004.jpg\" target=\"_blank\" rel=\"noopener\" target=\"_blank\" rel=\"noopener\"><img decoding=\"async\" loading=\"lazy\" class=\"alignleft wp-image-61599 size-medium\" src=\"https:\/\/www.ull.es\/portal\/noticias\/wp-content\/uploads\/sites\/13\/2022\/03\/parlamento-004-300x200.jpg\" alt=\"\" width=\"300\" height=\"200\" srcset=\"https:\/\/www.ull.es\/portal\/noticias\/wp-content\/uploads\/sites\/13\/2022\/03\/parlamento-004-300x200.jpg 300w, https:\/\/www.ull.es\/portal\/noticias\/wp-content\/uploads\/sites\/13\/2022\/03\/parlamento-004-1024x683.jpg 1024w, https:\/\/www.ull.es\/portal\/noticias\/wp-content\/uploads\/sites\/13\/2022\/03\/parlamento-004-768x512.jpg 768w, https:\/\/www.ull.es\/portal\/noticias\/wp-content\/uploads\/sites\/13\/2022\/03\/parlamento-004-375x250.jpg 375w, https:\/\/www.ull.es\/portal\/noticias\/wp-content\/uploads\/sites\/13\/2022\/03\/parlamento-004-750x500.jpg 750w, https:\/\/www.ull.es\/portal\/noticias\/wp-content\/uploads\/sites\/13\/2022\/03\/parlamento-004-1140x760.jpg 1140w, https:\/\/www.ull.es\/portal\/noticias\/wp-content\/uploads\/sites\/13\/2022\/03\/parlamento-004.jpg 1200w\" sizes=\"(max-width: 300px) 100vw, 300px\" \/><\/a>Investigaci\u00f3n y Transferencia <\/strong><\/p>\n<p>En el apartado de Investigaci\u00f3n y Transferencia se se\u00f1ala que las universidades p\u00fablicas canarias lideran, frente a cualquier otra empresa o administraci\u00f3n, recursos clave para la formaci\u00f3n de profesionales altamente cualificados en todas las esferas de la producci\u00f3n y, adem\u00e1s, se dispone de los medios t\u00e9cnicos necesarios para catalizar procesos relacionados con la transformaci\u00f3n digital, o el abordaje de los retos energ\u00e9ticos del futuro y de movilidad sostenible que inevitablemente afectan a Canarias.<\/p>\n<p>Los rectores afirman que la investigaci\u00f3n y generaci\u00f3n de conocimiento nuevo es, y debe seguir siendo, la raz\u00f3n de ser de la universidad, pues este es el hecho diferencial que la distingue de otras entidades que tambi\u00e9n ofrecen formaci\u00f3n. Este nuevo conocimiento no solamente servir\u00e1 para el propio progreso de la disciplina en la que se enmarque o para ser transferido de alg\u00fan modo al sector productivo y la sociedad en general, sino que tambi\u00e9n redundar\u00e1 en que la docencia impartida sea de mejor, dado que el profesorado podr\u00e1 ser capaz de transmitir de primera mano al alumnado sus descubrimientos. Es decir, el conocimiento m\u00e1s actualizado posible.<\/p>\n<p>La materia prima para generar ese conocimiento es el personal investigador. Contar con personas adecuadamente formadas que desarrollan en las instituciones universitarias una carrera como docentes-investigadores es uno de los elementos que aportan desde hace siglos prestigio y certifican la calidad y validez de estas instituciones.<\/p>\n<p>Las universidades p\u00fablicas canarias proponen, por un lado, llevar a cabo proyectos englobados en tres bloques: Infraestructura, Transformaci\u00f3n del Modelo Productivo y Transformaci\u00f3n Digital, a financiar con cargo a los Fondos de Recuperaci\u00f3n y Resiliencia del Programa Next Generation, que permitir\u00edan dar a los centros acad\u00e9micos el salto cualitativo necesario para ejercer el liderazgo en la transformaci\u00f3n del tejido productivo y la recuperaci\u00f3n.<\/p>\n<p>Por otro lado, se aboga por poner en marcha un Pacto Canarias por la I+D, que permita alcanzar en las islas la media espa\u00f1ola de inversi\u00f3n p\u00fablica en porcentaje del PIB (0,5%), durante el sexenio 2022 a 2027, mediante un incremento presupuestario anual de 10 M\u20ac\/a\u00f1o.<\/p>\n<p>El Pacto conllevar\u00eda compromisos econ\u00f3micos y pol\u00edticos concretos, y persigue dar estabilidad a medio plazo a los agentes del sistema canario de I+D y propiciar el salto de calidad en la inversi\u00f3n necesarios para su desarrollo. Con un horizonte de 6 a\u00f1os, que coincide con el del Programa Horizonte Europa, y alineado con los Objetivos de Desarrollo Sostenible, incluir\u00eda una serie de programas concretos cuyo \u00e9xito ya se ha probado a nivel nacional e internacional, involucrando al sector privado mediante medidas concretas que incentiven la inversi\u00f3n privada en I+D+i, que ahora mismo es la menor de toda Espa\u00f1a en Canarias en proporci\u00f3n del PIB (apenas un 0,09%).<\/p>\n<p>Entre los programas concretos se encuentran la atracci\u00f3n y retenci\u00f3n de talento de excelencia, un programa para potenciar la capacidad investigadora de los grupos con m\u00e1s potencial de excelencia, un programa de doctorados industriales para realizar tesis en empresas p\u00fablicas y privadas favoreciendo la transferencia de conocimiento universidad-sociedad, un programa de inversi\u00f3n en infraestructuras cient\u00edfico-t\u00e9cnicas, y el apoyo a alianzas internacionales en I+D+i coincidiendo con las fortalezas de Canarias, entre otros.<\/p>\n<p>Todo ello para revertir la situaci\u00f3n actual en donde Canarias est\u00e1 a la cola de Espa\u00f1a en inversi\u00f3n en I+D, y Espa\u00f1a a la cola de Europa, a pesar de lo cual las universidades canarias son competitivas internacionalmente y tienen capacidad de transferencia. Con estas medidas podr\u00e1n serlo m\u00e1s y contribuir a la mejora del modelo econ\u00f3mico del archipi\u00e9lago.<\/p>\n<p><strong>Conclusiones<\/strong><\/p>\n<p>El documento concluye que se necesita poner en marcha un conjunto de medidas a corto y largo plazo, utilizando la oportunidad que representan los Fondos de Recuperaci\u00f3n y Resiliencia de la UE, y mediante un amplio consenso pol\u00edtico en la regi\u00f3n para un Pacto por la I+D+i en Canarias, de car\u00e1cter plurianual (hasta 2027), que contenga compromisos econ\u00f3micos y pol\u00edticos concretos, con una ficha financiera adecuada y a trav\u00e9s de programas concretos y en iniciativas conjuntas entre las administraciones p\u00fablicas, el sector privado y el ecosistema p\u00fablico de I+D canario.<\/p>\n<p>Una inversi\u00f3n que, apoyada en la capacidad de las universidades para contribuir de forma decisiva al desarrollo regional y a su entorno socioecon\u00f3mico m\u00e1s cercano, pondr\u00eda a Canarias en el camino del cambio hacia un modelo econ\u00f3mico y productivo m\u00e1s resiliente y menos dependiente, y hacia un desarrollo sostenible en l\u00ednea con los ODS.<\/p>\n<p>El final del documento indica textualmente que \u201cen la encrucijada actual se requiere liderazgo para lograr el cambio, y las universidades p\u00fablicas canarias se ponen al servicio de la sociedad para estar en la vanguardia y realizar el esfuerzo que ello requiere. Quiz\u00e1s sea ahora o nunca para el futuro de Canarias. No dejemos pasar esta oportunidad. Las universidades p\u00fablicas canarias est\u00e1n dispuestas a la tarea\u201d.<\/p>\n","protected":false},"excerpt":{"rendered":"<p>Los rectores de las universidades p\u00fablicas canarias, Rosa Aguilar (ULL) y Llu\u00eds Serra (ULPGC), han comparecido hoy, viernes 18 de&#8230;<\/p>\n","protected":false},"author":21,"featured_media":61596,"comment_status":"closed","ping_status":"closed","sticky":false,"template":"","format":"standard","meta":{"inline_featured_image":false,"footnotes":""},"categories":[345,348,2765],"tags":[8392,8391,8390,2052,5717,2538,8388,8389],"acf":[],"yoast_head":"<!-- This site is optimized with the Yoast SEO plugin v21.3 - https:\/\/yoast.com\/wordpress\/plugins\/seo\/ -->\n<title>Las universidades canarias ponen en valor su papel transformador<\/title>\n<meta name=\"description\" content=\"Rosa Aguilar (ULL) y Llu\u00eds Serra (ULPGC) comparecen ante la Comisi\u00f3n de Educaci\u00f3n del Parlamento de Canarias.\" \/>\n<meta name=\"robots\" content=\"index, follow, max-snippet:-1, max-image-preview:large, max-video-preview:-1\" \/>\n<link rel=\"canonical\" href=\"https:\/\/www.ull.es\/portal\/noticias\/2022\/universidades-canarias-papel-transformador-estabilidad-financiera\/\" \/>\n<meta property=\"og:locale\" content=\"es_ES\" \/>\n<meta property=\"og:type\" content=\"article\" \/>\n<meta property=\"og:title\" content=\"Las universidades canarias ponen en valor su papel transformador\" \/>\n<meta property=\"og:description\" content=\"Rosa Aguilar (ULL) y Llu\u00eds Serra (ULPGC) comparecen ante la Comisi\u00f3n de Educaci\u00f3n del Parlamento de Canarias.\" \/>\n<meta property=\"og:url\" content=\"https:\/\/www.ull.es\/portal\/noticias\/2022\/universidades-canarias-papel-transformador-estabilidad-financiera\/\" \/>\n<meta property=\"og:site_name\" content=\"ULL - Noticias\" \/>\n<meta property=\"article:publisher\" content=\"https:\/\/www.facebook.com\/universidaddelalaguna\/\" \/>\n<meta property=\"article:published_time\" content=\"2022-03-18T13:05:44+00:00\" \/>\n<meta property=\"og:image\" content=\"https:\/\/www.ull.es\/portal\/noticias\/wp-content\/uploads\/sites\/13\/2022\/03\/parlamento-003.jpg\" \/>\n\t<meta property=\"og:image:width\" content=\"1200\" \/>\n\t<meta property=\"og:image:height\" content=\"800\" \/>\n\t<meta property=\"og:image:type\" content=\"image\/jpeg\" \/>\n<meta name=\"author\" content=\"prensa2\" \/>\n<meta name=\"twitter:card\" content=\"summary_large_image\" \/>\n<meta name=\"twitter:creator\" content=\"@CanalULL\" \/>\n<meta name=\"twitter:site\" content=\"@CanalULL\" \/>\n<meta name=\"twitter:label1\" content=\"Escrito por\" \/>\n\t<meta name=\"twitter:data1\" content=\"prensa2\" \/>\n\t<meta name=\"twitter:label2\" content=\"Tiempo de lectura\" \/>\n\t<meta name=\"twitter:data2\" content=\"9 minutos\" \/>\n<script type=\"application\/ld+json\" class=\"yoast-schema-graph\">{\"@context\":\"https:\/\/schema.org\",\"@graph\":[{\"@type\":\"WebPage\",\"@id\":\"https:\/\/www.ull.es\/portal\/noticias\/2022\/universidades-canarias-papel-transformador-estabilidad-financiera\/\",\"url\":\"https:\/\/www.ull.es\/portal\/noticias\/2022\/universidades-canarias-papel-transformador-estabilidad-financiera\/\",\"name\":\"Las universidades canarias ponen en valor su papel transformador\",\"isPartOf\":{\"@id\":\"https:\/\/www.ull.es\/portal\/noticias\/#website\"},\"datePublished\":\"2022-03-18T13:05:44+00:00\",\"dateModified\":\"2022-03-18T13:05:44+00:00\",\"author\":{\"@id\":\"https:\/\/www.ull.es\/portal\/noticias\/#\/schema\/person\/c3b2aa857797592927a03740d6664376\"},\"description\":\"Rosa Aguilar (ULL) y Llu\u00eds Serra (ULPGC) comparecen ante la Comisi\u00f3n de Educaci\u00f3n del Parlamento de Canarias.\",\"breadcrumb\":{\"@id\":\"https:\/\/www.ull.es\/portal\/noticias\/2022\/universidades-canarias-papel-transformador-estabilidad-financiera\/#breadcrumb\"},\"inLanguage\":\"es\",\"potentialAction\":[{\"@type\":\"ReadAction\",\"target\":[\"https:\/\/www.ull.es\/portal\/noticias\/2022\/universidades-canarias-papel-transformador-estabilidad-financiera\/\"]}]},{\"@type\":\"BreadcrumbList\",\"@id\":\"https:\/\/www.ull.es\/portal\/noticias\/2022\/universidades-canarias-papel-transformador-estabilidad-financiera\/#breadcrumb\",\"itemListElement\":[{\"@type\":\"ListItem\",\"position\":1,\"name\":\"Portada\",\"item\":\"https:\/\/www.ull.es\/portal\/noticias\/\"},{\"@type\":\"ListItem\",\"position\":2,\"name\":\"Las universidades canarias ponen en valor su papel transformador y piden estabilidad financiera \u00a0\"}]},{\"@type\":\"WebSite\",\"@id\":\"https:\/\/www.ull.es\/portal\/noticias\/#website\",\"url\":\"https:\/\/www.ull.es\/portal\/noticias\/\",\"name\":\"ULL - Noticias\",\"description\":\"\",\"potentialAction\":[{\"@type\":\"SearchAction\",\"target\":{\"@type\":\"EntryPoint\",\"urlTemplate\":\"https:\/\/www.ull.es\/portal\/noticias\/?s={search_term_string}\"},\"query-input\":\"required name=search_term_string\"}],\"inLanguage\":\"es\"},{\"@type\":\"Person\",\"@id\":\"https:\/\/www.ull.es\/portal\/noticias\/#\/schema\/person\/c3b2aa857797592927a03740d6664376\",\"name\":\"prensa2\",\"image\":{\"@type\":\"ImageObject\",\"inLanguage\":\"es\",\"@id\":\"https:\/\/www.ull.es\/portal\/noticias\/#\/schema\/person\/image\/\",\"url\":\"https:\/\/secure.gravatar.com\/avatar\/b58f310a5de5feb33d1e026d2493f23c?s=96&d=mm&r=g\",\"contentUrl\":\"https:\/\/secure.gravatar.com\/avatar\/b58f310a5de5feb33d1e026d2493f23c?s=96&d=mm&r=g\",\"caption\":\"prensa2\"},\"url\":\"https:\/\/www.ull.es\/portal\/noticias\/author\/prensa2\/\"}]}<\/script>\n<!-- \/ Yoast SEO plugin. -->","yoast_head_json":{"title":"Las universidades canarias ponen en valor su papel transformador","description":"Rosa Aguilar (ULL) y Llu\u00eds Serra (ULPGC) comparecen ante la Comisi\u00f3n de Educaci\u00f3n del Parlamento de Canarias.","robots":{"index":"index","follow":"follow","max-snippet":"max-snippet:-1","max-image-preview":"max-image-preview:large","max-video-preview":"max-video-preview:-1"},"canonical":"https:\/\/www.ull.es\/portal\/noticias\/2022\/universidades-canarias-papel-transformador-estabilidad-financiera\/","og_locale":"es_ES","og_type":"article","og_title":"Las universidades canarias ponen en valor su papel transformador","og_description":"Rosa Aguilar (ULL) y Llu\u00eds Serra (ULPGC) comparecen ante la Comisi\u00f3n de Educaci\u00f3n del Parlamento de Canarias.","og_url":"https:\/\/www.ull.es\/portal\/noticias\/2022\/universidades-canarias-papel-transformador-estabilidad-financiera\/","og_site_name":"ULL - Noticias","article_publisher":"https:\/\/www.facebook.com\/universidaddelalaguna\/","article_published_time":"2022-03-18T13:05:44+00:00","og_image":[{"width":1200,"height":800,"url":"https:\/\/www.ull.es\/portal\/noticias\/wp-content\/uploads\/sites\/13\/2022\/03\/parlamento-003.jpg","type":"image\/jpeg"}],"author":"prensa2","twitter_card":"summary_large_image","twitter_creator":"@CanalULL","twitter_site":"@CanalULL","twitter_misc":{"Escrito por":"prensa2","Tiempo de lectura":"9 minutos"},"schema":{"@context":"https:\/\/schema.org","@graph":[{"@type":"WebPage","@id":"https:\/\/www.ull.es\/portal\/noticias\/2022\/universidades-canarias-papel-transformador-estabilidad-financiera\/","url":"https:\/\/www.ull.es\/portal\/noticias\/2022\/universidades-canarias-papel-transformador-estabilidad-financiera\/","name":"Las universidades canarias ponen en valor su papel transformador","isPartOf":{"@id":"https:\/\/www.ull.es\/portal\/noticias\/#website"},"datePublished":"2022-03-18T13:05:44+00:00","dateModified":"2022-03-18T13:05:44+00:00","author":{"@id":"https:\/\/www.ull.es\/portal\/noticias\/#\/schema\/person\/c3b2aa857797592927a03740d6664376"},"description":"Rosa Aguilar (ULL) y Llu\u00eds Serra (ULPGC) comparecen ante la Comisi\u00f3n de Educaci\u00f3n del Parlamento de Canarias.","breadcrumb":{"@id":"https:\/\/www.ull.es\/portal\/noticias\/2022\/universidades-canarias-papel-transformador-estabilidad-financiera\/#breadcrumb"},"inLanguage":"es","potentialAction":[{"@type":"ReadAction","target":["https:\/\/www.ull.es\/portal\/noticias\/2022\/universidades-canarias-papel-transformador-estabilidad-financiera\/"]}]},{"@type":"BreadcrumbList","@id":"https:\/\/www.ull.es\/portal\/noticias\/2022\/universidades-canarias-papel-transformador-estabilidad-financiera\/#breadcrumb","itemListElement":[{"@type":"ListItem","position":1,"name":"Portada","item":"https:\/\/www.ull.es\/portal\/noticias\/"},{"@type":"ListItem","position":2,"name":"Las universidades canarias ponen en valor su papel transformador y piden estabilidad financiera \u00a0"}]},{"@type":"WebSite","@id":"https:\/\/www.ull.es\/portal\/noticias\/#website","url":"https:\/\/www.ull.es\/portal\/noticias\/","name":"ULL - Noticias","description":"","potentialAction":[{"@type":"SearchAction","target":{"@type":"EntryPoint","urlTemplate":"https:\/\/www.ull.es\/portal\/noticias\/?s={search_term_string}"},"query-input":"required name=search_term_string"}],"inLanguage":"es"},{"@type":"Person","@id":"https:\/\/www.ull.es\/portal\/noticias\/#\/schema\/person\/c3b2aa857797592927a03740d6664376","name":"prensa2","image":{"@type":"ImageObject","inLanguage":"es","@id":"https:\/\/www.ull.es\/portal\/noticias\/#\/schema\/person\/image\/","url":"https:\/\/secure.gravatar.com\/avatar\/b58f310a5de5feb33d1e026d2493f23c?s=96&d=mm&r=g","contentUrl":"https:\/\/secure.gravatar.com\/avatar\/b58f310a5de5feb33d1e026d2493f23c?s=96&d=mm&r=g","caption":"prensa2"},"url":"https:\/\/www.ull.es\/portal\/noticias\/author\/prensa2\/"}]}},"primary_category":{"id":345,"name":"Destacado","slug":"destacado","link":"https:\/\/www.ull.es\/portal\/noticias\/category\/destacado\/"},"featured_image_thumbnail_url":"https:\/\/www.ull.es\/portal\/noticias\/wp-content\/uploads\/sites\/13\/2022\/03\/parlamento-003-300x200.jpg","_links":{"self":[{"href":"https:\/\/www.ull.es\/portal\/noticias\/wp-json\/wp\/v2\/posts\/61570"}],"collection":[{"href":"https:\/\/www.ull.es\/portal\/noticias\/wp-json\/wp\/v2\/posts"}],"about":[{"href":"https:\/\/www.ull.es\/portal\/noticias\/wp-json\/wp\/v2\/types\/post"}],"author":[{"embeddable":true,"href":"https:\/\/www.ull.es\/portal\/noticias\/wp-json\/wp\/v2\/users\/21"}],"replies":[{"embeddable":true,"href":"https:\/\/www.ull.es\/portal\/noticias\/wp-json\/wp\/v2\/comments?post=61570"}],"version-history":[{"count":2,"href":"https:\/\/www.ull.es\/portal\/noticias\/wp-json\/wp\/v2\/posts\/61570\/revisions"}],"predecessor-version":[{"id":61600,"href":"https:\/\/www.ull.es\/portal\/noticias\/wp-json\/wp\/v2\/posts\/61570\/revisions\/61600"}],"wp:featuredmedia":[{"embeddable":true,"href":"https:\/\/www.ull.es\/portal\/noticias\/wp-json\/wp\/v2\/media\/61596"}],"wp:attachment":[{"href":"https:\/\/www.ull.es\/portal\/noticias\/wp-json\/wp\/v2\/media?parent=61570"}],"wp:term":[{"taxonomy":"category","embeddable":true,"href":"https:\/\/www.ull.es\/portal\/noticias\/wp-json\/wp\/v2\/categories?post=61570"},{"taxonomy":"post_tag","embeddable":true,"href":"https:\/\/www.ull.es\/portal\/noticias\/wp-json\/wp\/v2\/tags?post=61570"}],"curies":[{"name":"wp","href":"https:\/\/api.w.org\/{rel}","templated":true}]}}