{"id":61627,"date":"2022-03-22T10:45:13","date_gmt":"2022-03-22T10:45:13","guid":{"rendered":"https:\/\/www.ull.es\/portal\/noticias\/?p=61627"},"modified":"2022-03-22T11:23:47","modified_gmt":"2022-03-22T11:23:47","slug":"la-ull-pone-en-marcha-un-programa-de-profesionales-en-otras-lenguas","status":"publish","type":"post","link":"https:\/\/www.ull.es\/portal\/noticias\/2022\/la-ull-pone-en-marcha-un-programa-de-profesionales-en-otras-lenguas\/","title":{"rendered":"La Universidad de La Laguna pone en marcha un programa de conversaciones profesionales en otras lenguas"},"content":{"rendered":"<p>El Vicerrectorado de Proyecci\u00f3n, Internacionalizaci\u00f3n y Cooperaci\u00f3n de la Universidad de La Laguna puso en marcha el pasado cuatrimestre el programa de conversaciones profesionales en otras lenguas, que se desarroll\u00f3 en las diferentes facultades, y que este cuatrimestre reanuda su andadura. La iniciativa facilita que se pueda practicar y mantener la lengua extranjera viva y, adem\u00e1s, el alumnado pueda familiarizarse con el lenguaje especializado de su disciplina, de manera que el conocimiento b\u00e1sico de otro idioma pueda complementarse con la iniciaci\u00f3n y la pr\u00e1ctica de su parte t\u00e9cnica.<\/p>\n<p>Los objetivos espec\u00edficos del programa son el manejo de la competencia ling\u00fc\u00edstica para el desarrollo de la profesi\u00f3n, la adquisici\u00f3n de vocabulario y expresiones t\u00e9cnicas asociadas al ejercicio profesional, y la mejora de la competencia ling\u00fc\u00edsticas para la promoci\u00f3n de la ciencia, el talento y el emprendimiento.<\/p>\n<p>Las sesiones se han desarrollado con periodicidad semanal de una hora de duraci\u00f3n. A pesar de que la finalidad es que se adquiera esa pr\u00e1ctica y lenguaje t\u00e9cnico en otros idiomas por medio de su pr\u00e1ctica informal, se recomienda que, para poder participar en los grupos, se acredite un nivel intermedio del idioma en cuesti\u00f3n.<\/p>\n<p>En la actualidad, hay seis grupos de conversaci\u00f3n, todos ellos en lengua inglesa, ubicados en las facultades de Educaci\u00f3n, Psicolog\u00eda y Logopedia; Econom\u00eda, Empresa y Turismo; Derecho; Humanidades y la Escuela Polit\u00e9cnica Superior de Ingenier\u00eda. El programa plantea la posibilidad de que puedan incorporarse otros centros y formar grupos de conversaci\u00f3n profesional en otros idiomas, tal y como sucedi\u00f3 el primer cuatrimestre. Para ellos, las direcciones de los centros tienen que ponerse en contacto con el vicerrectorado, a trav\u00e9s de la direcci\u00f3n de t\u00edtulos y competencias internacionales. A pesar de ser una actividad experimental, el resultado ha sido muy positivo, tanto a nivel organizativo como de satisfacci\u00f3n de los usuarios.<\/p>\n<p>La iniciativa cuenta con el apoyo financiero del \u00c1rea de Educaci\u00f3n del Cabildo Insular de Tenerife y para su desarrollo se ha contado con la colaboraci\u00f3n de los equipos decanales de cada centro, que se han encargado tanto de su organizaci\u00f3n como de la convocatoria del alumnado y su seguimiento. En las pol\u00edticas ling\u00fc\u00edsticas para la internacionalizaci\u00f3n, las universidades de todo el mundo tratan de introducir elementos que fomenten la pr\u00e1ctica de lenguas extranjeras en el proceso de ense\u00f1anza y aprendizaje, as\u00ed como la docencia de algunas materias en ingl\u00e9s u otros idiomas. El dominio de una o dos lenguas extranjeras se considera hoy en d\u00eda no solo un elemento de internacionalizaci\u00f3n sino un requisito profesional, sobre todo en graduados universitarios, tal y como lo evidencian varios estudios de inserci\u00f3n laboral que ponen de manifiesto que uno de los factores m\u00e1s valorados en la contrataci\u00f3n de egresados universitarios es el conocimiento de idiomas, en particular el ingl\u00e9s.<\/p>\n","protected":false},"excerpt":{"rendered":"<p>El Vicerrectorado de Proyecci\u00f3n, Internacionalizaci\u00f3n y Cooperaci\u00f3n de la Universidad de La Laguna puso en marcha el pasado cuatrimestre el&#8230;<\/p>\n","protected":false},"author":67,"featured_media":61633,"comment_status":"closed","ping_status":"closed","sticky":false,"template":"","format":"standard","meta":{"inline_featured_image":false,"footnotes":""},"categories":[345,2765],"tags":[8400,1465],"acf":[],"yoast_head":"<!-- This site is optimized with the Yoast SEO plugin v21.3 - https:\/\/yoast.com\/wordpress\/plugins\/seo\/ -->\n<title>La Universidad de La Laguna pone en marcha un programa de conversaciones profesionales en otras lenguas - ULL - Noticias<\/title>\n<meta name=\"robots\" content=\"index, follow, max-snippet:-1, max-image-preview:large, max-video-preview:-1\" \/>\n<link rel=\"canonical\" href=\"https:\/\/www.ull.es\/portal\/noticias\/2022\/la-ull-pone-en-marcha-un-programa-de-profesionales-en-otras-lenguas\/\" \/>\n<meta property=\"og:locale\" content=\"es_ES\" \/>\n<meta property=\"og:type\" content=\"article\" \/>\n<meta property=\"og:title\" content=\"La Universidad de La Laguna pone en marcha un programa de conversaciones profesionales en otras lenguas - ULL - Noticias\" \/>\n<meta property=\"og:description\" content=\"El Vicerrectorado de Proyecci\u00f3n, Internacionalizaci\u00f3n y Cooperaci\u00f3n de la Universidad de La Laguna puso en marcha el pasado cuatrimestre el...\" \/>\n<meta property=\"og:url\" content=\"https:\/\/www.ull.es\/portal\/noticias\/2022\/la-ull-pone-en-marcha-un-programa-de-profesionales-en-otras-lenguas\/\" \/>\n<meta property=\"og:site_name\" content=\"ULL - Noticias\" \/>\n<meta property=\"article:publisher\" content=\"https:\/\/www.facebook.com\/universidaddelalaguna\/\" \/>\n<meta property=\"article:published_time\" content=\"2022-03-22T10:45:13+00:00\" \/>\n<meta property=\"article:modified_time\" content=\"2022-03-22T11:23:47+00:00\" \/>\n<meta property=\"og:image\" content=\"https:\/\/www.ull.es\/portal\/noticias\/wp-content\/uploads\/sites\/13\/2022\/03\/shutterstock_2111420681-1-2.jpg\" \/>\n\t<meta property=\"og:image:width\" content=\"1000\" \/>\n\t<meta property=\"og:image:height\" content=\"667\" \/>\n\t<meta property=\"og:image:type\" content=\"image\/jpeg\" \/>\n<meta name=\"author\" content=\"gcom5\" \/>\n<meta name=\"twitter:card\" content=\"summary_large_image\" \/>\n<meta name=\"twitter:creator\" content=\"@CanalULL\" \/>\n<meta name=\"twitter:site\" content=\"@CanalULL\" \/>\n<meta name=\"twitter:label1\" content=\"Escrito por\" \/>\n\t<meta name=\"twitter:data1\" content=\"gcom5\" \/>\n\t<meta name=\"twitter:label2\" content=\"Tiempo de lectura\" \/>\n\t<meta name=\"twitter:data2\" content=\"3 minutos\" \/>\n<script type=\"application\/ld+json\" class=\"yoast-schema-graph\">{\"@context\":\"https:\/\/schema.org\",\"@graph\":[{\"@type\":\"WebPage\",\"@id\":\"https:\/\/www.ull.es\/portal\/noticias\/2022\/la-ull-pone-en-marcha-un-programa-de-profesionales-en-otras-lenguas\/\",\"url\":\"https:\/\/www.ull.es\/portal\/noticias\/2022\/la-ull-pone-en-marcha-un-programa-de-profesionales-en-otras-lenguas\/\",\"name\":\"La Universidad de La Laguna pone en marcha un programa de conversaciones profesionales en otras lenguas - ULL - Noticias\",\"isPartOf\":{\"@id\":\"https:\/\/www.ull.es\/portal\/noticias\/#website\"},\"datePublished\":\"2022-03-22T10:45:13+00:00\",\"dateModified\":\"2022-03-22T11:23:47+00:00\",\"author\":{\"@id\":\"https:\/\/www.ull.es\/portal\/noticias\/#\/schema\/person\/8027c6c4687adc2c90dc1532715d34df\"},\"breadcrumb\":{\"@id\":\"https:\/\/www.ull.es\/portal\/noticias\/2022\/la-ull-pone-en-marcha-un-programa-de-profesionales-en-otras-lenguas\/#breadcrumb\"},\"inLanguage\":\"es\",\"potentialAction\":[{\"@type\":\"ReadAction\",\"target\":[\"https:\/\/www.ull.es\/portal\/noticias\/2022\/la-ull-pone-en-marcha-un-programa-de-profesionales-en-otras-lenguas\/\"]}]},{\"@type\":\"BreadcrumbList\",\"@id\":\"https:\/\/www.ull.es\/portal\/noticias\/2022\/la-ull-pone-en-marcha-un-programa-de-profesionales-en-otras-lenguas\/#breadcrumb\",\"itemListElement\":[{\"@type\":\"ListItem\",\"position\":1,\"name\":\"Portada\",\"item\":\"https:\/\/www.ull.es\/portal\/noticias\/\"},{\"@type\":\"ListItem\",\"position\":2,\"name\":\"La Universidad de La Laguna pone en marcha un programa de conversaciones profesionales en otras lenguas\"}]},{\"@type\":\"WebSite\",\"@id\":\"https:\/\/www.ull.es\/portal\/noticias\/#website\",\"url\":\"https:\/\/www.ull.es\/portal\/noticias\/\",\"name\":\"ULL - Noticias\",\"description\":\"\",\"potentialAction\":[{\"@type\":\"SearchAction\",\"target\":{\"@type\":\"EntryPoint\",\"urlTemplate\":\"https:\/\/www.ull.es\/portal\/noticias\/?s={search_term_string}\"},\"query-input\":\"required name=search_term_string\"}],\"inLanguage\":\"es\"},{\"@type\":\"Person\",\"@id\":\"https:\/\/www.ull.es\/portal\/noticias\/#\/schema\/person\/8027c6c4687adc2c90dc1532715d34df\",\"name\":\"gcom5\",\"image\":{\"@type\":\"ImageObject\",\"inLanguage\":\"es\",\"@id\":\"https:\/\/www.ull.es\/portal\/noticias\/#\/schema\/person\/image\/\",\"url\":\"https:\/\/secure.gravatar.com\/avatar\/8b3777f8048001fa57b88338ce5605b9?s=96&d=mm&r=g\",\"contentUrl\":\"https:\/\/secure.gravatar.com\/avatar\/8b3777f8048001fa57b88338ce5605b9?s=96&d=mm&r=g\",\"caption\":\"gcom5\"},\"url\":\"https:\/\/www.ull.es\/portal\/noticias\/author\/gcom5\/\"}]}<\/script>\n<!-- \/ Yoast SEO plugin. -->","yoast_head_json":{"title":"La Universidad de La Laguna pone en marcha un programa de conversaciones profesionales en otras lenguas - ULL - Noticias","robots":{"index":"index","follow":"follow","max-snippet":"max-snippet:-1","max-image-preview":"max-image-preview:large","max-video-preview":"max-video-preview:-1"},"canonical":"https:\/\/www.ull.es\/portal\/noticias\/2022\/la-ull-pone-en-marcha-un-programa-de-profesionales-en-otras-lenguas\/","og_locale":"es_ES","og_type":"article","og_title":"La Universidad de La Laguna pone en marcha un programa de conversaciones profesionales en otras lenguas - ULL - Noticias","og_description":"El Vicerrectorado de Proyecci\u00f3n, Internacionalizaci\u00f3n y Cooperaci\u00f3n de la Universidad de La Laguna puso en marcha el pasado cuatrimestre el...","og_url":"https:\/\/www.ull.es\/portal\/noticias\/2022\/la-ull-pone-en-marcha-un-programa-de-profesionales-en-otras-lenguas\/","og_site_name":"ULL - Noticias","article_publisher":"https:\/\/www.facebook.com\/universidaddelalaguna\/","article_published_time":"2022-03-22T10:45:13+00:00","article_modified_time":"2022-03-22T11:23:47+00:00","og_image":[{"width":1000,"height":667,"url":"https:\/\/www.ull.es\/portal\/noticias\/wp-content\/uploads\/sites\/13\/2022\/03\/shutterstock_2111420681-1-2.jpg","type":"image\/jpeg"}],"author":"gcom5","twitter_card":"summary_large_image","twitter_creator":"@CanalULL","twitter_site":"@CanalULL","twitter_misc":{"Escrito por":"gcom5","Tiempo de lectura":"3 minutos"},"schema":{"@context":"https:\/\/schema.org","@graph":[{"@type":"WebPage","@id":"https:\/\/www.ull.es\/portal\/noticias\/2022\/la-ull-pone-en-marcha-un-programa-de-profesionales-en-otras-lenguas\/","url":"https:\/\/www.ull.es\/portal\/noticias\/2022\/la-ull-pone-en-marcha-un-programa-de-profesionales-en-otras-lenguas\/","name":"La Universidad de La Laguna pone en marcha un programa de conversaciones profesionales en otras lenguas - ULL - Noticias","isPartOf":{"@id":"https:\/\/www.ull.es\/portal\/noticias\/#website"},"datePublished":"2022-03-22T10:45:13+00:00","dateModified":"2022-03-22T11:23:47+00:00","author":{"@id":"https:\/\/www.ull.es\/portal\/noticias\/#\/schema\/person\/8027c6c4687adc2c90dc1532715d34df"},"breadcrumb":{"@id":"https:\/\/www.ull.es\/portal\/noticias\/2022\/la-ull-pone-en-marcha-un-programa-de-profesionales-en-otras-lenguas\/#breadcrumb"},"inLanguage":"es","potentialAction":[{"@type":"ReadAction","target":["https:\/\/www.ull.es\/portal\/noticias\/2022\/la-ull-pone-en-marcha-un-programa-de-profesionales-en-otras-lenguas\/"]}]},{"@type":"BreadcrumbList","@id":"https:\/\/www.ull.es\/portal\/noticias\/2022\/la-ull-pone-en-marcha-un-programa-de-profesionales-en-otras-lenguas\/#breadcrumb","itemListElement":[{"@type":"ListItem","position":1,"name":"Portada","item":"https:\/\/www.ull.es\/portal\/noticias\/"},{"@type":"ListItem","position":2,"name":"La Universidad de La Laguna pone en marcha un programa de conversaciones profesionales en otras lenguas"}]},{"@type":"WebSite","@id":"https:\/\/www.ull.es\/portal\/noticias\/#website","url":"https:\/\/www.ull.es\/portal\/noticias\/","name":"ULL - Noticias","description":"","potentialAction":[{"@type":"SearchAction","target":{"@type":"EntryPoint","urlTemplate":"https:\/\/www.ull.es\/portal\/noticias\/?s={search_term_string}"},"query-input":"required name=search_term_string"}],"inLanguage":"es"},{"@type":"Person","@id":"https:\/\/www.ull.es\/portal\/noticias\/#\/schema\/person\/8027c6c4687adc2c90dc1532715d34df","name":"gcom5","image":{"@type":"ImageObject","inLanguage":"es","@id":"https:\/\/www.ull.es\/portal\/noticias\/#\/schema\/person\/image\/","url":"https:\/\/secure.gravatar.com\/avatar\/8b3777f8048001fa57b88338ce5605b9?s=96&d=mm&r=g","contentUrl":"https:\/\/secure.gravatar.com\/avatar\/8b3777f8048001fa57b88338ce5605b9?s=96&d=mm&r=g","caption":"gcom5"},"url":"https:\/\/www.ull.es\/portal\/noticias\/author\/gcom5\/"}]}},"primary_category":{"id":345,"name":"Destacado","slug":"destacado","link":"https:\/\/www.ull.es\/portal\/noticias\/category\/destacado\/"},"featured_image_thumbnail_url":"https:\/\/www.ull.es\/portal\/noticias\/wp-content\/uploads\/sites\/13\/2022\/03\/shutterstock_2111420681-1-2-300x200.jpg","_links":{"self":[{"href":"https:\/\/www.ull.es\/portal\/noticias\/wp-json\/wp\/v2\/posts\/61627"}],"collection":[{"href":"https:\/\/www.ull.es\/portal\/noticias\/wp-json\/wp\/v2\/posts"}],"about":[{"href":"https:\/\/www.ull.es\/portal\/noticias\/wp-json\/wp\/v2\/types\/post"}],"author":[{"embeddable":true,"href":"https:\/\/www.ull.es\/portal\/noticias\/wp-json\/wp\/v2\/users\/67"}],"replies":[{"embeddable":true,"href":"https:\/\/www.ull.es\/portal\/noticias\/wp-json\/wp\/v2\/comments?post=61627"}],"version-history":[{"count":8,"href":"https:\/\/www.ull.es\/portal\/noticias\/wp-json\/wp\/v2\/posts\/61627\/revisions"}],"predecessor-version":[{"id":61639,"href":"https:\/\/www.ull.es\/portal\/noticias\/wp-json\/wp\/v2\/posts\/61627\/revisions\/61639"}],"wp:featuredmedia":[{"embeddable":true,"href":"https:\/\/www.ull.es\/portal\/noticias\/wp-json\/wp\/v2\/media\/61633"}],"wp:attachment":[{"href":"https:\/\/www.ull.es\/portal\/noticias\/wp-json\/wp\/v2\/media?parent=61627"}],"wp:term":[{"taxonomy":"category","embeddable":true,"href":"https:\/\/www.ull.es\/portal\/noticias\/wp-json\/wp\/v2\/categories?post=61627"},{"taxonomy":"post_tag","embeddable":true,"href":"https:\/\/www.ull.es\/portal\/noticias\/wp-json\/wp\/v2\/tags?post=61627"}],"curies":[{"name":"wp","href":"https:\/\/api.w.org\/{rel}","templated":true}]}}