{"id":61705,"date":"2022-03-24T12:57:42","date_gmt":"2022-03-24T12:57:42","guid":{"rendered":"https:\/\/www.ull.es\/portal\/noticias\/?p=61705"},"modified":"2022-03-24T12:57:42","modified_gmt":"2022-03-24T12:57:42","slug":"la-universidad-de-la-laguna-celebra-las-pruebas-de-acceso-para-mayores-de-25-y-45-anos","status":"publish","type":"post","link":"https:\/\/www.ull.es\/portal\/noticias\/2022\/la-universidad-de-la-laguna-celebra-las-pruebas-de-acceso-para-mayores-de-25-y-45-anos\/","title":{"rendered":"La Universidad de La Laguna celebra las Pruebas de Acceso para Mayores de 25\u00a0y 45 a\u00f1os"},"content":{"rendered":"<p>Si bien la mayor\u00eda del alumnado de la Universidad de La Laguna accede a los estudios superiores realizando los ex\u00e1menes de la Evaluaci\u00f3n de Bachillerato para el Acceso a la Universidad (EBAU), existen otras v\u00e1is de entrada m\u00e1s minoritarias, como son la de mayores de 25 y de 45 a\u00f1os. El Aulario General de Guajara acoge estos d\u00edas\u00a0las pruebas de acceso para estos dos colectivos, correspondientes a la convocatoria oficial del curso 2021\/22.<\/p>\n<p>As\u00ed, est\u00e1n convocados a la prueba para mayores de\u00a025\u00a0a\u00f1os un total de 170 aspirantes. Todos ellos han podido seguir el curso preparatorio que, en el caso de la Universidad de La Laguna se ha editado para 125 personas, y en el centro colaborador CEAD Mercedes Pinto, para 35. Por su parte, en lo relativo al acceso para mayores de 45 a\u00f1os, en la ULL pudieron seguir el curso preparatorio 36 aspirantes, mientras que 11 lo hicieron en el CEAD.<\/p>\n<p><img decoding=\"async\" loading=\"lazy\" class=\"alignleft size-medium wp-image-61707\" src=\"https:\/\/www.ull.es\/portal\/noticias\/wp-content\/uploads\/sites\/13\/2022\/03\/Acceso-Mayores-25-02-300x200.jpg\" alt=\"\" width=\"300\" height=\"200\" srcset=\"https:\/\/www.ull.es\/portal\/noticias\/wp-content\/uploads\/sites\/13\/2022\/03\/Acceso-Mayores-25-02-300x200.jpg 300w, https:\/\/www.ull.es\/portal\/noticias\/wp-content\/uploads\/sites\/13\/2022\/03\/Acceso-Mayores-25-02-768x512.jpg 768w, https:\/\/www.ull.es\/portal\/noticias\/wp-content\/uploads\/sites\/13\/2022\/03\/Acceso-Mayores-25-02-375x250.jpg 375w, https:\/\/www.ull.es\/portal\/noticias\/wp-content\/uploads\/sites\/13\/2022\/03\/Acceso-Mayores-25-02-750x500.jpg 750w, https:\/\/www.ull.es\/portal\/noticias\/wp-content\/uploads\/sites\/13\/2022\/03\/Acceso-Mayores-25-02.jpg 1024w\" sizes=\"(max-width: 300px) 100vw, 300px\" \/>El alumnado mayor de\u00a025\u00a0y 45 tuvo su primera cita de ex\u00e1menes ayer 23 de marzo, con las materias de Comentario de Texto y Lengua Castellana. Los mayores de\u00a025\u00a0a\u00f1os completaron la prueba con Ingl\u00e9s y Franc\u00e9s, mientras que el de 45 a\u00f1os, si supera los dos ex\u00e1menes, podr\u00e1 pasar a la segunda fase (entrevista) que completa este acceso.<\/p>\n<p>Hoy 24 de marzo se realizar\u00e1n los ex\u00e1menes de la fase espec\u00edfica para mayores de\u00a025\u00a0a\u00f1os. El alumnado realizar\u00e1 as\u00ed tres asignaturas en la rama de conocimiento en que se haya matriculado: Artes y Humanidades, Ciencias, Ciencias de la Salud, Ciencias Sociales y Jur\u00eddicas e Ingenier\u00eda y Arquitectura.<\/p>\n<p>Las calificaciones provisionales de ambos accesos se publicar\u00e1n en la web de la Universidad de La Laguna el pr\u00f3ximo 31 de marzo a partir de las 15 horas.<\/p>\n","protected":false},"excerpt":{"rendered":"<p>Si bien la mayor\u00eda del alumnado de la Universidad de La Laguna accede a los estudios superiores realizando los ex\u00e1menes&#8230;<\/p>\n","protected":false},"author":23,"featured_media":61708,"comment_status":"closed","ping_status":"closed","sticky":false,"template":"","format":"standard","meta":{"inline_featured_image":false,"footnotes":""},"categories":[343,345,348,2765],"tags":[8413],"acf":[],"yoast_head":"<!-- This site is optimized with the Yoast SEO plugin v21.3 - https:\/\/yoast.com\/wordpress\/plugins\/seo\/ -->\n<title>La Universidad de La Laguna celebra las Pruebas de Acceso para Mayores de 25\u00a0y 45 a\u00f1os - ULL - Noticias<\/title>\n<meta name=\"robots\" content=\"index, follow, max-snippet:-1, max-image-preview:large, max-video-preview:-1\" \/>\n<link rel=\"canonical\" href=\"https:\/\/www.ull.es\/portal\/noticias\/2022\/la-universidad-de-la-laguna-celebra-las-pruebas-de-acceso-para-mayores-de-25-y-45-anos\/\" \/>\n<meta property=\"og:locale\" content=\"es_ES\" \/>\n<meta property=\"og:type\" content=\"article\" \/>\n<meta property=\"og:title\" content=\"La Universidad de La Laguna celebra las Pruebas de Acceso para Mayores de 25\u00a0y 45 a\u00f1os - ULL - Noticias\" \/>\n<meta property=\"og:description\" content=\"Si bien la mayor\u00eda del alumnado de la Universidad de La Laguna accede a los estudios superiores realizando los ex\u00e1menes...\" \/>\n<meta property=\"og:url\" content=\"https:\/\/www.ull.es\/portal\/noticias\/2022\/la-universidad-de-la-laguna-celebra-las-pruebas-de-acceso-para-mayores-de-25-y-45-anos\/\" \/>\n<meta property=\"og:site_name\" content=\"ULL - Noticias\" \/>\n<meta property=\"article:publisher\" content=\"https:\/\/www.facebook.com\/universidaddelalaguna\/\" \/>\n<meta property=\"article:published_time\" content=\"2022-03-24T12:57:42+00:00\" \/>\n<meta property=\"og:image\" content=\"https:\/\/www.ull.es\/portal\/noticias\/wp-content\/uploads\/sites\/13\/2022\/03\/Acceso-Mayores-45-04.jpg\" \/>\n\t<meta property=\"og:image:width\" content=\"1024\" \/>\n\t<meta property=\"og:image:height\" content=\"683\" \/>\n\t<meta property=\"og:image:type\" content=\"image\/jpeg\" \/>\n<meta name=\"author\" content=\"gaprsa\" \/>\n<meta name=\"twitter:card\" content=\"summary_large_image\" \/>\n<meta name=\"twitter:creator\" content=\"@CanalULL\" \/>\n<meta name=\"twitter:site\" content=\"@CanalULL\" \/>\n<meta name=\"twitter:label1\" content=\"Escrito por\" \/>\n\t<meta name=\"twitter:data1\" content=\"gaprsa\" \/>\n\t<meta name=\"twitter:label2\" content=\"Tiempo de lectura\" \/>\n\t<meta name=\"twitter:data2\" content=\"2 minutos\" \/>\n<script type=\"application\/ld+json\" class=\"yoast-schema-graph\">{\"@context\":\"https:\/\/schema.org\",\"@graph\":[{\"@type\":\"WebPage\",\"@id\":\"https:\/\/www.ull.es\/portal\/noticias\/2022\/la-universidad-de-la-laguna-celebra-las-pruebas-de-acceso-para-mayores-de-25-y-45-anos\/\",\"url\":\"https:\/\/www.ull.es\/portal\/noticias\/2022\/la-universidad-de-la-laguna-celebra-las-pruebas-de-acceso-para-mayores-de-25-y-45-anos\/\",\"name\":\"La Universidad de La Laguna celebra las Pruebas de Acceso para Mayores de 25\u00a0y 45 a\u00f1os - ULL - Noticias\",\"isPartOf\":{\"@id\":\"https:\/\/www.ull.es\/portal\/noticias\/#website\"},\"datePublished\":\"2022-03-24T12:57:42+00:00\",\"dateModified\":\"2022-03-24T12:57:42+00:00\",\"author\":{\"@id\":\"https:\/\/www.ull.es\/portal\/noticias\/#\/schema\/person\/b2b1a89d43ffa609e591f7df8ef3e817\"},\"breadcrumb\":{\"@id\":\"https:\/\/www.ull.es\/portal\/noticias\/2022\/la-universidad-de-la-laguna-celebra-las-pruebas-de-acceso-para-mayores-de-25-y-45-anos\/#breadcrumb\"},\"inLanguage\":\"es\",\"potentialAction\":[{\"@type\":\"ReadAction\",\"target\":[\"https:\/\/www.ull.es\/portal\/noticias\/2022\/la-universidad-de-la-laguna-celebra-las-pruebas-de-acceso-para-mayores-de-25-y-45-anos\/\"]}]},{\"@type\":\"BreadcrumbList\",\"@id\":\"https:\/\/www.ull.es\/portal\/noticias\/2022\/la-universidad-de-la-laguna-celebra-las-pruebas-de-acceso-para-mayores-de-25-y-45-anos\/#breadcrumb\",\"itemListElement\":[{\"@type\":\"ListItem\",\"position\":1,\"name\":\"Portada\",\"item\":\"https:\/\/www.ull.es\/portal\/noticias\/\"},{\"@type\":\"ListItem\",\"position\":2,\"name\":\"La Universidad de La Laguna celebra las Pruebas de Acceso para Mayores de 25\u00a0y 45 a\u00f1os\"}]},{\"@type\":\"WebSite\",\"@id\":\"https:\/\/www.ull.es\/portal\/noticias\/#website\",\"url\":\"https:\/\/www.ull.es\/portal\/noticias\/\",\"name\":\"ULL - Noticias\",\"description\":\"\",\"potentialAction\":[{\"@type\":\"SearchAction\",\"target\":{\"@type\":\"EntryPoint\",\"urlTemplate\":\"https:\/\/www.ull.es\/portal\/noticias\/?s={search_term_string}\"},\"query-input\":\"required name=search_term_string\"}],\"inLanguage\":\"es\"},{\"@type\":\"Person\",\"@id\":\"https:\/\/www.ull.es\/portal\/noticias\/#\/schema\/person\/b2b1a89d43ffa609e591f7df8ef3e817\",\"name\":\"gaprsa\",\"image\":{\"@type\":\"ImageObject\",\"inLanguage\":\"es\",\"@id\":\"https:\/\/www.ull.es\/portal\/noticias\/#\/schema\/person\/image\/\",\"url\":\"https:\/\/secure.gravatar.com\/avatar\/443820550921091458b4823867723b3d?s=96&d=mm&r=g\",\"contentUrl\":\"https:\/\/secure.gravatar.com\/avatar\/443820550921091458b4823867723b3d?s=96&d=mm&r=g\",\"caption\":\"gaprsa\"},\"url\":\"https:\/\/www.ull.es\/portal\/noticias\/author\/gaprsa\/\"}]}<\/script>\n<!-- \/ Yoast SEO plugin. -->","yoast_head_json":{"title":"La Universidad de La Laguna celebra las Pruebas de Acceso para Mayores de 25\u00a0y 45 a\u00f1os - ULL - Noticias","robots":{"index":"index","follow":"follow","max-snippet":"max-snippet:-1","max-image-preview":"max-image-preview:large","max-video-preview":"max-video-preview:-1"},"canonical":"https:\/\/www.ull.es\/portal\/noticias\/2022\/la-universidad-de-la-laguna-celebra-las-pruebas-de-acceso-para-mayores-de-25-y-45-anos\/","og_locale":"es_ES","og_type":"article","og_title":"La Universidad de La Laguna celebra las Pruebas de Acceso para Mayores de 25\u00a0y 45 a\u00f1os - ULL - Noticias","og_description":"Si bien la mayor\u00eda del alumnado de la Universidad de La Laguna accede a los estudios superiores realizando los ex\u00e1menes...","og_url":"https:\/\/www.ull.es\/portal\/noticias\/2022\/la-universidad-de-la-laguna-celebra-las-pruebas-de-acceso-para-mayores-de-25-y-45-anos\/","og_site_name":"ULL - Noticias","article_publisher":"https:\/\/www.facebook.com\/universidaddelalaguna\/","article_published_time":"2022-03-24T12:57:42+00:00","og_image":[{"width":1024,"height":683,"url":"https:\/\/www.ull.es\/portal\/noticias\/wp-content\/uploads\/sites\/13\/2022\/03\/Acceso-Mayores-45-04.jpg","type":"image\/jpeg"}],"author":"gaprsa","twitter_card":"summary_large_image","twitter_creator":"@CanalULL","twitter_site":"@CanalULL","twitter_misc":{"Escrito por":"gaprsa","Tiempo de lectura":"2 minutos"},"schema":{"@context":"https:\/\/schema.org","@graph":[{"@type":"WebPage","@id":"https:\/\/www.ull.es\/portal\/noticias\/2022\/la-universidad-de-la-laguna-celebra-las-pruebas-de-acceso-para-mayores-de-25-y-45-anos\/","url":"https:\/\/www.ull.es\/portal\/noticias\/2022\/la-universidad-de-la-laguna-celebra-las-pruebas-de-acceso-para-mayores-de-25-y-45-anos\/","name":"La Universidad de La Laguna celebra las Pruebas de Acceso para Mayores de 25\u00a0y 45 a\u00f1os - ULL - Noticias","isPartOf":{"@id":"https:\/\/www.ull.es\/portal\/noticias\/#website"},"datePublished":"2022-03-24T12:57:42+00:00","dateModified":"2022-03-24T12:57:42+00:00","author":{"@id":"https:\/\/www.ull.es\/portal\/noticias\/#\/schema\/person\/b2b1a89d43ffa609e591f7df8ef3e817"},"breadcrumb":{"@id":"https:\/\/www.ull.es\/portal\/noticias\/2022\/la-universidad-de-la-laguna-celebra-las-pruebas-de-acceso-para-mayores-de-25-y-45-anos\/#breadcrumb"},"inLanguage":"es","potentialAction":[{"@type":"ReadAction","target":["https:\/\/www.ull.es\/portal\/noticias\/2022\/la-universidad-de-la-laguna-celebra-las-pruebas-de-acceso-para-mayores-de-25-y-45-anos\/"]}]},{"@type":"BreadcrumbList","@id":"https:\/\/www.ull.es\/portal\/noticias\/2022\/la-universidad-de-la-laguna-celebra-las-pruebas-de-acceso-para-mayores-de-25-y-45-anos\/#breadcrumb","itemListElement":[{"@type":"ListItem","position":1,"name":"Portada","item":"https:\/\/www.ull.es\/portal\/noticias\/"},{"@type":"ListItem","position":2,"name":"La Universidad de La Laguna celebra las Pruebas de Acceso para Mayores de 25\u00a0y 45 a\u00f1os"}]},{"@type":"WebSite","@id":"https:\/\/www.ull.es\/portal\/noticias\/#website","url":"https:\/\/www.ull.es\/portal\/noticias\/","name":"ULL - Noticias","description":"","potentialAction":[{"@type":"SearchAction","target":{"@type":"EntryPoint","urlTemplate":"https:\/\/www.ull.es\/portal\/noticias\/?s={search_term_string}"},"query-input":"required name=search_term_string"}],"inLanguage":"es"},{"@type":"Person","@id":"https:\/\/www.ull.es\/portal\/noticias\/#\/schema\/person\/b2b1a89d43ffa609e591f7df8ef3e817","name":"gaprsa","image":{"@type":"ImageObject","inLanguage":"es","@id":"https:\/\/www.ull.es\/portal\/noticias\/#\/schema\/person\/image\/","url":"https:\/\/secure.gravatar.com\/avatar\/443820550921091458b4823867723b3d?s=96&d=mm&r=g","contentUrl":"https:\/\/secure.gravatar.com\/avatar\/443820550921091458b4823867723b3d?s=96&d=mm&r=g","caption":"gaprsa"},"url":"https:\/\/www.ull.es\/portal\/noticias\/author\/gaprsa\/"}]}},"primary_category":{"id":345,"name":"Destacado","slug":"destacado","link":"https:\/\/www.ull.es\/portal\/noticias\/category\/destacado\/"},"featured_image_thumbnail_url":"https:\/\/www.ull.es\/portal\/noticias\/wp-content\/uploads\/sites\/13\/2022\/03\/Acceso-Mayores-45-04-300x200.jpg","_links":{"self":[{"href":"https:\/\/www.ull.es\/portal\/noticias\/wp-json\/wp\/v2\/posts\/61705"}],"collection":[{"href":"https:\/\/www.ull.es\/portal\/noticias\/wp-json\/wp\/v2\/posts"}],"about":[{"href":"https:\/\/www.ull.es\/portal\/noticias\/wp-json\/wp\/v2\/types\/post"}],"author":[{"embeddable":true,"href":"https:\/\/www.ull.es\/portal\/noticias\/wp-json\/wp\/v2\/users\/23"}],"replies":[{"embeddable":true,"href":"https:\/\/www.ull.es\/portal\/noticias\/wp-json\/wp\/v2\/comments?post=61705"}],"version-history":[{"count":2,"href":"https:\/\/www.ull.es\/portal\/noticias\/wp-json\/wp\/v2\/posts\/61705\/revisions"}],"predecessor-version":[{"id":61709,"href":"https:\/\/www.ull.es\/portal\/noticias\/wp-json\/wp\/v2\/posts\/61705\/revisions\/61709"}],"wp:featuredmedia":[{"embeddable":true,"href":"https:\/\/www.ull.es\/portal\/noticias\/wp-json\/wp\/v2\/media\/61708"}],"wp:attachment":[{"href":"https:\/\/www.ull.es\/portal\/noticias\/wp-json\/wp\/v2\/media?parent=61705"}],"wp:term":[{"taxonomy":"category","embeddable":true,"href":"https:\/\/www.ull.es\/portal\/noticias\/wp-json\/wp\/v2\/categories?post=61705"},{"taxonomy":"post_tag","embeddable":true,"href":"https:\/\/www.ull.es\/portal\/noticias\/wp-json\/wp\/v2\/tags?post=61705"}],"curies":[{"name":"wp","href":"https:\/\/api.w.org\/{rel}","templated":true}]}}