{"id":61887,"date":"2022-04-01T09:10:50","date_gmt":"2022-04-01T09:10:50","guid":{"rendered":"https:\/\/www.ull.es\/portal\/noticias\/?p=61887"},"modified":"2022-04-01T09:12:39","modified_gmt":"2022-04-01T09:12:39","slug":"las-universidades-publicas-canarias-celebran-la-iii-semana-de-la-economia-social","status":"publish","type":"post","link":"https:\/\/www.ull.es\/portal\/noticias\/2022\/las-universidades-publicas-canarias-celebran-la-iii-semana-de-la-economia-social\/","title":{"rendered":"Las universidades p\u00fablicas canarias celebran la III Semana de la Econom\u00eda Social"},"content":{"rendered":"<p>El Rectorado de la Universidad de Las Palmas de Gran Canaria (ULPGC) acogi\u00f3 ayer una serie de charlas en torno a la econom\u00eda social, en el marco de la\u00a0<a title=\"Enlace a la web de la III Semana Universitaria de la Econom\u00eda Social - abre en una nueva ventana\" href=\"https:\/\/www.ull.es\/portal\/agenda\/evento\/iii-semana-universitaria-de-la-economia-social\/\" target=\"_blank\" rel=\"noopener\" name=\"Enlace a la web de la III Semana Universitaria de la Econom\u00eda Social - abre en una nueva ventana\" target=\"_blank\" rel=\"noopener\">III Semana Universitaria<\/a>\u00a0sobre esta tem\u00e1tica que organiza la\u00a0<a title=\"Enlace a la web de la CESCO - abre en una nueva ventana\" href=\"https:\/\/catedracesco.com\/\" target=\"_blank\" rel=\"noopener\" name=\"Enlace a la web de la CESCO - abre en una nueva ventana\" target=\"_blank\" rel=\"noopener\">C\u00e1tedra Cajasiete de Econom\u00eda Social y Colaborativa<\/a> de la Universidad de La Laguna en colaboraci\u00f3n con la ULPGC.\u00a0Al acto de apertura han asistido el rector del centro anfitri\u00f3n,\u00a0Llu\u00eds Serra;\u00a0la\u00a0rectora de la Universidad de La Laguna, Rosa Aguilar, acompa\u00f1ada por el vicerrector de Cultura y Participaci\u00f3n Social, Juan Albino M\u00e9ndez;\u00a0y el\u00a0viceconsejero de Empleo del Gobierno de Canarias,\u00a0Gustavo Santana.<\/p>\n<p>Serra\u00a0ha destacado el compromiso de las universidades p\u00fablicas canarias con los Objetivos de Desarrollo Sostenible, como la reducci\u00f3n de las desigualdades o la educaci\u00f3n de calidad, porque, como ha afirmado, estos objetivos coinciden tambi\u00e9n con los objetivos institucionales de las universidades. Seg\u00fan dijo, la econom\u00eda social es oportunidad de empleo en sectores pujantes y favorece la transferencia de conocimientos desde estas instituciones educativas a la sociedad.<\/p>\n<p>Por su parte, la rectora de la Universidad de La Laguna, Rosa Aguilar, subray\u00f3 la colaboraci\u00f3n estrecha entre las dos universidades p\u00fablicas porque su acci\u00f3n conjunta redunda en beneficio de toda la sociedad canaria, y tuvo palabras de agradecimiento para la C\u00e1tedra Cajasiete y su director, porque \u201cnos recuerda que se puede desarrollar una econom\u00eda m\u00e1s sostenible y socialmente responsable\u201d.\u00a0Esta jornada est\u00e1 dirigida por\u00a0C\u00e1ndido Rom\u00e1n Cervantes, profesor del\u00a0Departamento de Direcci\u00f3n de Empresas e Historia Econ\u00f3mica de la ULL y director de la C\u00e1tedra Cajasiete de Econom\u00eda Social y Colaborativa de la ULL y por Inmaculada Galv\u00e1n, profesora de la ULPGC del Departamento de Econom\u00eda y Direcci\u00f3n de Empresas.<\/p>\n<p>El programa consiste en una serie de ponencias a cargo de diferentes expertos y personalidades. El\u00a0viceconsejero de Empleo del Gobierno de Canarias, Gustavo Santana, abri\u00f3 el turno con una charla sobre el \u201cImpulso normativo de la econom\u00eda social\u201d, a lo largo de la cual desgran\u00f3 el recorrido legislativo de las leyes de econom\u00eda social y de cooperativas, de las que afirm\u00f3 que dar\u00e1n amparo al lugar de la econom\u00eda social en el contexto de la econom\u00eda canaria. Tambi\u00e9n avanz\u00f3 que el Gobierno de Canarias trabaja en un decreto para fomentar la responsabilidad social sostenible de las empresas.<\/p>\n<p>Posteriormente, la abogada\u00a0Rosa Nolasco habl\u00f3 en nombre de ASESCAN (Asociaci\u00f3n de Empresas de Econom\u00eda Social de Canarias) sobre la trayectoria de la entidad.\u00a0A continuaci\u00f3n, el profesor\u00a0C\u00e1ndido Rom\u00e1n, en su calidad de director de la C\u00e1tedra Cajasiete de Econom\u00eda Social y Colaborativa de la ULL, explic\u00f3 la memoria de actividades de la C\u00e1tedra correspondiente al a\u00f1o 2021. Por \u00faltimo, la jornada se cerr\u00f3 con la intervenci\u00f3n de la profesora de la ULPGC Inmaculada Galv\u00e1n, quien present\u00f3 el\u00a0Libro Blanco de la Econom\u00eda Social de Canarias.<\/p>\n<p>La Semana Universitaria la convoca el Centro Internacional de Investigaci\u00f3n e Informaci\u00f3n sobre la Econom\u00eda P\u00fablica, Social y Cooperativa (CIRIEC-Espa\u00f1a), a trav\u00e9s de la Red ENUIES de centros e institutos universitarios de investigaci\u00f3n en Econom\u00eda Social. Ambas instituciones han sido impulsoras de la investigaci\u00f3n en Econom\u00eda Social, una disciplina que en Espa\u00f1a cuenta con un s\u00f3lido bagaje.<\/p>\n","protected":false},"excerpt":{"rendered":"<p>El Rectorado de la Universidad de Las Palmas de Gran Canaria (ULPGC) acogi\u00f3 ayer una serie de charlas en torno&#8230;<\/p>\n","protected":false},"author":23,"featured_media":61888,"comment_status":"closed","ping_status":"closed","sticky":false,"template":"","format":"standard","meta":{"inline_featured_image":false,"footnotes":""},"categories":[344,345,348,2765],"tags":[8440,8439,2538],"acf":[],"yoast_head":"<!-- This site is optimized with the Yoast SEO plugin v21.3 - https:\/\/yoast.com\/wordpress\/plugins\/seo\/ -->\n<title>Las universidades p\u00fablicas canarias celebran la III Semana de la Econom\u00eda Social - ULL - Noticias<\/title>\n<meta name=\"robots\" content=\"index, follow, max-snippet:-1, max-image-preview:large, max-video-preview:-1\" \/>\n<link rel=\"canonical\" href=\"https:\/\/www.ull.es\/portal\/noticias\/2022\/las-universidades-publicas-canarias-celebran-la-iii-semana-de-la-economia-social\/\" \/>\n<meta property=\"og:locale\" content=\"es_ES\" \/>\n<meta property=\"og:type\" content=\"article\" \/>\n<meta property=\"og:title\" content=\"Las universidades p\u00fablicas canarias celebran la III Semana de la Econom\u00eda Social - ULL - Noticias\" \/>\n<meta property=\"og:description\" content=\"El Rectorado de la Universidad de Las Palmas de Gran Canaria (ULPGC) acogi\u00f3 ayer una serie de charlas en torno...\" \/>\n<meta property=\"og:url\" content=\"https:\/\/www.ull.es\/portal\/noticias\/2022\/las-universidades-publicas-canarias-celebran-la-iii-semana-de-la-economia-social\/\" \/>\n<meta property=\"og:site_name\" content=\"ULL - Noticias\" \/>\n<meta property=\"article:publisher\" content=\"https:\/\/www.facebook.com\/universidaddelalaguna\/\" \/>\n<meta property=\"article:published_time\" content=\"2022-04-01T09:10:50+00:00\" \/>\n<meta property=\"article:modified_time\" content=\"2022-04-01T09:12:39+00:00\" \/>\n<meta property=\"og:image\" content=\"https:\/\/www.ull.es\/portal\/noticias\/wp-content\/uploads\/sites\/13\/2022\/04\/economia-social.jpg\" \/>\n\t<meta property=\"og:image:width\" content=\"600\" \/>\n\t<meta property=\"og:image:height\" content=\"400\" \/>\n\t<meta property=\"og:image:type\" content=\"image\/jpeg\" \/>\n<meta name=\"author\" content=\"gaprsa\" \/>\n<meta name=\"twitter:card\" content=\"summary_large_image\" \/>\n<meta name=\"twitter:creator\" content=\"@CanalULL\" \/>\n<meta name=\"twitter:site\" content=\"@CanalULL\" \/>\n<meta name=\"twitter:label1\" content=\"Escrito por\" \/>\n\t<meta name=\"twitter:data1\" content=\"gaprsa\" \/>\n\t<meta name=\"twitter:label2\" content=\"Tiempo de lectura\" \/>\n\t<meta name=\"twitter:data2\" content=\"3 minutos\" \/>\n<script type=\"application\/ld+json\" class=\"yoast-schema-graph\">{\"@context\":\"https:\/\/schema.org\",\"@graph\":[{\"@type\":\"WebPage\",\"@id\":\"https:\/\/www.ull.es\/portal\/noticias\/2022\/las-universidades-publicas-canarias-celebran-la-iii-semana-de-la-economia-social\/\",\"url\":\"https:\/\/www.ull.es\/portal\/noticias\/2022\/las-universidades-publicas-canarias-celebran-la-iii-semana-de-la-economia-social\/\",\"name\":\"Las universidades p\u00fablicas canarias celebran la III Semana de la Econom\u00eda Social - ULL - Noticias\",\"isPartOf\":{\"@id\":\"https:\/\/www.ull.es\/portal\/noticias\/#website\"},\"datePublished\":\"2022-04-01T09:10:50+00:00\",\"dateModified\":\"2022-04-01T09:12:39+00:00\",\"author\":{\"@id\":\"https:\/\/www.ull.es\/portal\/noticias\/#\/schema\/person\/b2b1a89d43ffa609e591f7df8ef3e817\"},\"breadcrumb\":{\"@id\":\"https:\/\/www.ull.es\/portal\/noticias\/2022\/las-universidades-publicas-canarias-celebran-la-iii-semana-de-la-economia-social\/#breadcrumb\"},\"inLanguage\":\"es\",\"potentialAction\":[{\"@type\":\"ReadAction\",\"target\":[\"https:\/\/www.ull.es\/portal\/noticias\/2022\/las-universidades-publicas-canarias-celebran-la-iii-semana-de-la-economia-social\/\"]}]},{\"@type\":\"BreadcrumbList\",\"@id\":\"https:\/\/www.ull.es\/portal\/noticias\/2022\/las-universidades-publicas-canarias-celebran-la-iii-semana-de-la-economia-social\/#breadcrumb\",\"itemListElement\":[{\"@type\":\"ListItem\",\"position\":1,\"name\":\"Portada\",\"item\":\"https:\/\/www.ull.es\/portal\/noticias\/\"},{\"@type\":\"ListItem\",\"position\":2,\"name\":\"Las universidades p\u00fablicas canarias celebran la III Semana de la Econom\u00eda Social\"}]},{\"@type\":\"WebSite\",\"@id\":\"https:\/\/www.ull.es\/portal\/noticias\/#website\",\"url\":\"https:\/\/www.ull.es\/portal\/noticias\/\",\"name\":\"ULL - Noticias\",\"description\":\"\",\"potentialAction\":[{\"@type\":\"SearchAction\",\"target\":{\"@type\":\"EntryPoint\",\"urlTemplate\":\"https:\/\/www.ull.es\/portal\/noticias\/?s={search_term_string}\"},\"query-input\":\"required name=search_term_string\"}],\"inLanguage\":\"es\"},{\"@type\":\"Person\",\"@id\":\"https:\/\/www.ull.es\/portal\/noticias\/#\/schema\/person\/b2b1a89d43ffa609e591f7df8ef3e817\",\"name\":\"gaprsa\",\"image\":{\"@type\":\"ImageObject\",\"inLanguage\":\"es\",\"@id\":\"https:\/\/www.ull.es\/portal\/noticias\/#\/schema\/person\/image\/\",\"url\":\"https:\/\/secure.gravatar.com\/avatar\/443820550921091458b4823867723b3d?s=96&d=mm&r=g\",\"contentUrl\":\"https:\/\/secure.gravatar.com\/avatar\/443820550921091458b4823867723b3d?s=96&d=mm&r=g\",\"caption\":\"gaprsa\"},\"url\":\"https:\/\/www.ull.es\/portal\/noticias\/author\/gaprsa\/\"}]}<\/script>\n<!-- \/ Yoast SEO plugin. -->","yoast_head_json":{"title":"Las universidades p\u00fablicas canarias celebran la III Semana de la Econom\u00eda Social - ULL - Noticias","robots":{"index":"index","follow":"follow","max-snippet":"max-snippet:-1","max-image-preview":"max-image-preview:large","max-video-preview":"max-video-preview:-1"},"canonical":"https:\/\/www.ull.es\/portal\/noticias\/2022\/las-universidades-publicas-canarias-celebran-la-iii-semana-de-la-economia-social\/","og_locale":"es_ES","og_type":"article","og_title":"Las universidades p\u00fablicas canarias celebran la III Semana de la Econom\u00eda Social - ULL - Noticias","og_description":"El Rectorado de la Universidad de Las Palmas de Gran Canaria (ULPGC) acogi\u00f3 ayer una serie de charlas en torno...","og_url":"https:\/\/www.ull.es\/portal\/noticias\/2022\/las-universidades-publicas-canarias-celebran-la-iii-semana-de-la-economia-social\/","og_site_name":"ULL - Noticias","article_publisher":"https:\/\/www.facebook.com\/universidaddelalaguna\/","article_published_time":"2022-04-01T09:10:50+00:00","article_modified_time":"2022-04-01T09:12:39+00:00","og_image":[{"width":600,"height":400,"url":"https:\/\/www.ull.es\/portal\/noticias\/wp-content\/uploads\/sites\/13\/2022\/04\/economia-social.jpg","type":"image\/jpeg"}],"author":"gaprsa","twitter_card":"summary_large_image","twitter_creator":"@CanalULL","twitter_site":"@CanalULL","twitter_misc":{"Escrito por":"gaprsa","Tiempo de lectura":"3 minutos"},"schema":{"@context":"https:\/\/schema.org","@graph":[{"@type":"WebPage","@id":"https:\/\/www.ull.es\/portal\/noticias\/2022\/las-universidades-publicas-canarias-celebran-la-iii-semana-de-la-economia-social\/","url":"https:\/\/www.ull.es\/portal\/noticias\/2022\/las-universidades-publicas-canarias-celebran-la-iii-semana-de-la-economia-social\/","name":"Las universidades p\u00fablicas canarias celebran la III Semana de la Econom\u00eda Social - ULL - Noticias","isPartOf":{"@id":"https:\/\/www.ull.es\/portal\/noticias\/#website"},"datePublished":"2022-04-01T09:10:50+00:00","dateModified":"2022-04-01T09:12:39+00:00","author":{"@id":"https:\/\/www.ull.es\/portal\/noticias\/#\/schema\/person\/b2b1a89d43ffa609e591f7df8ef3e817"},"breadcrumb":{"@id":"https:\/\/www.ull.es\/portal\/noticias\/2022\/las-universidades-publicas-canarias-celebran-la-iii-semana-de-la-economia-social\/#breadcrumb"},"inLanguage":"es","potentialAction":[{"@type":"ReadAction","target":["https:\/\/www.ull.es\/portal\/noticias\/2022\/las-universidades-publicas-canarias-celebran-la-iii-semana-de-la-economia-social\/"]}]},{"@type":"BreadcrumbList","@id":"https:\/\/www.ull.es\/portal\/noticias\/2022\/las-universidades-publicas-canarias-celebran-la-iii-semana-de-la-economia-social\/#breadcrumb","itemListElement":[{"@type":"ListItem","position":1,"name":"Portada","item":"https:\/\/www.ull.es\/portal\/noticias\/"},{"@type":"ListItem","position":2,"name":"Las universidades p\u00fablicas canarias celebran la III Semana de la Econom\u00eda Social"}]},{"@type":"WebSite","@id":"https:\/\/www.ull.es\/portal\/noticias\/#website","url":"https:\/\/www.ull.es\/portal\/noticias\/","name":"ULL - Noticias","description":"","potentialAction":[{"@type":"SearchAction","target":{"@type":"EntryPoint","urlTemplate":"https:\/\/www.ull.es\/portal\/noticias\/?s={search_term_string}"},"query-input":"required name=search_term_string"}],"inLanguage":"es"},{"@type":"Person","@id":"https:\/\/www.ull.es\/portal\/noticias\/#\/schema\/person\/b2b1a89d43ffa609e591f7df8ef3e817","name":"gaprsa","image":{"@type":"ImageObject","inLanguage":"es","@id":"https:\/\/www.ull.es\/portal\/noticias\/#\/schema\/person\/image\/","url":"https:\/\/secure.gravatar.com\/avatar\/443820550921091458b4823867723b3d?s=96&d=mm&r=g","contentUrl":"https:\/\/secure.gravatar.com\/avatar\/443820550921091458b4823867723b3d?s=96&d=mm&r=g","caption":"gaprsa"},"url":"https:\/\/www.ull.es\/portal\/noticias\/author\/gaprsa\/"}]}},"primary_category":{"id":345,"name":"Destacado","slug":"destacado","link":"https:\/\/www.ull.es\/portal\/noticias\/category\/destacado\/"},"featured_image_thumbnail_url":"https:\/\/www.ull.es\/portal\/noticias\/wp-content\/uploads\/sites\/13\/2022\/04\/economia-social-300x200.jpg","_links":{"self":[{"href":"https:\/\/www.ull.es\/portal\/noticias\/wp-json\/wp\/v2\/posts\/61887"}],"collection":[{"href":"https:\/\/www.ull.es\/portal\/noticias\/wp-json\/wp\/v2\/posts"}],"about":[{"href":"https:\/\/www.ull.es\/portal\/noticias\/wp-json\/wp\/v2\/types\/post"}],"author":[{"embeddable":true,"href":"https:\/\/www.ull.es\/portal\/noticias\/wp-json\/wp\/v2\/users\/23"}],"replies":[{"embeddable":true,"href":"https:\/\/www.ull.es\/portal\/noticias\/wp-json\/wp\/v2\/comments?post=61887"}],"version-history":[{"count":2,"href":"https:\/\/www.ull.es\/portal\/noticias\/wp-json\/wp\/v2\/posts\/61887\/revisions"}],"predecessor-version":[{"id":61890,"href":"https:\/\/www.ull.es\/portal\/noticias\/wp-json\/wp\/v2\/posts\/61887\/revisions\/61890"}],"wp:featuredmedia":[{"embeddable":true,"href":"https:\/\/www.ull.es\/portal\/noticias\/wp-json\/wp\/v2\/media\/61888"}],"wp:attachment":[{"href":"https:\/\/www.ull.es\/portal\/noticias\/wp-json\/wp\/v2\/media?parent=61887"}],"wp:term":[{"taxonomy":"category","embeddable":true,"href":"https:\/\/www.ull.es\/portal\/noticias\/wp-json\/wp\/v2\/categories?post=61887"},{"taxonomy":"post_tag","embeddable":true,"href":"https:\/\/www.ull.es\/portal\/noticias\/wp-json\/wp\/v2\/tags?post=61887"}],"curies":[{"name":"wp","href":"https:\/\/api.w.org\/{rel}","templated":true}]}}