{"id":61933,"date":"2022-04-04T11:59:12","date_gmt":"2022-04-04T11:59:12","guid":{"rendered":"https:\/\/www.ull.es\/portal\/noticias\/?p=61933"},"modified":"2022-04-04T11:59:36","modified_gmt":"2022-04-04T11:59:36","slug":"la-universidad-de-la-laguna-celebra-la-i-feria-de-tecnologia-educativa","status":"publish","type":"post","link":"https:\/\/www.ull.es\/portal\/noticias\/2022\/la-universidad-de-la-laguna-celebra-la-i-feria-de-tecnologia-educativa\/","title":{"rendered":"La Universidad de La Laguna celebra la I Feria de Tecnolog\u00eda Educativa"},"content":{"rendered":"<p>La C\u00e1tedra Fundaci\u00f3n MAPFRE Guanarteme de Tecnolog\u00eda y Educaci\u00f3n de la Universidad de La Laguna presenta por primera vez la Feria de Innovaci\u00f3n Educativa junto al Grupo de Investigaci\u00f3n e Innovaci\u00f3n EDULLAB (Laboratorio de Educaci\u00f3n y Nuevas Tecnolog\u00edas). Se trata de una iniciativa que nace con el objetivo de ofrecer a docentes de educaci\u00f3n escolar de Canarias la oportunidad de presentar y compartir proyectos de innovaci\u00f3n educativa en las aulas haciendo uso de la tecnolog\u00eda educativa. La feria se materializa como un espacio destinado a toda la comunidad educativa en el que conocer c\u00f3mo se est\u00e1n implementando las tecnolog\u00edas digitales para la mejora de los procesos educativos.<\/p>\n<p>El uso de las tecnolog\u00edas dentro de las aulas es una demanda a la que los docentes de todas las etapas deben hacer frente en la actualidad. La implementaci\u00f3n de recursos, el dise\u00f1o de proyectos y la introducci\u00f3n de tecnolog\u00eda dentro del aula son aspectos a los que da cabida esta feria. Con el objetivo de compartir experiencias y resultados, el evento se celebrar\u00e1 los d\u00edas 20 y 21 de abril en el Sal\u00f3n de Actos de la Facultad de Ciencias Sociales y de la Comunicaci\u00f3n de la Universidad de La Laguna (Edificio de la Secci\u00f3n de Ciencias de la Informaci\u00f3n). La asistencia podr\u00e1 realizarse de forma presencial o\u00a0 en streaming a trav\u00e9s de YouTube, Twitch y la p\u00e1gina web de la c\u00e1tedra <a href=\"https:\/\/tecnoedu.webs.ull.es\/\" target=\"_blank\" rel=\"noopener\">tecnoedu.webs.ull.es<\/a>.<\/p>\n<p>Profesionales del \u00e1mbito de la educaci\u00f3n escolar se dar\u00e1n cita en este evento que contar\u00e1 con ponentes de la talla de Fernando Trujillo, perteneciente a la Universidad de Granada, que presentar\u00e1 su ponencia \u201cDe la educaci\u00f3n digital de emergencia a la educaci\u00f3n digital como derecho: lecciones de una pandemia para la nueva normalidad\u201d; e Ingrid Mosquera, perteneciente a la Universidad Internacional de La Rioja, que presentar\u00e1 su ponencia titulada \u201cLas #CharlasEducativas y el aprendizaje informal en redes\u201d.<\/p>\n<p>Adem\u00e1s, durante las dos jornadas\u00a0 de la Feria se dar\u00e1n lugar diferentes paneles de experiencias docentes, compuestos por docentes canarios especializados en la integraci\u00f3n curricular de la tecnolog\u00eda en las aulas. Algunos de ellos, ya reconocidos por la C\u00e1tedra Fundaci\u00f3n MAPFRE Guanarteme de Tecnolog\u00eda y Educaci\u00f3n de la Universidad La Laguna (TECNOEDU).<\/p>\n<p>El personal docente, profesorado, alumnado de titulaciones como Maestro en Educaci\u00f3n Primaria, Infantil o Pedagog\u00eda, de m\u00e1steres en educaci\u00f3n y programas de doctorado interesados en asistir a la I Feria TECNOEDU, podr\u00e1n realizar su inscripci\u00f3n previa de forma totalmente gratuita desde la web de la C\u00e1tedra.<\/p>\n<p>&nbsp;<\/p>\n<p>&nbsp;<\/p>\n","protected":false},"excerpt":{"rendered":"<p>La C\u00e1tedra Fundaci\u00f3n MAPFRE Guanarteme de Tecnolog\u00eda y Educaci\u00f3n de la Universidad de La Laguna presenta por primera vez la&#8230;<\/p>\n","protected":false},"author":23,"featured_media":61935,"comment_status":"closed","ping_status":"closed","sticky":false,"template":"","format":"standard","meta":{"inline_featured_image":false,"footnotes":""},"categories":[345,348,2765],"tags":[3885,1100,8449,3678],"acf":[],"yoast_head":"<!-- This site is optimized with the Yoast SEO plugin v21.3 - https:\/\/yoast.com\/wordpress\/plugins\/seo\/ -->\n<title>La Universidad de La Laguna celebra la I Feria de Tecnolog\u00eda Educativa - ULL - Noticias<\/title>\n<meta name=\"robots\" content=\"index, follow, max-snippet:-1, max-image-preview:large, max-video-preview:-1\" \/>\n<link rel=\"canonical\" href=\"https:\/\/www.ull.es\/portal\/noticias\/2022\/la-universidad-de-la-laguna-celebra-la-i-feria-de-tecnologia-educativa\/\" \/>\n<meta property=\"og:locale\" content=\"es_ES\" \/>\n<meta property=\"og:type\" content=\"article\" \/>\n<meta property=\"og:title\" content=\"La Universidad de La Laguna celebra la I Feria de Tecnolog\u00eda Educativa - ULL - Noticias\" \/>\n<meta property=\"og:description\" content=\"La C\u00e1tedra Fundaci\u00f3n MAPFRE Guanarteme de Tecnolog\u00eda y Educaci\u00f3n de la Universidad de La Laguna presenta por primera vez la...\" \/>\n<meta property=\"og:url\" content=\"https:\/\/www.ull.es\/portal\/noticias\/2022\/la-universidad-de-la-laguna-celebra-la-i-feria-de-tecnologia-educativa\/\" \/>\n<meta property=\"og:site_name\" content=\"ULL - Noticias\" \/>\n<meta property=\"article:publisher\" content=\"https:\/\/www.facebook.com\/universidaddelalaguna\/\" \/>\n<meta property=\"article:published_time\" content=\"2022-04-04T11:59:12+00:00\" \/>\n<meta property=\"article:modified_time\" content=\"2022-04-04T11:59:36+00:00\" \/>\n<meta property=\"og:image\" content=\"https:\/\/www.ull.es\/portal\/noticias\/wp-content\/uploads\/sites\/13\/2022\/04\/Ferria-TECNOEDU-.jpg\" \/>\n\t<meta property=\"og:image:width\" content=\"1600\" \/>\n\t<meta property=\"og:image:height\" content=\"900\" \/>\n\t<meta property=\"og:image:type\" content=\"image\/jpeg\" \/>\n<meta name=\"author\" content=\"gaprsa\" \/>\n<meta name=\"twitter:card\" content=\"summary_large_image\" \/>\n<meta name=\"twitter:creator\" content=\"@CanalULL\" \/>\n<meta name=\"twitter:site\" content=\"@CanalULL\" \/>\n<meta name=\"twitter:label1\" content=\"Escrito por\" \/>\n\t<meta name=\"twitter:data1\" content=\"gaprsa\" \/>\n\t<meta name=\"twitter:label2\" content=\"Tiempo de lectura\" \/>\n\t<meta name=\"twitter:data2\" content=\"2 minutos\" \/>\n<script type=\"application\/ld+json\" class=\"yoast-schema-graph\">{\"@context\":\"https:\/\/schema.org\",\"@graph\":[{\"@type\":\"WebPage\",\"@id\":\"https:\/\/www.ull.es\/portal\/noticias\/2022\/la-universidad-de-la-laguna-celebra-la-i-feria-de-tecnologia-educativa\/\",\"url\":\"https:\/\/www.ull.es\/portal\/noticias\/2022\/la-universidad-de-la-laguna-celebra-la-i-feria-de-tecnologia-educativa\/\",\"name\":\"La Universidad de La Laguna celebra la I Feria de Tecnolog\u00eda Educativa - ULL - Noticias\",\"isPartOf\":{\"@id\":\"https:\/\/www.ull.es\/portal\/noticias\/#website\"},\"datePublished\":\"2022-04-04T11:59:12+00:00\",\"dateModified\":\"2022-04-04T11:59:36+00:00\",\"author\":{\"@id\":\"https:\/\/www.ull.es\/portal\/noticias\/#\/schema\/person\/b2b1a89d43ffa609e591f7df8ef3e817\"},\"breadcrumb\":{\"@id\":\"https:\/\/www.ull.es\/portal\/noticias\/2022\/la-universidad-de-la-laguna-celebra-la-i-feria-de-tecnologia-educativa\/#breadcrumb\"},\"inLanguage\":\"es\",\"potentialAction\":[{\"@type\":\"ReadAction\",\"target\":[\"https:\/\/www.ull.es\/portal\/noticias\/2022\/la-universidad-de-la-laguna-celebra-la-i-feria-de-tecnologia-educativa\/\"]}]},{\"@type\":\"BreadcrumbList\",\"@id\":\"https:\/\/www.ull.es\/portal\/noticias\/2022\/la-universidad-de-la-laguna-celebra-la-i-feria-de-tecnologia-educativa\/#breadcrumb\",\"itemListElement\":[{\"@type\":\"ListItem\",\"position\":1,\"name\":\"Portada\",\"item\":\"https:\/\/www.ull.es\/portal\/noticias\/\"},{\"@type\":\"ListItem\",\"position\":2,\"name\":\"La Universidad de La Laguna celebra la I Feria de Tecnolog\u00eda Educativa\"}]},{\"@type\":\"WebSite\",\"@id\":\"https:\/\/www.ull.es\/portal\/noticias\/#website\",\"url\":\"https:\/\/www.ull.es\/portal\/noticias\/\",\"name\":\"ULL - Noticias\",\"description\":\"\",\"potentialAction\":[{\"@type\":\"SearchAction\",\"target\":{\"@type\":\"EntryPoint\",\"urlTemplate\":\"https:\/\/www.ull.es\/portal\/noticias\/?s={search_term_string}\"},\"query-input\":\"required name=search_term_string\"}],\"inLanguage\":\"es\"},{\"@type\":\"Person\",\"@id\":\"https:\/\/www.ull.es\/portal\/noticias\/#\/schema\/person\/b2b1a89d43ffa609e591f7df8ef3e817\",\"name\":\"gaprsa\",\"image\":{\"@type\":\"ImageObject\",\"inLanguage\":\"es\",\"@id\":\"https:\/\/www.ull.es\/portal\/noticias\/#\/schema\/person\/image\/\",\"url\":\"https:\/\/secure.gravatar.com\/avatar\/443820550921091458b4823867723b3d?s=96&d=mm&r=g\",\"contentUrl\":\"https:\/\/secure.gravatar.com\/avatar\/443820550921091458b4823867723b3d?s=96&d=mm&r=g\",\"caption\":\"gaprsa\"},\"url\":\"https:\/\/www.ull.es\/portal\/noticias\/author\/gaprsa\/\"}]}<\/script>\n<!-- \/ Yoast SEO plugin. -->","yoast_head_json":{"title":"La Universidad de La Laguna celebra la I Feria de Tecnolog\u00eda Educativa - ULL - Noticias","robots":{"index":"index","follow":"follow","max-snippet":"max-snippet:-1","max-image-preview":"max-image-preview:large","max-video-preview":"max-video-preview:-1"},"canonical":"https:\/\/www.ull.es\/portal\/noticias\/2022\/la-universidad-de-la-laguna-celebra-la-i-feria-de-tecnologia-educativa\/","og_locale":"es_ES","og_type":"article","og_title":"La Universidad de La Laguna celebra la I Feria de Tecnolog\u00eda Educativa - ULL - Noticias","og_description":"La C\u00e1tedra Fundaci\u00f3n MAPFRE Guanarteme de Tecnolog\u00eda y Educaci\u00f3n de la Universidad de La Laguna presenta por primera vez la...","og_url":"https:\/\/www.ull.es\/portal\/noticias\/2022\/la-universidad-de-la-laguna-celebra-la-i-feria-de-tecnologia-educativa\/","og_site_name":"ULL - Noticias","article_publisher":"https:\/\/www.facebook.com\/universidaddelalaguna\/","article_published_time":"2022-04-04T11:59:12+00:00","article_modified_time":"2022-04-04T11:59:36+00:00","og_image":[{"width":1600,"height":900,"url":"https:\/\/www.ull.es\/portal\/noticias\/wp-content\/uploads\/sites\/13\/2022\/04\/Ferria-TECNOEDU-.jpg","type":"image\/jpeg"}],"author":"gaprsa","twitter_card":"summary_large_image","twitter_creator":"@CanalULL","twitter_site":"@CanalULL","twitter_misc":{"Escrito por":"gaprsa","Tiempo de lectura":"2 minutos"},"schema":{"@context":"https:\/\/schema.org","@graph":[{"@type":"WebPage","@id":"https:\/\/www.ull.es\/portal\/noticias\/2022\/la-universidad-de-la-laguna-celebra-la-i-feria-de-tecnologia-educativa\/","url":"https:\/\/www.ull.es\/portal\/noticias\/2022\/la-universidad-de-la-laguna-celebra-la-i-feria-de-tecnologia-educativa\/","name":"La Universidad de La Laguna celebra la I Feria de Tecnolog\u00eda Educativa - ULL - Noticias","isPartOf":{"@id":"https:\/\/www.ull.es\/portal\/noticias\/#website"},"datePublished":"2022-04-04T11:59:12+00:00","dateModified":"2022-04-04T11:59:36+00:00","author":{"@id":"https:\/\/www.ull.es\/portal\/noticias\/#\/schema\/person\/b2b1a89d43ffa609e591f7df8ef3e817"},"breadcrumb":{"@id":"https:\/\/www.ull.es\/portal\/noticias\/2022\/la-universidad-de-la-laguna-celebra-la-i-feria-de-tecnologia-educativa\/#breadcrumb"},"inLanguage":"es","potentialAction":[{"@type":"ReadAction","target":["https:\/\/www.ull.es\/portal\/noticias\/2022\/la-universidad-de-la-laguna-celebra-la-i-feria-de-tecnologia-educativa\/"]}]},{"@type":"BreadcrumbList","@id":"https:\/\/www.ull.es\/portal\/noticias\/2022\/la-universidad-de-la-laguna-celebra-la-i-feria-de-tecnologia-educativa\/#breadcrumb","itemListElement":[{"@type":"ListItem","position":1,"name":"Portada","item":"https:\/\/www.ull.es\/portal\/noticias\/"},{"@type":"ListItem","position":2,"name":"La Universidad de La Laguna celebra la I Feria de Tecnolog\u00eda Educativa"}]},{"@type":"WebSite","@id":"https:\/\/www.ull.es\/portal\/noticias\/#website","url":"https:\/\/www.ull.es\/portal\/noticias\/","name":"ULL - Noticias","description":"","potentialAction":[{"@type":"SearchAction","target":{"@type":"EntryPoint","urlTemplate":"https:\/\/www.ull.es\/portal\/noticias\/?s={search_term_string}"},"query-input":"required name=search_term_string"}],"inLanguage":"es"},{"@type":"Person","@id":"https:\/\/www.ull.es\/portal\/noticias\/#\/schema\/person\/b2b1a89d43ffa609e591f7df8ef3e817","name":"gaprsa","image":{"@type":"ImageObject","inLanguage":"es","@id":"https:\/\/www.ull.es\/portal\/noticias\/#\/schema\/person\/image\/","url":"https:\/\/secure.gravatar.com\/avatar\/443820550921091458b4823867723b3d?s=96&d=mm&r=g","contentUrl":"https:\/\/secure.gravatar.com\/avatar\/443820550921091458b4823867723b3d?s=96&d=mm&r=g","caption":"gaprsa"},"url":"https:\/\/www.ull.es\/portal\/noticias\/author\/gaprsa\/"}]}},"primary_category":{"id":345,"name":"Destacado","slug":"destacado","link":"https:\/\/www.ull.es\/portal\/noticias\/category\/destacado\/"},"featured_image_thumbnail_url":"https:\/\/www.ull.es\/portal\/noticias\/wp-content\/uploads\/sites\/13\/2022\/04\/Ferria-TECNOEDU--300x169.jpg","_links":{"self":[{"href":"https:\/\/www.ull.es\/portal\/noticias\/wp-json\/wp\/v2\/posts\/61933"}],"collection":[{"href":"https:\/\/www.ull.es\/portal\/noticias\/wp-json\/wp\/v2\/posts"}],"about":[{"href":"https:\/\/www.ull.es\/portal\/noticias\/wp-json\/wp\/v2\/types\/post"}],"author":[{"embeddable":true,"href":"https:\/\/www.ull.es\/portal\/noticias\/wp-json\/wp\/v2\/users\/23"}],"replies":[{"embeddable":true,"href":"https:\/\/www.ull.es\/portal\/noticias\/wp-json\/wp\/v2\/comments?post=61933"}],"version-history":[{"count":1,"href":"https:\/\/www.ull.es\/portal\/noticias\/wp-json\/wp\/v2\/posts\/61933\/revisions"}],"predecessor-version":[{"id":61934,"href":"https:\/\/www.ull.es\/portal\/noticias\/wp-json\/wp\/v2\/posts\/61933\/revisions\/61934"}],"wp:featuredmedia":[{"embeddable":true,"href":"https:\/\/www.ull.es\/portal\/noticias\/wp-json\/wp\/v2\/media\/61935"}],"wp:attachment":[{"href":"https:\/\/www.ull.es\/portal\/noticias\/wp-json\/wp\/v2\/media?parent=61933"}],"wp:term":[{"taxonomy":"category","embeddable":true,"href":"https:\/\/www.ull.es\/portal\/noticias\/wp-json\/wp\/v2\/categories?post=61933"},{"taxonomy":"post_tag","embeddable":true,"href":"https:\/\/www.ull.es\/portal\/noticias\/wp-json\/wp\/v2\/tags?post=61933"}],"curies":[{"name":"wp","href":"https:\/\/api.w.org\/{rel}","templated":true}]}}