{"id":61956,"date":"2022-04-05T09:50:06","date_gmt":"2022-04-05T09:50:06","guid":{"rendered":"https:\/\/www.ull.es\/portal\/noticias\/?p=61956"},"modified":"2025-02-24T13:30:57","modified_gmt":"2025-02-24T13:30:57","slug":"rectora-entrevistas-igual-lab","status":"publish","type":"post","link":"https:\/\/www.ull.es\/portal\/noticias\/2022\/rectora-entrevistas-igual-lab\/","title":{"rendered":"La rectora de la ULL inaugura la serie de entrevistas a mujeres del \u00e1mbito cient\u00edfico que ha puesto en marcha Igual Lab"},"content":{"rendered":"<p><iframe loading=\"lazy\" title=\"#IgualLab. El papel de las mujeres en las instituciones: La Pol\u00edtica y La Universidad.\" width=\"750\" height=\"422\" src=\"https:\/\/www.youtube.com\/embed\/UoHH2wOcJuU?feature=oembed\" frameborder=\"0\" allow=\"accelerometer; autoplay; clipboard-write; encrypted-media; gyroscope; picture-in-picture; web-share\" referrerpolicy=\"strict-origin-when-cross-origin\" allowfullscreen><\/iframe><\/p>\n<p class=\"p2\"><span class=\"s1\">El <\/span>Laboratorio de Investigaci\u00f3n para la Transici\u00f3n Igualitaria de Canarias (Igual Lab) public\u00f3 ayer, lunes 4 de abril, la entrevista que Sylvia Ja\u00e9n, viceconsejera de Igualdad y Diversidad del Gobierno de Canarias, ha mantenido con Rosa Aguilar, rectora de la Universidad de La Laguna. Se trata de la primera de una serie de conversaciones similares que se ir\u00e1n publicando en los pr\u00f3ximos d\u00edas en los perfiles sociales del proyecto, en las cuales varias mujeres del \u00e1mbito cient\u00edfico hablar\u00e1n sobre su trayectoria desde un punto de vista de g\u00e9nero<\/p>\n<p class=\"p2\">En esta primera entrevista, Aguilar y Ja\u00e9n abordan sus trayectorias profesionales y c\u00f3mo este camino andado supone el desarrollo de mecanismos de interacci\u00f3n que se generan entre el ejercicio de la pol\u00edtica y la instituci\u00f3n acad\u00e9mica. Estos puentes se articulan a trav\u00e9s del acuerdo de un convenio como el firmado por ambas instituciones con un objetivo com\u00fan, trabajar por un futuro igualitario y diverso para Canarias. Este contenido ya est\u00e1 disponible en redes sociales (<a href=\"https:\/\/www.facebook.com\/profile.php?id=100069790128412\" target=\"_blank\" rel=\"noopener\"><span class=\"s2\">Facebook<\/span><\/a>, <a href=\"https:\/\/twitter.com\/IgualLab\" target=\"_blank\" rel=\"noopener\"><span class=\"s2\">Twitter <\/span><\/a>e <a href=\"https:\/\/www.instagram.com\/iguallab\/\" target=\"_blank\" rel=\"noopener\"><span class=\"s2\">Instagram<\/span><\/a>), en la<span class=\"Apple-converted-space\">\u00a0<\/span><a href=\"https:\/\/iguallab.es\/multimedia\/\" target=\"_blank\" rel=\"noopener\"><span class=\"s2\"> p\u00e1gina web<\/span><\/a> del laboratorio y en el <a href=\"https:\/\/youtu.be\/UoHH2wOcJuU\" target=\"_blank\" rel=\"noopener\"><span class=\"s2\">canal de Youtube<\/span><\/a> de la Fundaci\u00f3n General de la Universidad de La Laguna, entidad desde la que se gestiona la iniciativa.<\/p>\n<p class=\"p2\">Durante el resto de la semana se ir\u00e1 informado de la publicaci\u00f3n de las restantes<span class=\"Apple-converted-space\">\u00a0 <\/span>entrevistas realizadas a las investigadoras de cada una de las l\u00edneas de trabajo de Igual Lab: Resiliencia aplicada al desarrollo de la igualdad en Canarias; Patrimonio Cultural Inmaterial como Configuraci\u00f3n de la Identidad atravesando tradiciones en pro de la igualdad, equidad y diversidad y, Nuevo Paradigma: Datos y Metodolog\u00eda para la transformaci\u00f3n de las realidades en Canarias.<span class=\"Apple-converted-space\">\u00a0<\/span><\/p>\n<p class=\"p2\">En ellas se profundizar\u00e1 sobre lo que se est\u00e1 cociendo en Igual Lab y lo que est\u00e1 por venir. Este espacio de investigaci\u00f3n de Igual Lab se desarrolla en el marco del convenio de colaboraci\u00f3n entre el Gobierno de Canarias a trav\u00e9s de la Consejer\u00eda de Derechos Sociales, Igualdad, Diversidad y Juventud, y la Universidad de La Laguna a trav\u00e9s del Laboratorio de Innovaci\u00f3n Social LabINS, bajo el paraguas de la Estrategia Canaria de Transici\u00f3n Igualitaria, un plan para el fomento de la igualdad y diversidad en el Archipi\u00e9lago.<\/p>\n","protected":false},"excerpt":{"rendered":"<p>El Laboratorio de Investigaci\u00f3n para la Transici\u00f3n Igualitaria de Canarias (Igual Lab) public\u00f3 ayer, lunes 4 de abril, la entrevista&#8230;<\/p>\n","protected":false},"author":21,"featured_media":61965,"comment_status":"closed","ping_status":"closed","sticky":false,"template":"","format":"image","meta":{"inline_featured_image":false,"footnotes":""},"categories":[345,348,2765],"tags":[8454,8289,9510,8455,5308,5717,7589],"acf":[],"yoast_head":"<!-- This site is optimized with the Yoast SEO plugin v21.3 - https:\/\/yoast.com\/wordpress\/plugins\/seo\/ -->\n<title>Igual Lab entrevista a la rectora dentro de una serie sobre mujer y ciencia<\/title>\n<meta name=\"description\" content=\"El proyecto Igual Lab lanza esta semana en diferentes redes sociales una serie de entrevistas a mujeres del \u00e1mbito cient\u00edfico.\" \/>\n<meta name=\"robots\" content=\"index, follow, max-snippet:-1, max-image-preview:large, max-video-preview:-1\" \/>\n<link rel=\"canonical\" href=\"https:\/\/www.ull.es\/portal\/noticias\/2022\/rectora-entrevistas-igual-lab\/\" \/>\n<meta property=\"og:locale\" content=\"es_ES\" \/>\n<meta property=\"og:type\" content=\"article\" \/>\n<meta property=\"og:title\" content=\"Igual Lab entrevista a la rectora dentro de una serie sobre mujer y ciencia\" \/>\n<meta property=\"og:description\" content=\"El proyecto Igual Lab lanza esta semana en diferentes redes sociales una serie de entrevistas a mujeres del \u00e1mbito cient\u00edfico.\" \/>\n<meta property=\"og:url\" content=\"https:\/\/www.ull.es\/portal\/noticias\/2022\/rectora-entrevistas-igual-lab\/\" \/>\n<meta property=\"og:site_name\" content=\"ULL - Noticias\" \/>\n<meta property=\"article:publisher\" content=\"https:\/\/www.facebook.com\/universidaddelalaguna\/\" \/>\n<meta property=\"article:published_time\" content=\"2022-04-05T09:50:06+00:00\" \/>\n<meta property=\"article:modified_time\" content=\"2025-02-24T13:30:57+00:00\" \/>\n<meta property=\"og:image\" content=\"https:\/\/www.ull.es\/portal\/noticias\/wp-content\/uploads\/sites\/13\/2022\/04\/cara\u0301tula-entrevista-rectorasylvia-CORREGIDA.jpg\" \/>\n\t<meta property=\"og:image:width\" content=\"1200\" \/>\n\t<meta property=\"og:image:height\" content=\"675\" \/>\n\t<meta property=\"og:image:type\" content=\"image\/jpeg\" \/>\n<meta name=\"author\" content=\"prensa2\" \/>\n<meta name=\"twitter:card\" content=\"summary_large_image\" \/>\n<meta name=\"twitter:creator\" content=\"@CanalULL\" \/>\n<meta name=\"twitter:site\" content=\"@CanalULL\" \/>\n<meta name=\"twitter:label1\" content=\"Escrito por\" \/>\n\t<meta name=\"twitter:data1\" content=\"prensa2\" \/>\n\t<meta name=\"twitter:label2\" content=\"Tiempo de lectura\" \/>\n\t<meta name=\"twitter:data2\" content=\"2 minutos\" \/>\n<script type=\"application\/ld+json\" class=\"yoast-schema-graph\">{\"@context\":\"https:\/\/schema.org\",\"@graph\":[{\"@type\":\"WebPage\",\"@id\":\"https:\/\/www.ull.es\/portal\/noticias\/2022\/rectora-entrevistas-igual-lab\/\",\"url\":\"https:\/\/www.ull.es\/portal\/noticias\/2022\/rectora-entrevistas-igual-lab\/\",\"name\":\"Igual Lab entrevista a la rectora dentro de una serie sobre mujer y ciencia\",\"isPartOf\":{\"@id\":\"https:\/\/www.ull.es\/portal\/noticias\/#website\"},\"datePublished\":\"2022-04-05T09:50:06+00:00\",\"dateModified\":\"2025-02-24T13:30:57+00:00\",\"author\":{\"@id\":\"https:\/\/www.ull.es\/portal\/noticias\/#\/schema\/person\/c3b2aa857797592927a03740d6664376\"},\"description\":\"El proyecto Igual Lab lanza esta semana en diferentes redes sociales una serie de entrevistas a mujeres del \u00e1mbito cient\u00edfico.\",\"breadcrumb\":{\"@id\":\"https:\/\/www.ull.es\/portal\/noticias\/2022\/rectora-entrevistas-igual-lab\/#breadcrumb\"},\"inLanguage\":\"es\",\"potentialAction\":[{\"@type\":\"ReadAction\",\"target\":[\"https:\/\/www.ull.es\/portal\/noticias\/2022\/rectora-entrevistas-igual-lab\/\"]}]},{\"@type\":\"BreadcrumbList\",\"@id\":\"https:\/\/www.ull.es\/portal\/noticias\/2022\/rectora-entrevistas-igual-lab\/#breadcrumb\",\"itemListElement\":[{\"@type\":\"ListItem\",\"position\":1,\"name\":\"Portada\",\"item\":\"https:\/\/www.ull.es\/portal\/noticias\/\"},{\"@type\":\"ListItem\",\"position\":2,\"name\":\"La rectora de la ULL inaugura la serie de entrevistas a mujeres del \u00e1mbito cient\u00edfico que ha puesto en marcha Igual Lab\"}]},{\"@type\":\"WebSite\",\"@id\":\"https:\/\/www.ull.es\/portal\/noticias\/#website\",\"url\":\"https:\/\/www.ull.es\/portal\/noticias\/\",\"name\":\"ULL - Noticias\",\"description\":\"\",\"potentialAction\":[{\"@type\":\"SearchAction\",\"target\":{\"@type\":\"EntryPoint\",\"urlTemplate\":\"https:\/\/www.ull.es\/portal\/noticias\/?s={search_term_string}\"},\"query-input\":\"required name=search_term_string\"}],\"inLanguage\":\"es\"},{\"@type\":\"Person\",\"@id\":\"https:\/\/www.ull.es\/portal\/noticias\/#\/schema\/person\/c3b2aa857797592927a03740d6664376\",\"name\":\"prensa2\",\"image\":{\"@type\":\"ImageObject\",\"inLanguage\":\"es\",\"@id\":\"https:\/\/www.ull.es\/portal\/noticias\/#\/schema\/person\/image\/\",\"url\":\"https:\/\/secure.gravatar.com\/avatar\/b58f310a5de5feb33d1e026d2493f23c?s=96&d=mm&r=g\",\"contentUrl\":\"https:\/\/secure.gravatar.com\/avatar\/b58f310a5de5feb33d1e026d2493f23c?s=96&d=mm&r=g\",\"caption\":\"prensa2\"},\"url\":\"https:\/\/www.ull.es\/portal\/noticias\/author\/prensa2\/\"}]}<\/script>\n<!-- \/ Yoast SEO plugin. -->","yoast_head_json":{"title":"Igual Lab entrevista a la rectora dentro de una serie sobre mujer y ciencia","description":"El proyecto Igual Lab lanza esta semana en diferentes redes sociales una serie de entrevistas a mujeres del \u00e1mbito cient\u00edfico.","robots":{"index":"index","follow":"follow","max-snippet":"max-snippet:-1","max-image-preview":"max-image-preview:large","max-video-preview":"max-video-preview:-1"},"canonical":"https:\/\/www.ull.es\/portal\/noticias\/2022\/rectora-entrevistas-igual-lab\/","og_locale":"es_ES","og_type":"article","og_title":"Igual Lab entrevista a la rectora dentro de una serie sobre mujer y ciencia","og_description":"El proyecto Igual Lab lanza esta semana en diferentes redes sociales una serie de entrevistas a mujeres del \u00e1mbito cient\u00edfico.","og_url":"https:\/\/www.ull.es\/portal\/noticias\/2022\/rectora-entrevistas-igual-lab\/","og_site_name":"ULL - Noticias","article_publisher":"https:\/\/www.facebook.com\/universidaddelalaguna\/","article_published_time":"2022-04-05T09:50:06+00:00","article_modified_time":"2025-02-24T13:30:57+00:00","og_image":[{"width":1200,"height":675,"url":"https:\/\/www.ull.es\/portal\/noticias\/wp-content\/uploads\/sites\/13\/2022\/04\/cara\u0301tula-entrevista-rectorasylvia-CORREGIDA.jpg","type":"image\/jpeg"}],"author":"prensa2","twitter_card":"summary_large_image","twitter_creator":"@CanalULL","twitter_site":"@CanalULL","twitter_misc":{"Escrito por":"prensa2","Tiempo de lectura":"2 minutos"},"schema":{"@context":"https:\/\/schema.org","@graph":[{"@type":"WebPage","@id":"https:\/\/www.ull.es\/portal\/noticias\/2022\/rectora-entrevistas-igual-lab\/","url":"https:\/\/www.ull.es\/portal\/noticias\/2022\/rectora-entrevistas-igual-lab\/","name":"Igual Lab entrevista a la rectora dentro de una serie sobre mujer y ciencia","isPartOf":{"@id":"https:\/\/www.ull.es\/portal\/noticias\/#website"},"datePublished":"2022-04-05T09:50:06+00:00","dateModified":"2025-02-24T13:30:57+00:00","author":{"@id":"https:\/\/www.ull.es\/portal\/noticias\/#\/schema\/person\/c3b2aa857797592927a03740d6664376"},"description":"El proyecto Igual Lab lanza esta semana en diferentes redes sociales una serie de entrevistas a mujeres del \u00e1mbito cient\u00edfico.","breadcrumb":{"@id":"https:\/\/www.ull.es\/portal\/noticias\/2022\/rectora-entrevistas-igual-lab\/#breadcrumb"},"inLanguage":"es","potentialAction":[{"@type":"ReadAction","target":["https:\/\/www.ull.es\/portal\/noticias\/2022\/rectora-entrevistas-igual-lab\/"]}]},{"@type":"BreadcrumbList","@id":"https:\/\/www.ull.es\/portal\/noticias\/2022\/rectora-entrevistas-igual-lab\/#breadcrumb","itemListElement":[{"@type":"ListItem","position":1,"name":"Portada","item":"https:\/\/www.ull.es\/portal\/noticias\/"},{"@type":"ListItem","position":2,"name":"La rectora de la ULL inaugura la serie de entrevistas a mujeres del \u00e1mbito cient\u00edfico que ha puesto en marcha Igual Lab"}]},{"@type":"WebSite","@id":"https:\/\/www.ull.es\/portal\/noticias\/#website","url":"https:\/\/www.ull.es\/portal\/noticias\/","name":"ULL - Noticias","description":"","potentialAction":[{"@type":"SearchAction","target":{"@type":"EntryPoint","urlTemplate":"https:\/\/www.ull.es\/portal\/noticias\/?s={search_term_string}"},"query-input":"required name=search_term_string"}],"inLanguage":"es"},{"@type":"Person","@id":"https:\/\/www.ull.es\/portal\/noticias\/#\/schema\/person\/c3b2aa857797592927a03740d6664376","name":"prensa2","image":{"@type":"ImageObject","inLanguage":"es","@id":"https:\/\/www.ull.es\/portal\/noticias\/#\/schema\/person\/image\/","url":"https:\/\/secure.gravatar.com\/avatar\/b58f310a5de5feb33d1e026d2493f23c?s=96&d=mm&r=g","contentUrl":"https:\/\/secure.gravatar.com\/avatar\/b58f310a5de5feb33d1e026d2493f23c?s=96&d=mm&r=g","caption":"prensa2"},"url":"https:\/\/www.ull.es\/portal\/noticias\/author\/prensa2\/"}]}},"primary_category":{"id":345,"name":"Destacado","slug":"destacado","link":"https:\/\/www.ull.es\/portal\/noticias\/category\/destacado\/"},"featured_image_thumbnail_url":"https:\/\/www.ull.es\/portal\/noticias\/wp-content\/uploads\/sites\/13\/2022\/04\/cara\u0301tula-entrevista-rectorasylvia-CORREGIDA-300x169.jpg","_links":{"self":[{"href":"https:\/\/www.ull.es\/portal\/noticias\/wp-json\/wp\/v2\/posts\/61956"}],"collection":[{"href":"https:\/\/www.ull.es\/portal\/noticias\/wp-json\/wp\/v2\/posts"}],"about":[{"href":"https:\/\/www.ull.es\/portal\/noticias\/wp-json\/wp\/v2\/types\/post"}],"author":[{"embeddable":true,"href":"https:\/\/www.ull.es\/portal\/noticias\/wp-json\/wp\/v2\/users\/21"}],"replies":[{"embeddable":true,"href":"https:\/\/www.ull.es\/portal\/noticias\/wp-json\/wp\/v2\/comments?post=61956"}],"version-history":[{"count":1,"href":"https:\/\/www.ull.es\/portal\/noticias\/wp-json\/wp\/v2\/posts\/61956\/revisions"}],"predecessor-version":[{"id":61958,"href":"https:\/\/www.ull.es\/portal\/noticias\/wp-json\/wp\/v2\/posts\/61956\/revisions\/61958"}],"wp:featuredmedia":[{"embeddable":true,"href":"https:\/\/www.ull.es\/portal\/noticias\/wp-json\/wp\/v2\/media\/61965"}],"wp:attachment":[{"href":"https:\/\/www.ull.es\/portal\/noticias\/wp-json\/wp\/v2\/media?parent=61956"}],"wp:term":[{"taxonomy":"category","embeddable":true,"href":"https:\/\/www.ull.es\/portal\/noticias\/wp-json\/wp\/v2\/categories?post=61956"},{"taxonomy":"post_tag","embeddable":true,"href":"https:\/\/www.ull.es\/portal\/noticias\/wp-json\/wp\/v2\/tags?post=61956"}],"curies":[{"name":"wp","href":"https:\/\/api.w.org\/{rel}","templated":true}]}}