{"id":62009,"date":"2022-04-07T08:56:53","date_gmt":"2022-04-07T08:56:53","guid":{"rendered":"https:\/\/www.ull.es\/portal\/noticias\/?p=62009"},"modified":"2022-04-07T08:56:53","modified_gmt":"2022-04-07T08:56:53","slug":"la-ull-celebra-un-seminario-sobre-herramientas-y-seguimiento-de-politicas-fiscales-en-canarias","status":"publish","type":"post","link":"https:\/\/www.ull.es\/portal\/noticias\/2022\/la-ull-celebra-un-seminario-sobre-herramientas-y-seguimiento-de-politicas-fiscales-en-canarias\/","title":{"rendered":"La ULL celebra un seminario sobre herramientas y seguimiento de pol\u00edticas fiscales en Canarias"},"content":{"rendered":"<p>La Facultad de Econom\u00eda, Empresa y Turismo de la Universidad de la Laguna ha celebrado recientemente un seminario sobre herramientas y m\u00e9todos para la evaluaci\u00f3n y seguimiento de pol\u00edticas fiscales en Canarias, organizado por la Viceconsejer\u00eda de Hacienda, Planificaci\u00f3n y Asuntos Europeos del Gobierno de Canarias y el Centro de Estudios de Desigualdad Social y Gobernanza (CEDESOG) del centro acad\u00e9mico. Las sesiones fueron moderadas por los catedr\u00e1ticos de Econom\u00eda dicha facultad, Jos\u00e9 Luis Rivero Ceballos, y Gustavo A. Marrero, quien tambi\u00e9n es director del centro anfitri\u00f3n de este evento.<\/p>\n<p>El decano de la Facultad, Jos\u00e9 Adri\u00e1n Garc\u00eda Rojas, dio la bienvenida a las jornadas, y felicit\u00f3 a los organizadores por lo pertinente de la tem\u00e1tica y por haber reunido a pol\u00edticos, miembros de la administraci\u00f3n, profesores y alumnado en estas jornadas.<\/p>\n<p>A continuaci\u00f3n, tom\u00f3 la palabra Ferm\u00edn Delgado Garc\u00eda, viceconsejero de Hacienda, Planificaci\u00f3n y Asuntos Europeos, quien habl\u00f3 de la importancia de la evaluaci\u00f3n de las pol\u00edticas fiscales en Canarias, y destac\u00f3 el enorme inter\u00e9s que tiene el Gobierno en hacer seguimiento y buena evaluaci\u00f3n de pol\u00edticas p\u00fablicas, no solo como mecanismo de transparencia, sino tambi\u00e9n para mejorarlas y hacerlas m\u00e1s efectivas y eficientes para la ciudadan\u00eda.<\/p>\n<p><img decoding=\"async\" loading=\"lazy\" class=\"alignleft size-medium wp-image-62012\" src=\"https:\/\/www.ull.es\/portal\/noticias\/wp-content\/uploads\/sites\/13\/2022\/04\/Nuevas-politicas-fiscales-06-300x200.jpg\" alt=\"\" width=\"300\" height=\"200\" srcset=\"https:\/\/www.ull.es\/portal\/noticias\/wp-content\/uploads\/sites\/13\/2022\/04\/Nuevas-politicas-fiscales-06-300x200.jpg 300w, https:\/\/www.ull.es\/portal\/noticias\/wp-content\/uploads\/sites\/13\/2022\/04\/Nuevas-politicas-fiscales-06-768x512.jpg 768w, https:\/\/www.ull.es\/portal\/noticias\/wp-content\/uploads\/sites\/13\/2022\/04\/Nuevas-politicas-fiscales-06-375x250.jpg 375w, https:\/\/www.ull.es\/portal\/noticias\/wp-content\/uploads\/sites\/13\/2022\/04\/Nuevas-politicas-fiscales-06-750x500.jpg 750w, https:\/\/www.ull.es\/portal\/noticias\/wp-content\/uploads\/sites\/13\/2022\/04\/Nuevas-politicas-fiscales-06.jpg 1024w\" sizes=\"(max-width: 300px) 100vw, 300px\" \/>El Gobierno ya est\u00e1 avanzando en estas acciones, a\u00f1adi\u00f3, pero quiere ir a m\u00e1s. A continuaci\u00f3n, Jos\u00e9 Luis Rivero Ceballos hizo una breve introducci\u00f3n al R\u00e9gimen Econ\u00f3mico y Fiscal de Canarias, y destac\u00f3 la necesidad de su evaluaci\u00f3n y seguimiento, como aplicaciones de gran relevancia para las islas.<\/p>\n<p>Javier J. P\u00e9rez, director del Departamento de Econom\u00eda Internacional y \u00c1rea del Euro de la Direcci\u00f3n General de Econom\u00eda y Estad\u00edstica del Banco de Espa\u00f1a, habl\u00f3 sobre m\u00e9todos de\u00a0seguimiento de indicadores fiscales, y de la importancia que tienen los modelos para ajustar las predicciones en tiempo real y generar credibilidad en las previsiones. Buenos procedimientos de previsi\u00f3n sirven, adem\u00e1s, para dar legitimidad a los representantes pol\u00edticos.<\/p>\n<p>Ignacio Moral-Arce,\u00a0vocal asesor en evaluaci\u00f3n de pol\u00edticas p\u00fablicas del Instituto de Estudios Fiscales, intervino acerca de los procedimientos de evaluaci\u00f3n expost, y de la necesidad de tener personal formado en estas t\u00e9cnicas, de tener informaci\u00f3n estad\u00edstica a nivel microecon\u00f3mico y de la implicaci\u00f3n en el proceso de evaluaci\u00f3n del gestor de la pol\u00edtica. A\u00f1adi\u00f3 los factores para la generaci\u00f3n de evidencias en la toma de decisiones y de una aplicaci\u00f3n a una reforma de imposici\u00f3n indirecta en Espa\u00f1a.<\/p>\n<p>Tras el descanso, Fidel Picos, Comisi\u00f3n Europea, del Joint Research Centre de Sevilla, cont\u00f3 las virtudes y el inter\u00e9s del microsimulador que usa la Comisi\u00f3n Europea para analizar distintos escenarios de reformas fiscales, el Euromod, para luego explciar c\u00f3mo se podr\u00eda adaptar al caso de Canarias.<\/p>\n<p>Las jornadas se cerraron con las intervenciones de Alberto Gonz\u00e1lez Yanes, jefe de Estad\u00edsticas Econ\u00f3micas del Instituto Canario de Estad\u00edstica, y de Domingo Jes\u00fas Lorenzo D\u00edaz, t\u00e9cnico estad\u00edstico de la misma instituci\u00f3n, quienes hablaron de la estad\u00edstica oficial en la evaluaci\u00f3n de pol\u00edticas p\u00fablicas en Canarias, del sistema de informaci\u00f3n integrados que est\u00e1 elaborando el ISTAC, y del enorme potencial que tendr\u00e1 para analizar y evaluar las pol\u00edticas p\u00fablicas en Canarias.<\/p>\n<p>El seminario continu\u00f3 con un taller pr\u00e1ctico sobre el funcionamiento del modelo de microsimulaci\u00f3n Euromod, tambi\u00e9n en la Facultad de Econom\u00eda, Empresa y Turismo, impartido por Fidel Picos, de la Comisi\u00f3n Europea.<\/p>\n<p>Las jornadas las cerraron el viceconsejero Ferm\u00edn Delgado Garc\u00eda y Gustavo Marrero, quienes volvieron a destacar la importancia y la necesidad de tener informaci\u00f3n y herramientas para hacer buenas evaluaciones de pol\u00edticas fiscales y de otra naturaleza en Canarias.<\/p>\n","protected":false},"excerpt":{"rendered":"<p>La Facultad de Econom\u00eda, Empresa y Turismo de la Universidad de la Laguna ha celebrado recientemente un seminario sobre herramientas&#8230;<\/p>\n","protected":false},"author":23,"featured_media":62011,"comment_status":"closed","ping_status":"closed","sticky":false,"template":"","format":"standard","meta":{"inline_featured_image":false,"footnotes":""},"categories":[345,3906,348,2765],"tags":[781,1420,8464],"acf":[],"yoast_head":"<!-- This site is optimized with the Yoast SEO plugin v21.3 - https:\/\/yoast.com\/wordpress\/plugins\/seo\/ -->\n<title>La ULL celebra un seminario sobre herramientas y seguimiento de pol\u00edticas fiscales en Canarias - ULL - Noticias<\/title>\n<meta name=\"robots\" content=\"index, follow, max-snippet:-1, max-image-preview:large, max-video-preview:-1\" \/>\n<link rel=\"canonical\" href=\"https:\/\/www.ull.es\/portal\/noticias\/2022\/la-ull-celebra-un-seminario-sobre-herramientas-y-seguimiento-de-politicas-fiscales-en-canarias\/\" \/>\n<meta property=\"og:locale\" content=\"es_ES\" \/>\n<meta property=\"og:type\" content=\"article\" \/>\n<meta property=\"og:title\" content=\"La ULL celebra un seminario sobre herramientas y seguimiento de pol\u00edticas fiscales en Canarias - ULL - Noticias\" \/>\n<meta property=\"og:description\" content=\"La Facultad de Econom\u00eda, Empresa y Turismo de la Universidad de la Laguna ha celebrado recientemente un seminario sobre herramientas...\" \/>\n<meta property=\"og:url\" content=\"https:\/\/www.ull.es\/portal\/noticias\/2022\/la-ull-celebra-un-seminario-sobre-herramientas-y-seguimiento-de-politicas-fiscales-en-canarias\/\" \/>\n<meta property=\"og:site_name\" content=\"ULL - Noticias\" \/>\n<meta property=\"article:publisher\" content=\"https:\/\/www.facebook.com\/universidaddelalaguna\/\" \/>\n<meta property=\"article:published_time\" content=\"2022-04-07T08:56:53+00:00\" \/>\n<meta property=\"og:image\" content=\"https:\/\/www.ull.es\/portal\/noticias\/wp-content\/uploads\/sites\/13\/2022\/04\/Nuevas-politicas-fiscales-09.jpg\" \/>\n\t<meta property=\"og:image:width\" content=\"1024\" \/>\n\t<meta property=\"og:image:height\" content=\"683\" \/>\n\t<meta property=\"og:image:type\" content=\"image\/jpeg\" \/>\n<meta name=\"author\" content=\"gaprsa\" \/>\n<meta name=\"twitter:card\" content=\"summary_large_image\" \/>\n<meta name=\"twitter:creator\" content=\"@CanalULL\" \/>\n<meta name=\"twitter:site\" content=\"@CanalULL\" \/>\n<meta name=\"twitter:label1\" content=\"Escrito por\" \/>\n\t<meta name=\"twitter:data1\" content=\"gaprsa\" \/>\n\t<meta name=\"twitter:label2\" content=\"Tiempo de lectura\" \/>\n\t<meta name=\"twitter:data2\" content=\"3 minutos\" \/>\n<script type=\"application\/ld+json\" class=\"yoast-schema-graph\">{\"@context\":\"https:\/\/schema.org\",\"@graph\":[{\"@type\":\"WebPage\",\"@id\":\"https:\/\/www.ull.es\/portal\/noticias\/2022\/la-ull-celebra-un-seminario-sobre-herramientas-y-seguimiento-de-politicas-fiscales-en-canarias\/\",\"url\":\"https:\/\/www.ull.es\/portal\/noticias\/2022\/la-ull-celebra-un-seminario-sobre-herramientas-y-seguimiento-de-politicas-fiscales-en-canarias\/\",\"name\":\"La ULL celebra un seminario sobre herramientas y seguimiento de pol\u00edticas fiscales en Canarias - ULL - Noticias\",\"isPartOf\":{\"@id\":\"https:\/\/www.ull.es\/portal\/noticias\/#website\"},\"datePublished\":\"2022-04-07T08:56:53+00:00\",\"dateModified\":\"2022-04-07T08:56:53+00:00\",\"author\":{\"@id\":\"https:\/\/www.ull.es\/portal\/noticias\/#\/schema\/person\/b2b1a89d43ffa609e591f7df8ef3e817\"},\"breadcrumb\":{\"@id\":\"https:\/\/www.ull.es\/portal\/noticias\/2022\/la-ull-celebra-un-seminario-sobre-herramientas-y-seguimiento-de-politicas-fiscales-en-canarias\/#breadcrumb\"},\"inLanguage\":\"es\",\"potentialAction\":[{\"@type\":\"ReadAction\",\"target\":[\"https:\/\/www.ull.es\/portal\/noticias\/2022\/la-ull-celebra-un-seminario-sobre-herramientas-y-seguimiento-de-politicas-fiscales-en-canarias\/\"]}]},{\"@type\":\"BreadcrumbList\",\"@id\":\"https:\/\/www.ull.es\/portal\/noticias\/2022\/la-ull-celebra-un-seminario-sobre-herramientas-y-seguimiento-de-politicas-fiscales-en-canarias\/#breadcrumb\",\"itemListElement\":[{\"@type\":\"ListItem\",\"position\":1,\"name\":\"Portada\",\"item\":\"https:\/\/www.ull.es\/portal\/noticias\/\"},{\"@type\":\"ListItem\",\"position\":2,\"name\":\"La ULL celebra un seminario sobre herramientas y seguimiento de pol\u00edticas fiscales en Canarias\"}]},{\"@type\":\"WebSite\",\"@id\":\"https:\/\/www.ull.es\/portal\/noticias\/#website\",\"url\":\"https:\/\/www.ull.es\/portal\/noticias\/\",\"name\":\"ULL - Noticias\",\"description\":\"\",\"potentialAction\":[{\"@type\":\"SearchAction\",\"target\":{\"@type\":\"EntryPoint\",\"urlTemplate\":\"https:\/\/www.ull.es\/portal\/noticias\/?s={search_term_string}\"},\"query-input\":\"required name=search_term_string\"}],\"inLanguage\":\"es\"},{\"@type\":\"Person\",\"@id\":\"https:\/\/www.ull.es\/portal\/noticias\/#\/schema\/person\/b2b1a89d43ffa609e591f7df8ef3e817\",\"name\":\"gaprsa\",\"image\":{\"@type\":\"ImageObject\",\"inLanguage\":\"es\",\"@id\":\"https:\/\/www.ull.es\/portal\/noticias\/#\/schema\/person\/image\/\",\"url\":\"https:\/\/secure.gravatar.com\/avatar\/443820550921091458b4823867723b3d?s=96&d=mm&r=g\",\"contentUrl\":\"https:\/\/secure.gravatar.com\/avatar\/443820550921091458b4823867723b3d?s=96&d=mm&r=g\",\"caption\":\"gaprsa\"},\"url\":\"https:\/\/www.ull.es\/portal\/noticias\/author\/gaprsa\/\"}]}<\/script>\n<!-- \/ Yoast SEO plugin. -->","yoast_head_json":{"title":"La ULL celebra un seminario sobre herramientas y seguimiento de pol\u00edticas fiscales en Canarias - ULL - Noticias","robots":{"index":"index","follow":"follow","max-snippet":"max-snippet:-1","max-image-preview":"max-image-preview:large","max-video-preview":"max-video-preview:-1"},"canonical":"https:\/\/www.ull.es\/portal\/noticias\/2022\/la-ull-celebra-un-seminario-sobre-herramientas-y-seguimiento-de-politicas-fiscales-en-canarias\/","og_locale":"es_ES","og_type":"article","og_title":"La ULL celebra un seminario sobre herramientas y seguimiento de pol\u00edticas fiscales en Canarias - ULL - Noticias","og_description":"La Facultad de Econom\u00eda, Empresa y Turismo de la Universidad de la Laguna ha celebrado recientemente un seminario sobre herramientas...","og_url":"https:\/\/www.ull.es\/portal\/noticias\/2022\/la-ull-celebra-un-seminario-sobre-herramientas-y-seguimiento-de-politicas-fiscales-en-canarias\/","og_site_name":"ULL - Noticias","article_publisher":"https:\/\/www.facebook.com\/universidaddelalaguna\/","article_published_time":"2022-04-07T08:56:53+00:00","og_image":[{"width":1024,"height":683,"url":"https:\/\/www.ull.es\/portal\/noticias\/wp-content\/uploads\/sites\/13\/2022\/04\/Nuevas-politicas-fiscales-09.jpg","type":"image\/jpeg"}],"author":"gaprsa","twitter_card":"summary_large_image","twitter_creator":"@CanalULL","twitter_site":"@CanalULL","twitter_misc":{"Escrito por":"gaprsa","Tiempo de lectura":"3 minutos"},"schema":{"@context":"https:\/\/schema.org","@graph":[{"@type":"WebPage","@id":"https:\/\/www.ull.es\/portal\/noticias\/2022\/la-ull-celebra-un-seminario-sobre-herramientas-y-seguimiento-de-politicas-fiscales-en-canarias\/","url":"https:\/\/www.ull.es\/portal\/noticias\/2022\/la-ull-celebra-un-seminario-sobre-herramientas-y-seguimiento-de-politicas-fiscales-en-canarias\/","name":"La ULL celebra un seminario sobre herramientas y seguimiento de pol\u00edticas fiscales en Canarias - ULL - Noticias","isPartOf":{"@id":"https:\/\/www.ull.es\/portal\/noticias\/#website"},"datePublished":"2022-04-07T08:56:53+00:00","dateModified":"2022-04-07T08:56:53+00:00","author":{"@id":"https:\/\/www.ull.es\/portal\/noticias\/#\/schema\/person\/b2b1a89d43ffa609e591f7df8ef3e817"},"breadcrumb":{"@id":"https:\/\/www.ull.es\/portal\/noticias\/2022\/la-ull-celebra-un-seminario-sobre-herramientas-y-seguimiento-de-politicas-fiscales-en-canarias\/#breadcrumb"},"inLanguage":"es","potentialAction":[{"@type":"ReadAction","target":["https:\/\/www.ull.es\/portal\/noticias\/2022\/la-ull-celebra-un-seminario-sobre-herramientas-y-seguimiento-de-politicas-fiscales-en-canarias\/"]}]},{"@type":"BreadcrumbList","@id":"https:\/\/www.ull.es\/portal\/noticias\/2022\/la-ull-celebra-un-seminario-sobre-herramientas-y-seguimiento-de-politicas-fiscales-en-canarias\/#breadcrumb","itemListElement":[{"@type":"ListItem","position":1,"name":"Portada","item":"https:\/\/www.ull.es\/portal\/noticias\/"},{"@type":"ListItem","position":2,"name":"La ULL celebra un seminario sobre herramientas y seguimiento de pol\u00edticas fiscales en Canarias"}]},{"@type":"WebSite","@id":"https:\/\/www.ull.es\/portal\/noticias\/#website","url":"https:\/\/www.ull.es\/portal\/noticias\/","name":"ULL - Noticias","description":"","potentialAction":[{"@type":"SearchAction","target":{"@type":"EntryPoint","urlTemplate":"https:\/\/www.ull.es\/portal\/noticias\/?s={search_term_string}"},"query-input":"required name=search_term_string"}],"inLanguage":"es"},{"@type":"Person","@id":"https:\/\/www.ull.es\/portal\/noticias\/#\/schema\/person\/b2b1a89d43ffa609e591f7df8ef3e817","name":"gaprsa","image":{"@type":"ImageObject","inLanguage":"es","@id":"https:\/\/www.ull.es\/portal\/noticias\/#\/schema\/person\/image\/","url":"https:\/\/secure.gravatar.com\/avatar\/443820550921091458b4823867723b3d?s=96&d=mm&r=g","contentUrl":"https:\/\/secure.gravatar.com\/avatar\/443820550921091458b4823867723b3d?s=96&d=mm&r=g","caption":"gaprsa"},"url":"https:\/\/www.ull.es\/portal\/noticias\/author\/gaprsa\/"}]}},"primary_category":{"id":345,"name":"Destacado","slug":"destacado","link":"https:\/\/www.ull.es\/portal\/noticias\/category\/destacado\/"},"featured_image_thumbnail_url":"https:\/\/www.ull.es\/portal\/noticias\/wp-content\/uploads\/sites\/13\/2022\/04\/Nuevas-politicas-fiscales-09-300x200.jpg","_links":{"self":[{"href":"https:\/\/www.ull.es\/portal\/noticias\/wp-json\/wp\/v2\/posts\/62009"}],"collection":[{"href":"https:\/\/www.ull.es\/portal\/noticias\/wp-json\/wp\/v2\/posts"}],"about":[{"href":"https:\/\/www.ull.es\/portal\/noticias\/wp-json\/wp\/v2\/types\/post"}],"author":[{"embeddable":true,"href":"https:\/\/www.ull.es\/portal\/noticias\/wp-json\/wp\/v2\/users\/23"}],"replies":[{"embeddable":true,"href":"https:\/\/www.ull.es\/portal\/noticias\/wp-json\/wp\/v2\/comments?post=62009"}],"version-history":[{"count":2,"href":"https:\/\/www.ull.es\/portal\/noticias\/wp-json\/wp\/v2\/posts\/62009\/revisions"}],"predecessor-version":[{"id":62013,"href":"https:\/\/www.ull.es\/portal\/noticias\/wp-json\/wp\/v2\/posts\/62009\/revisions\/62013"}],"wp:featuredmedia":[{"embeddable":true,"href":"https:\/\/www.ull.es\/portal\/noticias\/wp-json\/wp\/v2\/media\/62011"}],"wp:attachment":[{"href":"https:\/\/www.ull.es\/portal\/noticias\/wp-json\/wp\/v2\/media?parent=62009"}],"wp:term":[{"taxonomy":"category","embeddable":true,"href":"https:\/\/www.ull.es\/portal\/noticias\/wp-json\/wp\/v2\/categories?post=62009"},{"taxonomy":"post_tag","embeddable":true,"href":"https:\/\/www.ull.es\/portal\/noticias\/wp-json\/wp\/v2\/tags?post=62009"}],"curies":[{"name":"wp","href":"https:\/\/api.w.org\/{rel}","templated":true}]}}