{"id":62110,"date":"2022-04-20T12:55:34","date_gmt":"2022-04-20T12:55:34","guid":{"rendered":"https:\/\/www.ull.es\/portal\/noticias\/?p=62110"},"modified":"2022-04-20T12:55:34","modified_gmt":"2022-04-20T12:55:34","slug":"el-paraninfo-de-la-ull-reune-un-cuarteto-de-cuerdas-dentro-de-su-ciclo-de-jovenes-interpretes","status":"publish","type":"post","link":"https:\/\/www.ull.es\/portal\/noticias\/2022\/el-paraninfo-de-la-ull-reune-un-cuarteto-de-cuerdas-dentro-de-su-ciclo-de-jovenes-interpretes\/","title":{"rendered":"El Paraninfo de la ULL re\u00fane un cuarteto de cuerdas dentro de su Ciclo de J\u00f3venes Int\u00e9rpretes"},"content":{"rendered":"<p>El Paraninfo de la Universidad de La Laguna acoger\u00e1 en la tarde de hoy, mi\u00e9rcoles 20 de abril, una nueva sesi\u00f3n musical del \u201cCiclo de primavera de j\u00f3venes int\u00e9rpretes\u201d. A partir de las 20:00 horas, el cuarteto de cuerdas, formado por Jos\u00e9 Luis Hern\u00e1ndez, Joel Rodr\u00edguez, Silvia Izquierdo y Josu\u00e9 Padr\u00f3n, ser\u00e1 el encargado de llevar a cabo este recital, para el que ser\u00e1 necesario adquirir entradas a un precio de 5\u20ac y que a\u00fan est\u00e1n disponibles en la p\u00e1gina web de <a href=\"https:\/\/www.tomaticket.es\/es-es\/entradas-cuarteto-de-cuerdas-tenerife\" target=\"_blank\" rel=\"noopener\">Tomaticket<\/a>.<\/p>\n<p>Este cuarteto de guitarras, que ya cuenta con un amplio bagaje sobre los escenarios, tuvo sus inicios en 2019 bajo el amparo del Conservatorio Superior de M\u00fasica de Canarias. Con el apoyo de la profesora Paula Hern\u00e1ndez Dionis, naci\u00f3 este proyecto din\u00e1mico que ha llevado a estos cuatro int\u00e9rpretes a actuar en diferentes puntos de la geograf\u00eda de las Islas en sus primeros a\u00f1os de vida como grupo musical.<\/p>\n<p>Tras obtener el primer premio en la convocatoria del Ateneo Rec en el a\u00f1o 2020, tuvieron la oportunidad de grabar su primer trabajo discogr\u00e1fico. En esta obra llamada Alisios, estos cuatro antiguos alumnos del Conservatorio pudieron presentar cinco piezas in\u00e9ditas de autores canarios que fusionan la m\u00fasica contempor\u00e1nea y popular del archipi\u00e9lago.<\/p>\n<p>Los int\u00e9rpretes de este cuarteto, especialmente Joel Rodr\u00edguez y Jos\u00e9 Luis Hern\u00e1ndez, cuentan con un extenso recorrido dentro del folclore y la cultura popular canaria, no solo con la guitarra sino tambi\u00e9n con otros instrumentos como el timple. Por otro lado, tanto Josu\u00e9 Padr\u00f3n como Silvia Izquierdo, aportan sus conocimientos y talento al grupo a trav\u00e9s de la guitarra cl\u00e1sica.<\/p>\n","protected":false},"excerpt":{"rendered":"<p>El Paraninfo de la Universidad de La Laguna acoger\u00e1 en la tarde de hoy, mi\u00e9rcoles 20 de abril, una nueva&#8230;<\/p>\n","protected":false},"author":67,"featured_media":62111,"comment_status":"closed","ping_status":"closed","sticky":false,"template":"","format":"standard","meta":{"inline_featured_image":false,"footnotes":""},"categories":[344,345,2765],"tags":[7221,2049,7649],"acf":[],"yoast_head":"<!-- This site is optimized with the Yoast SEO plugin v21.3 - https:\/\/yoast.com\/wordpress\/plugins\/seo\/ -->\n<title>El Paraninfo de la ULL re\u00fane un cuarteto de cuerdas dentro de su Ciclo de J\u00f3venes Int\u00e9rpretes - ULL - Noticias<\/title>\n<meta name=\"description\" content=\"El Paraninfo de la Universidad de La Laguna acoger\u00e1 en la tarde de hoy, mi\u00e9rcoles 20 de abril, una nueva sesi\u00f3n musical del \u201cCiclo de primavera de j\u00f3venes int\u00e9rpretes\u201d.\" \/>\n<meta name=\"robots\" content=\"index, follow, max-snippet:-1, max-image-preview:large, max-video-preview:-1\" \/>\n<link rel=\"canonical\" href=\"https:\/\/www.ull.es\/portal\/noticias\/2022\/el-paraninfo-de-la-ull-reune-un-cuarteto-de-cuerdas-dentro-de-su-ciclo-de-jovenes-interpretes\/\" \/>\n<meta property=\"og:locale\" content=\"es_ES\" \/>\n<meta property=\"og:type\" content=\"article\" \/>\n<meta property=\"og:title\" content=\"El Paraninfo de la ULL re\u00fane un cuarteto de cuerdas dentro de su Ciclo de J\u00f3venes Int\u00e9rpretes - ULL - Noticias\" \/>\n<meta property=\"og:description\" content=\"El Paraninfo de la Universidad de La Laguna acoger\u00e1 en la tarde de hoy, mi\u00e9rcoles 20 de abril, una nueva sesi\u00f3n musical del \u201cCiclo de primavera de j\u00f3venes int\u00e9rpretes\u201d.\" \/>\n<meta property=\"og:url\" content=\"https:\/\/www.ull.es\/portal\/noticias\/2022\/el-paraninfo-de-la-ull-reune-un-cuarteto-de-cuerdas-dentro-de-su-ciclo-de-jovenes-interpretes\/\" \/>\n<meta property=\"og:site_name\" content=\"ULL - Noticias\" \/>\n<meta property=\"article:publisher\" content=\"https:\/\/www.facebook.com\/universidaddelalaguna\/\" \/>\n<meta property=\"article:published_time\" content=\"2022-04-20T12:55:34+00:00\" \/>\n<meta property=\"og:image\" content=\"https:\/\/www.ull.es\/portal\/noticias\/wp-content\/uploads\/sites\/13\/2022\/04\/af-cartel-cuarteto-cuerdas-ciclo-primavera700x350px.jpg\" \/>\n\t<meta property=\"og:image:width\" content=\"700\" \/>\n\t<meta property=\"og:image:height\" content=\"350\" \/>\n\t<meta property=\"og:image:type\" content=\"image\/jpeg\" \/>\n<meta name=\"author\" content=\"gcom5\" \/>\n<meta name=\"twitter:card\" content=\"summary_large_image\" \/>\n<meta name=\"twitter:creator\" content=\"@CanalULL\" \/>\n<meta name=\"twitter:site\" content=\"@CanalULL\" \/>\n<meta name=\"twitter:label1\" content=\"Escrito por\" \/>\n\t<meta name=\"twitter:data1\" content=\"gcom5\" \/>\n\t<meta name=\"twitter:label2\" content=\"Tiempo de lectura\" \/>\n\t<meta name=\"twitter:data2\" content=\"2 minutos\" \/>\n<script type=\"application\/ld+json\" class=\"yoast-schema-graph\">{\"@context\":\"https:\/\/schema.org\",\"@graph\":[{\"@type\":\"WebPage\",\"@id\":\"https:\/\/www.ull.es\/portal\/noticias\/2022\/el-paraninfo-de-la-ull-reune-un-cuarteto-de-cuerdas-dentro-de-su-ciclo-de-jovenes-interpretes\/\",\"url\":\"https:\/\/www.ull.es\/portal\/noticias\/2022\/el-paraninfo-de-la-ull-reune-un-cuarteto-de-cuerdas-dentro-de-su-ciclo-de-jovenes-interpretes\/\",\"name\":\"El Paraninfo de la ULL re\u00fane un cuarteto de cuerdas dentro de su Ciclo de J\u00f3venes Int\u00e9rpretes - ULL - Noticias\",\"isPartOf\":{\"@id\":\"https:\/\/www.ull.es\/portal\/noticias\/#website\"},\"datePublished\":\"2022-04-20T12:55:34+00:00\",\"dateModified\":\"2022-04-20T12:55:34+00:00\",\"author\":{\"@id\":\"https:\/\/www.ull.es\/portal\/noticias\/#\/schema\/person\/8027c6c4687adc2c90dc1532715d34df\"},\"description\":\"El Paraninfo de la Universidad de La Laguna acoger\u00e1 en la tarde de hoy, mi\u00e9rcoles 20 de abril, una nueva sesi\u00f3n musical del \u201cCiclo de primavera de j\u00f3venes int\u00e9rpretes\u201d.\",\"breadcrumb\":{\"@id\":\"https:\/\/www.ull.es\/portal\/noticias\/2022\/el-paraninfo-de-la-ull-reune-un-cuarteto-de-cuerdas-dentro-de-su-ciclo-de-jovenes-interpretes\/#breadcrumb\"},\"inLanguage\":\"es\",\"potentialAction\":[{\"@type\":\"ReadAction\",\"target\":[\"https:\/\/www.ull.es\/portal\/noticias\/2022\/el-paraninfo-de-la-ull-reune-un-cuarteto-de-cuerdas-dentro-de-su-ciclo-de-jovenes-interpretes\/\"]}]},{\"@type\":\"BreadcrumbList\",\"@id\":\"https:\/\/www.ull.es\/portal\/noticias\/2022\/el-paraninfo-de-la-ull-reune-un-cuarteto-de-cuerdas-dentro-de-su-ciclo-de-jovenes-interpretes\/#breadcrumb\",\"itemListElement\":[{\"@type\":\"ListItem\",\"position\":1,\"name\":\"Portada\",\"item\":\"https:\/\/www.ull.es\/portal\/noticias\/\"},{\"@type\":\"ListItem\",\"position\":2,\"name\":\"El Paraninfo de la ULL re\u00fane un cuarteto de cuerdas dentro de su Ciclo de J\u00f3venes Int\u00e9rpretes\"}]},{\"@type\":\"WebSite\",\"@id\":\"https:\/\/www.ull.es\/portal\/noticias\/#website\",\"url\":\"https:\/\/www.ull.es\/portal\/noticias\/\",\"name\":\"ULL - Noticias\",\"description\":\"\",\"potentialAction\":[{\"@type\":\"SearchAction\",\"target\":{\"@type\":\"EntryPoint\",\"urlTemplate\":\"https:\/\/www.ull.es\/portal\/noticias\/?s={search_term_string}\"},\"query-input\":\"required name=search_term_string\"}],\"inLanguage\":\"es\"},{\"@type\":\"Person\",\"@id\":\"https:\/\/www.ull.es\/portal\/noticias\/#\/schema\/person\/8027c6c4687adc2c90dc1532715d34df\",\"name\":\"gcom5\",\"image\":{\"@type\":\"ImageObject\",\"inLanguage\":\"es\",\"@id\":\"https:\/\/www.ull.es\/portal\/noticias\/#\/schema\/person\/image\/\",\"url\":\"https:\/\/secure.gravatar.com\/avatar\/8b3777f8048001fa57b88338ce5605b9?s=96&d=mm&r=g\",\"contentUrl\":\"https:\/\/secure.gravatar.com\/avatar\/8b3777f8048001fa57b88338ce5605b9?s=96&d=mm&r=g\",\"caption\":\"gcom5\"},\"url\":\"https:\/\/www.ull.es\/portal\/noticias\/author\/gcom5\/\"}]}<\/script>\n<!-- \/ Yoast SEO plugin. -->","yoast_head_json":{"title":"El Paraninfo de la ULL re\u00fane un cuarteto de cuerdas dentro de su Ciclo de J\u00f3venes Int\u00e9rpretes - ULL - Noticias","description":"El Paraninfo de la Universidad de La Laguna acoger\u00e1 en la tarde de hoy, mi\u00e9rcoles 20 de abril, una nueva sesi\u00f3n musical del \u201cCiclo de primavera de j\u00f3venes int\u00e9rpretes\u201d.","robots":{"index":"index","follow":"follow","max-snippet":"max-snippet:-1","max-image-preview":"max-image-preview:large","max-video-preview":"max-video-preview:-1"},"canonical":"https:\/\/www.ull.es\/portal\/noticias\/2022\/el-paraninfo-de-la-ull-reune-un-cuarteto-de-cuerdas-dentro-de-su-ciclo-de-jovenes-interpretes\/","og_locale":"es_ES","og_type":"article","og_title":"El Paraninfo de la ULL re\u00fane un cuarteto de cuerdas dentro de su Ciclo de J\u00f3venes Int\u00e9rpretes - ULL - Noticias","og_description":"El Paraninfo de la Universidad de La Laguna acoger\u00e1 en la tarde de hoy, mi\u00e9rcoles 20 de abril, una nueva sesi\u00f3n musical del \u201cCiclo de primavera de j\u00f3venes int\u00e9rpretes\u201d.","og_url":"https:\/\/www.ull.es\/portal\/noticias\/2022\/el-paraninfo-de-la-ull-reune-un-cuarteto-de-cuerdas-dentro-de-su-ciclo-de-jovenes-interpretes\/","og_site_name":"ULL - Noticias","article_publisher":"https:\/\/www.facebook.com\/universidaddelalaguna\/","article_published_time":"2022-04-20T12:55:34+00:00","og_image":[{"width":700,"height":350,"url":"https:\/\/www.ull.es\/portal\/noticias\/wp-content\/uploads\/sites\/13\/2022\/04\/af-cartel-cuarteto-cuerdas-ciclo-primavera700x350px.jpg","type":"image\/jpeg"}],"author":"gcom5","twitter_card":"summary_large_image","twitter_creator":"@CanalULL","twitter_site":"@CanalULL","twitter_misc":{"Escrito por":"gcom5","Tiempo de lectura":"2 minutos"},"schema":{"@context":"https:\/\/schema.org","@graph":[{"@type":"WebPage","@id":"https:\/\/www.ull.es\/portal\/noticias\/2022\/el-paraninfo-de-la-ull-reune-un-cuarteto-de-cuerdas-dentro-de-su-ciclo-de-jovenes-interpretes\/","url":"https:\/\/www.ull.es\/portal\/noticias\/2022\/el-paraninfo-de-la-ull-reune-un-cuarteto-de-cuerdas-dentro-de-su-ciclo-de-jovenes-interpretes\/","name":"El Paraninfo de la ULL re\u00fane un cuarteto de cuerdas dentro de su Ciclo de J\u00f3venes Int\u00e9rpretes - ULL - Noticias","isPartOf":{"@id":"https:\/\/www.ull.es\/portal\/noticias\/#website"},"datePublished":"2022-04-20T12:55:34+00:00","dateModified":"2022-04-20T12:55:34+00:00","author":{"@id":"https:\/\/www.ull.es\/portal\/noticias\/#\/schema\/person\/8027c6c4687adc2c90dc1532715d34df"},"description":"El Paraninfo de la Universidad de La Laguna acoger\u00e1 en la tarde de hoy, mi\u00e9rcoles 20 de abril, una nueva sesi\u00f3n musical del \u201cCiclo de primavera de j\u00f3venes int\u00e9rpretes\u201d.","breadcrumb":{"@id":"https:\/\/www.ull.es\/portal\/noticias\/2022\/el-paraninfo-de-la-ull-reune-un-cuarteto-de-cuerdas-dentro-de-su-ciclo-de-jovenes-interpretes\/#breadcrumb"},"inLanguage":"es","potentialAction":[{"@type":"ReadAction","target":["https:\/\/www.ull.es\/portal\/noticias\/2022\/el-paraninfo-de-la-ull-reune-un-cuarteto-de-cuerdas-dentro-de-su-ciclo-de-jovenes-interpretes\/"]}]},{"@type":"BreadcrumbList","@id":"https:\/\/www.ull.es\/portal\/noticias\/2022\/el-paraninfo-de-la-ull-reune-un-cuarteto-de-cuerdas-dentro-de-su-ciclo-de-jovenes-interpretes\/#breadcrumb","itemListElement":[{"@type":"ListItem","position":1,"name":"Portada","item":"https:\/\/www.ull.es\/portal\/noticias\/"},{"@type":"ListItem","position":2,"name":"El Paraninfo de la ULL re\u00fane un cuarteto de cuerdas dentro de su Ciclo de J\u00f3venes Int\u00e9rpretes"}]},{"@type":"WebSite","@id":"https:\/\/www.ull.es\/portal\/noticias\/#website","url":"https:\/\/www.ull.es\/portal\/noticias\/","name":"ULL - Noticias","description":"","potentialAction":[{"@type":"SearchAction","target":{"@type":"EntryPoint","urlTemplate":"https:\/\/www.ull.es\/portal\/noticias\/?s={search_term_string}"},"query-input":"required name=search_term_string"}],"inLanguage":"es"},{"@type":"Person","@id":"https:\/\/www.ull.es\/portal\/noticias\/#\/schema\/person\/8027c6c4687adc2c90dc1532715d34df","name":"gcom5","image":{"@type":"ImageObject","inLanguage":"es","@id":"https:\/\/www.ull.es\/portal\/noticias\/#\/schema\/person\/image\/","url":"https:\/\/secure.gravatar.com\/avatar\/8b3777f8048001fa57b88338ce5605b9?s=96&d=mm&r=g","contentUrl":"https:\/\/secure.gravatar.com\/avatar\/8b3777f8048001fa57b88338ce5605b9?s=96&d=mm&r=g","caption":"gcom5"},"url":"https:\/\/www.ull.es\/portal\/noticias\/author\/gcom5\/"}]}},"primary_category":{"id":344,"name":"Cultura","slug":"cultura","link":"https:\/\/www.ull.es\/portal\/noticias\/category\/cultura\/"},"featured_image_thumbnail_url":"https:\/\/www.ull.es\/portal\/noticias\/wp-content\/uploads\/sites\/13\/2022\/04\/af-cartel-cuarteto-cuerdas-ciclo-primavera700x350px-300x150.jpg","_links":{"self":[{"href":"https:\/\/www.ull.es\/portal\/noticias\/wp-json\/wp\/v2\/posts\/62110"}],"collection":[{"href":"https:\/\/www.ull.es\/portal\/noticias\/wp-json\/wp\/v2\/posts"}],"about":[{"href":"https:\/\/www.ull.es\/portal\/noticias\/wp-json\/wp\/v2\/types\/post"}],"author":[{"embeddable":true,"href":"https:\/\/www.ull.es\/portal\/noticias\/wp-json\/wp\/v2\/users\/67"}],"replies":[{"embeddable":true,"href":"https:\/\/www.ull.es\/portal\/noticias\/wp-json\/wp\/v2\/comments?post=62110"}],"version-history":[{"count":1,"href":"https:\/\/www.ull.es\/portal\/noticias\/wp-json\/wp\/v2\/posts\/62110\/revisions"}],"predecessor-version":[{"id":62112,"href":"https:\/\/www.ull.es\/portal\/noticias\/wp-json\/wp\/v2\/posts\/62110\/revisions\/62112"}],"wp:featuredmedia":[{"embeddable":true,"href":"https:\/\/www.ull.es\/portal\/noticias\/wp-json\/wp\/v2\/media\/62111"}],"wp:attachment":[{"href":"https:\/\/www.ull.es\/portal\/noticias\/wp-json\/wp\/v2\/media?parent=62110"}],"wp:term":[{"taxonomy":"category","embeddable":true,"href":"https:\/\/www.ull.es\/portal\/noticias\/wp-json\/wp\/v2\/categories?post=62110"},{"taxonomy":"post_tag","embeddable":true,"href":"https:\/\/www.ull.es\/portal\/noticias\/wp-json\/wp\/v2\/tags?post=62110"}],"curies":[{"name":"wp","href":"https:\/\/api.w.org\/{rel}","templated":true}]}}