{"id":62153,"date":"2022-04-22T13:51:10","date_gmt":"2022-04-22T13:51:10","guid":{"rendered":"https:\/\/www.ull.es\/portal\/noticias\/?p=62153"},"modified":"2022-04-22T14:27:16","modified_gmt":"2022-04-22T14:27:16","slug":"dia-del-libro-exposicion-descubrimiento-egipto-occidente-xix","status":"publish","type":"post","link":"https:\/\/www.ull.es\/portal\/noticias\/2022\/dia-del-libro-exposicion-descubrimiento-egipto-occidente-xix\/","title":{"rendered":"La ULL celebra el D\u00eda del Libro con una exposici\u00f3n sobre el \u201cdescubrimiento\u201d de Egipto por parte de Occidente en el siglo XIX"},"content":{"rendered":"<p class=\"p2\">Como es habitual cada a\u00f1o, la Biblioteca General y de Humanidades del Campus de Guajara acoge en su vest\u00edbulo, con motivo de D\u00eda del Libro, una exposici\u00f3n que indaga, a trav\u00e9s de los fondos bibliogr\u00e1ficos disponibles en la instituci\u00f3n, sobre un asunto culturalmente relevante. En esta ocasi\u00f3n, la muestra se centra en el \u201cdescubrimiento\u201d acad\u00e9mico que occidente realiz\u00f3 del antiguo Egipto en el siglo XIX. La muestra es de lo mas oportuna, porque justo en 2022 se cumplen los doscientos a\u00f1os del desciframiento de la escritura jerogl\u00edfica gracias a la piedra Rosetta, tal y como record\u00f3 el comisario de la exposici\u00f3n, el profesor del Departamento de Geograf\u00eda e Historia y egipt\u00f3logo Miguel \u00c1ngel Molinero Polo.<\/p>\n<p style=\"text-align: center\"><a href=\"https:\/\/drive.google.com\/drive\/folders\/1351zMx--52B14Hohw3Z5oEsvPc5XTpJZ?usp=sharing\" target=\"_blank\" rel=\"noopener\" target=\"_blank\" rel=\"noopener\"><strong>Galer\u00eda de im\u00e1genes<\/strong><\/a><\/p>\n<p class=\"p2\">Adem\u00e1s del profesor Molinero, estuvieron presentes en el acto inaugural la rectora de la Universidad de La Laguna, Rosa Aguilar; el vicerrector de Investigaci\u00f3n, Transferencia y Campus de Santa Cruz y de Sur, Ernesto Pereda, y los subdirectores del Servicio de Biblioteca, Carmen Julia Hern\u00e1ndez y Gonzalo Rey. La muestra ha sido inaugurada hoy, viernes 22 de abril a las 12:00, y podr\u00e1 ser visitada hasta finales de mayo, en horario de 9:00 a 20:00 horas.<\/p>\n<div id=\"attachment_62156\" style=\"width: 310px\" class=\"wp-caption alignleft\"><a href=\"https:\/\/www.ull.es\/portal\/noticias\/wp-content\/uploads\/sites\/13\/2022\/04\/Donacion-Gumersindo-Trujillo-11.jpg\" target=\"_blank\" rel=\"noopener\" target=\"_blank\" rel=\"noopener\"><img aria-describedby=\"caption-attachment-62156\" decoding=\"async\" loading=\"lazy\" class=\"wp-image-62156 size-medium\" src=\"https:\/\/www.ull.es\/portal\/noticias\/wp-content\/uploads\/sites\/13\/2022\/04\/Donacion-Gumersindo-Trujillo-11-300x200.jpg\" alt=\"Acto de recepci\u00f3n de donaciones a la Biblioteca.\" width=\"300\" height=\"200\" srcset=\"https:\/\/www.ull.es\/portal\/noticias\/wp-content\/uploads\/sites\/13\/2022\/04\/Donacion-Gumersindo-Trujillo-11-300x200.jpg 300w, https:\/\/www.ull.es\/portal\/noticias\/wp-content\/uploads\/sites\/13\/2022\/04\/Donacion-Gumersindo-Trujillo-11-768x512.jpg 768w, https:\/\/www.ull.es\/portal\/noticias\/wp-content\/uploads\/sites\/13\/2022\/04\/Donacion-Gumersindo-Trujillo-11-375x250.jpg 375w, https:\/\/www.ull.es\/portal\/noticias\/wp-content\/uploads\/sites\/13\/2022\/04\/Donacion-Gumersindo-Trujillo-11-750x500.jpg 750w, https:\/\/www.ull.es\/portal\/noticias\/wp-content\/uploads\/sites\/13\/2022\/04\/Donacion-Gumersindo-Trujillo-11.jpg 1024w\" sizes=\"(max-width: 300px) 100vw, 300px\" \/><\/a><p id=\"caption-attachment-62156\" class=\"wp-caption-text\">Acto de recepci\u00f3n de donaciones a la Biblioteca.<\/p><\/div>\n<p class=\"p1\">El recinto bibliotecario ha acogido otra actividad tradicional en el D\u00eda del Libro: las donaciones que diferentes entidades realizan para aumentar y mejorar sus fondos. En esta ocasi\u00f3n, la Asociaci\u00f3n Alumni ULL ha patrocinado con<span class=\"Apple-converted-space\">\u00a0 <\/span>1.800 euros la adquisici\u00f3n de algunos ejemplares de inter\u00e9s hist\u00f3rico. Adem\u00e1s, la familia del ex-rector de la Universidad de Laguna Gumersindo Trujillo, firm\u00f3 el acta de donaci\u00f3n de parte de los fondos bibliogr\u00e1ficos y documentales pertenecientes al ilustre jurista.<\/p>\n<p class=\"p2\">Otra actividad relacionada con esta festividad es la sesi\u00f3n que este mismo viernes 22 de abril a las 18:00 horas, el Club de Lectura de la universidad dedicar\u00e1 en la Sala de Conferencias de la biblioteca a analizar la novela de Terenci Moix, \u201cNo digas que fue un sue\u00f1o\u201d, un ejemplo literario de esa fascinaci\u00f3n que el antiguo Egipto siempre ha causado a Occidente, centrado en la relaci\u00f3n entre la reina Cleopatra y Marco Antonio.<span class=\"Apple-converted-space\">\u00a0<\/span><\/p>\n<p class=\"p2\"><b>El estereotipo de Egipto<\/b><\/p>\n<p class=\"p2\">La rectora record\u00f3 en su intervenci\u00f3n la fascinaci\u00f3n que el antiguo Egipto, una civilizaci\u00f3n de 3.000 a\u00f1os de existencia, ha tenido sobre historiadores, artistas, poetas y p\u00fablico en general, gracias a los asombrosos restos monumentales que han pervivido hasta hoy. Sin embargo, muchas de sus caracter\u00edsticas siguen siendo desconocidas, por lo que invit\u00f3 a que esta muestra bibliogr\u00e1fica sirviera de acicate para conocer m\u00e1s sobre ella a trav\u00e9s de los libros.<\/p>\n<p><a href=\"https:\/\/www.ull.es\/portal\/noticias\/wp-content\/uploads\/sites\/13\/2022\/04\/Expo-Dia-del-libro-Egipto-32.jpg\" target=\"_blank\" rel=\"noopener\" target=\"_blank\" rel=\"noopener\"><img decoding=\"async\" loading=\"lazy\" class=\"alignright wp-image-62157 size-medium\" src=\"https:\/\/www.ull.es\/portal\/noticias\/wp-content\/uploads\/sites\/13\/2022\/04\/Expo-Dia-del-libro-Egipto-32-300x200.jpg\" alt=\"\" width=\"300\" height=\"200\" srcset=\"https:\/\/www.ull.es\/portal\/noticias\/wp-content\/uploads\/sites\/13\/2022\/04\/Expo-Dia-del-libro-Egipto-32-300x200.jpg 300w, https:\/\/www.ull.es\/portal\/noticias\/wp-content\/uploads\/sites\/13\/2022\/04\/Expo-Dia-del-libro-Egipto-32-768x512.jpg 768w, https:\/\/www.ull.es\/portal\/noticias\/wp-content\/uploads\/sites\/13\/2022\/04\/Expo-Dia-del-libro-Egipto-32-375x250.jpg 375w, https:\/\/www.ull.es\/portal\/noticias\/wp-content\/uploads\/sites\/13\/2022\/04\/Expo-Dia-del-libro-Egipto-32-750x500.jpg 750w, https:\/\/www.ull.es\/portal\/noticias\/wp-content\/uploads\/sites\/13\/2022\/04\/Expo-Dia-del-libro-Egipto-32.jpg 1024w\" sizes=\"(max-width: 300px) 100vw, 300px\" \/><\/a><\/p>\n<p class=\"p2\">Por su parte, el profesor Molinero Polo reflexion\u00f3 que Occidente ha construido una imagen estereotipada de esta civilizaci\u00f3n, y que a\u00fan hoy los visitantes siguen buscando las pir\u00e1mides, las palmeras y los camellos a pesar de que en en El Cairo tambi\u00e9n hay rascacielos, edificios Art Dec\u00f3 y a orillas del Nilo abundan m\u00e1s los siluros y los b\u00fafalos que los cocodrilos y los hipop\u00f3tamos.<\/p>\n<p class=\"p2\">Sin embargo, el egipt\u00f3logo abog\u00f3 por no ser demasiado cr\u00edtico con los t\u00f3picos en una jornada de fiesta para las bibliotecas como la de hoy, y se refiri\u00f3 a los aspectos m\u00e1s positivos que podr\u00edan vislumbrarse en las obras presentadas en las diferentes vitrinas, con los testimonios de misioneros, aventureros, ling\u00fcistas, anticuarios, diplom\u00e1ticos, ingenieros al servicio del estado egipcio, y los primeros turistas y egipt\u00f3logos. \u201cA ellos debemos que con sus descubrimientos el inter\u00e9s por el Egipto antiguo se haya mantenido y crecido\u201d<span class=\"s3\">.\u00a0<\/span><\/p>\n<p><a href=\"https:\/\/www.ull.es\/portal\/noticias\/wp-content\/uploads\/sites\/13\/2022\/04\/Expo-Dia-del-libro-Egipto-12.jpg\" target=\"_blank\" rel=\"noopener\" target=\"_blank\" rel=\"noopener\"><img decoding=\"async\" loading=\"lazy\" class=\"alignleft wp-image-62158 size-medium\" src=\"https:\/\/www.ull.es\/portal\/noticias\/wp-content\/uploads\/sites\/13\/2022\/04\/Expo-Dia-del-libro-Egipto-12-300x200.jpg\" alt=\"\" width=\"300\" height=\"200\" srcset=\"https:\/\/www.ull.es\/portal\/noticias\/wp-content\/uploads\/sites\/13\/2022\/04\/Expo-Dia-del-libro-Egipto-12-300x200.jpg 300w, https:\/\/www.ull.es\/portal\/noticias\/wp-content\/uploads\/sites\/13\/2022\/04\/Expo-Dia-del-libro-Egipto-12-768x512.jpg 768w, https:\/\/www.ull.es\/portal\/noticias\/wp-content\/uploads\/sites\/13\/2022\/04\/Expo-Dia-del-libro-Egipto-12-375x250.jpg 375w, https:\/\/www.ull.es\/portal\/noticias\/wp-content\/uploads\/sites\/13\/2022\/04\/Expo-Dia-del-libro-Egipto-12-750x500.jpg 750w, https:\/\/www.ull.es\/portal\/noticias\/wp-content\/uploads\/sites\/13\/2022\/04\/Expo-Dia-del-libro-Egipto-12.jpg 1024w\" sizes=\"(max-width: 300px) 100vw, 300px\" \/><\/a>Molinero tambi\u00e9n tuvo palabras de agradecimiento para el equipo del Servicio de Biblioteca que ha trabajado para hacer realidad este proyecto expositivo: entre otras personas, record\u00f3 a Paz Fern\u00e1ndez Palomeque y Carmen G\u00f3mez-Pablos, responsables de la catalogaci\u00f3n de los fondos; Sonia Garc\u00eda Y\u00e1nez y Francisca Rivero Cabeza, que han localizado ejemplares en el fondo moderno; Ismael Garc\u00eda P\u00e9rez en las labores de dise\u00f1o y Carmen Lahuerta Hern\u00e1ndez, responsable de los dioramas que identifican cada vitrina.<\/p>\n","protected":false},"excerpt":{"rendered":"<p>Como es habitual cada a\u00f1o, la Biblioteca General y de Humanidades del Campus de Guajara acoge en su vest\u00edbulo, con&#8230;<\/p>\n","protected":false},"author":21,"featured_media":62155,"comment_status":"closed","ping_status":"closed","sticky":false,"template":"","format":"standard","meta":{"inline_featured_image":false,"footnotes":""},"categories":[4534,344,345,3283,2765],"tags":[465,1030,8502,1102,1201,8503],"acf":[],"yoast_head":"<!-- This site is optimized with the Yoast SEO plugin v21.3 - https:\/\/yoast.com\/wordpress\/plugins\/seo\/ -->\n<title>El \u201cdescubrimiento\u201d de Egipto por parte de Occidente, en la ULL<\/title>\n<meta name=\"description\" content=\"La Biblioteca de la ULL acoge con motivo del D\u00eda del Libro una muestra bibliogr\u00e1fica acerca de la fascinaci\u00f3n por la milenaria civilizaci\u00f3n.\" \/>\n<meta name=\"robots\" content=\"index, follow, max-snippet:-1, max-image-preview:large, max-video-preview:-1\" \/>\n<link rel=\"canonical\" href=\"https:\/\/www.ull.es\/portal\/noticias\/2022\/dia-del-libro-exposicion-descubrimiento-egipto-occidente-xix\/\" \/>\n<meta property=\"og:locale\" content=\"es_ES\" \/>\n<meta property=\"og:type\" content=\"article\" \/>\n<meta property=\"og:title\" content=\"El \u201cdescubrimiento\u201d de Egipto por parte de Occidente, en la ULL\" \/>\n<meta property=\"og:description\" content=\"La Biblioteca de la ULL acoge con motivo del D\u00eda del Libro una muestra bibliogr\u00e1fica acerca de la fascinaci\u00f3n por la milenaria civilizaci\u00f3n.\" \/>\n<meta property=\"og:url\" content=\"https:\/\/www.ull.es\/portal\/noticias\/2022\/dia-del-libro-exposicion-descubrimiento-egipto-occidente-xix\/\" \/>\n<meta property=\"og:site_name\" content=\"ULL - Noticias\" \/>\n<meta property=\"article:publisher\" content=\"https:\/\/www.facebook.com\/universidaddelalaguna\/\" \/>\n<meta property=\"article:published_time\" content=\"2022-04-22T13:51:10+00:00\" \/>\n<meta property=\"article:modified_time\" content=\"2022-04-22T14:27:16+00:00\" \/>\n<meta property=\"og:image\" content=\"https:\/\/www.ull.es\/portal\/noticias\/wp-content\/uploads\/sites\/13\/2022\/04\/Expo-Dia-del-libro-Egipto-22.jpg\" \/>\n\t<meta property=\"og:image:width\" content=\"1024\" \/>\n\t<meta property=\"og:image:height\" content=\"683\" \/>\n\t<meta property=\"og:image:type\" content=\"image\/jpeg\" \/>\n<meta name=\"author\" content=\"prensa2\" \/>\n<meta name=\"twitter:card\" content=\"summary_large_image\" \/>\n<meta name=\"twitter:creator\" content=\"@CanalULL\" \/>\n<meta name=\"twitter:site\" content=\"@CanalULL\" \/>\n<meta name=\"twitter:label1\" content=\"Escrito por\" \/>\n\t<meta name=\"twitter:data1\" content=\"prensa2\" \/>\n\t<meta name=\"twitter:label2\" content=\"Tiempo de lectura\" \/>\n\t<meta name=\"twitter:data2\" content=\"4 minutos\" \/>\n<script type=\"application\/ld+json\" class=\"yoast-schema-graph\">{\"@context\":\"https:\/\/schema.org\",\"@graph\":[{\"@type\":\"WebPage\",\"@id\":\"https:\/\/www.ull.es\/portal\/noticias\/2022\/dia-del-libro-exposicion-descubrimiento-egipto-occidente-xix\/\",\"url\":\"https:\/\/www.ull.es\/portal\/noticias\/2022\/dia-del-libro-exposicion-descubrimiento-egipto-occidente-xix\/\",\"name\":\"El \u201cdescubrimiento\u201d de Egipto por parte de Occidente, en la ULL\",\"isPartOf\":{\"@id\":\"https:\/\/www.ull.es\/portal\/noticias\/#website\"},\"datePublished\":\"2022-04-22T13:51:10+00:00\",\"dateModified\":\"2022-04-22T14:27:16+00:00\",\"author\":{\"@id\":\"https:\/\/www.ull.es\/portal\/noticias\/#\/schema\/person\/c3b2aa857797592927a03740d6664376\"},\"description\":\"La Biblioteca de la ULL acoge con motivo del D\u00eda del Libro una muestra bibliogr\u00e1fica acerca de la fascinaci\u00f3n por la milenaria civilizaci\u00f3n.\",\"breadcrumb\":{\"@id\":\"https:\/\/www.ull.es\/portal\/noticias\/2022\/dia-del-libro-exposicion-descubrimiento-egipto-occidente-xix\/#breadcrumb\"},\"inLanguage\":\"es\",\"potentialAction\":[{\"@type\":\"ReadAction\",\"target\":[\"https:\/\/www.ull.es\/portal\/noticias\/2022\/dia-del-libro-exposicion-descubrimiento-egipto-occidente-xix\/\"]}]},{\"@type\":\"BreadcrumbList\",\"@id\":\"https:\/\/www.ull.es\/portal\/noticias\/2022\/dia-del-libro-exposicion-descubrimiento-egipto-occidente-xix\/#breadcrumb\",\"itemListElement\":[{\"@type\":\"ListItem\",\"position\":1,\"name\":\"Portada\",\"item\":\"https:\/\/www.ull.es\/portal\/noticias\/\"},{\"@type\":\"ListItem\",\"position\":2,\"name\":\"La ULL celebra el D\u00eda del Libro con una exposici\u00f3n sobre el \u201cdescubrimiento\u201d de Egipto por parte de Occidente en el siglo XIX\"}]},{\"@type\":\"WebSite\",\"@id\":\"https:\/\/www.ull.es\/portal\/noticias\/#website\",\"url\":\"https:\/\/www.ull.es\/portal\/noticias\/\",\"name\":\"ULL - Noticias\",\"description\":\"\",\"potentialAction\":[{\"@type\":\"SearchAction\",\"target\":{\"@type\":\"EntryPoint\",\"urlTemplate\":\"https:\/\/www.ull.es\/portal\/noticias\/?s={search_term_string}\"},\"query-input\":\"required name=search_term_string\"}],\"inLanguage\":\"es\"},{\"@type\":\"Person\",\"@id\":\"https:\/\/www.ull.es\/portal\/noticias\/#\/schema\/person\/c3b2aa857797592927a03740d6664376\",\"name\":\"prensa2\",\"image\":{\"@type\":\"ImageObject\",\"inLanguage\":\"es\",\"@id\":\"https:\/\/www.ull.es\/portal\/noticias\/#\/schema\/person\/image\/\",\"url\":\"https:\/\/secure.gravatar.com\/avatar\/b58f310a5de5feb33d1e026d2493f23c?s=96&d=mm&r=g\",\"contentUrl\":\"https:\/\/secure.gravatar.com\/avatar\/b58f310a5de5feb33d1e026d2493f23c?s=96&d=mm&r=g\",\"caption\":\"prensa2\"},\"url\":\"https:\/\/www.ull.es\/portal\/noticias\/author\/prensa2\/\"}]}<\/script>\n<!-- \/ Yoast SEO plugin. -->","yoast_head_json":{"title":"El \u201cdescubrimiento\u201d de Egipto por parte de Occidente, en la ULL","description":"La Biblioteca de la ULL acoge con motivo del D\u00eda del Libro una muestra bibliogr\u00e1fica acerca de la fascinaci\u00f3n por la milenaria civilizaci\u00f3n.","robots":{"index":"index","follow":"follow","max-snippet":"max-snippet:-1","max-image-preview":"max-image-preview:large","max-video-preview":"max-video-preview:-1"},"canonical":"https:\/\/www.ull.es\/portal\/noticias\/2022\/dia-del-libro-exposicion-descubrimiento-egipto-occidente-xix\/","og_locale":"es_ES","og_type":"article","og_title":"El \u201cdescubrimiento\u201d de Egipto por parte de Occidente, en la ULL","og_description":"La Biblioteca de la ULL acoge con motivo del D\u00eda del Libro una muestra bibliogr\u00e1fica acerca de la fascinaci\u00f3n por la milenaria civilizaci\u00f3n.","og_url":"https:\/\/www.ull.es\/portal\/noticias\/2022\/dia-del-libro-exposicion-descubrimiento-egipto-occidente-xix\/","og_site_name":"ULL - Noticias","article_publisher":"https:\/\/www.facebook.com\/universidaddelalaguna\/","article_published_time":"2022-04-22T13:51:10+00:00","article_modified_time":"2022-04-22T14:27:16+00:00","og_image":[{"width":1024,"height":683,"url":"https:\/\/www.ull.es\/portal\/noticias\/wp-content\/uploads\/sites\/13\/2022\/04\/Expo-Dia-del-libro-Egipto-22.jpg","type":"image\/jpeg"}],"author":"prensa2","twitter_card":"summary_large_image","twitter_creator":"@CanalULL","twitter_site":"@CanalULL","twitter_misc":{"Escrito por":"prensa2","Tiempo de lectura":"4 minutos"},"schema":{"@context":"https:\/\/schema.org","@graph":[{"@type":"WebPage","@id":"https:\/\/www.ull.es\/portal\/noticias\/2022\/dia-del-libro-exposicion-descubrimiento-egipto-occidente-xix\/","url":"https:\/\/www.ull.es\/portal\/noticias\/2022\/dia-del-libro-exposicion-descubrimiento-egipto-occidente-xix\/","name":"El \u201cdescubrimiento\u201d de Egipto por parte de Occidente, en la ULL","isPartOf":{"@id":"https:\/\/www.ull.es\/portal\/noticias\/#website"},"datePublished":"2022-04-22T13:51:10+00:00","dateModified":"2022-04-22T14:27:16+00:00","author":{"@id":"https:\/\/www.ull.es\/portal\/noticias\/#\/schema\/person\/c3b2aa857797592927a03740d6664376"},"description":"La Biblioteca de la ULL acoge con motivo del D\u00eda del Libro una muestra bibliogr\u00e1fica acerca de la fascinaci\u00f3n por la milenaria civilizaci\u00f3n.","breadcrumb":{"@id":"https:\/\/www.ull.es\/portal\/noticias\/2022\/dia-del-libro-exposicion-descubrimiento-egipto-occidente-xix\/#breadcrumb"},"inLanguage":"es","potentialAction":[{"@type":"ReadAction","target":["https:\/\/www.ull.es\/portal\/noticias\/2022\/dia-del-libro-exposicion-descubrimiento-egipto-occidente-xix\/"]}]},{"@type":"BreadcrumbList","@id":"https:\/\/www.ull.es\/portal\/noticias\/2022\/dia-del-libro-exposicion-descubrimiento-egipto-occidente-xix\/#breadcrumb","itemListElement":[{"@type":"ListItem","position":1,"name":"Portada","item":"https:\/\/www.ull.es\/portal\/noticias\/"},{"@type":"ListItem","position":2,"name":"La ULL celebra el D\u00eda del Libro con una exposici\u00f3n sobre el \u201cdescubrimiento\u201d de Egipto por parte de Occidente en el siglo XIX"}]},{"@type":"WebSite","@id":"https:\/\/www.ull.es\/portal\/noticias\/#website","url":"https:\/\/www.ull.es\/portal\/noticias\/","name":"ULL - Noticias","description":"","potentialAction":[{"@type":"SearchAction","target":{"@type":"EntryPoint","urlTemplate":"https:\/\/www.ull.es\/portal\/noticias\/?s={search_term_string}"},"query-input":"required name=search_term_string"}],"inLanguage":"es"},{"@type":"Person","@id":"https:\/\/www.ull.es\/portal\/noticias\/#\/schema\/person\/c3b2aa857797592927a03740d6664376","name":"prensa2","image":{"@type":"ImageObject","inLanguage":"es","@id":"https:\/\/www.ull.es\/portal\/noticias\/#\/schema\/person\/image\/","url":"https:\/\/secure.gravatar.com\/avatar\/b58f310a5de5feb33d1e026d2493f23c?s=96&d=mm&r=g","contentUrl":"https:\/\/secure.gravatar.com\/avatar\/b58f310a5de5feb33d1e026d2493f23c?s=96&d=mm&r=g","caption":"prensa2"},"url":"https:\/\/www.ull.es\/portal\/noticias\/author\/prensa2\/"}]}},"primary_category":{"id":345,"name":"Destacado","slug":"destacado","link":"https:\/\/www.ull.es\/portal\/noticias\/category\/destacado\/"},"featured_image_thumbnail_url":"https:\/\/www.ull.es\/portal\/noticias\/wp-content\/uploads\/sites\/13\/2022\/04\/Expo-Dia-del-libro-Egipto-22-300x200.jpg","_links":{"self":[{"href":"https:\/\/www.ull.es\/portal\/noticias\/wp-json\/wp\/v2\/posts\/62153"}],"collection":[{"href":"https:\/\/www.ull.es\/portal\/noticias\/wp-json\/wp\/v2\/posts"}],"about":[{"href":"https:\/\/www.ull.es\/portal\/noticias\/wp-json\/wp\/v2\/types\/post"}],"author":[{"embeddable":true,"href":"https:\/\/www.ull.es\/portal\/noticias\/wp-json\/wp\/v2\/users\/21"}],"replies":[{"embeddable":true,"href":"https:\/\/www.ull.es\/portal\/noticias\/wp-json\/wp\/v2\/comments?post=62153"}],"version-history":[{"count":1,"href":"https:\/\/www.ull.es\/portal\/noticias\/wp-json\/wp\/v2\/posts\/62153\/revisions"}],"predecessor-version":[{"id":62159,"href":"https:\/\/www.ull.es\/portal\/noticias\/wp-json\/wp\/v2\/posts\/62153\/revisions\/62159"}],"wp:featuredmedia":[{"embeddable":true,"href":"https:\/\/www.ull.es\/portal\/noticias\/wp-json\/wp\/v2\/media\/62155"}],"wp:attachment":[{"href":"https:\/\/www.ull.es\/portal\/noticias\/wp-json\/wp\/v2\/media?parent=62153"}],"wp:term":[{"taxonomy":"category","embeddable":true,"href":"https:\/\/www.ull.es\/portal\/noticias\/wp-json\/wp\/v2\/categories?post=62153"},{"taxonomy":"post_tag","embeddable":true,"href":"https:\/\/www.ull.es\/portal\/noticias\/wp-json\/wp\/v2\/tags?post=62153"}],"curies":[{"name":"wp","href":"https:\/\/api.w.org\/{rel}","templated":true}]}}