{"id":62318,"date":"2022-05-02T09:10:10","date_gmt":"2022-05-02T09:10:10","guid":{"rendered":"https:\/\/www.ull.es\/portal\/noticias\/?p=62318"},"modified":"2022-05-02T09:10:10","modified_gmt":"2022-05-02T09:10:10","slug":"el-ministro-joan-subirats-se-reune-con-miembros-de-las-dos-universidades-publicas-canarias","status":"publish","type":"post","link":"https:\/\/www.ull.es\/portal\/noticias\/2022\/el-ministro-joan-subirats-se-reune-con-miembros-de-las-dos-universidades-publicas-canarias\/","title":{"rendered":"El ministro Joan Subirats se re\u00fane con miembros de las dos universidades p\u00fablicas canarias"},"content":{"rendered":"<p>El Ministro de Universidades, Joan Subirats, se reuni\u00f3 el pasado viernes con miembros de los equipos rectorales de la Universidad de La Laguna y de Las Palmas de Gran Canaria, en su primera visita al archipi\u00e9lago como representante del Gobierno. Esta reuni\u00f3n, que se llev\u00f3 a cabo en la sala de Juntas del Rectorado de la instituci\u00f3n acad\u00e9mica grancanaria, pretend\u00eda recoger las distintas impresiones de los rectores sobre la actual situaci\u00f3n universitaria.<\/p>\n<p>Tras esta reuni\u00f3n, Subirats mantuvo un encuentro con una representaci\u00f3n de la comunidad universitaria de la ULPGC. Acompa\u00f1ado del Rector Llu\u00eds Serra y el equipo de gobierno, y con la moderaci\u00f3n de Asunci\u00f3n Morales, profesora de la Escuela de Ingenier\u00eda Electr\u00f3nica y de telecomunicaci\u00f3n, el ministro respondi\u00f3 a las preguntas que los presentes le trasladaron sobre la situaci\u00f3n y el futuro de la universidad.<\/p>\n<p>El ministro inici\u00f3 su intervenci\u00f3n mostr\u00e1ndose receptivo y asegurando que uno de los prop\u00f3sitos de su visita a la ULPGC era escuchar a la comunidad universitaria y conocer de primera mano las inquietudes m\u00e1s relevantes que quisieran trasladarle. Asimismo, adelant\u00f3 cu\u00e1les ser\u00edan los plazos de tramitaci\u00f3n de la nueva Ley Org\u00e1nica del Sistema Universitario (LOSU), cuyo anteproyecto se dar\u00e1 a conocer en aproximadamente quince d\u00edas, antes de su aprobaci\u00f3n por el Consejo de Ministros, y que previsiblemente culminar\u00e1 su tramitaci\u00f3n parlamentaria en la \u00faltima semana de junio, o al menos esa es la previsi\u00f3n del Ministerio.<\/p>\n<p>A preguntas de los representantes all\u00ed congregados, el ministro avanz\u00f3 que, una vez aprobada la nueva Ley, se empezar\u00e1 a trabajar en el Estatuto del Personal Docente e Investigador para consolidar un mejor escenario que garantice el equilibrio entre una docencia de calidad y una actividad investigadora potente.<\/p>\n<p>Para Joan Subirats, uno de los aspectos esenciales de la LOSU es recuperar el valor de la docencia y, especialmente, de la presencialidad, como forma de volver a prestigiar la experiencia de estar en clase y ser part\u00edcipes activos en la construcci\u00f3n de los conocimientos. Ser\u00e1 tambi\u00e9n una legislaci\u00f3n que da mayor protagonismo a los estudiantes, y que prestar\u00e1 especial atenci\u00f3n a su salud y bienestar psicol\u00f3gicos, que pasar\u00e1n a ser un derecho del alumnado en el nuevo texto.<\/p>\n<p><iframe loading=\"lazy\" title=\"ULPGC.- Visita del Ministro de Universidades a la ULPGC\" width=\"750\" height=\"422\" src=\"https:\/\/www.youtube.com\/embed\/8bSSH1gZj5A?feature=oembed\" frameborder=\"0\" allow=\"accelerometer; autoplay; clipboard-write; encrypted-media; gyroscope; picture-in-picture\" allowfullscreen><\/iframe><\/p>\n<p>De igual forma, el ministro calific\u00f3 como una necesidad el fomentar que los alumnos y alumnas prolonguen su relaci\u00f3n en la Universidad una vez egresados, de forma que puedan volver para seguir form\u00e1ndose y actualizando conocimientos, en consonancia con lo que demanda el mundo en estos momentos.<\/p>\n<p>En cuanto a la transferencia y la relaci\u00f3n de la Universidad con la sociedad, el ministro se mostr\u00f3 a favor de intensificar las relaciones entre las Universidades y las entidades sociales, las empresas y las Administraciones. Cabe recordar que el compromiso del Ministerio es elevar la financiaci\u00f3n de las Universidades p\u00fablicas del 0\u20197% del PIB actual al 1%.<\/p>\n<p>Los representantes de la comunidad universitaria se interesaron por asuntos como la agilizaci\u00f3n de la acreditaci\u00f3n de t\u00edtulos y el aligeramiento de la carga burocr\u00e1tica, la relaci\u00f3n con la Agencia Nacional de Evaluaci\u00f3n de la Calidad y Acreditaci\u00f3n (ANECA), la impartici\u00f3n online de los m\u00e1steres habilitantes, los cursos de metodolog\u00eda para los docentes, la situaci\u00f3n de los investigadores (sobre todo tras la entrada en vigor de la Ley de Ciencia) o las acciones para atraer estudiantes, e incentivar de forma especial a las mujeres, a los Grados STEM (Ciencia, Tecnolog\u00eda, Ingenier\u00eda y Matem\u00e1ticas), que ahora mismo registran una alta demanda en el mercado laboral pero bajo n\u00famero de matriculados, entre otros.<\/p>\n<p>Ya por la tarde, el ministro Subirats se reuni\u00f3 con los rectores de las universidades p\u00fablicas canarias, Rosa Aguilar, de la Universidad de La Laguna, y Llu\u00eds Serra Majem, de la Universidad de Las Palmas de Gran Canaria. Posteriormente mantuvo un encuentro con el presidente del Consejo Social, \u00c1ngel Trist\u00e1n Pimienta y el Secretario de este \u00f3rgano, Miguel \u00c1ngel Acosta.<\/p>\n<p>Nota de prensa e im\u00e1genes cedidas.<\/p>\n","protected":false},"excerpt":{"rendered":"<p>El Ministro de Universidades, Joan Subirats, se reuni\u00f3 el pasado viernes con miembros de los equipos rectorales de la Universidad&#8230;<\/p>\n","protected":false},"author":67,"featured_media":62319,"comment_status":"closed","ping_status":"closed","sticky":false,"template":"","format":"standard","meta":{"inline_featured_image":false,"footnotes":""},"categories":[345,348,2765],"tags":[8531,6948,2538],"acf":[],"yoast_head":"<!-- This site is optimized with the Yoast SEO plugin v21.3 - https:\/\/yoast.com\/wordpress\/plugins\/seo\/ -->\n<title>El ministro Joan Subirats se re\u00fane con miembros de las dos universidades p\u00fablicas canarias - ULL - Noticias<\/title>\n<meta name=\"description\" content=\"El Ministro de Universidades, Joan Subirats, se reuni\u00f3 el pasado viernes con miembros de los equipos rectorales de la Universidad de La Laguna y de Las Palmas de Gran Canaria, en su primera visita al archipi\u00e9lago como representante del Gobierno.\" \/>\n<meta name=\"robots\" content=\"index, follow, max-snippet:-1, max-image-preview:large, max-video-preview:-1\" \/>\n<link rel=\"canonical\" href=\"https:\/\/www.ull.es\/portal\/noticias\/2022\/el-ministro-joan-subirats-se-reune-con-miembros-de-las-dos-universidades-publicas-canarias\/\" \/>\n<meta property=\"og:locale\" content=\"es_ES\" \/>\n<meta property=\"og:type\" content=\"article\" \/>\n<meta property=\"og:title\" content=\"El ministro Joan Subirats se re\u00fane con miembros de las dos universidades p\u00fablicas canarias - ULL - Noticias\" \/>\n<meta property=\"og:description\" content=\"El Ministro de Universidades, Joan Subirats, se reuni\u00f3 el pasado viernes con miembros de los equipos rectorales de la Universidad de La Laguna y de Las Palmas de Gran Canaria, en su primera visita al archipi\u00e9lago como representante del Gobierno.\" \/>\n<meta property=\"og:url\" content=\"https:\/\/www.ull.es\/portal\/noticias\/2022\/el-ministro-joan-subirats-se-reune-con-miembros-de-las-dos-universidades-publicas-canarias\/\" \/>\n<meta property=\"og:site_name\" content=\"ULL - Noticias\" \/>\n<meta property=\"article:publisher\" content=\"https:\/\/www.facebook.com\/universidaddelalaguna\/\" \/>\n<meta property=\"article:published_time\" content=\"2022-05-02T09:10:10+00:00\" \/>\n<meta property=\"og:image\" content=\"https:\/\/www.ull.es\/portal\/noticias\/wp-content\/uploads\/sites\/13\/2022\/05\/ulpgc.jpg\" \/>\n\t<meta property=\"og:image:width\" content=\"1200\" \/>\n\t<meta property=\"og:image:height\" content=\"800\" \/>\n\t<meta property=\"og:image:type\" content=\"image\/jpeg\" \/>\n<meta name=\"author\" content=\"gcom5\" \/>\n<meta name=\"twitter:card\" content=\"summary_large_image\" \/>\n<meta name=\"twitter:creator\" content=\"@CanalULL\" \/>\n<meta name=\"twitter:site\" content=\"@CanalULL\" \/>\n<meta name=\"twitter:label1\" content=\"Escrito por\" \/>\n\t<meta name=\"twitter:data1\" content=\"gcom5\" \/>\n\t<meta name=\"twitter:label2\" content=\"Tiempo de lectura\" \/>\n\t<meta name=\"twitter:data2\" content=\"3 minutos\" \/>\n<script type=\"application\/ld+json\" class=\"yoast-schema-graph\">{\"@context\":\"https:\/\/schema.org\",\"@graph\":[{\"@type\":\"WebPage\",\"@id\":\"https:\/\/www.ull.es\/portal\/noticias\/2022\/el-ministro-joan-subirats-se-reune-con-miembros-de-las-dos-universidades-publicas-canarias\/\",\"url\":\"https:\/\/www.ull.es\/portal\/noticias\/2022\/el-ministro-joan-subirats-se-reune-con-miembros-de-las-dos-universidades-publicas-canarias\/\",\"name\":\"El ministro Joan Subirats se re\u00fane con miembros de las dos universidades p\u00fablicas canarias - ULL - Noticias\",\"isPartOf\":{\"@id\":\"https:\/\/www.ull.es\/portal\/noticias\/#website\"},\"datePublished\":\"2022-05-02T09:10:10+00:00\",\"dateModified\":\"2022-05-02T09:10:10+00:00\",\"author\":{\"@id\":\"https:\/\/www.ull.es\/portal\/noticias\/#\/schema\/person\/8027c6c4687adc2c90dc1532715d34df\"},\"description\":\"El Ministro de Universidades, Joan Subirats, se reuni\u00f3 el pasado viernes con miembros de los equipos rectorales de la Universidad de La Laguna y de Las Palmas de Gran Canaria, en su primera visita al archipi\u00e9lago como representante del Gobierno.\",\"breadcrumb\":{\"@id\":\"https:\/\/www.ull.es\/portal\/noticias\/2022\/el-ministro-joan-subirats-se-reune-con-miembros-de-las-dos-universidades-publicas-canarias\/#breadcrumb\"},\"inLanguage\":\"es\",\"potentialAction\":[{\"@type\":\"ReadAction\",\"target\":[\"https:\/\/www.ull.es\/portal\/noticias\/2022\/el-ministro-joan-subirats-se-reune-con-miembros-de-las-dos-universidades-publicas-canarias\/\"]}]},{\"@type\":\"BreadcrumbList\",\"@id\":\"https:\/\/www.ull.es\/portal\/noticias\/2022\/el-ministro-joan-subirats-se-reune-con-miembros-de-las-dos-universidades-publicas-canarias\/#breadcrumb\",\"itemListElement\":[{\"@type\":\"ListItem\",\"position\":1,\"name\":\"Portada\",\"item\":\"https:\/\/www.ull.es\/portal\/noticias\/\"},{\"@type\":\"ListItem\",\"position\":2,\"name\":\"El ministro Joan Subirats se re\u00fane con miembros de las dos universidades p\u00fablicas canarias\"}]},{\"@type\":\"WebSite\",\"@id\":\"https:\/\/www.ull.es\/portal\/noticias\/#website\",\"url\":\"https:\/\/www.ull.es\/portal\/noticias\/\",\"name\":\"ULL - Noticias\",\"description\":\"\",\"potentialAction\":[{\"@type\":\"SearchAction\",\"target\":{\"@type\":\"EntryPoint\",\"urlTemplate\":\"https:\/\/www.ull.es\/portal\/noticias\/?s={search_term_string}\"},\"query-input\":\"required name=search_term_string\"}],\"inLanguage\":\"es\"},{\"@type\":\"Person\",\"@id\":\"https:\/\/www.ull.es\/portal\/noticias\/#\/schema\/person\/8027c6c4687adc2c90dc1532715d34df\",\"name\":\"gcom5\",\"image\":{\"@type\":\"ImageObject\",\"inLanguage\":\"es\",\"@id\":\"https:\/\/www.ull.es\/portal\/noticias\/#\/schema\/person\/image\/\",\"url\":\"https:\/\/secure.gravatar.com\/avatar\/8b3777f8048001fa57b88338ce5605b9?s=96&d=mm&r=g\",\"contentUrl\":\"https:\/\/secure.gravatar.com\/avatar\/8b3777f8048001fa57b88338ce5605b9?s=96&d=mm&r=g\",\"caption\":\"gcom5\"},\"url\":\"https:\/\/www.ull.es\/portal\/noticias\/author\/gcom5\/\"}]}<\/script>\n<!-- \/ Yoast SEO plugin. -->","yoast_head_json":{"title":"El ministro Joan Subirats se re\u00fane con miembros de las dos universidades p\u00fablicas canarias - ULL - Noticias","description":"El Ministro de Universidades, Joan Subirats, se reuni\u00f3 el pasado viernes con miembros de los equipos rectorales de la Universidad de La Laguna y de Las Palmas de Gran Canaria, en su primera visita al archipi\u00e9lago como representante del Gobierno.","robots":{"index":"index","follow":"follow","max-snippet":"max-snippet:-1","max-image-preview":"max-image-preview:large","max-video-preview":"max-video-preview:-1"},"canonical":"https:\/\/www.ull.es\/portal\/noticias\/2022\/el-ministro-joan-subirats-se-reune-con-miembros-de-las-dos-universidades-publicas-canarias\/","og_locale":"es_ES","og_type":"article","og_title":"El ministro Joan Subirats se re\u00fane con miembros de las dos universidades p\u00fablicas canarias - ULL - Noticias","og_description":"El Ministro de Universidades, Joan Subirats, se reuni\u00f3 el pasado viernes con miembros de los equipos rectorales de la Universidad de La Laguna y de Las Palmas de Gran Canaria, en su primera visita al archipi\u00e9lago como representante del Gobierno.","og_url":"https:\/\/www.ull.es\/portal\/noticias\/2022\/el-ministro-joan-subirats-se-reune-con-miembros-de-las-dos-universidades-publicas-canarias\/","og_site_name":"ULL - Noticias","article_publisher":"https:\/\/www.facebook.com\/universidaddelalaguna\/","article_published_time":"2022-05-02T09:10:10+00:00","og_image":[{"width":1200,"height":800,"url":"https:\/\/www.ull.es\/portal\/noticias\/wp-content\/uploads\/sites\/13\/2022\/05\/ulpgc.jpg","type":"image\/jpeg"}],"author":"gcom5","twitter_card":"summary_large_image","twitter_creator":"@CanalULL","twitter_site":"@CanalULL","twitter_misc":{"Escrito por":"gcom5","Tiempo de lectura":"3 minutos"},"schema":{"@context":"https:\/\/schema.org","@graph":[{"@type":"WebPage","@id":"https:\/\/www.ull.es\/portal\/noticias\/2022\/el-ministro-joan-subirats-se-reune-con-miembros-de-las-dos-universidades-publicas-canarias\/","url":"https:\/\/www.ull.es\/portal\/noticias\/2022\/el-ministro-joan-subirats-se-reune-con-miembros-de-las-dos-universidades-publicas-canarias\/","name":"El ministro Joan Subirats se re\u00fane con miembros de las dos universidades p\u00fablicas canarias - ULL - Noticias","isPartOf":{"@id":"https:\/\/www.ull.es\/portal\/noticias\/#website"},"datePublished":"2022-05-02T09:10:10+00:00","dateModified":"2022-05-02T09:10:10+00:00","author":{"@id":"https:\/\/www.ull.es\/portal\/noticias\/#\/schema\/person\/8027c6c4687adc2c90dc1532715d34df"},"description":"El Ministro de Universidades, Joan Subirats, se reuni\u00f3 el pasado viernes con miembros de los equipos rectorales de la Universidad de La Laguna y de Las Palmas de Gran Canaria, en su primera visita al archipi\u00e9lago como representante del Gobierno.","breadcrumb":{"@id":"https:\/\/www.ull.es\/portal\/noticias\/2022\/el-ministro-joan-subirats-se-reune-con-miembros-de-las-dos-universidades-publicas-canarias\/#breadcrumb"},"inLanguage":"es","potentialAction":[{"@type":"ReadAction","target":["https:\/\/www.ull.es\/portal\/noticias\/2022\/el-ministro-joan-subirats-se-reune-con-miembros-de-las-dos-universidades-publicas-canarias\/"]}]},{"@type":"BreadcrumbList","@id":"https:\/\/www.ull.es\/portal\/noticias\/2022\/el-ministro-joan-subirats-se-reune-con-miembros-de-las-dos-universidades-publicas-canarias\/#breadcrumb","itemListElement":[{"@type":"ListItem","position":1,"name":"Portada","item":"https:\/\/www.ull.es\/portal\/noticias\/"},{"@type":"ListItem","position":2,"name":"El ministro Joan Subirats se re\u00fane con miembros de las dos universidades p\u00fablicas canarias"}]},{"@type":"WebSite","@id":"https:\/\/www.ull.es\/portal\/noticias\/#website","url":"https:\/\/www.ull.es\/portal\/noticias\/","name":"ULL - Noticias","description":"","potentialAction":[{"@type":"SearchAction","target":{"@type":"EntryPoint","urlTemplate":"https:\/\/www.ull.es\/portal\/noticias\/?s={search_term_string}"},"query-input":"required name=search_term_string"}],"inLanguage":"es"},{"@type":"Person","@id":"https:\/\/www.ull.es\/portal\/noticias\/#\/schema\/person\/8027c6c4687adc2c90dc1532715d34df","name":"gcom5","image":{"@type":"ImageObject","inLanguage":"es","@id":"https:\/\/www.ull.es\/portal\/noticias\/#\/schema\/person\/image\/","url":"https:\/\/secure.gravatar.com\/avatar\/8b3777f8048001fa57b88338ce5605b9?s=96&d=mm&r=g","contentUrl":"https:\/\/secure.gravatar.com\/avatar\/8b3777f8048001fa57b88338ce5605b9?s=96&d=mm&r=g","caption":"gcom5"},"url":"https:\/\/www.ull.es\/portal\/noticias\/author\/gcom5\/"}]}},"primary_category":{"id":2765,"name":"Portada ULL","slug":"portada-ull","link":"https:\/\/www.ull.es\/portal\/noticias\/category\/portada-ull\/"},"featured_image_thumbnail_url":"https:\/\/www.ull.es\/portal\/noticias\/wp-content\/uploads\/sites\/13\/2022\/05\/ulpgc-300x200.jpg","_links":{"self":[{"href":"https:\/\/www.ull.es\/portal\/noticias\/wp-json\/wp\/v2\/posts\/62318"}],"collection":[{"href":"https:\/\/www.ull.es\/portal\/noticias\/wp-json\/wp\/v2\/posts"}],"about":[{"href":"https:\/\/www.ull.es\/portal\/noticias\/wp-json\/wp\/v2\/types\/post"}],"author":[{"embeddable":true,"href":"https:\/\/www.ull.es\/portal\/noticias\/wp-json\/wp\/v2\/users\/67"}],"replies":[{"embeddable":true,"href":"https:\/\/www.ull.es\/portal\/noticias\/wp-json\/wp\/v2\/comments?post=62318"}],"version-history":[{"count":2,"href":"https:\/\/www.ull.es\/portal\/noticias\/wp-json\/wp\/v2\/posts\/62318\/revisions"}],"predecessor-version":[{"id":62321,"href":"https:\/\/www.ull.es\/portal\/noticias\/wp-json\/wp\/v2\/posts\/62318\/revisions\/62321"}],"wp:featuredmedia":[{"embeddable":true,"href":"https:\/\/www.ull.es\/portal\/noticias\/wp-json\/wp\/v2\/media\/62319"}],"wp:attachment":[{"href":"https:\/\/www.ull.es\/portal\/noticias\/wp-json\/wp\/v2\/media?parent=62318"}],"wp:term":[{"taxonomy":"category","embeddable":true,"href":"https:\/\/www.ull.es\/portal\/noticias\/wp-json\/wp\/v2\/categories?post=62318"},{"taxonomy":"post_tag","embeddable":true,"href":"https:\/\/www.ull.es\/portal\/noticias\/wp-json\/wp\/v2\/tags?post=62318"}],"curies":[{"name":"wp","href":"https:\/\/api.w.org\/{rel}","templated":true}]}}