{"id":62324,"date":"2022-05-02T10:32:01","date_gmt":"2022-05-02T10:32:01","guid":{"rendered":"https:\/\/www.ull.es\/portal\/noticias\/?p=62324"},"modified":"2022-05-02T10:32:01","modified_gmt":"2022-05-02T10:32:01","slug":"la-i-feria-tecnoedu-organizada-por-la-universidad-de-la-laguna-visibiliza-la-innovacion-educativa-en-las-aulas-de-canarias","status":"publish","type":"post","link":"https:\/\/www.ull.es\/portal\/noticias\/2022\/la-i-feria-tecnoedu-organizada-por-la-universidad-de-la-laguna-visibiliza-la-innovacion-educativa-en-las-aulas-de-canarias\/","title":{"rendered":"La I Feria TECNOEDU organizada por la Universidad de La Laguna visibiliza la innovaci\u00f3n educativa en las aulas de Canarias"},"content":{"rendered":"<p>La C\u00e1tedra Fundaci\u00f3n MAPFRE Guanarteme de Tecnolog\u00eda y Educaci\u00f3n de la Universidad de La Laguna present\u00f3 por primera vez la Feria de Innovaci\u00f3n Educativa junto al Grupo de Investigaci\u00f3n e Innovaci\u00f3n EDULLAB (Laboratorio de Educaci\u00f3n y Nuevas Tecnolog\u00edas) y a la Fundaci\u00f3n MAPFRE Guanarteme. La iniciativa celebrada recientemente en la Facultad de Ciencias Sociales y de la Comunicaci\u00f3n de la Universidad de La Laguna, y pudo seguirse por streaming a trav\u00e9s de <a href=\"https:\/\/www.youtube.com\/channel\/UCM7yYyRnpv5cf54s7uFIcIg\" target=\"_blank\" rel=\"noopener\">Youtube<\/a> y <a href=\"https:\/\/www.twitch.tv\/catedratecnoedu\" target=\"_blank\" rel=\"noopener\">Twitch<\/a>. El encuentro ofreci\u00f3 a docentes de educaci\u00f3n escolar de Canarias la oportunidad de presentar y compartir proyectos de innovaci\u00f3n educativa en las aulas haciendo uso de la tecnolog\u00eda educativa.<\/p>\n<p>La apertura de esta I Feria TECNOEDU cont\u00f3 con la intervenci\u00f3n de Rosa Aguilar, rectora de la Universidad de La Laguna, quien destac\u00f3 que la tecnolog\u00eda siempre ha sido una gran aliada de la educaci\u00f3n \u00aby m\u00e1s en estos tiempos tan cambiantes\u201d. El acto inaugural tambi\u00e9n cont\u00f3 con Manuel Area Moreira, director de la C\u00e1tedra Fundaci\u00f3n MAPFRE Guanarteme de Tecnolog\u00eda y Educaci\u00f3n de la Universidad de La laguna (TECNOEDU); Gregorio Jos\u00e9 Cabrera D\u00e9niz, director general de Ordenaci\u00f3n, Innovaci\u00f3n y Calidad del Gobierno de Canarias y\u00a0 Esther Martel Gil, directora de la Fundaci\u00f3n MAPFRE Guanarteme. En palabras de Martel, \u201csi miramos atr\u00e1s y hacemos un balance de la C\u00e1tedra, para la Fundaci\u00f3n MAPFRE Guanarteme es m\u00e1s que positivo, porque no solo hemos cumplido los retos que nos marcamos, sino que seguimos creciendo\u201d.<\/p>\n<p>Esta Feria comenz\u00f3 con la exposici\u00f3n de Fernando Trujillo, de la Universidad de Granada, que present\u00f3 la ponencia titulada \u201cDe la educaci\u00f3n digital de emergencia a la educaci\u00f3n digital como derecho: lecciones de una pandemia para la nueva normalidad\u201d; una intervenci\u00f3n muy motivadora y llena de esperanza, en la que habl\u00f3 de la situaci\u00f3n derivada de la Covid-19 hasta la actualidad y lo que queda por venir en el \u00e1mbito tecnol\u00f3gico-educativo. Trujillo se\u00f1al\u00f3 que \u201cno es posible no educar digitalmente, porque no se puede dejar a ni\u00f1os de 11 a\u00f1os interactuando con una herramienta mucho m\u00e1s compleja que su experiencia de vida\u201d.<\/p>\n<p>El primer panel de experiencias TECNOEDU cont\u00f3 con varios docentes de Canarias. Entre ellos, Albano de Alonso Paz, del IES San Benito, con su experiencia <em>\u201cEducar en la diversidad a trav\u00e9s de redes, tecnolog\u00edas y cooperaci\u00f3n entre estudiantes\u201d<\/em> donde la tecnolog\u00eda permite desarrollar la competencia global del alumnado, en este caso, a trav\u00e9s de las clases de Lengua Castellana y Literatura que permiten aportar diferentes soluciones a la diversidad cultural en nuestros territorios (racismo, incomprensi\u00f3n, exclusi\u00f3n social, etc.) y promover un aprendizaje intercultural. En la misma mesa intervino Juan Francisco Hern\u00e1ndez, del Colegio Hispano Ingl\u00e9s, con la experiencia titulada <em>\u201cUn escenario para ir m\u00e1s all\u00e1 del curr\u00edculo\u201d<\/em> para plantear la necesidad de abrir el aula para enriquecer el curr\u00edculo de asignaturas como F\u00edsica y Qu\u00edmica, por ejemplo, con temas que no se encuentran en el curr\u00edculo de la asignatura, pero de los que hay informaci\u00f3n relevante.<\/p>\n<p>Hern\u00e1ndez declar\u00f3 que \u201cla EBAU ha matado al 2.\u00ba y 1.\u00ba de Bachillerato\u201d destacando la falta de contenidos y explicando la importancia que tiene complementar con actividades extracurriculares, tal como \u00e9l lleva a cabo. Por su parte, Juan Francisco Falc\u00f3n y M\u00e9rari Afonso, del Colegio Salesiano San Juan Bosco y el IES San Benito, dieron a conocer el proyecto <em>\u201cYo quiero aprobar mates\u201d.<\/em> Una experiencia que surge a ra\u00edz del descubrimiento de las fuentes de motivaci\u00f3n del alumnado y la necesidad de atender a la diversidad del aula. \u201cEl alumnado como protagonista, en el centro del aprendizaje\u201d, este es el eje vertebrador de este proyecto basado en el ABP y la creaci\u00f3n de videos o recursos tecnol\u00f3gicos por parte del alumnado.<\/p>\n<p>La primera jornada del evento concluy\u00f3 con la ponencia <em>\u201cEducaci\u00f3n Digital en Canarias. Transformando la educaci\u00f3n para el siglo XXI: Pedagog\u00eda + Tecnolog\u00eda + Espacios Inspiradores\u201d<\/em> a cargo del \u00c1rea de Tecnolog\u00eda Educativa de la Consejer\u00eda de Educaci\u00f3n (ATE), representada por Elisa Pi\u00f1ero, Yanira Duque y Elisa Daher. Durante su intervenci\u00f3n presentaron el plan para la Educaci\u00f3n Digital de Canarias, que cuenta con 12 l\u00edneas de actuaci\u00f3n, destacando tambi\u00e9n c\u00f3mo se enfoca el asesoramiento, acompa\u00f1amiento y apoyo al profesorado de Canarias en el uso de tecnolog\u00eda educativa.<\/p>\n<p>La segunda tarde de esta feria tuvo como invitada a Ingrid Mosquera, perteneciente a la Universidad Internacional de La Rioja, con su ponencia \u201cLas #CharlasEducativas y el aprendizaje informal en redes\u201d en la que nos habl\u00f3 de la educaci\u00f3n online y c\u00f3mo fomentar la interacci\u00f3n y la participaci\u00f3n, incidiendo en las diferentes herramientas que ofrece la red: \u201ctodas las conexiones que se hacen con los compa\u00f1eros nos retroalimentan y hacen que nuestras clases sean m\u00e1s enriquecedoras\u201d.<\/p>\n<p>Varios docentes se sumaron a esta feria, describiendo los actuales proyectos que se est\u00e1n llevando a cabo en los centros educativos. Itiel Le\u00f3n, del Colegio Buen Consejo La Laguna, fue el encargado de dar comienzo, con su experiencia \u201c<em>Amares, ecoproyecto Buen Consejo<\/em>\u201d compuesto por diferentes proyectos en torno al desarrollo sostenible que dieron lugar a este gran proyecto de centro, desde el que se trabaj\u00f3 con un objetivo claro: \u201cBasarse en el objetivo 14, enfocado en la vida submarina, porque estamos en islas y tenemos cuatro paredes de agua, de mar, y dependemos mucho y tenemos una gran vida marina que se encuentra amenazada\u00bb.<\/p>\n<p>Enrique Robredo Mart\u00edn del Colegio Nuryana, con su experiencia: \u201c<em>Virtualizando universos y metaversos<\/em>\u201d present\u00f3 cuatro experiencias, desde la m\u00e1s metodol\u00f3gica hasta la m\u00e1s t\u00e9cnica. De ellas coment\u00f3 la llevada a cabo sobre un crust\u00e1ceo que es muy resistente ante situaciones extremas, la artemia salina, y su comportamiento al lanzarlo a la estratosfera. Tambi\u00e9n explic\u00f3 la experiencia, el universo Nuryana, con la que ha reorganizado todo el centro atendiendo a sus servicios, infraestructuras, seguridad y gesti\u00f3n. Para terminar este panel de experiencias TECNOEDU II, expusieron Marta Genoveva Gonz\u00e1lez, del CEPA de San Crist\u00f3bal de La Laguna con la experiencia <em>\u201cLa web del centro como activo digital para la comunidad educativa\u201d<\/em> y Sim\u00f3n Mart\u00edn del CEIP Giner de los R\u00edos, con su experiencia <em>\u201cDiario de clase\u201d.<\/em><\/p>\n<p>F\u00e9lix Jonay Mayoral del IES Granadilla de Abona, Ad\u00e1n Manuel Yanes, desde el colegio Salesiano San Isidro La Orotava, y Anna Mar\u00eda Vilar\u00f3 y Hugo D\u00e1vila, desde el Colegio Nazaret Realejos, fueron otros profesionales que tambi\u00e9n estuvieron presentes para compartir las diferentes experiencias de innovaci\u00f3n educativa en las que han trabajado con su alumnado.<\/p>\n<p>La clausura de esta I Feria TECNOEDU estuvo a cargo de Juan Albino M\u00e9ndez P\u00e9rez, vicerrector de Cultura y Participaci\u00f3n Social de la Universidad de La Laguna, e Inmaculada Fern\u00e1ndez, codirectora de la C\u00e1tedra. \u201cEsta C\u00e1tedra est\u00e1 funcionando muy bien y hay que agradecer a las personas que lo est\u00e1n haciendo y a la fundaci\u00f3n de MAPFRE Guanarteme que tambi\u00e9n apuesta por la universidad\u201d, se\u00f1al\u00f3 el vicerrector, adem\u00e1s, resalt\u00f3 que \u201ccon en este proceso de transformaci\u00f3n digital al que estamos asistiendo esta c\u00e1tedra cobra m\u00e1s sentido\u201d.<\/p>\n<p>(Nota de prensa e imagen cedidas).<\/p>\n<p>&nbsp;<\/p>\n","protected":false},"excerpt":{"rendered":"<p>La C\u00e1tedra Fundaci\u00f3n MAPFRE Guanarteme de Tecnolog\u00eda y Educaci\u00f3n de la Universidad de La Laguna present\u00f3 por primera vez la&#8230;<\/p>\n","protected":false},"author":23,"featured_media":62331,"comment_status":"closed","ping_status":"closed","sticky":false,"template":"","format":"standard","meta":{"inline_featured_image":false,"footnotes":""},"categories":[345,348,2765],"tags":[3885,8535,8536],"acf":[],"yoast_head":"<!-- This site is optimized with the Yoast SEO plugin v21.3 - https:\/\/yoast.com\/wordpress\/plugins\/seo\/ -->\n<title>La I Feria TECNOEDU organizada por la Universidad de La Laguna visibiliza la innovaci\u00f3n educativa en las aulas de Canarias - ULL - Noticias<\/title>\n<meta name=\"robots\" content=\"index, follow, max-snippet:-1, max-image-preview:large, max-video-preview:-1\" \/>\n<link rel=\"canonical\" href=\"https:\/\/www.ull.es\/portal\/noticias\/2022\/la-i-feria-tecnoedu-organizada-por-la-universidad-de-la-laguna-visibiliza-la-innovacion-educativa-en-las-aulas-de-canarias\/\" \/>\n<meta property=\"og:locale\" content=\"es_ES\" \/>\n<meta property=\"og:type\" content=\"article\" \/>\n<meta property=\"og:title\" content=\"La I Feria TECNOEDU organizada por la Universidad de La Laguna visibiliza la innovaci\u00f3n educativa en las aulas de Canarias - ULL - Noticias\" \/>\n<meta property=\"og:description\" content=\"La C\u00e1tedra Fundaci\u00f3n MAPFRE Guanarteme de Tecnolog\u00eda y Educaci\u00f3n de la Universidad de La Laguna present\u00f3 por primera vez la...\" \/>\n<meta property=\"og:url\" content=\"https:\/\/www.ull.es\/portal\/noticias\/2022\/la-i-feria-tecnoedu-organizada-por-la-universidad-de-la-laguna-visibiliza-la-innovacion-educativa-en-las-aulas-de-canarias\/\" \/>\n<meta property=\"og:site_name\" content=\"ULL - Noticias\" \/>\n<meta property=\"article:publisher\" content=\"https:\/\/www.facebook.com\/universidaddelalaguna\/\" \/>\n<meta property=\"article:published_time\" content=\"2022-05-02T10:32:01+00:00\" \/>\n<meta property=\"og:image\" content=\"https:\/\/www.ull.es\/portal\/noticias\/wp-content\/uploads\/sites\/13\/2022\/05\/Feria-TECNOEDU-.jpg\" \/>\n\t<meta property=\"og:image:width\" content=\"1344\" \/>\n\t<meta property=\"og:image:height\" content=\"699\" \/>\n\t<meta property=\"og:image:type\" content=\"image\/jpeg\" \/>\n<meta name=\"author\" content=\"gaprsa\" \/>\n<meta name=\"twitter:card\" content=\"summary_large_image\" \/>\n<meta name=\"twitter:creator\" content=\"@CanalULL\" \/>\n<meta name=\"twitter:site\" content=\"@CanalULL\" \/>\n<meta name=\"twitter:label1\" content=\"Escrito por\" \/>\n\t<meta name=\"twitter:data1\" content=\"gaprsa\" \/>\n\t<meta name=\"twitter:label2\" content=\"Tiempo de lectura\" \/>\n\t<meta name=\"twitter:data2\" content=\"6 minutos\" \/>\n<script type=\"application\/ld+json\" class=\"yoast-schema-graph\">{\"@context\":\"https:\/\/schema.org\",\"@graph\":[{\"@type\":\"WebPage\",\"@id\":\"https:\/\/www.ull.es\/portal\/noticias\/2022\/la-i-feria-tecnoedu-organizada-por-la-universidad-de-la-laguna-visibiliza-la-innovacion-educativa-en-las-aulas-de-canarias\/\",\"url\":\"https:\/\/www.ull.es\/portal\/noticias\/2022\/la-i-feria-tecnoedu-organizada-por-la-universidad-de-la-laguna-visibiliza-la-innovacion-educativa-en-las-aulas-de-canarias\/\",\"name\":\"La I Feria TECNOEDU organizada por la Universidad de La Laguna visibiliza la innovaci\u00f3n educativa en las aulas de Canarias - ULL - Noticias\",\"isPartOf\":{\"@id\":\"https:\/\/www.ull.es\/portal\/noticias\/#website\"},\"datePublished\":\"2022-05-02T10:32:01+00:00\",\"dateModified\":\"2022-05-02T10:32:01+00:00\",\"author\":{\"@id\":\"https:\/\/www.ull.es\/portal\/noticias\/#\/schema\/person\/b2b1a89d43ffa609e591f7df8ef3e817\"},\"breadcrumb\":{\"@id\":\"https:\/\/www.ull.es\/portal\/noticias\/2022\/la-i-feria-tecnoedu-organizada-por-la-universidad-de-la-laguna-visibiliza-la-innovacion-educativa-en-las-aulas-de-canarias\/#breadcrumb\"},\"inLanguage\":\"es\",\"potentialAction\":[{\"@type\":\"ReadAction\",\"target\":[\"https:\/\/www.ull.es\/portal\/noticias\/2022\/la-i-feria-tecnoedu-organizada-por-la-universidad-de-la-laguna-visibiliza-la-innovacion-educativa-en-las-aulas-de-canarias\/\"]}]},{\"@type\":\"BreadcrumbList\",\"@id\":\"https:\/\/www.ull.es\/portal\/noticias\/2022\/la-i-feria-tecnoedu-organizada-por-la-universidad-de-la-laguna-visibiliza-la-innovacion-educativa-en-las-aulas-de-canarias\/#breadcrumb\",\"itemListElement\":[{\"@type\":\"ListItem\",\"position\":1,\"name\":\"Portada\",\"item\":\"https:\/\/www.ull.es\/portal\/noticias\/\"},{\"@type\":\"ListItem\",\"position\":2,\"name\":\"La I Feria TECNOEDU organizada por la Universidad de La Laguna visibiliza la innovaci\u00f3n educativa en las aulas de Canarias\"}]},{\"@type\":\"WebSite\",\"@id\":\"https:\/\/www.ull.es\/portal\/noticias\/#website\",\"url\":\"https:\/\/www.ull.es\/portal\/noticias\/\",\"name\":\"ULL - Noticias\",\"description\":\"\",\"potentialAction\":[{\"@type\":\"SearchAction\",\"target\":{\"@type\":\"EntryPoint\",\"urlTemplate\":\"https:\/\/www.ull.es\/portal\/noticias\/?s={search_term_string}\"},\"query-input\":\"required name=search_term_string\"}],\"inLanguage\":\"es\"},{\"@type\":\"Person\",\"@id\":\"https:\/\/www.ull.es\/portal\/noticias\/#\/schema\/person\/b2b1a89d43ffa609e591f7df8ef3e817\",\"name\":\"gaprsa\",\"image\":{\"@type\":\"ImageObject\",\"inLanguage\":\"es\",\"@id\":\"https:\/\/www.ull.es\/portal\/noticias\/#\/schema\/person\/image\/\",\"url\":\"https:\/\/secure.gravatar.com\/avatar\/443820550921091458b4823867723b3d?s=96&d=mm&r=g\",\"contentUrl\":\"https:\/\/secure.gravatar.com\/avatar\/443820550921091458b4823867723b3d?s=96&d=mm&r=g\",\"caption\":\"gaprsa\"},\"url\":\"https:\/\/www.ull.es\/portal\/noticias\/author\/gaprsa\/\"}]}<\/script>\n<!-- \/ Yoast SEO plugin. -->","yoast_head_json":{"title":"La I Feria TECNOEDU organizada por la Universidad de La Laguna visibiliza la innovaci\u00f3n educativa en las aulas de Canarias - ULL - Noticias","robots":{"index":"index","follow":"follow","max-snippet":"max-snippet:-1","max-image-preview":"max-image-preview:large","max-video-preview":"max-video-preview:-1"},"canonical":"https:\/\/www.ull.es\/portal\/noticias\/2022\/la-i-feria-tecnoedu-organizada-por-la-universidad-de-la-laguna-visibiliza-la-innovacion-educativa-en-las-aulas-de-canarias\/","og_locale":"es_ES","og_type":"article","og_title":"La I Feria TECNOEDU organizada por la Universidad de La Laguna visibiliza la innovaci\u00f3n educativa en las aulas de Canarias - ULL - Noticias","og_description":"La C\u00e1tedra Fundaci\u00f3n MAPFRE Guanarteme de Tecnolog\u00eda y Educaci\u00f3n de la Universidad de La Laguna present\u00f3 por primera vez la...","og_url":"https:\/\/www.ull.es\/portal\/noticias\/2022\/la-i-feria-tecnoedu-organizada-por-la-universidad-de-la-laguna-visibiliza-la-innovacion-educativa-en-las-aulas-de-canarias\/","og_site_name":"ULL - Noticias","article_publisher":"https:\/\/www.facebook.com\/universidaddelalaguna\/","article_published_time":"2022-05-02T10:32:01+00:00","og_image":[{"width":1344,"height":699,"url":"https:\/\/www.ull.es\/portal\/noticias\/wp-content\/uploads\/sites\/13\/2022\/05\/Feria-TECNOEDU-.jpg","type":"image\/jpeg"}],"author":"gaprsa","twitter_card":"summary_large_image","twitter_creator":"@CanalULL","twitter_site":"@CanalULL","twitter_misc":{"Escrito por":"gaprsa","Tiempo de lectura":"6 minutos"},"schema":{"@context":"https:\/\/schema.org","@graph":[{"@type":"WebPage","@id":"https:\/\/www.ull.es\/portal\/noticias\/2022\/la-i-feria-tecnoedu-organizada-por-la-universidad-de-la-laguna-visibiliza-la-innovacion-educativa-en-las-aulas-de-canarias\/","url":"https:\/\/www.ull.es\/portal\/noticias\/2022\/la-i-feria-tecnoedu-organizada-por-la-universidad-de-la-laguna-visibiliza-la-innovacion-educativa-en-las-aulas-de-canarias\/","name":"La I Feria TECNOEDU organizada por la Universidad de La Laguna visibiliza la innovaci\u00f3n educativa en las aulas de Canarias - ULL - Noticias","isPartOf":{"@id":"https:\/\/www.ull.es\/portal\/noticias\/#website"},"datePublished":"2022-05-02T10:32:01+00:00","dateModified":"2022-05-02T10:32:01+00:00","author":{"@id":"https:\/\/www.ull.es\/portal\/noticias\/#\/schema\/person\/b2b1a89d43ffa609e591f7df8ef3e817"},"breadcrumb":{"@id":"https:\/\/www.ull.es\/portal\/noticias\/2022\/la-i-feria-tecnoedu-organizada-por-la-universidad-de-la-laguna-visibiliza-la-innovacion-educativa-en-las-aulas-de-canarias\/#breadcrumb"},"inLanguage":"es","potentialAction":[{"@type":"ReadAction","target":["https:\/\/www.ull.es\/portal\/noticias\/2022\/la-i-feria-tecnoedu-organizada-por-la-universidad-de-la-laguna-visibiliza-la-innovacion-educativa-en-las-aulas-de-canarias\/"]}]},{"@type":"BreadcrumbList","@id":"https:\/\/www.ull.es\/portal\/noticias\/2022\/la-i-feria-tecnoedu-organizada-por-la-universidad-de-la-laguna-visibiliza-la-innovacion-educativa-en-las-aulas-de-canarias\/#breadcrumb","itemListElement":[{"@type":"ListItem","position":1,"name":"Portada","item":"https:\/\/www.ull.es\/portal\/noticias\/"},{"@type":"ListItem","position":2,"name":"La I Feria TECNOEDU organizada por la Universidad de La Laguna visibiliza la innovaci\u00f3n educativa en las aulas de Canarias"}]},{"@type":"WebSite","@id":"https:\/\/www.ull.es\/portal\/noticias\/#website","url":"https:\/\/www.ull.es\/portal\/noticias\/","name":"ULL - Noticias","description":"","potentialAction":[{"@type":"SearchAction","target":{"@type":"EntryPoint","urlTemplate":"https:\/\/www.ull.es\/portal\/noticias\/?s={search_term_string}"},"query-input":"required name=search_term_string"}],"inLanguage":"es"},{"@type":"Person","@id":"https:\/\/www.ull.es\/portal\/noticias\/#\/schema\/person\/b2b1a89d43ffa609e591f7df8ef3e817","name":"gaprsa","image":{"@type":"ImageObject","inLanguage":"es","@id":"https:\/\/www.ull.es\/portal\/noticias\/#\/schema\/person\/image\/","url":"https:\/\/secure.gravatar.com\/avatar\/443820550921091458b4823867723b3d?s=96&d=mm&r=g","contentUrl":"https:\/\/secure.gravatar.com\/avatar\/443820550921091458b4823867723b3d?s=96&d=mm&r=g","caption":"gaprsa"},"url":"https:\/\/www.ull.es\/portal\/noticias\/author\/gaprsa\/"}]}},"primary_category":{"id":345,"name":"Destacado","slug":"destacado","link":"https:\/\/www.ull.es\/portal\/noticias\/category\/destacado\/"},"featured_image_thumbnail_url":"https:\/\/www.ull.es\/portal\/noticias\/wp-content\/uploads\/sites\/13\/2022\/05\/Feria-TECNOEDU--300x156.jpg","_links":{"self":[{"href":"https:\/\/www.ull.es\/portal\/noticias\/wp-json\/wp\/v2\/posts\/62324"}],"collection":[{"href":"https:\/\/www.ull.es\/portal\/noticias\/wp-json\/wp\/v2\/posts"}],"about":[{"href":"https:\/\/www.ull.es\/portal\/noticias\/wp-json\/wp\/v2\/types\/post"}],"author":[{"embeddable":true,"href":"https:\/\/www.ull.es\/portal\/noticias\/wp-json\/wp\/v2\/users\/23"}],"replies":[{"embeddable":true,"href":"https:\/\/www.ull.es\/portal\/noticias\/wp-json\/wp\/v2\/comments?post=62324"}],"version-history":[{"count":1,"href":"https:\/\/www.ull.es\/portal\/noticias\/wp-json\/wp\/v2\/posts\/62324\/revisions"}],"predecessor-version":[{"id":62332,"href":"https:\/\/www.ull.es\/portal\/noticias\/wp-json\/wp\/v2\/posts\/62324\/revisions\/62332"}],"wp:featuredmedia":[{"embeddable":true,"href":"https:\/\/www.ull.es\/portal\/noticias\/wp-json\/wp\/v2\/media\/62331"}],"wp:attachment":[{"href":"https:\/\/www.ull.es\/portal\/noticias\/wp-json\/wp\/v2\/media?parent=62324"}],"wp:term":[{"taxonomy":"category","embeddable":true,"href":"https:\/\/www.ull.es\/portal\/noticias\/wp-json\/wp\/v2\/categories?post=62324"},{"taxonomy":"post_tag","embeddable":true,"href":"https:\/\/www.ull.es\/portal\/noticias\/wp-json\/wp\/v2\/tags?post=62324"}],"curies":[{"name":"wp","href":"https:\/\/api.w.org\/{rel}","templated":true}]}}