{"id":62333,"date":"2022-05-02T13:06:11","date_gmt":"2022-05-02T13:06:11","guid":{"rendered":"https:\/\/www.ull.es\/portal\/noticias\/?p=62333"},"modified":"2022-05-02T13:06:11","modified_gmt":"2022-05-02T13:06:11","slug":"pilar-martin-ricardo-guerra-concierto-voz-guitarra-electrica","status":"publish","type":"post","link":"https:\/\/www.ull.es\/portal\/noticias\/2022\/pilar-martin-ricardo-guerra-concierto-voz-guitarra-electrica\/","title":{"rendered":"Pilar Mart\u00edn y Ricardo Guerra ofrecen en el Paraninfo un concierto de voz y guitarra el\u00e9ctrica"},"content":{"rendered":"<p class=\"p4\"><a href=\"https:\/\/www.ull.es\/portal\/noticias\/wp-content\/uploads\/sites\/13\/2022\/05\/concierto-guitarra-electrica-voz.jpeg\" target=\"_blank\" rel=\"noopener\" target=\"_blank\" rel=\"noopener\"><img decoding=\"async\" loading=\"lazy\" class=\"alignleft wp-image-62338 size-medium\" src=\"https:\/\/www.ull.es\/portal\/noticias\/wp-content\/uploads\/sites\/13\/2022\/05\/concierto-guitarra-electrica-voz-212x300.jpeg\" alt=\"\" width=\"212\" height=\"300\" srcset=\"https:\/\/www.ull.es\/portal\/noticias\/wp-content\/uploads\/sites\/13\/2022\/05\/concierto-guitarra-electrica-voz-212x300.jpeg 212w, https:\/\/www.ull.es\/portal\/noticias\/wp-content\/uploads\/sites\/13\/2022\/05\/concierto-guitarra-electrica-voz-375x530.jpeg 375w, https:\/\/www.ull.es\/portal\/noticias\/wp-content\/uploads\/sites\/13\/2022\/05\/concierto-guitarra-electrica-voz.jpeg 600w\" sizes=\"(max-width: 212px) 100vw, 212px\" \/><\/a>La cantante Mar\u00eda del Pilar Mart\u00edn y el guitarrista Eduardo Guerra Arencibia ofrecer\u00e1n un concierto ma\u00f1ana, martes 3 de mayo a las 20:00 horas, en el Paraninfo de la Universidad de La Laguna.<\/p>\n<p class=\"p4\">La velada forma parte del Ciclo de Primavera de J\u00f3venes Int\u00e9rpretes que la instituci\u00f3n acad\u00e9mica organiza en colaboraci\u00f3n con el Conservatorio Superior de M\u00fasica de Canarias. Las entradas tienen un precio \u00fanico de 5 euros y pueden adquirirse en la <a href=\"https:\/\/www.tomaticket.es\/es-es\/entradas-ciclo-de-primavera-de-jovenes-interpretes-tenerife\" target=\"_blank\" rel=\"noopener\" target=\"_blank\" rel=\"noopener\"><span class=\"s2\">plataforma Tomaticket<\/span><\/a>.<span class=\"Apple-converted-space\">\u00a0<\/span><\/p>\n<p class=\"p5\">En este proyecto a d\u00fao se exploran las posibilidades que brinda la voz y la guitarra el\u00e9ctrica a la hora de mezclar el jazz con sonoridades m\u00e1s modernas, creando as\u00ed un repertorio\u00a0variado integrado por las piezas \u201cJust the two of us\u201d, \u201cMal intento\u201d, \u201cThe nearness of you\u201d, \u201cTriste\u201d, \u201cThere will never be another you\u201d y \u201cEstudio 8 (Jimmy Wyble)\u201d.<\/p>\n","protected":false},"excerpt":{"rendered":"<p>La cantante Mar\u00eda del Pilar Mart\u00edn y el guitarrista Eduardo Guerra Arencibia ofrecer\u00e1n un concierto ma\u00f1ana, martes 3 de mayo&#8230;<\/p>\n","protected":false},"author":21,"featured_media":62339,"comment_status":"closed","ping_status":"closed","sticky":false,"template":"","format":"image","meta":{"inline_featured_image":false,"footnotes":""},"categories":[344,345,2765],"tags":[7221,876,7034,8538,8539,8537],"acf":[],"yoast_head":"<!-- This site is optimized with the Yoast SEO plugin v21.3 - https:\/\/yoast.com\/wordpress\/plugins\/seo\/ -->\n<title>Pilar Mart\u00edn y Ricardo Guerra ofrecen en el paraninfo un concierto<\/title>\n<meta name=\"description\" content=\"Este proyecto explora las posibilidades que brinda la voz y la guitarra el\u00e9ctrica a la hora de mezclar el jazz con sonoridades m\u00e1s modernas.\" \/>\n<meta name=\"robots\" content=\"index, follow, max-snippet:-1, max-image-preview:large, max-video-preview:-1\" \/>\n<link rel=\"canonical\" href=\"https:\/\/www.ull.es\/portal\/noticias\/2022\/pilar-martin-ricardo-guerra-concierto-voz-guitarra-electrica\/\" \/>\n<meta property=\"og:locale\" content=\"es_ES\" \/>\n<meta property=\"og:type\" content=\"article\" \/>\n<meta property=\"og:title\" content=\"Pilar Mart\u00edn y Ricardo Guerra ofrecen en el paraninfo un concierto\" \/>\n<meta property=\"og:description\" content=\"Este proyecto explora las posibilidades que brinda la voz y la guitarra el\u00e9ctrica a la hora de mezclar el jazz con sonoridades m\u00e1s modernas.\" \/>\n<meta property=\"og:url\" content=\"https:\/\/www.ull.es\/portal\/noticias\/2022\/pilar-martin-ricardo-guerra-concierto-voz-guitarra-electrica\/\" \/>\n<meta property=\"og:site_name\" content=\"ULL - Noticias\" \/>\n<meta property=\"article:publisher\" content=\"https:\/\/www.facebook.com\/universidaddelalaguna\/\" \/>\n<meta property=\"article:published_time\" content=\"2022-05-02T13:06:11+00:00\" \/>\n<meta property=\"og:image\" content=\"https:\/\/www.ull.es\/portal\/noticias\/wp-content\/uploads\/sites\/13\/2022\/05\/concierto-guitarra-electrica-voz-p.jpeg\" \/>\n\t<meta property=\"og:image:width\" content=\"552\" \/>\n\t<meta property=\"og:image:height\" content=\"392\" \/>\n\t<meta property=\"og:image:type\" content=\"image\/jpeg\" \/>\n<meta name=\"author\" content=\"prensa2\" \/>\n<meta name=\"twitter:card\" content=\"summary_large_image\" \/>\n<meta name=\"twitter:creator\" content=\"@CanalULL\" \/>\n<meta name=\"twitter:site\" content=\"@CanalULL\" \/>\n<meta name=\"twitter:label1\" content=\"Escrito por\" \/>\n\t<meta name=\"twitter:data1\" content=\"prensa2\" \/>\n\t<meta name=\"twitter:label2\" content=\"Tiempo de lectura\" \/>\n\t<meta name=\"twitter:data2\" content=\"1 minuto\" \/>\n<script type=\"application\/ld+json\" class=\"yoast-schema-graph\">{\"@context\":\"https:\/\/schema.org\",\"@graph\":[{\"@type\":\"WebPage\",\"@id\":\"https:\/\/www.ull.es\/portal\/noticias\/2022\/pilar-martin-ricardo-guerra-concierto-voz-guitarra-electrica\/\",\"url\":\"https:\/\/www.ull.es\/portal\/noticias\/2022\/pilar-martin-ricardo-guerra-concierto-voz-guitarra-electrica\/\",\"name\":\"Pilar Mart\u00edn y Ricardo Guerra ofrecen en el paraninfo un concierto\",\"isPartOf\":{\"@id\":\"https:\/\/www.ull.es\/portal\/noticias\/#website\"},\"datePublished\":\"2022-05-02T13:06:11+00:00\",\"dateModified\":\"2022-05-02T13:06:11+00:00\",\"author\":{\"@id\":\"https:\/\/www.ull.es\/portal\/noticias\/#\/schema\/person\/c3b2aa857797592927a03740d6664376\"},\"description\":\"Este proyecto explora las posibilidades que brinda la voz y la guitarra el\u00e9ctrica a la hora de mezclar el jazz con sonoridades m\u00e1s modernas.\",\"breadcrumb\":{\"@id\":\"https:\/\/www.ull.es\/portal\/noticias\/2022\/pilar-martin-ricardo-guerra-concierto-voz-guitarra-electrica\/#breadcrumb\"},\"inLanguage\":\"es\",\"potentialAction\":[{\"@type\":\"ReadAction\",\"target\":[\"https:\/\/www.ull.es\/portal\/noticias\/2022\/pilar-martin-ricardo-guerra-concierto-voz-guitarra-electrica\/\"]}]},{\"@type\":\"BreadcrumbList\",\"@id\":\"https:\/\/www.ull.es\/portal\/noticias\/2022\/pilar-martin-ricardo-guerra-concierto-voz-guitarra-electrica\/#breadcrumb\",\"itemListElement\":[{\"@type\":\"ListItem\",\"position\":1,\"name\":\"Portada\",\"item\":\"https:\/\/www.ull.es\/portal\/noticias\/\"},{\"@type\":\"ListItem\",\"position\":2,\"name\":\"Pilar Mart\u00edn y Ricardo Guerra ofrecen en el Paraninfo un concierto de voz y guitarra el\u00e9ctrica\"}]},{\"@type\":\"WebSite\",\"@id\":\"https:\/\/www.ull.es\/portal\/noticias\/#website\",\"url\":\"https:\/\/www.ull.es\/portal\/noticias\/\",\"name\":\"ULL - Noticias\",\"description\":\"\",\"potentialAction\":[{\"@type\":\"SearchAction\",\"target\":{\"@type\":\"EntryPoint\",\"urlTemplate\":\"https:\/\/www.ull.es\/portal\/noticias\/?s={search_term_string}\"},\"query-input\":\"required name=search_term_string\"}],\"inLanguage\":\"es\"},{\"@type\":\"Person\",\"@id\":\"https:\/\/www.ull.es\/portal\/noticias\/#\/schema\/person\/c3b2aa857797592927a03740d6664376\",\"name\":\"prensa2\",\"image\":{\"@type\":\"ImageObject\",\"inLanguage\":\"es\",\"@id\":\"https:\/\/www.ull.es\/portal\/noticias\/#\/schema\/person\/image\/\",\"url\":\"https:\/\/secure.gravatar.com\/avatar\/b58f310a5de5feb33d1e026d2493f23c?s=96&d=mm&r=g\",\"contentUrl\":\"https:\/\/secure.gravatar.com\/avatar\/b58f310a5de5feb33d1e026d2493f23c?s=96&d=mm&r=g\",\"caption\":\"prensa2\"},\"url\":\"https:\/\/www.ull.es\/portal\/noticias\/author\/prensa2\/\"}]}<\/script>\n<!-- \/ Yoast SEO plugin. -->","yoast_head_json":{"title":"Pilar Mart\u00edn y Ricardo Guerra ofrecen en el paraninfo un concierto","description":"Este proyecto explora las posibilidades que brinda la voz y la guitarra el\u00e9ctrica a la hora de mezclar el jazz con sonoridades m\u00e1s modernas.","robots":{"index":"index","follow":"follow","max-snippet":"max-snippet:-1","max-image-preview":"max-image-preview:large","max-video-preview":"max-video-preview:-1"},"canonical":"https:\/\/www.ull.es\/portal\/noticias\/2022\/pilar-martin-ricardo-guerra-concierto-voz-guitarra-electrica\/","og_locale":"es_ES","og_type":"article","og_title":"Pilar Mart\u00edn y Ricardo Guerra ofrecen en el paraninfo un concierto","og_description":"Este proyecto explora las posibilidades que brinda la voz y la guitarra el\u00e9ctrica a la hora de mezclar el jazz con sonoridades m\u00e1s modernas.","og_url":"https:\/\/www.ull.es\/portal\/noticias\/2022\/pilar-martin-ricardo-guerra-concierto-voz-guitarra-electrica\/","og_site_name":"ULL - Noticias","article_publisher":"https:\/\/www.facebook.com\/universidaddelalaguna\/","article_published_time":"2022-05-02T13:06:11+00:00","og_image":[{"width":552,"height":392,"url":"https:\/\/www.ull.es\/portal\/noticias\/wp-content\/uploads\/sites\/13\/2022\/05\/concierto-guitarra-electrica-voz-p.jpeg","type":"image\/jpeg"}],"author":"prensa2","twitter_card":"summary_large_image","twitter_creator":"@CanalULL","twitter_site":"@CanalULL","twitter_misc":{"Escrito por":"prensa2","Tiempo de lectura":"1 minuto"},"schema":{"@context":"https:\/\/schema.org","@graph":[{"@type":"WebPage","@id":"https:\/\/www.ull.es\/portal\/noticias\/2022\/pilar-martin-ricardo-guerra-concierto-voz-guitarra-electrica\/","url":"https:\/\/www.ull.es\/portal\/noticias\/2022\/pilar-martin-ricardo-guerra-concierto-voz-guitarra-electrica\/","name":"Pilar Mart\u00edn y Ricardo Guerra ofrecen en el paraninfo un concierto","isPartOf":{"@id":"https:\/\/www.ull.es\/portal\/noticias\/#website"},"datePublished":"2022-05-02T13:06:11+00:00","dateModified":"2022-05-02T13:06:11+00:00","author":{"@id":"https:\/\/www.ull.es\/portal\/noticias\/#\/schema\/person\/c3b2aa857797592927a03740d6664376"},"description":"Este proyecto explora las posibilidades que brinda la voz y la guitarra el\u00e9ctrica a la hora de mezclar el jazz con sonoridades m\u00e1s modernas.","breadcrumb":{"@id":"https:\/\/www.ull.es\/portal\/noticias\/2022\/pilar-martin-ricardo-guerra-concierto-voz-guitarra-electrica\/#breadcrumb"},"inLanguage":"es","potentialAction":[{"@type":"ReadAction","target":["https:\/\/www.ull.es\/portal\/noticias\/2022\/pilar-martin-ricardo-guerra-concierto-voz-guitarra-electrica\/"]}]},{"@type":"BreadcrumbList","@id":"https:\/\/www.ull.es\/portal\/noticias\/2022\/pilar-martin-ricardo-guerra-concierto-voz-guitarra-electrica\/#breadcrumb","itemListElement":[{"@type":"ListItem","position":1,"name":"Portada","item":"https:\/\/www.ull.es\/portal\/noticias\/"},{"@type":"ListItem","position":2,"name":"Pilar Mart\u00edn y Ricardo Guerra ofrecen en el Paraninfo un concierto de voz y guitarra el\u00e9ctrica"}]},{"@type":"WebSite","@id":"https:\/\/www.ull.es\/portal\/noticias\/#website","url":"https:\/\/www.ull.es\/portal\/noticias\/","name":"ULL - Noticias","description":"","potentialAction":[{"@type":"SearchAction","target":{"@type":"EntryPoint","urlTemplate":"https:\/\/www.ull.es\/portal\/noticias\/?s={search_term_string}"},"query-input":"required name=search_term_string"}],"inLanguage":"es"},{"@type":"Person","@id":"https:\/\/www.ull.es\/portal\/noticias\/#\/schema\/person\/c3b2aa857797592927a03740d6664376","name":"prensa2","image":{"@type":"ImageObject","inLanguage":"es","@id":"https:\/\/www.ull.es\/portal\/noticias\/#\/schema\/person\/image\/","url":"https:\/\/secure.gravatar.com\/avatar\/b58f310a5de5feb33d1e026d2493f23c?s=96&d=mm&r=g","contentUrl":"https:\/\/secure.gravatar.com\/avatar\/b58f310a5de5feb33d1e026d2493f23c?s=96&d=mm&r=g","caption":"prensa2"},"url":"https:\/\/www.ull.es\/portal\/noticias\/author\/prensa2\/"}]}},"primary_category":{"id":2765,"name":"Portada ULL","slug":"portada-ull","link":"https:\/\/www.ull.es\/portal\/noticias\/category\/portada-ull\/"},"featured_image_thumbnail_url":"https:\/\/www.ull.es\/portal\/noticias\/wp-content\/uploads\/sites\/13\/2022\/05\/concierto-guitarra-electrica-voz-p-300x213.jpeg","_links":{"self":[{"href":"https:\/\/www.ull.es\/portal\/noticias\/wp-json\/wp\/v2\/posts\/62333"}],"collection":[{"href":"https:\/\/www.ull.es\/portal\/noticias\/wp-json\/wp\/v2\/posts"}],"about":[{"href":"https:\/\/www.ull.es\/portal\/noticias\/wp-json\/wp\/v2\/types\/post"}],"author":[{"embeddable":true,"href":"https:\/\/www.ull.es\/portal\/noticias\/wp-json\/wp\/v2\/users\/21"}],"replies":[{"embeddable":true,"href":"https:\/\/www.ull.es\/portal\/noticias\/wp-json\/wp\/v2\/comments?post=62333"}],"version-history":[{"count":1,"href":"https:\/\/www.ull.es\/portal\/noticias\/wp-json\/wp\/v2\/posts\/62333\/revisions"}],"predecessor-version":[{"id":62342,"href":"https:\/\/www.ull.es\/portal\/noticias\/wp-json\/wp\/v2\/posts\/62333\/revisions\/62342"}],"wp:featuredmedia":[{"embeddable":true,"href":"https:\/\/www.ull.es\/portal\/noticias\/wp-json\/wp\/v2\/media\/62339"}],"wp:attachment":[{"href":"https:\/\/www.ull.es\/portal\/noticias\/wp-json\/wp\/v2\/media?parent=62333"}],"wp:term":[{"taxonomy":"category","embeddable":true,"href":"https:\/\/www.ull.es\/portal\/noticias\/wp-json\/wp\/v2\/categories?post=62333"},{"taxonomy":"post_tag","embeddable":true,"href":"https:\/\/www.ull.es\/portal\/noticias\/wp-json\/wp\/v2\/tags?post=62333"}],"curies":[{"name":"wp","href":"https:\/\/api.w.org\/{rel}","templated":true}]}}