{"id":62389,"date":"2022-05-04T09:35:57","date_gmt":"2022-05-04T09:35:57","guid":{"rendered":"https:\/\/www.ull.es\/portal\/noticias\/?p=62389"},"modified":"2022-05-04T09:35:57","modified_gmt":"2022-05-04T09:35:57","slug":"la-ull-anfitriona-del-ii-seminario-internacional-de-ensenanza-del-espanol-como-lengua-extranjera","status":"publish","type":"post","link":"https:\/\/www.ull.es\/portal\/noticias\/2022\/la-ull-anfitriona-del-ii-seminario-internacional-de-ensenanza-del-espanol-como-lengua-extranjera\/","title":{"rendered":"La ULL, anfitriona del II Seminario Internacional de Ense\u00f1anza del Espa\u00f1ol como Lengua Extranjera"},"content":{"rendered":"<p>El II Seminario Internacional AIGELE: Bases para la ense\u00f1anza del Espa\u00f1ol como Lengua Extranjera (ELE) es un punto de encuentro para compartir la actividad investigadora sobre saberes y herramientas en la formaci\u00f3n inicial de profesorado dedicado a la ense\u00f1anza de espa\u00f1ol como lengua extranjera. Por tanto, est\u00e1 destinado al alumnado de los grados filol\u00f3gicos, pero tambi\u00e9n al profesorado de ELE ya en activo, bien como medio de formaci\u00f3n, bien como medio de actualizaci\u00f3n.<\/p>\n<p>Este evento forma parte de las actividades de Extensi\u00f3n Universitaria de la Universidad de La Laguna y se celebrar\u00e1 de forma presencial en la sala de audiovisuales del Edificio Departamental de la Secci\u00f3n de Filolog\u00eda desde hoy d\u00eda 4 hasta el 6 de mayo. Est\u00e1 organizado por el grupo de investigaci\u00f3n AIGELE (An\u00e1lisis de la Instrucci\u00f3n Gramatical en Espa\u00f1ol como Lengua Extranjera) con la colaboraci\u00f3n del Departamento de Filolog\u00eda Espa\u00f1ola y la Secci\u00f3n de Filolog\u00eda de la Universidad de La Laguna.<\/p>\n<p>Entre las conferencias que incluyen las jornadas habr\u00e1 espacio para la reflexi\u00f3n sobre el desarrollo profesional e investigador del profesorado de ELE. Pero, igualmente, se dedicar\u00e1 tiempo al dise\u00f1o curricular, a la did\u00e1ctica de la gram\u00e1tica, el l\u00e9xico y las variedades de la lengua y a la inclusi\u00f3n del arte y la literatura en el aula de idiomas.<\/p>\n<p>El viernes 6 de mayo tendr\u00e1n lugar talleres pr\u00e1cticos a cargo de responsables de editoriales especializadas en ELE y habr\u00e1 un espacio expositivo de las novedades publicadas recientemente en el sector.\u00a0Se puede consultar m\u00e1s informaci\u00f3n del evento y realizar la matr\u00edcula en el siguiente <a href=\"https:\/\/www.ull.es\/portal\/agenda\/evento\/jornadas-internacionales-aigele-bases-para-la-ensenanza-del-espanol-como-lengua-extranjera-ele\/\" target=\"_blank\" rel=\"noopener\">enlace<\/a>.<\/p>\n<p><strong>\u00a0<\/strong><\/p>\n","protected":false},"excerpt":{"rendered":"<p>El II Seminario Internacional AIGELE: Bases para la ense\u00f1anza del Espa\u00f1ol como Lengua Extranjera (ELE) es un punto de encuentro&#8230;<\/p>\n","protected":false},"author":23,"featured_media":62392,"comment_status":"closed","ping_status":"closed","sticky":false,"template":"","format":"standard","meta":{"inline_featured_image":false,"footnotes":""},"categories":[345,3994,3408,349,350,2765],"tags":[8552,8553,6099,8554],"acf":[],"yoast_head":"<!-- This site is optimized with the Yoast SEO plugin v21.3 - https:\/\/yoast.com\/wordpress\/plugins\/seo\/ -->\n<title>La ULL, anfitriona del II Seminario Internacional de Ense\u00f1anza del Espa\u00f1ol como Lengua Extranjera - ULL - Noticias<\/title>\n<meta name=\"robots\" content=\"index, follow, max-snippet:-1, max-image-preview:large, max-video-preview:-1\" \/>\n<link rel=\"canonical\" href=\"https:\/\/www.ull.es\/portal\/noticias\/2022\/la-ull-anfitriona-del-ii-seminario-internacional-de-ensenanza-del-espanol-como-lengua-extranjera\/\" \/>\n<meta property=\"og:locale\" content=\"es_ES\" \/>\n<meta property=\"og:type\" content=\"article\" \/>\n<meta property=\"og:title\" content=\"La ULL, anfitriona del II Seminario Internacional de Ense\u00f1anza del Espa\u00f1ol como Lengua Extranjera - ULL - Noticias\" \/>\n<meta property=\"og:description\" content=\"El II Seminario Internacional AIGELE: Bases para la ense\u00f1anza del Espa\u00f1ol como Lengua Extranjera (ELE) es un punto de encuentro...\" \/>\n<meta property=\"og:url\" content=\"https:\/\/www.ull.es\/portal\/noticias\/2022\/la-ull-anfitriona-del-ii-seminario-internacional-de-ensenanza-del-espanol-como-lengua-extranjera\/\" \/>\n<meta property=\"og:site_name\" content=\"ULL - Noticias\" \/>\n<meta property=\"article:publisher\" content=\"https:\/\/www.facebook.com\/universidaddelalaguna\/\" \/>\n<meta property=\"article:published_time\" content=\"2022-05-04T09:35:57+00:00\" \/>\n<meta property=\"og:image\" content=\"https:\/\/www.ull.es\/portal\/noticias\/wp-content\/uploads\/sites\/13\/2022\/05\/seminario-ensenanza-del-espanol.png\" \/>\n\t<meta property=\"og:image:width\" content=\"700\" \/>\n\t<meta property=\"og:image:height\" content=\"350\" \/>\n\t<meta property=\"og:image:type\" content=\"image\/png\" \/>\n<meta name=\"author\" content=\"gaprsa\" \/>\n<meta name=\"twitter:card\" content=\"summary_large_image\" \/>\n<meta name=\"twitter:creator\" content=\"@CanalULL\" \/>\n<meta name=\"twitter:site\" content=\"@CanalULL\" \/>\n<meta name=\"twitter:label1\" content=\"Escrito por\" \/>\n\t<meta name=\"twitter:data1\" content=\"gaprsa\" \/>\n\t<meta name=\"twitter:label2\" content=\"Tiempo de lectura\" \/>\n\t<meta name=\"twitter:data2\" content=\"1 minuto\" \/>\n<script type=\"application\/ld+json\" class=\"yoast-schema-graph\">{\"@context\":\"https:\/\/schema.org\",\"@graph\":[{\"@type\":\"WebPage\",\"@id\":\"https:\/\/www.ull.es\/portal\/noticias\/2022\/la-ull-anfitriona-del-ii-seminario-internacional-de-ensenanza-del-espanol-como-lengua-extranjera\/\",\"url\":\"https:\/\/www.ull.es\/portal\/noticias\/2022\/la-ull-anfitriona-del-ii-seminario-internacional-de-ensenanza-del-espanol-como-lengua-extranjera\/\",\"name\":\"La ULL, anfitriona del II Seminario Internacional de Ense\u00f1anza del Espa\u00f1ol como Lengua Extranjera - ULL - Noticias\",\"isPartOf\":{\"@id\":\"https:\/\/www.ull.es\/portal\/noticias\/#website\"},\"datePublished\":\"2022-05-04T09:35:57+00:00\",\"dateModified\":\"2022-05-04T09:35:57+00:00\",\"author\":{\"@id\":\"https:\/\/www.ull.es\/portal\/noticias\/#\/schema\/person\/b2b1a89d43ffa609e591f7df8ef3e817\"},\"breadcrumb\":{\"@id\":\"https:\/\/www.ull.es\/portal\/noticias\/2022\/la-ull-anfitriona-del-ii-seminario-internacional-de-ensenanza-del-espanol-como-lengua-extranjera\/#breadcrumb\"},\"inLanguage\":\"es\",\"potentialAction\":[{\"@type\":\"ReadAction\",\"target\":[\"https:\/\/www.ull.es\/portal\/noticias\/2022\/la-ull-anfitriona-del-ii-seminario-internacional-de-ensenanza-del-espanol-como-lengua-extranjera\/\"]}]},{\"@type\":\"BreadcrumbList\",\"@id\":\"https:\/\/www.ull.es\/portal\/noticias\/2022\/la-ull-anfitriona-del-ii-seminario-internacional-de-ensenanza-del-espanol-como-lengua-extranjera\/#breadcrumb\",\"itemListElement\":[{\"@type\":\"ListItem\",\"position\":1,\"name\":\"Portada\",\"item\":\"https:\/\/www.ull.es\/portal\/noticias\/\"},{\"@type\":\"ListItem\",\"position\":2,\"name\":\"La ULL, anfitriona del II Seminario Internacional de Ense\u00f1anza del Espa\u00f1ol como Lengua Extranjera\"}]},{\"@type\":\"WebSite\",\"@id\":\"https:\/\/www.ull.es\/portal\/noticias\/#website\",\"url\":\"https:\/\/www.ull.es\/portal\/noticias\/\",\"name\":\"ULL - Noticias\",\"description\":\"\",\"potentialAction\":[{\"@type\":\"SearchAction\",\"target\":{\"@type\":\"EntryPoint\",\"urlTemplate\":\"https:\/\/www.ull.es\/portal\/noticias\/?s={search_term_string}\"},\"query-input\":\"required name=search_term_string\"}],\"inLanguage\":\"es\"},{\"@type\":\"Person\",\"@id\":\"https:\/\/www.ull.es\/portal\/noticias\/#\/schema\/person\/b2b1a89d43ffa609e591f7df8ef3e817\",\"name\":\"gaprsa\",\"image\":{\"@type\":\"ImageObject\",\"inLanguage\":\"es\",\"@id\":\"https:\/\/www.ull.es\/portal\/noticias\/#\/schema\/person\/image\/\",\"url\":\"https:\/\/secure.gravatar.com\/avatar\/443820550921091458b4823867723b3d?s=96&d=mm&r=g\",\"contentUrl\":\"https:\/\/secure.gravatar.com\/avatar\/443820550921091458b4823867723b3d?s=96&d=mm&r=g\",\"caption\":\"gaprsa\"},\"url\":\"https:\/\/www.ull.es\/portal\/noticias\/author\/gaprsa\/\"}]}<\/script>\n<!-- \/ Yoast SEO plugin. -->","yoast_head_json":{"title":"La ULL, anfitriona del II Seminario Internacional de Ense\u00f1anza del Espa\u00f1ol como Lengua Extranjera - ULL - Noticias","robots":{"index":"index","follow":"follow","max-snippet":"max-snippet:-1","max-image-preview":"max-image-preview:large","max-video-preview":"max-video-preview:-1"},"canonical":"https:\/\/www.ull.es\/portal\/noticias\/2022\/la-ull-anfitriona-del-ii-seminario-internacional-de-ensenanza-del-espanol-como-lengua-extranjera\/","og_locale":"es_ES","og_type":"article","og_title":"La ULL, anfitriona del II Seminario Internacional de Ense\u00f1anza del Espa\u00f1ol como Lengua Extranjera - ULL - Noticias","og_description":"El II Seminario Internacional AIGELE: Bases para la ense\u00f1anza del Espa\u00f1ol como Lengua Extranjera (ELE) es un punto de encuentro...","og_url":"https:\/\/www.ull.es\/portal\/noticias\/2022\/la-ull-anfitriona-del-ii-seminario-internacional-de-ensenanza-del-espanol-como-lengua-extranjera\/","og_site_name":"ULL - Noticias","article_publisher":"https:\/\/www.facebook.com\/universidaddelalaguna\/","article_published_time":"2022-05-04T09:35:57+00:00","og_image":[{"width":700,"height":350,"url":"https:\/\/www.ull.es\/portal\/noticias\/wp-content\/uploads\/sites\/13\/2022\/05\/seminario-ensenanza-del-espanol.png","type":"image\/png"}],"author":"gaprsa","twitter_card":"summary_large_image","twitter_creator":"@CanalULL","twitter_site":"@CanalULL","twitter_misc":{"Escrito por":"gaprsa","Tiempo de lectura":"1 minuto"},"schema":{"@context":"https:\/\/schema.org","@graph":[{"@type":"WebPage","@id":"https:\/\/www.ull.es\/portal\/noticias\/2022\/la-ull-anfitriona-del-ii-seminario-internacional-de-ensenanza-del-espanol-como-lengua-extranjera\/","url":"https:\/\/www.ull.es\/portal\/noticias\/2022\/la-ull-anfitriona-del-ii-seminario-internacional-de-ensenanza-del-espanol-como-lengua-extranjera\/","name":"La ULL, anfitriona del II Seminario Internacional de Ense\u00f1anza del Espa\u00f1ol como Lengua Extranjera - ULL - Noticias","isPartOf":{"@id":"https:\/\/www.ull.es\/portal\/noticias\/#website"},"datePublished":"2022-05-04T09:35:57+00:00","dateModified":"2022-05-04T09:35:57+00:00","author":{"@id":"https:\/\/www.ull.es\/portal\/noticias\/#\/schema\/person\/b2b1a89d43ffa609e591f7df8ef3e817"},"breadcrumb":{"@id":"https:\/\/www.ull.es\/portal\/noticias\/2022\/la-ull-anfitriona-del-ii-seminario-internacional-de-ensenanza-del-espanol-como-lengua-extranjera\/#breadcrumb"},"inLanguage":"es","potentialAction":[{"@type":"ReadAction","target":["https:\/\/www.ull.es\/portal\/noticias\/2022\/la-ull-anfitriona-del-ii-seminario-internacional-de-ensenanza-del-espanol-como-lengua-extranjera\/"]}]},{"@type":"BreadcrumbList","@id":"https:\/\/www.ull.es\/portal\/noticias\/2022\/la-ull-anfitriona-del-ii-seminario-internacional-de-ensenanza-del-espanol-como-lengua-extranjera\/#breadcrumb","itemListElement":[{"@type":"ListItem","position":1,"name":"Portada","item":"https:\/\/www.ull.es\/portal\/noticias\/"},{"@type":"ListItem","position":2,"name":"La ULL, anfitriona del II Seminario Internacional de Ense\u00f1anza del Espa\u00f1ol como Lengua Extranjera"}]},{"@type":"WebSite","@id":"https:\/\/www.ull.es\/portal\/noticias\/#website","url":"https:\/\/www.ull.es\/portal\/noticias\/","name":"ULL - Noticias","description":"","potentialAction":[{"@type":"SearchAction","target":{"@type":"EntryPoint","urlTemplate":"https:\/\/www.ull.es\/portal\/noticias\/?s={search_term_string}"},"query-input":"required name=search_term_string"}],"inLanguage":"es"},{"@type":"Person","@id":"https:\/\/www.ull.es\/portal\/noticias\/#\/schema\/person\/b2b1a89d43ffa609e591f7df8ef3e817","name":"gaprsa","image":{"@type":"ImageObject","inLanguage":"es","@id":"https:\/\/www.ull.es\/portal\/noticias\/#\/schema\/person\/image\/","url":"https:\/\/secure.gravatar.com\/avatar\/443820550921091458b4823867723b3d?s=96&d=mm&r=g","contentUrl":"https:\/\/secure.gravatar.com\/avatar\/443820550921091458b4823867723b3d?s=96&d=mm&r=g","caption":"gaprsa"},"url":"https:\/\/www.ull.es\/portal\/noticias\/author\/gaprsa\/"}]}},"primary_category":{"id":345,"name":"Destacado","slug":"destacado","link":"https:\/\/www.ull.es\/portal\/noticias\/category\/destacado\/"},"featured_image_thumbnail_url":"https:\/\/www.ull.es\/portal\/noticias\/wp-content\/uploads\/sites\/13\/2022\/05\/seminario-ensenanza-del-espanol-300x150.png","_links":{"self":[{"href":"https:\/\/www.ull.es\/portal\/noticias\/wp-json\/wp\/v2\/posts\/62389"}],"collection":[{"href":"https:\/\/www.ull.es\/portal\/noticias\/wp-json\/wp\/v2\/posts"}],"about":[{"href":"https:\/\/www.ull.es\/portal\/noticias\/wp-json\/wp\/v2\/types\/post"}],"author":[{"embeddable":true,"href":"https:\/\/www.ull.es\/portal\/noticias\/wp-json\/wp\/v2\/users\/23"}],"replies":[{"embeddable":true,"href":"https:\/\/www.ull.es\/portal\/noticias\/wp-json\/wp\/v2\/comments?post=62389"}],"version-history":[{"count":1,"href":"https:\/\/www.ull.es\/portal\/noticias\/wp-json\/wp\/v2\/posts\/62389\/revisions"}],"predecessor-version":[{"id":62390,"href":"https:\/\/www.ull.es\/portal\/noticias\/wp-json\/wp\/v2\/posts\/62389\/revisions\/62390"}],"wp:featuredmedia":[{"embeddable":true,"href":"https:\/\/www.ull.es\/portal\/noticias\/wp-json\/wp\/v2\/media\/62392"}],"wp:attachment":[{"href":"https:\/\/www.ull.es\/portal\/noticias\/wp-json\/wp\/v2\/media?parent=62389"}],"wp:term":[{"taxonomy":"category","embeddable":true,"href":"https:\/\/www.ull.es\/portal\/noticias\/wp-json\/wp\/v2\/categories?post=62389"},{"taxonomy":"post_tag","embeddable":true,"href":"https:\/\/www.ull.es\/portal\/noticias\/wp-json\/wp\/v2\/tags?post=62389"}],"curies":[{"name":"wp","href":"https:\/\/api.w.org\/{rel}","templated":true}]}}