{"id":62445,"date":"2022-05-06T10:39:21","date_gmt":"2022-05-06T10:39:21","guid":{"rendered":"https:\/\/www.ull.es\/portal\/noticias\/?p=62445"},"modified":"2022-05-06T10:39:21","modified_gmt":"2022-05-06T10:39:21","slug":"la-joven-orquesta-de-camara-de-canarias-se-estrena-este-domingo-en-el-paraninfo-de-la-universidad-de-la-laguna","status":"publish","type":"post","link":"https:\/\/www.ull.es\/portal\/noticias\/2022\/la-joven-orquesta-de-camara-de-canarias-se-estrena-este-domingo-en-el-paraninfo-de-la-universidad-de-la-laguna\/","title":{"rendered":"La Joven Orquesta de C\u00e1mara de Canarias se estrena este domingo en el Paraninfo de la Universidad de La Laguna"},"content":{"rendered":"<p>El Paraninfo Universitario congregar\u00e1 el pr\u00f3ximo domingo 8 de mayo el concierto de la Joven Orquesta de C\u00e1mara de Canarias. La actuaci\u00f3n, que dar\u00e1 comienzo a partir de las 12:00 horas y servir\u00e1 de presentaci\u00f3n en p\u00fablico de esta agrupaci\u00f3n musical, a\u00fan dispone de entradas generales con un precio de 12\u20ac en la p\u00e1gina web de <a href=\"https:\/\/www.tomaticket.es\/es-es\/entradas-joven-orquesta-canarias-en-tenerife\" target=\"_blank\" rel=\"noopener\" target=\"_blank\" rel=\"noopener\">Tomaticket<\/a>. El estudiantado que quiera asistir podr\u00e1 hacerlo con un precio reducido de 5\u20ac.<\/p>\n<p>Bajo la direcci\u00f3n art\u00edstica y t\u00e9cnica del violinista tinerfe\u00f1o Patricio Guti\u00e9rrez, actualmente profesor del Real Conservatorio Superior de M\u00fasica de Madrid, la Joven Orquesta de C\u00e1mara de Canarias interpretar\u00e1 distintas obras de Mozart, Telemann y Elgar. Adem\u00e1s, se pondr\u00e1 el acento canario con la interpretaci\u00f3n de \u201cFantas\u00eda Liverpool\u201d, obra creada por el compositor grancanario Daniel Roca.<\/p>\n<p>La agrupaci\u00f3n, compuesta en su mayor\u00eda por m\u00fasicos que se han formado en diferentes conservatorios de Canarias, contar\u00e1 en este concierto con la presencia en los escenarios del violinista lanzarote\u00f1o Pablo Araya Betancort, que actuar\u00e1 como solista.<\/p>\n<p>La Joven Orquesta de C\u00e1mara de Canarias nace bajo el auspicio de la Orquesta de C\u00e1mara de Canarias y como parte de la actividad pedag\u00f3gica que lleva a cabo. Gracias a la labor del Conservatorio Superior de M\u00fasica de Canarias y a entidades como la Universidad de La Laguna, se trabaja para seguir implementando la formaci\u00f3n acad\u00e9mica superior y la oferta musical en el archipi\u00e9lago.<\/p>\n","protected":false},"excerpt":{"rendered":"<p>El Paraninfo Universitario congregar\u00e1 el pr\u00f3ximo domingo 8 de mayo el concierto de la Joven Orquesta de C\u00e1mara de Canarias&#8230;.<\/p>\n","protected":false},"author":67,"featured_media":62446,"comment_status":"closed","ping_status":"closed","sticky":false,"template":"","format":"standard","meta":{"inline_featured_image":false,"footnotes":""},"categories":[344,345,2765],"tags":[7034,8568,7476,2049,7477],"acf":[],"yoast_head":"<!-- This site is optimized with the Yoast SEO plugin v21.3 - https:\/\/yoast.com\/wordpress\/plugins\/seo\/ -->\n<title>La Joven Orquesta de C\u00e1mara de Canarias se estrena este domingo en el Paraninfo de la Universidad de La Laguna - ULL - Noticias<\/title>\n<meta name=\"description\" content=\"El Paraninfo Universitario congregar\u00e1 el pr\u00f3ximo domingo 8 de mayo el concierto de la Joven Orquesta de C\u00e1mara de Canarias. La actuaci\u00f3n, que dar\u00e1 comienzo a partir de las 12:00 horas y servir\u00e1 de presentaci\u00f3n en p\u00fablico de esta agrupaci\u00f3n musical, a\u00fan dispone de entradas generales.\" \/>\n<meta name=\"robots\" content=\"index, follow, max-snippet:-1, max-image-preview:large, max-video-preview:-1\" \/>\n<link rel=\"canonical\" href=\"https:\/\/www.ull.es\/portal\/noticias\/2022\/la-joven-orquesta-de-camara-de-canarias-se-estrena-este-domingo-en-el-paraninfo-de-la-universidad-de-la-laguna\/\" \/>\n<meta property=\"og:locale\" content=\"es_ES\" \/>\n<meta property=\"og:type\" content=\"article\" \/>\n<meta property=\"og:title\" content=\"La Joven Orquesta de C\u00e1mara de Canarias se estrena este domingo en el Paraninfo de la Universidad de La Laguna - ULL - Noticias\" \/>\n<meta property=\"og:description\" content=\"El Paraninfo Universitario congregar\u00e1 el pr\u00f3ximo domingo 8 de mayo el concierto de la Joven Orquesta de C\u00e1mara de Canarias. La actuaci\u00f3n, que dar\u00e1 comienzo a partir de las 12:00 horas y servir\u00e1 de presentaci\u00f3n en p\u00fablico de esta agrupaci\u00f3n musical, a\u00fan dispone de entradas generales.\" \/>\n<meta property=\"og:url\" content=\"https:\/\/www.ull.es\/portal\/noticias\/2022\/la-joven-orquesta-de-camara-de-canarias-se-estrena-este-domingo-en-el-paraninfo-de-la-universidad-de-la-laguna\/\" \/>\n<meta property=\"og:site_name\" content=\"ULL - Noticias\" \/>\n<meta property=\"article:publisher\" content=\"https:\/\/www.facebook.com\/universidaddelalaguna\/\" \/>\n<meta property=\"article:published_time\" content=\"2022-05-06T10:39:21+00:00\" \/>\n<meta property=\"og:image\" content=\"https:\/\/www.ull.es\/portal\/noticias\/wp-content\/uploads\/sites\/13\/2022\/05\/af-orqueta-de-camara-de-canarias-700x350px-e1651824011467.jpg\" \/>\n\t<meta property=\"og:image:width\" content=\"700\" \/>\n\t<meta property=\"og:image:height\" content=\"350\" \/>\n\t<meta property=\"og:image:type\" content=\"image\/jpeg\" \/>\n<meta name=\"author\" content=\"gcom5\" \/>\n<meta name=\"twitter:card\" content=\"summary_large_image\" \/>\n<meta name=\"twitter:creator\" content=\"@CanalULL\" \/>\n<meta name=\"twitter:site\" content=\"@CanalULL\" \/>\n<meta name=\"twitter:label1\" content=\"Escrito por\" \/>\n\t<meta name=\"twitter:data1\" content=\"gcom5\" \/>\n\t<meta name=\"twitter:label2\" content=\"Tiempo de lectura\" \/>\n\t<meta name=\"twitter:data2\" content=\"2 minutos\" \/>\n<script type=\"application\/ld+json\" class=\"yoast-schema-graph\">{\"@context\":\"https:\/\/schema.org\",\"@graph\":[{\"@type\":\"WebPage\",\"@id\":\"https:\/\/www.ull.es\/portal\/noticias\/2022\/la-joven-orquesta-de-camara-de-canarias-se-estrena-este-domingo-en-el-paraninfo-de-la-universidad-de-la-laguna\/\",\"url\":\"https:\/\/www.ull.es\/portal\/noticias\/2022\/la-joven-orquesta-de-camara-de-canarias-se-estrena-este-domingo-en-el-paraninfo-de-la-universidad-de-la-laguna\/\",\"name\":\"La Joven Orquesta de C\u00e1mara de Canarias se estrena este domingo en el Paraninfo de la Universidad de La Laguna - ULL - Noticias\",\"isPartOf\":{\"@id\":\"https:\/\/www.ull.es\/portal\/noticias\/#website\"},\"datePublished\":\"2022-05-06T10:39:21+00:00\",\"dateModified\":\"2022-05-06T10:39:21+00:00\",\"author\":{\"@id\":\"https:\/\/www.ull.es\/portal\/noticias\/#\/schema\/person\/8027c6c4687adc2c90dc1532715d34df\"},\"description\":\"El Paraninfo Universitario congregar\u00e1 el pr\u00f3ximo domingo 8 de mayo el concierto de la Joven Orquesta de C\u00e1mara de Canarias. La actuaci\u00f3n, que dar\u00e1 comienzo a partir de las 12:00 horas y servir\u00e1 de presentaci\u00f3n en p\u00fablico de esta agrupaci\u00f3n musical, a\u00fan dispone de entradas generales.\",\"breadcrumb\":{\"@id\":\"https:\/\/www.ull.es\/portal\/noticias\/2022\/la-joven-orquesta-de-camara-de-canarias-se-estrena-este-domingo-en-el-paraninfo-de-la-universidad-de-la-laguna\/#breadcrumb\"},\"inLanguage\":\"es\",\"potentialAction\":[{\"@type\":\"ReadAction\",\"target\":[\"https:\/\/www.ull.es\/portal\/noticias\/2022\/la-joven-orquesta-de-camara-de-canarias-se-estrena-este-domingo-en-el-paraninfo-de-la-universidad-de-la-laguna\/\"]}]},{\"@type\":\"BreadcrumbList\",\"@id\":\"https:\/\/www.ull.es\/portal\/noticias\/2022\/la-joven-orquesta-de-camara-de-canarias-se-estrena-este-domingo-en-el-paraninfo-de-la-universidad-de-la-laguna\/#breadcrumb\",\"itemListElement\":[{\"@type\":\"ListItem\",\"position\":1,\"name\":\"Portada\",\"item\":\"https:\/\/www.ull.es\/portal\/noticias\/\"},{\"@type\":\"ListItem\",\"position\":2,\"name\":\"La Joven Orquesta de C\u00e1mara de Canarias se estrena este domingo en el Paraninfo de la Universidad de La Laguna\"}]},{\"@type\":\"WebSite\",\"@id\":\"https:\/\/www.ull.es\/portal\/noticias\/#website\",\"url\":\"https:\/\/www.ull.es\/portal\/noticias\/\",\"name\":\"ULL - Noticias\",\"description\":\"\",\"potentialAction\":[{\"@type\":\"SearchAction\",\"target\":{\"@type\":\"EntryPoint\",\"urlTemplate\":\"https:\/\/www.ull.es\/portal\/noticias\/?s={search_term_string}\"},\"query-input\":\"required name=search_term_string\"}],\"inLanguage\":\"es\"},{\"@type\":\"Person\",\"@id\":\"https:\/\/www.ull.es\/portal\/noticias\/#\/schema\/person\/8027c6c4687adc2c90dc1532715d34df\",\"name\":\"gcom5\",\"image\":{\"@type\":\"ImageObject\",\"inLanguage\":\"es\",\"@id\":\"https:\/\/www.ull.es\/portal\/noticias\/#\/schema\/person\/image\/\",\"url\":\"https:\/\/secure.gravatar.com\/avatar\/8b3777f8048001fa57b88338ce5605b9?s=96&d=mm&r=g\",\"contentUrl\":\"https:\/\/secure.gravatar.com\/avatar\/8b3777f8048001fa57b88338ce5605b9?s=96&d=mm&r=g\",\"caption\":\"gcom5\"},\"url\":\"https:\/\/www.ull.es\/portal\/noticias\/author\/gcom5\/\"}]}<\/script>\n<!-- \/ Yoast SEO plugin. -->","yoast_head_json":{"title":"La Joven Orquesta de C\u00e1mara de Canarias se estrena este domingo en el Paraninfo de la Universidad de La Laguna - ULL - Noticias","description":"El Paraninfo Universitario congregar\u00e1 el pr\u00f3ximo domingo 8 de mayo el concierto de la Joven Orquesta de C\u00e1mara de Canarias. La actuaci\u00f3n, que dar\u00e1 comienzo a partir de las 12:00 horas y servir\u00e1 de presentaci\u00f3n en p\u00fablico de esta agrupaci\u00f3n musical, a\u00fan dispone de entradas generales.","robots":{"index":"index","follow":"follow","max-snippet":"max-snippet:-1","max-image-preview":"max-image-preview:large","max-video-preview":"max-video-preview:-1"},"canonical":"https:\/\/www.ull.es\/portal\/noticias\/2022\/la-joven-orquesta-de-camara-de-canarias-se-estrena-este-domingo-en-el-paraninfo-de-la-universidad-de-la-laguna\/","og_locale":"es_ES","og_type":"article","og_title":"La Joven Orquesta de C\u00e1mara de Canarias se estrena este domingo en el Paraninfo de la Universidad de La Laguna - ULL - Noticias","og_description":"El Paraninfo Universitario congregar\u00e1 el pr\u00f3ximo domingo 8 de mayo el concierto de la Joven Orquesta de C\u00e1mara de Canarias. La actuaci\u00f3n, que dar\u00e1 comienzo a partir de las 12:00 horas y servir\u00e1 de presentaci\u00f3n en p\u00fablico de esta agrupaci\u00f3n musical, a\u00fan dispone de entradas generales.","og_url":"https:\/\/www.ull.es\/portal\/noticias\/2022\/la-joven-orquesta-de-camara-de-canarias-se-estrena-este-domingo-en-el-paraninfo-de-la-universidad-de-la-laguna\/","og_site_name":"ULL - Noticias","article_publisher":"https:\/\/www.facebook.com\/universidaddelalaguna\/","article_published_time":"2022-05-06T10:39:21+00:00","og_image":[{"width":700,"height":350,"url":"https:\/\/www.ull.es\/portal\/noticias\/wp-content\/uploads\/sites\/13\/2022\/05\/af-orqueta-de-camara-de-canarias-700x350px-e1651824011467.jpg","type":"image\/jpeg"}],"author":"gcom5","twitter_card":"summary_large_image","twitter_creator":"@CanalULL","twitter_site":"@CanalULL","twitter_misc":{"Escrito por":"gcom5","Tiempo de lectura":"2 minutos"},"schema":{"@context":"https:\/\/schema.org","@graph":[{"@type":"WebPage","@id":"https:\/\/www.ull.es\/portal\/noticias\/2022\/la-joven-orquesta-de-camara-de-canarias-se-estrena-este-domingo-en-el-paraninfo-de-la-universidad-de-la-laguna\/","url":"https:\/\/www.ull.es\/portal\/noticias\/2022\/la-joven-orquesta-de-camara-de-canarias-se-estrena-este-domingo-en-el-paraninfo-de-la-universidad-de-la-laguna\/","name":"La Joven Orquesta de C\u00e1mara de Canarias se estrena este domingo en el Paraninfo de la Universidad de La Laguna - ULL - Noticias","isPartOf":{"@id":"https:\/\/www.ull.es\/portal\/noticias\/#website"},"datePublished":"2022-05-06T10:39:21+00:00","dateModified":"2022-05-06T10:39:21+00:00","author":{"@id":"https:\/\/www.ull.es\/portal\/noticias\/#\/schema\/person\/8027c6c4687adc2c90dc1532715d34df"},"description":"El Paraninfo Universitario congregar\u00e1 el pr\u00f3ximo domingo 8 de mayo el concierto de la Joven Orquesta de C\u00e1mara de Canarias. La actuaci\u00f3n, que dar\u00e1 comienzo a partir de las 12:00 horas y servir\u00e1 de presentaci\u00f3n en p\u00fablico de esta agrupaci\u00f3n musical, a\u00fan dispone de entradas generales.","breadcrumb":{"@id":"https:\/\/www.ull.es\/portal\/noticias\/2022\/la-joven-orquesta-de-camara-de-canarias-se-estrena-este-domingo-en-el-paraninfo-de-la-universidad-de-la-laguna\/#breadcrumb"},"inLanguage":"es","potentialAction":[{"@type":"ReadAction","target":["https:\/\/www.ull.es\/portal\/noticias\/2022\/la-joven-orquesta-de-camara-de-canarias-se-estrena-este-domingo-en-el-paraninfo-de-la-universidad-de-la-laguna\/"]}]},{"@type":"BreadcrumbList","@id":"https:\/\/www.ull.es\/portal\/noticias\/2022\/la-joven-orquesta-de-camara-de-canarias-se-estrena-este-domingo-en-el-paraninfo-de-la-universidad-de-la-laguna\/#breadcrumb","itemListElement":[{"@type":"ListItem","position":1,"name":"Portada","item":"https:\/\/www.ull.es\/portal\/noticias\/"},{"@type":"ListItem","position":2,"name":"La Joven Orquesta de C\u00e1mara de Canarias se estrena este domingo en el Paraninfo de la Universidad de La Laguna"}]},{"@type":"WebSite","@id":"https:\/\/www.ull.es\/portal\/noticias\/#website","url":"https:\/\/www.ull.es\/portal\/noticias\/","name":"ULL - Noticias","description":"","potentialAction":[{"@type":"SearchAction","target":{"@type":"EntryPoint","urlTemplate":"https:\/\/www.ull.es\/portal\/noticias\/?s={search_term_string}"},"query-input":"required name=search_term_string"}],"inLanguage":"es"},{"@type":"Person","@id":"https:\/\/www.ull.es\/portal\/noticias\/#\/schema\/person\/8027c6c4687adc2c90dc1532715d34df","name":"gcom5","image":{"@type":"ImageObject","inLanguage":"es","@id":"https:\/\/www.ull.es\/portal\/noticias\/#\/schema\/person\/image\/","url":"https:\/\/secure.gravatar.com\/avatar\/8b3777f8048001fa57b88338ce5605b9?s=96&d=mm&r=g","contentUrl":"https:\/\/secure.gravatar.com\/avatar\/8b3777f8048001fa57b88338ce5605b9?s=96&d=mm&r=g","caption":"gcom5"},"url":"https:\/\/www.ull.es\/portal\/noticias\/author\/gcom5\/"}]}},"primary_category":{"id":344,"name":"Cultura","slug":"cultura","link":"https:\/\/www.ull.es\/portal\/noticias\/category\/cultura\/"},"featured_image_thumbnail_url":"https:\/\/www.ull.es\/portal\/noticias\/wp-content\/uploads\/sites\/13\/2022\/05\/af-orqueta-de-camara-de-canarias-700x350px-e1651824011467-300x150.jpg","_links":{"self":[{"href":"https:\/\/www.ull.es\/portal\/noticias\/wp-json\/wp\/v2\/posts\/62445"}],"collection":[{"href":"https:\/\/www.ull.es\/portal\/noticias\/wp-json\/wp\/v2\/posts"}],"about":[{"href":"https:\/\/www.ull.es\/portal\/noticias\/wp-json\/wp\/v2\/types\/post"}],"author":[{"embeddable":true,"href":"https:\/\/www.ull.es\/portal\/noticias\/wp-json\/wp\/v2\/users\/67"}],"replies":[{"embeddable":true,"href":"https:\/\/www.ull.es\/portal\/noticias\/wp-json\/wp\/v2\/comments?post=62445"}],"version-history":[{"count":1,"href":"https:\/\/www.ull.es\/portal\/noticias\/wp-json\/wp\/v2\/posts\/62445\/revisions"}],"predecessor-version":[{"id":62447,"href":"https:\/\/www.ull.es\/portal\/noticias\/wp-json\/wp\/v2\/posts\/62445\/revisions\/62447"}],"wp:featuredmedia":[{"embeddable":true,"href":"https:\/\/www.ull.es\/portal\/noticias\/wp-json\/wp\/v2\/media\/62446"}],"wp:attachment":[{"href":"https:\/\/www.ull.es\/portal\/noticias\/wp-json\/wp\/v2\/media?parent=62445"}],"wp:term":[{"taxonomy":"category","embeddable":true,"href":"https:\/\/www.ull.es\/portal\/noticias\/wp-json\/wp\/v2\/categories?post=62445"},{"taxonomy":"post_tag","embeddable":true,"href":"https:\/\/www.ull.es\/portal\/noticias\/wp-json\/wp\/v2\/tags?post=62445"}],"curies":[{"name":"wp","href":"https:\/\/api.w.org\/{rel}","templated":true}]}}