{"id":62448,"date":"2022-05-06T12:27:30","date_gmt":"2022-05-06T12:27:30","guid":{"rendered":"https:\/\/www.ull.es\/portal\/noticias\/?p=62448"},"modified":"2022-05-06T12:34:12","modified_gmt":"2022-05-06T12:34:12","slug":"universidades-laguna-valencia-desarrollo-cognitivo-infancia","status":"publish","type":"post","link":"https:\/\/www.ull.es\/portal\/noticias\/2022\/universidades-laguna-valencia-desarrollo-cognitivo-infancia\/","title":{"rendered":"Las universidades de La Laguna y Valencia trabajan en la mejora del desarrollo cognitivo en la infancia"},"content":{"rendered":"<p class=\"p5\">Varios expertos en Educaci\u00f3n de la Universidad de La Laguna y la Universidad de Valencia (UV) trabajan ya en lo que ser\u00e1 la segunda edici\u00f3n de un programa de car\u00e1cter educativo dirigido a los pa\u00edses de Iberoam\u00e9rica cuyo objetivo es dotar al profesorado de educaci\u00f3n infantil de las estrategias y herramientas necesarias para contribuir a la mejora y desarrollo cognitivo en edades tempranas.<\/p>\n<p class=\"p5\">El programa \u00abPrimera Infancia: Claves e Innovaci\u00f3n\u00bb, que se inici\u00f3 en 2022 a instancias de la Organizaci\u00f3n de Estados Iberoamericanos (EOI), y en el que participan varias universidades espa\u00f1olas, est\u00e1 coordinado por la Universidad de Valencia y dirigido tanto a los docentes como al personal que desempe\u00f1a diferentes funciones en organismos y administraciones educativas de los pa\u00edses de la EOI.<\/p>\n<p class=\"p5\">Compuesto por cuatro m\u00f3dulos, el proyecto se lider\u00f3 desde la Universidad de Laguna por Ascensi\u00f3n Camero Arranz, profesora del Departamento de Did\u00e1cticas Espec\u00edficas de la <a href=\"https:\/\/www.ull.es\/centros\/facultad-educacion\/\" target=\"_blank\" rel=\"noopener\" target=\"_blank\" rel=\"noopener\"><span class=\"s2\">Facultad de Educaci\u00f3n<\/span><\/a>, quien fue la encargada de tutorizar al alumnado del curso \u00abIdentificaci\u00f3n de avances y progresos en el desarrollo cognitivo del ni\u00f1o\/a\u00bb, en colaboraci\u00f3n con la experta en Psicoling\u00fc\u00edstica y profesora de la <a href=\"https:\/\/www.uv.es\/\" target=\"_blank\" rel=\"noopener\" target=\"_blank\" rel=\"noopener\"><span class=\"s2\">UV<\/span><\/a>, Marta Vergara Mart\u00ednez, coordinadora general de esta iniciativa, que se inici\u00f3 en 2021 como una experiencia piloto en los 22 pa\u00edses iberoamericanos, Espa\u00f1a y Andorra.<span class=\"Apple-converted-space\">\u00a0<\/span><\/p>\n<p class=\"p5\">\u201cComenzamos con la planificaci\u00f3n de los cursos y posteriormente pasamos a preparar los materiales y estrategias did\u00e1cticas dirigidas al personal docente. Elaboramos un libro que sirviera de apoyo al profesorado de educaci\u00f3n infantil (de 0 a 8 a\u00f1os) y que les permitiera adquirir conocimientos espec\u00edficos de la psicolog\u00eda del ni\u00f1o: aspectos de desarrollo emocional, socio-familiares, de desarrollo\u00a0cognitivo y asistenciales en caso de discapacidad\u201d, apuntan ambas expertas.<\/p>\n<p class=\"p5\">El m\u00f3dulo posibilitaba tambi\u00e9n, adem\u00e1s de conocer los principales hitos del desarrollo cognitivo de la primera infancia, comprender los cambios cerebrales en esa etapa y entender el margen de acci\u00f3n que tienen las personas adultas y el profesorado para incidir en la mejora de esos cambios. Otro de los puntos abordados en el curso fue la utilidad de los instrumentos y programas disponibles para detectar e intervenir en el correcto desarrollo de los procesos atencionales, la empat\u00eda, o el lenguaje.<span class=\"Apple-converted-space\">\u00a0<\/span><\/p>\n<p class=\"p5\">La coordinadora del proyecto, Marta Vergara, <span class=\"s3\">invitada <\/span>gracias al programa de ayudas a estancias cortas dirigido al personal investigador que financia el <a href=\"https:\/\/www.ull.es\/la-universidad\/equipo-gobierno\/vicerrectorado-investigacion-transferencia-santa-cruz-sur\/\" target=\"_blank\" rel=\"noopener\" target=\"_blank\" rel=\"noopener\"><span class=\"s4\">Vicerrectorado de Investigaci\u00f3n, Transferencia y Campus Santa Cruz y Sur<\/span><\/a><span class=\"s4\">,<\/span> apunta que el objetivo del m\u00f3dulo dirigido por la ULL y la UV, que se imparti\u00f3 a 25 personas mediante una plataforma online, fue que se comprendiera \u201cel potencial del entorno familiar y escolar en el neurodesarrollo del ni\u00f1o\u201d, motivo por el que los participantes contaron en todo momento con materiales did\u00e1cticos actualizados, adaptados a sus contextos y basados en la evidencia cient\u00edfica.<span class=\"Apple-converted-space\">\u00a0<\/span><\/p>\n<p class=\"p5\">Tanto Camero como Vergara inciden en la importancia de los primeros a\u00f1os de vida, \u201cfundamentales en el desarrollo cognitivo de los ni\u00f1os y ni\u00f1as, ya que en el cerebro se producen unos cambios madurativos que van a determinar la consolidaci\u00f3n de los nuevos aprendizajes poder razonar correctamente o hablar con fluidez\u201d. Junto a los cambios neurol\u00f3gicos, tambi\u00e9n cobran especial importancia los contextos familiar y escolar, primordiales en estas etapas del desarrollo cognitivo.<\/p>\n<p class=\"p5\">\u201cYo creo que no se pone suficientemente el foco <span class=\"s5\">\u2012<\/span>indica Camero<span class=\"s5\">\u2012<\/span> en las etapas de la educaci\u00f3n infantil, sobre todo en la etapa de 0 a 3 a\u00f1os, y nosotros lo que quer\u00edamos es que se fuera consciente de lo importante que es fomentar actividades que repercutan positivamente en el futuro desarrollo cognitivo del ni\u00f1o. Seg\u00fan lo que te encuentres cuando est\u00e9s con esos ni\u00f1os, habr\u00e1 que aplicar unas estrategias u otras, dependiendo de las personalidades de los peque\u00f1os\u201d. De hecho, Vergara aclara que se ha comprobado que hay una relaci\u00f3n \u201cmuy directa\u201d entre el desarrollo cognitivo en edades tempranas y el autocontrol.<span class=\"Apple-converted-space\">\u00a0<\/span><\/p>\n<p class=\"p5\"><b>Programa piloto y segunda edici\u00f3n<\/b><\/p>\n<p class=\"p6\">Lo que comenz\u00f3 como un programa piloto (a\u00fan pendiente de la publicaci\u00f3n de las conclusiones) se ha materializado ya en programa que tendr\u00e1 continuidad con una segunda edici\u00f3n, que est\u00e1 previsto que comience en el mes de septiembre: \u201cEstamos muy contentas por la continuidad que desde la EOI han decidido dar al proyecto porque fue muy bien recibido por todos los participantes y en todo momento hubo mucha motivaci\u00f3n y feedback, tanto con el alumnado como con los responsables del programa en la EOI\u201d.<\/p>\n<p class=\"p5\">Adem\u00e1s del m\u00f3dulo coordinado por la ULL y la UV, el programa cont\u00f3 con otros tres cursos espec\u00edficos en los que trabajaron distintas universidades espa\u00f1olas: educaci\u00f3n socioemocional en la infancia, innovaci\u00f3n en la primera infancia en casa y en el aula <span class=\"s5\">\u2012<\/span>coordinados por expertos en Psicolog\u00eda y Trabajo Social<span class=\"s5\">\u2012<\/span> y un curso espec\u00edfico que abordaba las herramientas para trabajar con poblaci\u00f3n diversa desde un enfoque inclusivo sustentado en las nuevas tecnolog\u00edas.<\/p>\n<p class=\"p9\">*El programa \u00abPrimera Infancia: Claves e Innovaci\u00f3n\u00bb ha sido \u00edntegramente financiado por la <a href=\"https:\/\/oei.int\/\" target=\"_blank\" rel=\"noopener\" target=\"_blank\" rel=\"noopener\"><span class=\"s2\">Organizaci\u00f3n de Estados Iberoamericanos (OEI)<\/span><\/a>.<span class=\"Apple-converted-space\">\u00a0<\/span><\/p>\n","protected":false},"excerpt":{"rendered":"<p>Varios expertos en Educaci\u00f3n de la Universidad de La Laguna y la Universidad de Valencia (UV) trabajan ya en lo&#8230;<\/p>\n","protected":false},"author":21,"featured_media":62449,"comment_status":"closed","ping_status":"closed","sticky":false,"template":"","format":"standard","meta":{"inline_featured_image":false,"footnotes":""},"categories":[345,3323,3725,350,2765],"tags":[8571,8569,3499,8572,8570,2071],"acf":[],"yoast_head":"<!-- This site is optimized with the Yoast SEO plugin v21.3 - https:\/\/yoast.com\/wordpress\/plugins\/seo\/ -->\n<title>La ULL y Valencia trabajan en mejorar el desarrollo cognitivo en la infancia<\/title>\n<meta name=\"description\" content=\"El proyecto est\u00e1 coordinado por Universidad de Valencia con financiaci\u00f3n del Organizaci\u00f3n de Estados Iberoamericanos (EOI).\" \/>\n<meta name=\"robots\" content=\"index, follow, max-snippet:-1, max-image-preview:large, max-video-preview:-1\" \/>\n<link rel=\"canonical\" href=\"https:\/\/www.ull.es\/portal\/noticias\/2022\/universidades-laguna-valencia-desarrollo-cognitivo-infancia\/\" \/>\n<meta property=\"og:locale\" content=\"es_ES\" \/>\n<meta property=\"og:type\" content=\"article\" \/>\n<meta property=\"og:title\" content=\"La ULL y Valencia trabajan en mejorar el desarrollo cognitivo en la infancia\" \/>\n<meta property=\"og:description\" content=\"El proyecto est\u00e1 coordinado por Universidad de Valencia con financiaci\u00f3n del Organizaci\u00f3n de Estados Iberoamericanos (EOI).\" \/>\n<meta property=\"og:url\" content=\"https:\/\/www.ull.es\/portal\/noticias\/2022\/universidades-laguna-valencia-desarrollo-cognitivo-infancia\/\" \/>\n<meta property=\"og:site_name\" content=\"ULL - Noticias\" \/>\n<meta property=\"article:publisher\" content=\"https:\/\/www.facebook.com\/universidaddelalaguna\/\" \/>\n<meta property=\"article:published_time\" content=\"2022-05-06T12:27:30+00:00\" \/>\n<meta property=\"article:modified_time\" content=\"2022-05-06T12:34:12+00:00\" \/>\n<meta property=\"og:image\" content=\"https:\/\/www.ull.es\/portal\/noticias\/wp-content\/uploads\/sites\/13\/2022\/05\/Prof-Inv-Marta-Vergara-01.jpg\" \/>\n\t<meta property=\"og:image:width\" content=\"1600\" \/>\n\t<meta property=\"og:image:height\" content=\"923\" \/>\n\t<meta property=\"og:image:type\" content=\"image\/jpeg\" \/>\n<meta name=\"author\" content=\"prensa2\" \/>\n<meta name=\"twitter:card\" content=\"summary_large_image\" \/>\n<meta name=\"twitter:creator\" content=\"@CanalULL\" \/>\n<meta name=\"twitter:site\" content=\"@CanalULL\" \/>\n<meta name=\"twitter:label1\" content=\"Escrito por\" \/>\n\t<meta name=\"twitter:data1\" content=\"prensa2\" \/>\n\t<meta name=\"twitter:label2\" content=\"Tiempo de lectura\" \/>\n\t<meta name=\"twitter:data2\" content=\"4 minutos\" \/>\n<script type=\"application\/ld+json\" class=\"yoast-schema-graph\">{\"@context\":\"https:\/\/schema.org\",\"@graph\":[{\"@type\":\"WebPage\",\"@id\":\"https:\/\/www.ull.es\/portal\/noticias\/2022\/universidades-laguna-valencia-desarrollo-cognitivo-infancia\/\",\"url\":\"https:\/\/www.ull.es\/portal\/noticias\/2022\/universidades-laguna-valencia-desarrollo-cognitivo-infancia\/\",\"name\":\"La ULL y Valencia trabajan en mejorar el desarrollo cognitivo en la infancia\",\"isPartOf\":{\"@id\":\"https:\/\/www.ull.es\/portal\/noticias\/#website\"},\"datePublished\":\"2022-05-06T12:27:30+00:00\",\"dateModified\":\"2022-05-06T12:34:12+00:00\",\"author\":{\"@id\":\"https:\/\/www.ull.es\/portal\/noticias\/#\/schema\/person\/c3b2aa857797592927a03740d6664376\"},\"description\":\"El proyecto est\u00e1 coordinado por Universidad de Valencia con financiaci\u00f3n del Organizaci\u00f3n de Estados Iberoamericanos (EOI).\",\"breadcrumb\":{\"@id\":\"https:\/\/www.ull.es\/portal\/noticias\/2022\/universidades-laguna-valencia-desarrollo-cognitivo-infancia\/#breadcrumb\"},\"inLanguage\":\"es\",\"potentialAction\":[{\"@type\":\"ReadAction\",\"target\":[\"https:\/\/www.ull.es\/portal\/noticias\/2022\/universidades-laguna-valencia-desarrollo-cognitivo-infancia\/\"]}]},{\"@type\":\"BreadcrumbList\",\"@id\":\"https:\/\/www.ull.es\/portal\/noticias\/2022\/universidades-laguna-valencia-desarrollo-cognitivo-infancia\/#breadcrumb\",\"itemListElement\":[{\"@type\":\"ListItem\",\"position\":1,\"name\":\"Portada\",\"item\":\"https:\/\/www.ull.es\/portal\/noticias\/\"},{\"@type\":\"ListItem\",\"position\":2,\"name\":\"Las universidades de La Laguna y Valencia trabajan en la mejora del desarrollo cognitivo en la infancia\"}]},{\"@type\":\"WebSite\",\"@id\":\"https:\/\/www.ull.es\/portal\/noticias\/#website\",\"url\":\"https:\/\/www.ull.es\/portal\/noticias\/\",\"name\":\"ULL - Noticias\",\"description\":\"\",\"potentialAction\":[{\"@type\":\"SearchAction\",\"target\":{\"@type\":\"EntryPoint\",\"urlTemplate\":\"https:\/\/www.ull.es\/portal\/noticias\/?s={search_term_string}\"},\"query-input\":\"required name=search_term_string\"}],\"inLanguage\":\"es\"},{\"@type\":\"Person\",\"@id\":\"https:\/\/www.ull.es\/portal\/noticias\/#\/schema\/person\/c3b2aa857797592927a03740d6664376\",\"name\":\"prensa2\",\"image\":{\"@type\":\"ImageObject\",\"inLanguage\":\"es\",\"@id\":\"https:\/\/www.ull.es\/portal\/noticias\/#\/schema\/person\/image\/\",\"url\":\"https:\/\/secure.gravatar.com\/avatar\/b58f310a5de5feb33d1e026d2493f23c?s=96&d=mm&r=g\",\"contentUrl\":\"https:\/\/secure.gravatar.com\/avatar\/b58f310a5de5feb33d1e026d2493f23c?s=96&d=mm&r=g\",\"caption\":\"prensa2\"},\"url\":\"https:\/\/www.ull.es\/portal\/noticias\/author\/prensa2\/\"}]}<\/script>\n<!-- \/ Yoast SEO plugin. -->","yoast_head_json":{"title":"La ULL y Valencia trabajan en mejorar el desarrollo cognitivo en la infancia","description":"El proyecto est\u00e1 coordinado por Universidad de Valencia con financiaci\u00f3n del Organizaci\u00f3n de Estados Iberoamericanos (EOI).","robots":{"index":"index","follow":"follow","max-snippet":"max-snippet:-1","max-image-preview":"max-image-preview:large","max-video-preview":"max-video-preview:-1"},"canonical":"https:\/\/www.ull.es\/portal\/noticias\/2022\/universidades-laguna-valencia-desarrollo-cognitivo-infancia\/","og_locale":"es_ES","og_type":"article","og_title":"La ULL y Valencia trabajan en mejorar el desarrollo cognitivo en la infancia","og_description":"El proyecto est\u00e1 coordinado por Universidad de Valencia con financiaci\u00f3n del Organizaci\u00f3n de Estados Iberoamericanos (EOI).","og_url":"https:\/\/www.ull.es\/portal\/noticias\/2022\/universidades-laguna-valencia-desarrollo-cognitivo-infancia\/","og_site_name":"ULL - Noticias","article_publisher":"https:\/\/www.facebook.com\/universidaddelalaguna\/","article_published_time":"2022-05-06T12:27:30+00:00","article_modified_time":"2022-05-06T12:34:12+00:00","og_image":[{"width":1600,"height":923,"url":"https:\/\/www.ull.es\/portal\/noticias\/wp-content\/uploads\/sites\/13\/2022\/05\/Prof-Inv-Marta-Vergara-01.jpg","type":"image\/jpeg"}],"author":"prensa2","twitter_card":"summary_large_image","twitter_creator":"@CanalULL","twitter_site":"@CanalULL","twitter_misc":{"Escrito por":"prensa2","Tiempo de lectura":"4 minutos"},"schema":{"@context":"https:\/\/schema.org","@graph":[{"@type":"WebPage","@id":"https:\/\/www.ull.es\/portal\/noticias\/2022\/universidades-laguna-valencia-desarrollo-cognitivo-infancia\/","url":"https:\/\/www.ull.es\/portal\/noticias\/2022\/universidades-laguna-valencia-desarrollo-cognitivo-infancia\/","name":"La ULL y Valencia trabajan en mejorar el desarrollo cognitivo en la infancia","isPartOf":{"@id":"https:\/\/www.ull.es\/portal\/noticias\/#website"},"datePublished":"2022-05-06T12:27:30+00:00","dateModified":"2022-05-06T12:34:12+00:00","author":{"@id":"https:\/\/www.ull.es\/portal\/noticias\/#\/schema\/person\/c3b2aa857797592927a03740d6664376"},"description":"El proyecto est\u00e1 coordinado por Universidad de Valencia con financiaci\u00f3n del Organizaci\u00f3n de Estados Iberoamericanos (EOI).","breadcrumb":{"@id":"https:\/\/www.ull.es\/portal\/noticias\/2022\/universidades-laguna-valencia-desarrollo-cognitivo-infancia\/#breadcrumb"},"inLanguage":"es","potentialAction":[{"@type":"ReadAction","target":["https:\/\/www.ull.es\/portal\/noticias\/2022\/universidades-laguna-valencia-desarrollo-cognitivo-infancia\/"]}]},{"@type":"BreadcrumbList","@id":"https:\/\/www.ull.es\/portal\/noticias\/2022\/universidades-laguna-valencia-desarrollo-cognitivo-infancia\/#breadcrumb","itemListElement":[{"@type":"ListItem","position":1,"name":"Portada","item":"https:\/\/www.ull.es\/portal\/noticias\/"},{"@type":"ListItem","position":2,"name":"Las universidades de La Laguna y Valencia trabajan en la mejora del desarrollo cognitivo en la infancia"}]},{"@type":"WebSite","@id":"https:\/\/www.ull.es\/portal\/noticias\/#website","url":"https:\/\/www.ull.es\/portal\/noticias\/","name":"ULL - Noticias","description":"","potentialAction":[{"@type":"SearchAction","target":{"@type":"EntryPoint","urlTemplate":"https:\/\/www.ull.es\/portal\/noticias\/?s={search_term_string}"},"query-input":"required name=search_term_string"}],"inLanguage":"es"},{"@type":"Person","@id":"https:\/\/www.ull.es\/portal\/noticias\/#\/schema\/person\/c3b2aa857797592927a03740d6664376","name":"prensa2","image":{"@type":"ImageObject","inLanguage":"es","@id":"https:\/\/www.ull.es\/portal\/noticias\/#\/schema\/person\/image\/","url":"https:\/\/secure.gravatar.com\/avatar\/b58f310a5de5feb33d1e026d2493f23c?s=96&d=mm&r=g","contentUrl":"https:\/\/secure.gravatar.com\/avatar\/b58f310a5de5feb33d1e026d2493f23c?s=96&d=mm&r=g","caption":"prensa2"},"url":"https:\/\/www.ull.es\/portal\/noticias\/author\/prensa2\/"}]}},"primary_category":{"id":345,"name":"Destacado","slug":"destacado","link":"https:\/\/www.ull.es\/portal\/noticias\/category\/destacado\/"},"featured_image_thumbnail_url":"https:\/\/www.ull.es\/portal\/noticias\/wp-content\/uploads\/sites\/13\/2022\/05\/Prof-Inv-Marta-Vergara-01-300x173.jpg","_links":{"self":[{"href":"https:\/\/www.ull.es\/portal\/noticias\/wp-json\/wp\/v2\/posts\/62448"}],"collection":[{"href":"https:\/\/www.ull.es\/portal\/noticias\/wp-json\/wp\/v2\/posts"}],"about":[{"href":"https:\/\/www.ull.es\/portal\/noticias\/wp-json\/wp\/v2\/types\/post"}],"author":[{"embeddable":true,"href":"https:\/\/www.ull.es\/portal\/noticias\/wp-json\/wp\/v2\/users\/21"}],"replies":[{"embeddable":true,"href":"https:\/\/www.ull.es\/portal\/noticias\/wp-json\/wp\/v2\/comments?post=62448"}],"version-history":[{"count":2,"href":"https:\/\/www.ull.es\/portal\/noticias\/wp-json\/wp\/v2\/posts\/62448\/revisions"}],"predecessor-version":[{"id":62451,"href":"https:\/\/www.ull.es\/portal\/noticias\/wp-json\/wp\/v2\/posts\/62448\/revisions\/62451"}],"wp:featuredmedia":[{"embeddable":true,"href":"https:\/\/www.ull.es\/portal\/noticias\/wp-json\/wp\/v2\/media\/62449"}],"wp:attachment":[{"href":"https:\/\/www.ull.es\/portal\/noticias\/wp-json\/wp\/v2\/media?parent=62448"}],"wp:term":[{"taxonomy":"category","embeddable":true,"href":"https:\/\/www.ull.es\/portal\/noticias\/wp-json\/wp\/v2\/categories?post=62448"},{"taxonomy":"post_tag","embeddable":true,"href":"https:\/\/www.ull.es\/portal\/noticias\/wp-json\/wp\/v2\/tags?post=62448"}],"curies":[{"name":"wp","href":"https:\/\/api.w.org\/{rel}","templated":true}]}}