{"id":62474,"date":"2022-05-09T14:29:05","date_gmt":"2022-05-09T14:29:05","guid":{"rendered":"https:\/\/www.ull.es\/portal\/noticias\/?p=62474"},"modified":"2022-05-09T14:30:03","modified_gmt":"2022-05-09T14:30:03","slug":"revista-cedille-monografico-autores-contemporaneos","status":"publish","type":"post","link":"https:\/\/www.ull.es\/portal\/noticias\/2022\/revista-cedille-monografico-autores-contemporaneos\/","title":{"rendered":"El nuevo n\u00famero de la revista \u00c7\u00e9dille de estudios franceses dedica su monogr\u00e1fico a doce autores contempor\u00e1neos\u00a0"},"content":{"rendered":"<p class=\"p3\"><span class=\"s1\"><i><a href=\"https:\/\/www.ull.es\/portal\/noticias\/wp-content\/uploads\/sites\/13\/2019\/12\/cedille.jpg\" target=\"_blank\" rel=\"noopener\"><img decoding=\"async\" loading=\"lazy\" class=\"size-medium wp-image-48263 alignleft\" src=\"https:\/\/www.ull.es\/portal\/noticias\/wp-content\/uploads\/sites\/13\/2019\/12\/cedille-300x200.jpg\" alt=\"\" width=\"300\" height=\"200\" srcset=\"https:\/\/www.ull.es\/portal\/noticias\/wp-content\/uploads\/sites\/13\/2019\/12\/cedille-300x200.jpg 300w, https:\/\/www.ull.es\/portal\/noticias\/wp-content\/uploads\/sites\/13\/2019\/12\/cedille-768x512.jpg 768w, https:\/\/www.ull.es\/portal\/noticias\/wp-content\/uploads\/sites\/13\/2019\/12\/cedille.jpg 1024w, https:\/\/www.ull.es\/portal\/noticias\/wp-content\/uploads\/sites\/13\/2019\/12\/cedille-375x250.jpg 375w, https:\/\/www.ull.es\/portal\/noticias\/wp-content\/uploads\/sites\/13\/2019\/12\/cedille-750x500.jpg 750w\" sizes=\"(max-width: 300px) 100vw, 300px\" \/><\/a>\u00c7\u00e9dille,<\/i> revista de estudios franceses de la Universidad de La Laguna y la Asociaci\u00f3n de Francesistas de la Universidad Espa\u00f1ola,<i> <\/i>acaba de publicar en formato digital su <a href=\"https:\/\/www.ull.es\/revistas\/index.php\/cedille\" target=\"_blank\" rel=\"noopener\" target=\"_blank\" rel=\"noopener\"><span class=\"s2\">n\u00famero 21<\/span><\/a>, en cuyas 579 p\u00e1ginas incluye un total de veintinueve contribuciones firmadas\u00a0por especialistas en estudios franceses y otras disciplinas procedentes de universidades y centros de investigaci\u00f3n de Alemania, Argentina, B\u00e9lgica, Camer\u00fan, Colombia, Espa\u00f1a, Francia y Portugal. Destaca la secci\u00f3n monogr\u00e1fica que, bajo la coordinaci\u00f3n de Vicente E. Montes Nogales y Dominique Ninanne, ambos de la Universidad de Oviedo, re\u00fane ocho trabajos sobre una docena de escritoras y escritores franc\u00f3fonos contempor\u00e1neos.<span class=\"Apple-converted-space\">\u00a0<\/span><\/span><\/p>\n<p class=\"p5\">En la monograf\u00eda, sus tres primeras aportaciones se inscriben en el marco de las xenograf\u00edas y corren a cargo de Margarita Alfaro, que estudia dos novelas\u00a0de la autora franco-india Shumona Sinha; Beatriz Mangada, que interpreta tres textos de la escritora de origen liban\u00e9s\u00a0Georgia Makhlouf; y Ana Bel\u00e9n Soto, que analiza el viaje migratorio desde la perspectiva infantil en sendas obras de Hadia Decharri\u00e8re, Maryam Madjidi y Line Papin). Seguidamente, Laurence Pieropan se ocupa de los sue\u00f1os cosmopolitas de los j\u00f3venes senegaleses en la obra de Fatou Diome; Bernadette Desorbay\u00a0examina el di\u00e1logo que el autor haitiano-canadiense Dany Laferri\u00e8re mantiene con autores del pasado como Borges, Montaigne y Diderot,entre otros. Virginie Brinker y Anne Schneider abordan el cosmopolitismo en dos novelas recientes de Louis-Philippe Dalembert y Marc Alexandre Oho Bambe. Dominique Ninanne se interesa por la obra po\u00e9tica y ensay\u00edstica de la costamarfile\u00f1a Tanella Boni y, finalmente, Vicente E. Montes analiza la migraci\u00f3n subsahariana a trav\u00e9s de<span class=\"Apple-converted-space\">\u00a0 <\/span>las escritoras Fatou Diome, Oumou A. Traor\u00e9 y Fatoumata Sidib\u00e9.<\/p>\n<p class=\"p5\">En la secci\u00f3n\u00a0\u201cVaria\u201d, se pueden leer catorce art\u00edculos de diversas materias. Por citar algunos de ellos, G\u00e9raldine Durand escribe sobre la capacidad argumentativa en las pruebas de acceso a la ense\u00f1anza superior tanto en Francia como en Espa\u00f1a; el an\u00e1lisis que M. Carme Figuerola realiza sobre cuatro relatos de George Sand; la identidad de lo femenino entre las sensibilidades europea y africana es el asunto que aborda Arthur F. Fokou-Ngouo en una novela de la escritora camerunesa\u00a0Dja\u00efli Amadou Amal; Edurne Jorge y Gabrielle Hirchwald sacan a la luz unas cartas de Julia Daudet que dan cuenta de los problemas habidos con su candidatura a la Acad\u00e9mie Goncourt; Felipe Andr\u00e9s Pedroza revisa la perspectiva que adopta una editorial francesa a la hora de dise\u00f1ar sus manuales de FLE; y Daniela Ventura analiza unas novelas policiacas de Stanilas A. Steeman.<\/p>\n<p class=\"p5\">La tercera secci\u00f3n de este n\u00famero de\u00a0\u00c7\u00e9dille\u00a0la conforma, en esta ocasi\u00f3n, una entrevista que Anne Aubry ha mantenido con la escritora Le\u00efla Sebbar. Finalmente, el bloque \u00abNotas de lectura\u00bb encierra cuatro rese\u00f1as sobre distintos ensayos y estudios publicados recientemente.<\/p>\n","protected":false},"excerpt":{"rendered":"<p>\u00c7\u00e9dille, revista de estudios franceses de la Universidad de La Laguna y la Asociaci\u00f3n de Francesistas de la Universidad Espa\u00f1ola,&#8230;<\/p>\n","protected":false},"author":21,"featured_media":48263,"comment_status":"closed","ping_status":"closed","sticky":false,"template":"","format":"image","meta":{"inline_featured_image":false,"footnotes":""},"categories":[345,3994,3381,350,2765],"tags":[782,1267,8576],"acf":[],"yoast_head":"<!-- This site is optimized with the Yoast SEO plugin v21.3 - https:\/\/yoast.com\/wordpress\/plugins\/seo\/ -->\n<title>La revista \u00c7\u00e9dille de estudios franceses publica su n\u00famero 21<\/title>\n<meta name=\"description\" content=\"Est\u00e1 editada por la ULL y la Asociaci\u00f3n de Francesistas de la Universidad Espa\u00f1ola, y cuenta con un total de 29 art\u00edculos.\" \/>\n<meta name=\"robots\" content=\"index, follow, max-snippet:-1, max-image-preview:large, max-video-preview:-1\" \/>\n<link rel=\"canonical\" href=\"https:\/\/www.ull.es\/portal\/noticias\/2022\/revista-cedille-monografico-autores-contemporaneos\/\" \/>\n<meta property=\"og:locale\" content=\"es_ES\" \/>\n<meta property=\"og:type\" content=\"article\" \/>\n<meta property=\"og:title\" content=\"La revista \u00c7\u00e9dille de estudios franceses publica su n\u00famero 21\" \/>\n<meta property=\"og:description\" content=\"Est\u00e1 editada por la ULL y la Asociaci\u00f3n de Francesistas de la Universidad Espa\u00f1ola, y cuenta con un total de 29 art\u00edculos.\" \/>\n<meta property=\"og:url\" content=\"https:\/\/www.ull.es\/portal\/noticias\/2022\/revista-cedille-monografico-autores-contemporaneos\/\" \/>\n<meta property=\"og:site_name\" content=\"ULL - Noticias\" \/>\n<meta property=\"article:publisher\" content=\"https:\/\/www.facebook.com\/universidaddelalaguna\/\" \/>\n<meta property=\"article:published_time\" content=\"2022-05-09T14:29:05+00:00\" \/>\n<meta property=\"article:modified_time\" content=\"2022-05-09T14:30:03+00:00\" \/>\n<meta property=\"og:image\" content=\"https:\/\/www.ull.es\/portal\/noticias\/wp-content\/uploads\/sites\/13\/2019\/12\/cedille.jpg\" \/>\n\t<meta property=\"og:image:width\" content=\"1024\" \/>\n\t<meta property=\"og:image:height\" content=\"683\" \/>\n\t<meta property=\"og:image:type\" content=\"image\/jpeg\" \/>\n<meta name=\"author\" content=\"prensa2\" \/>\n<meta name=\"twitter:card\" content=\"summary_large_image\" \/>\n<meta name=\"twitter:creator\" content=\"@CanalULL\" \/>\n<meta name=\"twitter:site\" content=\"@CanalULL\" \/>\n<meta name=\"twitter:label1\" content=\"Escrito por\" \/>\n\t<meta name=\"twitter:data1\" content=\"prensa2\" \/>\n\t<meta name=\"twitter:label2\" content=\"Tiempo de lectura\" \/>\n\t<meta name=\"twitter:data2\" content=\"3 minutos\" \/>\n<script type=\"application\/ld+json\" class=\"yoast-schema-graph\">{\"@context\":\"https:\/\/schema.org\",\"@graph\":[{\"@type\":\"WebPage\",\"@id\":\"https:\/\/www.ull.es\/portal\/noticias\/2022\/revista-cedille-monografico-autores-contemporaneos\/\",\"url\":\"https:\/\/www.ull.es\/portal\/noticias\/2022\/revista-cedille-monografico-autores-contemporaneos\/\",\"name\":\"La revista \u00c7\u00e9dille de estudios franceses publica su n\u00famero 21\",\"isPartOf\":{\"@id\":\"https:\/\/www.ull.es\/portal\/noticias\/#website\"},\"datePublished\":\"2022-05-09T14:29:05+00:00\",\"dateModified\":\"2022-05-09T14:30:03+00:00\",\"author\":{\"@id\":\"https:\/\/www.ull.es\/portal\/noticias\/#\/schema\/person\/c3b2aa857797592927a03740d6664376\"},\"description\":\"Est\u00e1 editada por la ULL y la Asociaci\u00f3n de Francesistas de la Universidad Espa\u00f1ola, y cuenta con un total de 29 art\u00edculos.\",\"breadcrumb\":{\"@id\":\"https:\/\/www.ull.es\/portal\/noticias\/2022\/revista-cedille-monografico-autores-contemporaneos\/#breadcrumb\"},\"inLanguage\":\"es\",\"potentialAction\":[{\"@type\":\"ReadAction\",\"target\":[\"https:\/\/www.ull.es\/portal\/noticias\/2022\/revista-cedille-monografico-autores-contemporaneos\/\"]}]},{\"@type\":\"BreadcrumbList\",\"@id\":\"https:\/\/www.ull.es\/portal\/noticias\/2022\/revista-cedille-monografico-autores-contemporaneos\/#breadcrumb\",\"itemListElement\":[{\"@type\":\"ListItem\",\"position\":1,\"name\":\"Portada\",\"item\":\"https:\/\/www.ull.es\/portal\/noticias\/\"},{\"@type\":\"ListItem\",\"position\":2,\"name\":\"El nuevo n\u00famero de la revista \u00c7\u00e9dille de estudios franceses dedica su monogr\u00e1fico a doce autores contempor\u00e1neos\u00a0\"}]},{\"@type\":\"WebSite\",\"@id\":\"https:\/\/www.ull.es\/portal\/noticias\/#website\",\"url\":\"https:\/\/www.ull.es\/portal\/noticias\/\",\"name\":\"ULL - Noticias\",\"description\":\"\",\"potentialAction\":[{\"@type\":\"SearchAction\",\"target\":{\"@type\":\"EntryPoint\",\"urlTemplate\":\"https:\/\/www.ull.es\/portal\/noticias\/?s={search_term_string}\"},\"query-input\":\"required name=search_term_string\"}],\"inLanguage\":\"es\"},{\"@type\":\"Person\",\"@id\":\"https:\/\/www.ull.es\/portal\/noticias\/#\/schema\/person\/c3b2aa857797592927a03740d6664376\",\"name\":\"prensa2\",\"image\":{\"@type\":\"ImageObject\",\"inLanguage\":\"es\",\"@id\":\"https:\/\/www.ull.es\/portal\/noticias\/#\/schema\/person\/image\/\",\"url\":\"https:\/\/secure.gravatar.com\/avatar\/b58f310a5de5feb33d1e026d2493f23c?s=96&d=mm&r=g\",\"contentUrl\":\"https:\/\/secure.gravatar.com\/avatar\/b58f310a5de5feb33d1e026d2493f23c?s=96&d=mm&r=g\",\"caption\":\"prensa2\"},\"url\":\"https:\/\/www.ull.es\/portal\/noticias\/author\/prensa2\/\"}]}<\/script>\n<!-- \/ Yoast SEO plugin. -->","yoast_head_json":{"title":"La revista \u00c7\u00e9dille de estudios franceses publica su n\u00famero 21","description":"Est\u00e1 editada por la ULL y la Asociaci\u00f3n de Francesistas de la Universidad Espa\u00f1ola, y cuenta con un total de 29 art\u00edculos.","robots":{"index":"index","follow":"follow","max-snippet":"max-snippet:-1","max-image-preview":"max-image-preview:large","max-video-preview":"max-video-preview:-1"},"canonical":"https:\/\/www.ull.es\/portal\/noticias\/2022\/revista-cedille-monografico-autores-contemporaneos\/","og_locale":"es_ES","og_type":"article","og_title":"La revista \u00c7\u00e9dille de estudios franceses publica su n\u00famero 21","og_description":"Est\u00e1 editada por la ULL y la Asociaci\u00f3n de Francesistas de la Universidad Espa\u00f1ola, y cuenta con un total de 29 art\u00edculos.","og_url":"https:\/\/www.ull.es\/portal\/noticias\/2022\/revista-cedille-monografico-autores-contemporaneos\/","og_site_name":"ULL - Noticias","article_publisher":"https:\/\/www.facebook.com\/universidaddelalaguna\/","article_published_time":"2022-05-09T14:29:05+00:00","article_modified_time":"2022-05-09T14:30:03+00:00","og_image":[{"width":1024,"height":683,"url":"https:\/\/www.ull.es\/portal\/noticias\/wp-content\/uploads\/sites\/13\/2019\/12\/cedille.jpg","type":"image\/jpeg"}],"author":"prensa2","twitter_card":"summary_large_image","twitter_creator":"@CanalULL","twitter_site":"@CanalULL","twitter_misc":{"Escrito por":"prensa2","Tiempo de lectura":"3 minutos"},"schema":{"@context":"https:\/\/schema.org","@graph":[{"@type":"WebPage","@id":"https:\/\/www.ull.es\/portal\/noticias\/2022\/revista-cedille-monografico-autores-contemporaneos\/","url":"https:\/\/www.ull.es\/portal\/noticias\/2022\/revista-cedille-monografico-autores-contemporaneos\/","name":"La revista \u00c7\u00e9dille de estudios franceses publica su n\u00famero 21","isPartOf":{"@id":"https:\/\/www.ull.es\/portal\/noticias\/#website"},"datePublished":"2022-05-09T14:29:05+00:00","dateModified":"2022-05-09T14:30:03+00:00","author":{"@id":"https:\/\/www.ull.es\/portal\/noticias\/#\/schema\/person\/c3b2aa857797592927a03740d6664376"},"description":"Est\u00e1 editada por la ULL y la Asociaci\u00f3n de Francesistas de la Universidad Espa\u00f1ola, y cuenta con un total de 29 art\u00edculos.","breadcrumb":{"@id":"https:\/\/www.ull.es\/portal\/noticias\/2022\/revista-cedille-monografico-autores-contemporaneos\/#breadcrumb"},"inLanguage":"es","potentialAction":[{"@type":"ReadAction","target":["https:\/\/www.ull.es\/portal\/noticias\/2022\/revista-cedille-monografico-autores-contemporaneos\/"]}]},{"@type":"BreadcrumbList","@id":"https:\/\/www.ull.es\/portal\/noticias\/2022\/revista-cedille-monografico-autores-contemporaneos\/#breadcrumb","itemListElement":[{"@type":"ListItem","position":1,"name":"Portada","item":"https:\/\/www.ull.es\/portal\/noticias\/"},{"@type":"ListItem","position":2,"name":"El nuevo n\u00famero de la revista \u00c7\u00e9dille de estudios franceses dedica su monogr\u00e1fico a doce autores contempor\u00e1neos\u00a0"}]},{"@type":"WebSite","@id":"https:\/\/www.ull.es\/portal\/noticias\/#website","url":"https:\/\/www.ull.es\/portal\/noticias\/","name":"ULL - Noticias","description":"","potentialAction":[{"@type":"SearchAction","target":{"@type":"EntryPoint","urlTemplate":"https:\/\/www.ull.es\/portal\/noticias\/?s={search_term_string}"},"query-input":"required name=search_term_string"}],"inLanguage":"es"},{"@type":"Person","@id":"https:\/\/www.ull.es\/portal\/noticias\/#\/schema\/person\/c3b2aa857797592927a03740d6664376","name":"prensa2","image":{"@type":"ImageObject","inLanguage":"es","@id":"https:\/\/www.ull.es\/portal\/noticias\/#\/schema\/person\/image\/","url":"https:\/\/secure.gravatar.com\/avatar\/b58f310a5de5feb33d1e026d2493f23c?s=96&d=mm&r=g","contentUrl":"https:\/\/secure.gravatar.com\/avatar\/b58f310a5de5feb33d1e026d2493f23c?s=96&d=mm&r=g","caption":"prensa2"},"url":"https:\/\/www.ull.es\/portal\/noticias\/author\/prensa2\/"}]}},"primary_category":{"id":345,"name":"Destacado","slug":"destacado","link":"https:\/\/www.ull.es\/portal\/noticias\/category\/destacado\/"},"featured_image_thumbnail_url":"https:\/\/www.ull.es\/portal\/noticias\/wp-content\/uploads\/sites\/13\/2019\/12\/cedille-300x200.jpg","_links":{"self":[{"href":"https:\/\/www.ull.es\/portal\/noticias\/wp-json\/wp\/v2\/posts\/62474"}],"collection":[{"href":"https:\/\/www.ull.es\/portal\/noticias\/wp-json\/wp\/v2\/posts"}],"about":[{"href":"https:\/\/www.ull.es\/portal\/noticias\/wp-json\/wp\/v2\/types\/post"}],"author":[{"embeddable":true,"href":"https:\/\/www.ull.es\/portal\/noticias\/wp-json\/wp\/v2\/users\/21"}],"replies":[{"embeddable":true,"href":"https:\/\/www.ull.es\/portal\/noticias\/wp-json\/wp\/v2\/comments?post=62474"}],"version-history":[{"count":1,"href":"https:\/\/www.ull.es\/portal\/noticias\/wp-json\/wp\/v2\/posts\/62474\/revisions"}],"predecessor-version":[{"id":62475,"href":"https:\/\/www.ull.es\/portal\/noticias\/wp-json\/wp\/v2\/posts\/62474\/revisions\/62475"}],"wp:featuredmedia":[{"embeddable":true,"href":"https:\/\/www.ull.es\/portal\/noticias\/wp-json\/wp\/v2\/media\/48263"}],"wp:attachment":[{"href":"https:\/\/www.ull.es\/portal\/noticias\/wp-json\/wp\/v2\/media?parent=62474"}],"wp:term":[{"taxonomy":"category","embeddable":true,"href":"https:\/\/www.ull.es\/portal\/noticias\/wp-json\/wp\/v2\/categories?post=62474"},{"taxonomy":"post_tag","embeddable":true,"href":"https:\/\/www.ull.es\/portal\/noticias\/wp-json\/wp\/v2\/tags?post=62474"}],"curies":[{"name":"wp","href":"https:\/\/api.w.org\/{rel}","templated":true}]}}