{"id":62653,"date":"2022-05-16T17:46:12","date_gmt":"2022-05-16T17:46:12","guid":{"rendered":"https:\/\/www.ull.es\/portal\/noticias\/?p=62653"},"modified":"2022-05-17T10:02:04","modified_gmt":"2022-05-17T10:02:04","slug":"roman-rodriguez-estudiara-una-inyeccion-economica-extraordinaria-para-las-universidades-publicas-canarias","status":"publish","type":"post","link":"https:\/\/www.ull.es\/portal\/noticias\/2022\/roman-rodriguez-estudiara-una-inyeccion-economica-extraordinaria-para-las-universidades-publicas-canarias\/","title":{"rendered":"Rom\u00e1n Rodr\u00edguez estudiar\u00e1 una inyecci\u00f3n econ\u00f3mica extraordinaria para las universidades p\u00fablicas canarias"},"content":{"rendered":"<p>El vicepresidente y consejero de Hacienda, Presupuestos y Asuntos Europeos del Gobierno de Canarias, Rom\u00e1n Rodr\u00edguez, estudiar\u00e1 una inyecci\u00f3n econ\u00f3mica extraordinaria para las dos universidades p\u00fablicas canarias que les permita cubrir necesidades perentorias este mismo a\u00f1o, seg\u00fan adelant\u00f3 hoy durante una visita institucional a la Universidad de La Laguna.\u00a0Rodr\u00edguez asegur\u00f3, tras reunirse con la rectora, Rosa Aguilar, y su quipo de gobierno, que los centros superiores est\u00e1n afrontando una situaci\u00f3n extremadamente complicada y que necesitan financiaci\u00f3n<a href=\"https:\/\/www.ull.es\/portal\/noticias\/wp-content\/uploads\/sites\/13\/2022\/05\/Visita-Roman-Rodriguez-30-1.jpg\" target=\"_blank\" rel=\"noopener\" target=\"_blank\" rel=\"noopener\"><img decoding=\"async\" loading=\"lazy\" class=\"alignright wp-image-62661 size-medium\" src=\"https:\/\/www.ull.es\/portal\/noticias\/wp-content\/uploads\/sites\/13\/2022\/05\/Visita-Roman-Rodriguez-30-1-300x200.jpg\" alt=\"\" width=\"300\" height=\"200\" srcset=\"https:\/\/www.ull.es\/portal\/noticias\/wp-content\/uploads\/sites\/13\/2022\/05\/Visita-Roman-Rodriguez-30-1-300x200.jpg 300w, https:\/\/www.ull.es\/portal\/noticias\/wp-content\/uploads\/sites\/13\/2022\/05\/Visita-Roman-Rodriguez-30-1-768x512.jpg 768w, https:\/\/www.ull.es\/portal\/noticias\/wp-content\/uploads\/sites\/13\/2022\/05\/Visita-Roman-Rodriguez-30-1-375x250.jpg 375w, https:\/\/www.ull.es\/portal\/noticias\/wp-content\/uploads\/sites\/13\/2022\/05\/Visita-Roman-Rodriguez-30-1-750x500.jpg 750w, https:\/\/www.ull.es\/portal\/noticias\/wp-content\/uploads\/sites\/13\/2022\/05\/Visita-Roman-Rodriguez-30-1.jpg 1024w\" sizes=\"(max-width: 300px) 100vw, 300px\" \/><\/a> urgente para \u201cresolver ajustes graves en su estructura presupuestaria\u201d.<\/p>\n<p>El vicepresidente explic\u00f3 que esta inyecci\u00f3n econ\u00f3mica es completamente independiente de la negociaci\u00f3n sobre el nuevo contrato-programa, que es el instrumento normalizado y estable para la financiaci\u00f3n de las universidades p\u00fablicas, y que ha comenzado ahora a discutirse. As\u00ed, indic\u00f3 que la negociaci\u00f3n de ese nuevo contrato est\u00e1 en marcha, pero que muchas de las necesidades de la Universidad son urgentes, por lo que se comprometi\u00f3 a analizar el asunto \u201ccon todo el cari\u00f1o del mundo\u201d para que se pueda disponer del dinero a la mayor brevedad posible. Tambi\u00e9n se comprometi\u00f3 a estudiar la consolidaci\u00f3n de los fondos FDCAN.<\/p>\n<div id=\"attachment_62663\" style=\"width: 310px\" class=\"wp-caption alignleft\"><a href=\"https:\/\/www.ull.es\/portal\/noticias\/wp-content\/uploads\/sites\/13\/2022\/05\/Visita-Roman-Rodriguez-19.jpg\" target=\"_blank\" rel=\"noopener\" target=\"_blank\" rel=\"noopener\"><img aria-describedby=\"caption-attachment-62663\" decoding=\"async\" loading=\"lazy\" class=\"wp-image-62663 size-medium\" src=\"https:\/\/www.ull.es\/portal\/noticias\/wp-content\/uploads\/sites\/13\/2022\/05\/Visita-Roman-Rodriguez-19-300x200.jpg\" alt=\"\" width=\"300\" height=\"200\" srcset=\"https:\/\/www.ull.es\/portal\/noticias\/wp-content\/uploads\/sites\/13\/2022\/05\/Visita-Roman-Rodriguez-19-300x200.jpg 300w, https:\/\/www.ull.es\/portal\/noticias\/wp-content\/uploads\/sites\/13\/2022\/05\/Visita-Roman-Rodriguez-19-768x512.jpg 768w, https:\/\/www.ull.es\/portal\/noticias\/wp-content\/uploads\/sites\/13\/2022\/05\/Visita-Roman-Rodriguez-19-375x250.jpg 375w, https:\/\/www.ull.es\/portal\/noticias\/wp-content\/uploads\/sites\/13\/2022\/05\/Visita-Roman-Rodriguez-19-750x500.jpg 750w, https:\/\/www.ull.es\/portal\/noticias\/wp-content\/uploads\/sites\/13\/2022\/05\/Visita-Roman-Rodriguez-19.jpg 1024w\" sizes=\"(max-width: 300px) 100vw, 300px\" \/><\/a><p id=\"caption-attachment-62663\" class=\"wp-caption-text\">La rectora le hace entrega de su primer expediente de matr\u00edcula en la Universidad de La Laguna.<\/p><\/div>\n<p>El vicepresidente record\u00f3, en cualquier caso, que las dos universidades canarias recibir\u00e1n este a\u00f1o cinco millones de euros cada una, gracias a las enmiendas presentadas a los Presupuestos Generales del Estado por el diputado de Nueva Canarias en el Congreso, Pedro Quevedo.<\/p>\n<p>Aguilar, por su parte, insisti\u00f3 en el d\u00e9ficit de financiaci\u00f3n del centro acad\u00e9mico, que precisa de una aportaci\u00f3n dineraria estable a trav\u00e9s del contrato-programa, \u201cpero tambi\u00e9n de un flotador que nos permita ahora mismo sacar el cuello del agua\u201d.\u00a0A este respecto, la rectora destac\u00f3 el potencial docente e investigador de la Universidad y su capacidad tractora para la econom\u00eda canaria, \u201cque solo se podr\u00e1 explotar al m\u00e1ximo si estamos correctamente financiados\u201d.<\/p>\n<p>Aguilar se refiri\u00f3 tambi\u00e9n a la sinton\u00eda que ha encontrado en el vicepresidente y el cari\u00f1o que demuestra siempre por la Universidad de La Laguna, donde se licenci\u00f3 en Medicina. De hecho, la rectora le entreg\u00f3 copia de su primer expediente de matr\u00edcula, un detalle que le agrad\u00f3 sobremanera. La<\/p>\n<div id=\"attachment_62655\" style=\"width: 310px\" class=\"wp-caption alignright\"><a href=\"https:\/\/www.ull.es\/portal\/noticias\/wp-content\/uploads\/sites\/13\/2022\/05\/Visita-Roman-Rodriguez-36.jpg\" target=\"_blank\" rel=\"noopener\" target=\"_blank\" rel=\"noopener\"><img aria-describedby=\"caption-attachment-62655\" decoding=\"async\" loading=\"lazy\" class=\"wp-image-62655 size-medium\" src=\"https:\/\/www.ull.es\/portal\/noticias\/wp-content\/uploads\/sites\/13\/2022\/05\/Visita-Roman-Rodriguez-36-300x200.jpg\" alt=\"\" width=\"300\" height=\"200\" srcset=\"https:\/\/www.ull.es\/portal\/noticias\/wp-content\/uploads\/sites\/13\/2022\/05\/Visita-Roman-Rodriguez-36-300x200.jpg 300w, https:\/\/www.ull.es\/portal\/noticias\/wp-content\/uploads\/sites\/13\/2022\/05\/Visita-Roman-Rodriguez-36-768x512.jpg 768w, https:\/\/www.ull.es\/portal\/noticias\/wp-content\/uploads\/sites\/13\/2022\/05\/Visita-Roman-Rodriguez-36-375x250.jpg 375w, https:\/\/www.ull.es\/portal\/noticias\/wp-content\/uploads\/sites\/13\/2022\/05\/Visita-Roman-Rodriguez-36-750x500.jpg 750w, https:\/\/www.ull.es\/portal\/noticias\/wp-content\/uploads\/sites\/13\/2022\/05\/Visita-Roman-Rodriguez-36.jpg 1024w\" sizes=\"(max-width: 300px) 100vw, 300px\" \/><\/a><p id=\"caption-attachment-62655\" class=\"wp-caption-text\">Foto de familia en Medicina.<\/p><\/div>\n<p>rectora le record\u00f3 que son las universidades p\u00fablicas las valedoras del ascensor social, que iguala oportunidades y que ofrece futuro a miles de j\u00f3venes de Canarias cada a\u00f1o, sin ninguna clase de distinci\u00f3n social. \u00abLos dos somos producto de la educaci\u00f3n p\u00fablica, y sin la oportunidad de cursar una carrera universitaria hoy no estar\u00edamos aqu\u00ed\u00bb, reconoci\u00f3 Rom\u00e1n Rodr\u00edguez. Tambi\u00e9n le hizo ver que, pese a ser una instituci\u00f3n bicentenaria,\u00a0 se ha trabajado intensamente en al modernizaci\u00f3n de su gesti\u00f3n, de tal manera que el vicepresidente pudo comprobar en la propia sala de reuniones, el Aula Magna del Edificio Central, c\u00f3mo buena parte de la gesti\u00f3n administrativa y econ\u00f3mica estaba siendo ejecutada pro proceso0s de robotizaci\u00f3n, lo que supone una descarga de trabajo rutinario para el personal funcionario que ahora puede dedicarse a tareas de mayor valor.<\/p>\n<p>En su vista a la Universidad de La Laguna, Rom\u00e1n Rodr\u00edguez conoci\u00f3, por un lado, el trabajo de una empresa de base tecnol\u00f3gica creada en la<\/p>\n<div id=\"attachment_62654\" style=\"width: 310px\" class=\"wp-caption alignleft\"><a href=\"https:\/\/www.ull.es\/portal\/noticias\/wp-content\/uploads\/sites\/13\/2022\/05\/Visita-Roman-Rodriguez-33.jpg\" target=\"_blank\" rel=\"noopener\" target=\"_blank\" rel=\"noopener\"><img aria-describedby=\"caption-attachment-62654\" decoding=\"async\" loading=\"lazy\" class=\"wp-image-62654 size-medium\" src=\"https:\/\/www.ull.es\/portal\/noticias\/wp-content\/uploads\/sites\/13\/2022\/05\/Visita-Roman-Rodriguez-33-300x200.jpg\" alt=\"\" width=\"300\" height=\"200\" srcset=\"https:\/\/www.ull.es\/portal\/noticias\/wp-content\/uploads\/sites\/13\/2022\/05\/Visita-Roman-Rodriguez-33-300x200.jpg 300w, https:\/\/www.ull.es\/portal\/noticias\/wp-content\/uploads\/sites\/13\/2022\/05\/Visita-Roman-Rodriguez-33-768x512.jpg 768w, https:\/\/www.ull.es\/portal\/noticias\/wp-content\/uploads\/sites\/13\/2022\/05\/Visita-Roman-Rodriguez-33-375x250.jpg 375w, https:\/\/www.ull.es\/portal\/noticias\/wp-content\/uploads\/sites\/13\/2022\/05\/Visita-Roman-Rodriguez-33-750x500.jpg 750w, https:\/\/www.ull.es\/portal\/noticias\/wp-content\/uploads\/sites\/13\/2022\/05\/Visita-Roman-Rodriguez-33.jpg 1024w\" sizes=\"(max-width: 300px) 100vw, 300px\" \/><\/a><p id=\"caption-attachment-62654\" class=\"wp-caption-text\">Jos\u00e9 Manuel Ramos, CEO de Wooptix, le muestra algunas de las innovaciones de su empresa.<\/p><\/div>\n<p>instituci\u00f3n acad\u00e9mica, Wooptix, que se dedica a la tecnolog\u00eda de la imagen, y que cuenta con inversores nacionales y contratos internacionales de mucha proyecci\u00f3n. Tambi\u00e9n tuvo oportunidad de acercarse a la Secci\u00f3n de Medicina, donde estudi\u00f3. Departi\u00f3 con el equipo decanal y con varios compa\u00f1eros de promoci\u00f3n.<\/p>\n<p>&nbsp;<\/p>\n<p>&nbsp;<\/p>\n","protected":false},"excerpt":{"rendered":"<p>El vicepresidente y consejero de Hacienda, Presupuestos y Asuntos Europeos del Gobierno de Canarias, Rom\u00e1n Rodr\u00edguez, estudiar\u00e1 una inyecci\u00f3n econ\u00f3mica&#8230;<\/p>\n","protected":false},"author":23,"featured_media":62657,"comment_status":"closed","ping_status":"closed","sticky":false,"template":"","format":"standard","meta":{"inline_featured_image":false,"footnotes":""},"categories":[345,348,2765],"tags":[7271],"acf":[],"yoast_head":"<!-- This site is optimized with the Yoast SEO plugin v21.3 - https:\/\/yoast.com\/wordpress\/plugins\/seo\/ -->\n<title>Rom\u00e1n Rodr\u00edguez estudiar\u00e1 una inyecci\u00f3n econ\u00f3mica extraordinaria para las universidades p\u00fablicas canarias - ULL - Noticias<\/title>\n<meta name=\"robots\" content=\"index, follow, max-snippet:-1, max-image-preview:large, max-video-preview:-1\" \/>\n<link rel=\"canonical\" href=\"https:\/\/www.ull.es\/portal\/noticias\/2022\/roman-rodriguez-estudiara-una-inyeccion-economica-extraordinaria-para-las-universidades-publicas-canarias\/\" \/>\n<meta property=\"og:locale\" content=\"es_ES\" \/>\n<meta property=\"og:type\" content=\"article\" \/>\n<meta property=\"og:title\" content=\"Rom\u00e1n Rodr\u00edguez estudiar\u00e1 una inyecci\u00f3n econ\u00f3mica extraordinaria para las universidades p\u00fablicas canarias - ULL - Noticias\" \/>\n<meta property=\"og:description\" content=\"El vicepresidente y consejero de Hacienda, Presupuestos y Asuntos Europeos del Gobierno de Canarias, Rom\u00e1n Rodr\u00edguez, estudiar\u00e1 una inyecci\u00f3n econ\u00f3mica...\" \/>\n<meta property=\"og:url\" content=\"https:\/\/www.ull.es\/portal\/noticias\/2022\/roman-rodriguez-estudiara-una-inyeccion-economica-extraordinaria-para-las-universidades-publicas-canarias\/\" \/>\n<meta property=\"og:site_name\" content=\"ULL - Noticias\" \/>\n<meta property=\"article:publisher\" content=\"https:\/\/www.facebook.com\/universidaddelalaguna\/\" \/>\n<meta property=\"article:published_time\" content=\"2022-05-16T17:46:12+00:00\" \/>\n<meta property=\"article:modified_time\" content=\"2022-05-17T10:02:04+00:00\" \/>\n<meta property=\"og:image\" content=\"https:\/\/www.ull.es\/portal\/noticias\/wp-content\/uploads\/sites\/13\/2022\/05\/Visita-Roman-Rodriguez-23.jpg\" \/>\n\t<meta property=\"og:image:width\" content=\"1024\" \/>\n\t<meta property=\"og:image:height\" content=\"683\" \/>\n\t<meta property=\"og:image:type\" content=\"image\/jpeg\" \/>\n<meta name=\"author\" content=\"gaprsa\" \/>\n<meta name=\"twitter:card\" content=\"summary_large_image\" \/>\n<meta name=\"twitter:creator\" content=\"@CanalULL\" \/>\n<meta name=\"twitter:site\" content=\"@CanalULL\" \/>\n<meta name=\"twitter:label1\" content=\"Escrito por\" \/>\n\t<meta name=\"twitter:data1\" content=\"gaprsa\" \/>\n\t<meta name=\"twitter:label2\" content=\"Tiempo de lectura\" \/>\n\t<meta name=\"twitter:data2\" content=\"4 minutos\" \/>\n<script type=\"application\/ld+json\" class=\"yoast-schema-graph\">{\"@context\":\"https:\/\/schema.org\",\"@graph\":[{\"@type\":\"WebPage\",\"@id\":\"https:\/\/www.ull.es\/portal\/noticias\/2022\/roman-rodriguez-estudiara-una-inyeccion-economica-extraordinaria-para-las-universidades-publicas-canarias\/\",\"url\":\"https:\/\/www.ull.es\/portal\/noticias\/2022\/roman-rodriguez-estudiara-una-inyeccion-economica-extraordinaria-para-las-universidades-publicas-canarias\/\",\"name\":\"Rom\u00e1n Rodr\u00edguez estudiar\u00e1 una inyecci\u00f3n econ\u00f3mica extraordinaria para las universidades p\u00fablicas canarias - ULL - Noticias\",\"isPartOf\":{\"@id\":\"https:\/\/www.ull.es\/portal\/noticias\/#website\"},\"datePublished\":\"2022-05-16T17:46:12+00:00\",\"dateModified\":\"2022-05-17T10:02:04+00:00\",\"author\":{\"@id\":\"https:\/\/www.ull.es\/portal\/noticias\/#\/schema\/person\/b2b1a89d43ffa609e591f7df8ef3e817\"},\"breadcrumb\":{\"@id\":\"https:\/\/www.ull.es\/portal\/noticias\/2022\/roman-rodriguez-estudiara-una-inyeccion-economica-extraordinaria-para-las-universidades-publicas-canarias\/#breadcrumb\"},\"inLanguage\":\"es\",\"potentialAction\":[{\"@type\":\"ReadAction\",\"target\":[\"https:\/\/www.ull.es\/portal\/noticias\/2022\/roman-rodriguez-estudiara-una-inyeccion-economica-extraordinaria-para-las-universidades-publicas-canarias\/\"]}]},{\"@type\":\"BreadcrumbList\",\"@id\":\"https:\/\/www.ull.es\/portal\/noticias\/2022\/roman-rodriguez-estudiara-una-inyeccion-economica-extraordinaria-para-las-universidades-publicas-canarias\/#breadcrumb\",\"itemListElement\":[{\"@type\":\"ListItem\",\"position\":1,\"name\":\"Portada\",\"item\":\"https:\/\/www.ull.es\/portal\/noticias\/\"},{\"@type\":\"ListItem\",\"position\":2,\"name\":\"Rom\u00e1n Rodr\u00edguez estudiar\u00e1 una inyecci\u00f3n econ\u00f3mica extraordinaria para las universidades p\u00fablicas canarias\"}]},{\"@type\":\"WebSite\",\"@id\":\"https:\/\/www.ull.es\/portal\/noticias\/#website\",\"url\":\"https:\/\/www.ull.es\/portal\/noticias\/\",\"name\":\"ULL - Noticias\",\"description\":\"\",\"potentialAction\":[{\"@type\":\"SearchAction\",\"target\":{\"@type\":\"EntryPoint\",\"urlTemplate\":\"https:\/\/www.ull.es\/portal\/noticias\/?s={search_term_string}\"},\"query-input\":\"required name=search_term_string\"}],\"inLanguage\":\"es\"},{\"@type\":\"Person\",\"@id\":\"https:\/\/www.ull.es\/portal\/noticias\/#\/schema\/person\/b2b1a89d43ffa609e591f7df8ef3e817\",\"name\":\"gaprsa\",\"image\":{\"@type\":\"ImageObject\",\"inLanguage\":\"es\",\"@id\":\"https:\/\/www.ull.es\/portal\/noticias\/#\/schema\/person\/image\/\",\"url\":\"https:\/\/secure.gravatar.com\/avatar\/443820550921091458b4823867723b3d?s=96&d=mm&r=g\",\"contentUrl\":\"https:\/\/secure.gravatar.com\/avatar\/443820550921091458b4823867723b3d?s=96&d=mm&r=g\",\"caption\":\"gaprsa\"},\"url\":\"https:\/\/www.ull.es\/portal\/noticias\/author\/gaprsa\/\"}]}<\/script>\n<!-- \/ Yoast SEO plugin. -->","yoast_head_json":{"title":"Rom\u00e1n Rodr\u00edguez estudiar\u00e1 una inyecci\u00f3n econ\u00f3mica extraordinaria para las universidades p\u00fablicas canarias - ULL - Noticias","robots":{"index":"index","follow":"follow","max-snippet":"max-snippet:-1","max-image-preview":"max-image-preview:large","max-video-preview":"max-video-preview:-1"},"canonical":"https:\/\/www.ull.es\/portal\/noticias\/2022\/roman-rodriguez-estudiara-una-inyeccion-economica-extraordinaria-para-las-universidades-publicas-canarias\/","og_locale":"es_ES","og_type":"article","og_title":"Rom\u00e1n Rodr\u00edguez estudiar\u00e1 una inyecci\u00f3n econ\u00f3mica extraordinaria para las universidades p\u00fablicas canarias - ULL - Noticias","og_description":"El vicepresidente y consejero de Hacienda, Presupuestos y Asuntos Europeos del Gobierno de Canarias, Rom\u00e1n Rodr\u00edguez, estudiar\u00e1 una inyecci\u00f3n econ\u00f3mica...","og_url":"https:\/\/www.ull.es\/portal\/noticias\/2022\/roman-rodriguez-estudiara-una-inyeccion-economica-extraordinaria-para-las-universidades-publicas-canarias\/","og_site_name":"ULL - Noticias","article_publisher":"https:\/\/www.facebook.com\/universidaddelalaguna\/","article_published_time":"2022-05-16T17:46:12+00:00","article_modified_time":"2022-05-17T10:02:04+00:00","og_image":[{"width":1024,"height":683,"url":"https:\/\/www.ull.es\/portal\/noticias\/wp-content\/uploads\/sites\/13\/2022\/05\/Visita-Roman-Rodriguez-23.jpg","type":"image\/jpeg"}],"author":"gaprsa","twitter_card":"summary_large_image","twitter_creator":"@CanalULL","twitter_site":"@CanalULL","twitter_misc":{"Escrito por":"gaprsa","Tiempo de lectura":"4 minutos"},"schema":{"@context":"https:\/\/schema.org","@graph":[{"@type":"WebPage","@id":"https:\/\/www.ull.es\/portal\/noticias\/2022\/roman-rodriguez-estudiara-una-inyeccion-economica-extraordinaria-para-las-universidades-publicas-canarias\/","url":"https:\/\/www.ull.es\/portal\/noticias\/2022\/roman-rodriguez-estudiara-una-inyeccion-economica-extraordinaria-para-las-universidades-publicas-canarias\/","name":"Rom\u00e1n Rodr\u00edguez estudiar\u00e1 una inyecci\u00f3n econ\u00f3mica extraordinaria para las universidades p\u00fablicas canarias - ULL - Noticias","isPartOf":{"@id":"https:\/\/www.ull.es\/portal\/noticias\/#website"},"datePublished":"2022-05-16T17:46:12+00:00","dateModified":"2022-05-17T10:02:04+00:00","author":{"@id":"https:\/\/www.ull.es\/portal\/noticias\/#\/schema\/person\/b2b1a89d43ffa609e591f7df8ef3e817"},"breadcrumb":{"@id":"https:\/\/www.ull.es\/portal\/noticias\/2022\/roman-rodriguez-estudiara-una-inyeccion-economica-extraordinaria-para-las-universidades-publicas-canarias\/#breadcrumb"},"inLanguage":"es","potentialAction":[{"@type":"ReadAction","target":["https:\/\/www.ull.es\/portal\/noticias\/2022\/roman-rodriguez-estudiara-una-inyeccion-economica-extraordinaria-para-las-universidades-publicas-canarias\/"]}]},{"@type":"BreadcrumbList","@id":"https:\/\/www.ull.es\/portal\/noticias\/2022\/roman-rodriguez-estudiara-una-inyeccion-economica-extraordinaria-para-las-universidades-publicas-canarias\/#breadcrumb","itemListElement":[{"@type":"ListItem","position":1,"name":"Portada","item":"https:\/\/www.ull.es\/portal\/noticias\/"},{"@type":"ListItem","position":2,"name":"Rom\u00e1n Rodr\u00edguez estudiar\u00e1 una inyecci\u00f3n econ\u00f3mica extraordinaria para las universidades p\u00fablicas canarias"}]},{"@type":"WebSite","@id":"https:\/\/www.ull.es\/portal\/noticias\/#website","url":"https:\/\/www.ull.es\/portal\/noticias\/","name":"ULL - Noticias","description":"","potentialAction":[{"@type":"SearchAction","target":{"@type":"EntryPoint","urlTemplate":"https:\/\/www.ull.es\/portal\/noticias\/?s={search_term_string}"},"query-input":"required name=search_term_string"}],"inLanguage":"es"},{"@type":"Person","@id":"https:\/\/www.ull.es\/portal\/noticias\/#\/schema\/person\/b2b1a89d43ffa609e591f7df8ef3e817","name":"gaprsa","image":{"@type":"ImageObject","inLanguage":"es","@id":"https:\/\/www.ull.es\/portal\/noticias\/#\/schema\/person\/image\/","url":"https:\/\/secure.gravatar.com\/avatar\/443820550921091458b4823867723b3d?s=96&d=mm&r=g","contentUrl":"https:\/\/secure.gravatar.com\/avatar\/443820550921091458b4823867723b3d?s=96&d=mm&r=g","caption":"gaprsa"},"url":"https:\/\/www.ull.es\/portal\/noticias\/author\/gaprsa\/"}]}},"primary_category":{"id":345,"name":"Destacado","slug":"destacado","link":"https:\/\/www.ull.es\/portal\/noticias\/category\/destacado\/"},"featured_image_thumbnail_url":"https:\/\/www.ull.es\/portal\/noticias\/wp-content\/uploads\/sites\/13\/2022\/05\/Visita-Roman-Rodriguez-23-300x200.jpg","_links":{"self":[{"href":"https:\/\/www.ull.es\/portal\/noticias\/wp-json\/wp\/v2\/posts\/62653"}],"collection":[{"href":"https:\/\/www.ull.es\/portal\/noticias\/wp-json\/wp\/v2\/posts"}],"about":[{"href":"https:\/\/www.ull.es\/portal\/noticias\/wp-json\/wp\/v2\/types\/post"}],"author":[{"embeddable":true,"href":"https:\/\/www.ull.es\/portal\/noticias\/wp-json\/wp\/v2\/users\/23"}],"replies":[{"embeddable":true,"href":"https:\/\/www.ull.es\/portal\/noticias\/wp-json\/wp\/v2\/comments?post=62653"}],"version-history":[{"count":7,"href":"https:\/\/www.ull.es\/portal\/noticias\/wp-json\/wp\/v2\/posts\/62653\/revisions"}],"predecessor-version":[{"id":62690,"href":"https:\/\/www.ull.es\/portal\/noticias\/wp-json\/wp\/v2\/posts\/62653\/revisions\/62690"}],"wp:featuredmedia":[{"embeddable":true,"href":"https:\/\/www.ull.es\/portal\/noticias\/wp-json\/wp\/v2\/media\/62657"}],"wp:attachment":[{"href":"https:\/\/www.ull.es\/portal\/noticias\/wp-json\/wp\/v2\/media?parent=62653"}],"wp:term":[{"taxonomy":"category","embeddable":true,"href":"https:\/\/www.ull.es\/portal\/noticias\/wp-json\/wp\/v2\/categories?post=62653"},{"taxonomy":"post_tag","embeddable":true,"href":"https:\/\/www.ull.es\/portal\/noticias\/wp-json\/wp\/v2\/tags?post=62653"}],"curies":[{"name":"wp","href":"https:\/\/api.w.org\/{rel}","templated":true}]}}