{"id":63077,"date":"2022-06-03T11:32:22","date_gmt":"2022-06-03T11:32:22","guid":{"rendered":"https:\/\/www.ull.es\/portal\/noticias\/?p=63077"},"modified":"2022-06-03T11:32:22","modified_gmt":"2022-06-03T11:32:22","slug":"proyecto-educativo-debate-patrimonio-cultural-discurso-genero","status":"publish","type":"post","link":"https:\/\/www.ull.es\/portal\/noticias\/2022\/proyecto-educativo-debate-patrimonio-cultural-discurso-genero\/","title":{"rendered":"Un proyecto educativo liderado por la Universidad de La Laguna debate el patrimonio cultural y el discurso de g\u00e9nero"},"content":{"rendered":"<div id=\"attachment_63079\" style=\"width: 206px\" class=\"wp-caption alignleft\"><a href=\"https:\/\/www.ull.es\/portal\/noticias\/wp-content\/uploads\/sites\/13\/2022\/06\/Portada-libro-Patrimonio-cultural-genero-y-educacion.jpg\" target=\"_blank\" rel=\"noopener\" target=\"_blank\" rel=\"noopener\"><img aria-describedby=\"caption-attachment-63079\" decoding=\"async\" loading=\"lazy\" class=\"wp-image-63079 size-medium\" src=\"https:\/\/www.ull.es\/portal\/noticias\/wp-content\/uploads\/sites\/13\/2022\/06\/Portada-libro-Patrimonio-cultural-genero-y-educacion-196x300.jpg\" alt=\"Libro patrimonio cultural y g\u00e9nero\" width=\"196\" height=\"300\" srcset=\"https:\/\/www.ull.es\/portal\/noticias\/wp-content\/uploads\/sites\/13\/2022\/06\/Portada-libro-Patrimonio-cultural-genero-y-educacion-196x300.jpg 196w, https:\/\/www.ull.es\/portal\/noticias\/wp-content\/uploads\/sites\/13\/2022\/06\/Portada-libro-Patrimonio-cultural-genero-y-educacion-668x1024.jpg 668w, https:\/\/www.ull.es\/portal\/noticias\/wp-content\/uploads\/sites\/13\/2022\/06\/Portada-libro-Patrimonio-cultural-genero-y-educacion-768x1177.jpg 768w, https:\/\/www.ull.es\/portal\/noticias\/wp-content\/uploads\/sites\/13\/2022\/06\/Portada-libro-Patrimonio-cultural-genero-y-educacion-375x575.jpg 375w, https:\/\/www.ull.es\/portal\/noticias\/wp-content\/uploads\/sites\/13\/2022\/06\/Portada-libro-Patrimonio-cultural-genero-y-educacion-750x1149.jpg 750w, https:\/\/www.ull.es\/portal\/noticias\/wp-content\/uploads\/sites\/13\/2022\/06\/Portada-libro-Patrimonio-cultural-genero-y-educacion.jpg 783w\" sizes=\"(max-width: 196px) 100vw, 196px\" \/><\/a><p id=\"caption-attachment-63079\" class=\"wp-caption-text\">Portada del libro<\/p><\/div>\n<p class=\"p2\">Un equipo de investigaci\u00f3n integrado por profesorado de la Universidad de La Laguna, del \u00c1rea de Did\u00e1ctica de las Ciencias Sociales del Departamento de Did\u00e1cticas Espec\u00edficas y del Departamento de Sociolog\u00eda, han desarrollado un proyecto de investigaci\u00f3n para valorar el tratamiento did\u00e1ctico que la educaci\u00f3n patrimonial y el g\u00e9nero reciben en los libros de texto de Ciencias Sociales y de Geograf\u00eda e Historia.<\/p>\n<p class=\"p2\">La reci\u00e9n derogada Ley Org\u00e1nica para la Mejora de la Calidad Educativa (LOMCE) pautaba que los curr\u00edculos de Primaria y Secundaria deb\u00edan ense\u00f1ar educaci\u00f3n patrimonial y la igualdad de g\u00e9nero desde la educaci\u00f3n formal. Sin embargo, la realidad en las aulas es bien distinta, pues las propuestas plasmadas en las distintas leyes educativas espa\u00f1olas s desde la d\u00e9cada de los 90, no han impedido que a\u00fan hoy, en pleno siglo XXI, sigan imperando las viejas narrativas sobre el patrimonio y el g\u00e9nero, especialmente en un material tan fundamental para estos niveles educativos como es el libro de texto.<\/p>\n<p class=\"p2\">Jos\u00e9 Farrujia de la Rosa, investigador principal del proyecto y coordinador del volumen \u201cPatrimonio cultural, g\u00e9nero y educaci\u00f3n\u201d (Octaedro, 2022) en el que se recogen sus resultados, explica que los contenidos que se trabajan en los libros de texto no permiten que el alumnado comprenda y valore el patrimonio inmediato. \u201cEl alumnado no adquiere competencias relacionadas con la conciencia y las expresiones culturales, pues el patrimonio se aborda en momentos puntuales, con el objetivo de ilustrar determinados contenidos te\u00f3ricos o para realizar alguna actividad l\u00fadico-educativa. Es decir, el patrimonio cultural no es un objetivo educativo sino un contenido que se trata desde una perspectiva academicista, en la que prima el car\u00e1cter hist\u00f3rico-art\u00edstico y se minimiza la reflexi\u00f3n del alumnado sobre su conservaci\u00f3n\u201d.<span class=\"Apple-converted-space\">\u00a0<\/span><\/p>\n<p class=\"p2\">Por ello, resulta complicado que a partir de estos contenidos el alumnado pueda establecer relaciones de identidad con el patrimonio que les rodea. En el caso concreto de Canarias, tal y como puntualiza Jos\u00e9 Farrujia, \u201clos contenidos que se trabajan dificultan que el alumnado sienta el patrimonio como algo propio. Adem\u00e1s, islas como Lanzarote, Fuerteventura, La Gomera o El Hierro pr\u00e1cticamente no est\u00e1n representadas en los libros de texto, frente a las islas capitalinas, que ostentan todo el protagonismo. Es decir, dependiendo de la isla en la que viva, el alumnado podr\u00e1 o no establecer relaciones de identidad con su entorno inmediato, desde el punto de vista patrimonial\u201d. Por ello, el investigador considera que \u201ceste discurso no permite que el alumnado desarrolle una identidad relacionada con la evoluci\u00f3n hist\u00f3rica regional\u201d.<\/p>\n<p class=\"p2\">Asimismo, la ense\u00f1anza obligatoria pone el foco en las realizaciones culturales de grandes civilizaciones como Grecia, Roma y Egipto, as\u00ed como en las manifestaciones art\u00edsticas de grandes creadores como Vel\u00e1zquez, Picasso o Goya. \u201cSe estudia principalmente el patrimonio monumental, de tipo arquitect\u00f3nico y<span class=\"Apple-converted-space\">\u00a0 <\/span>pict\u00f3rico, pero los patrimonios inmaterial, ind\u00edgena y etnogr\u00e1fico est\u00e1n infrarepresentados. Esto condiciona mucho el comportamiento del alumnado como ciudadano a medio y largo plazo, pues el patrimonio deber\u00eda favorecer la comprensi\u00f3n cr\u00edtica de la realidad social y cultural del mundo que le rodea, y esto implica que los ni\u00f1os y ni\u00f1as deben entender, conocer, cuidar y respetar los bienes patrimoniales en general, no s\u00f3lo los m\u00e1s monumentales. El entorno local debe ser parte del proceso de aprendizaje significativo del alumnado\u201d.<\/p>\n<p class=\"p2\"><b>Discurso de g\u00e9nero<\/b><\/p>\n<p class=\"p2\">En el caso del discurso de g\u00e9nero, los resultados del proyecto reflejan la pervivencia de una historia androc\u00e9ntrica en la que las mujeres contin\u00faan teniendo un papel secundario en el devenir y discursos hist\u00f3ricos y en los contenidos educativos. Adem\u00e1s, las actividades que se plantean en los libros de texto no fomentan la reflexi\u00f3n cr\u00edtica del alumnado sobre el papel de las mujeres. \u201cSi nos basamos en los resultados obtenidos, podemos afirmar que el lenguaje inclusivo no est\u00e1 presente. El masculino gen\u00e9rico es el que est\u00e1 representado en los manuales de primaria y secundaria. Si hablamos de las im\u00e1genes que ilustran los libros, tampoco parecen ser las m\u00e1s id\u00f3neas para evitar la lectura androc\u00e9ntrica. La historia que se sigue divulgando pone en el centro y como protagonistas a los hombres\u201d.<span class=\"Apple-converted-space\">\u00a0<\/span><\/p>\n<p class=\"p2\">Esta realidad descrita para el \u00e1mbito canario tambi\u00e9n est\u00e1 presente en el resto del territorio nacional. El libro publicado con los resultados del proyecto cuenta con siete cap\u00edtulos en los que participa profesorado de las universidades de Barcelona, Huelva, Murcia, Aut\u00f3noma de Barcelona y Valencia, que forman parte de los principales grupos de investigaci\u00f3n en el campo de la investigaci\u00f3n sobre esta materia.<span class=\"Apple-converted-space\">\u00a0<\/span><\/p>\n<p class=\"p2\">Esta investigaci\u00f3n liderada por la Universidad de La Laguna pone de manifiesto que, a pesar de que el patrimonio cultural y el discurso de g\u00e9nero figuran en el curr\u00edculum oficial como contenidos propios de la educaci\u00f3n obligatoria para propiciar la comprensi\u00f3n cr\u00edtica de la realidad social y cultural, en la pr\u00e1ctica \u201clos contenidos presentes en los libros de texto difieren con respecto a los que aprende el alumnado y los que ser\u00eda deseable que aprendieran\u201d.<\/p>\n","protected":false},"excerpt":{"rendered":"<p>Un equipo de investigaci\u00f3n integrado por profesorado de la Universidad de La Laguna, del \u00c1rea de Did\u00e1ctica de las Ciencias&#8230;<\/p>\n","protected":false},"author":21,"featured_media":63078,"comment_status":"closed","ping_status":"closed","sticky":false,"template":"","format":"image","meta":{"inline_featured_image":false,"footnotes":""},"categories":[345,350,2765],"tags":[8694,8693,8695,8692],"acf":[],"yoast_head":"<!-- This site is optimized with the Yoast SEO plugin v21.3 - https:\/\/yoast.com\/wordpress\/plugins\/seo\/ -->\n<title>Un proyecto debate el patrimonio cultural y el discurso de g\u00e9nero<\/title>\n<meta name=\"description\" content=\"La ULL lidera una investigaci\u00f3n recientemente recopilada en un volumen que se\u00f1ala que los libros de texto no reflejan bien ambos contenidos.\" \/>\n<meta name=\"robots\" content=\"index, follow, max-snippet:-1, max-image-preview:large, max-video-preview:-1\" \/>\n<link rel=\"canonical\" href=\"https:\/\/www.ull.es\/portal\/noticias\/2022\/proyecto-educativo-debate-patrimonio-cultural-discurso-genero\/\" \/>\n<meta property=\"og:locale\" content=\"es_ES\" \/>\n<meta property=\"og:type\" content=\"article\" \/>\n<meta property=\"og:title\" content=\"Un proyecto debate el patrimonio cultural y el discurso de g\u00e9nero\" \/>\n<meta property=\"og:description\" content=\"La ULL lidera una investigaci\u00f3n recientemente recopilada en un volumen que se\u00f1ala que los libros de texto no reflejan bien ambos contenidos.\" \/>\n<meta property=\"og:url\" content=\"https:\/\/www.ull.es\/portal\/noticias\/2022\/proyecto-educativo-debate-patrimonio-cultural-discurso-genero\/\" \/>\n<meta property=\"og:site_name\" content=\"ULL - Noticias\" \/>\n<meta property=\"article:publisher\" content=\"https:\/\/www.facebook.com\/universidaddelalaguna\/\" \/>\n<meta property=\"article:published_time\" content=\"2022-06-03T11:32:22+00:00\" \/>\n<meta property=\"og:image\" content=\"https:\/\/www.ull.es\/portal\/noticias\/wp-content\/uploads\/sites\/13\/2022\/06\/Portada-libro-Patrimonio-cultural-genero-y-educacion-copia.jpg\" \/>\n\t<meta property=\"og:image:width\" content=\"783\" \/>\n\t<meta property=\"og:image:height\" content=\"535\" \/>\n\t<meta property=\"og:image:type\" content=\"image\/jpeg\" \/>\n<meta name=\"author\" content=\"prensa2\" \/>\n<meta name=\"twitter:card\" content=\"summary_large_image\" \/>\n<meta name=\"twitter:creator\" content=\"@CanalULL\" \/>\n<meta name=\"twitter:site\" content=\"@CanalULL\" \/>\n<meta name=\"twitter:label1\" content=\"Escrito por\" \/>\n\t<meta name=\"twitter:data1\" content=\"prensa2\" \/>\n\t<meta name=\"twitter:label2\" content=\"Tiempo de lectura\" \/>\n\t<meta name=\"twitter:data2\" content=\"4 minutos\" \/>\n<script type=\"application\/ld+json\" class=\"yoast-schema-graph\">{\"@context\":\"https:\/\/schema.org\",\"@graph\":[{\"@type\":\"WebPage\",\"@id\":\"https:\/\/www.ull.es\/portal\/noticias\/2022\/proyecto-educativo-debate-patrimonio-cultural-discurso-genero\/\",\"url\":\"https:\/\/www.ull.es\/portal\/noticias\/2022\/proyecto-educativo-debate-patrimonio-cultural-discurso-genero\/\",\"name\":\"Un proyecto debate el patrimonio cultural y el discurso de g\u00e9nero\",\"isPartOf\":{\"@id\":\"https:\/\/www.ull.es\/portal\/noticias\/#website\"},\"datePublished\":\"2022-06-03T11:32:22+00:00\",\"dateModified\":\"2022-06-03T11:32:22+00:00\",\"author\":{\"@id\":\"https:\/\/www.ull.es\/portal\/noticias\/#\/schema\/person\/c3b2aa857797592927a03740d6664376\"},\"description\":\"La ULL lidera una investigaci\u00f3n recientemente recopilada en un volumen que se\u00f1ala que los libros de texto no reflejan bien ambos contenidos.\",\"breadcrumb\":{\"@id\":\"https:\/\/www.ull.es\/portal\/noticias\/2022\/proyecto-educativo-debate-patrimonio-cultural-discurso-genero\/#breadcrumb\"},\"inLanguage\":\"es\",\"potentialAction\":[{\"@type\":\"ReadAction\",\"target\":[\"https:\/\/www.ull.es\/portal\/noticias\/2022\/proyecto-educativo-debate-patrimonio-cultural-discurso-genero\/\"]}]},{\"@type\":\"BreadcrumbList\",\"@id\":\"https:\/\/www.ull.es\/portal\/noticias\/2022\/proyecto-educativo-debate-patrimonio-cultural-discurso-genero\/#breadcrumb\",\"itemListElement\":[{\"@type\":\"ListItem\",\"position\":1,\"name\":\"Portada\",\"item\":\"https:\/\/www.ull.es\/portal\/noticias\/\"},{\"@type\":\"ListItem\",\"position\":2,\"name\":\"Un proyecto educativo liderado por la Universidad de La Laguna debate el patrimonio cultural y el discurso de g\u00e9nero\"}]},{\"@type\":\"WebSite\",\"@id\":\"https:\/\/www.ull.es\/portal\/noticias\/#website\",\"url\":\"https:\/\/www.ull.es\/portal\/noticias\/\",\"name\":\"ULL - Noticias\",\"description\":\"\",\"potentialAction\":[{\"@type\":\"SearchAction\",\"target\":{\"@type\":\"EntryPoint\",\"urlTemplate\":\"https:\/\/www.ull.es\/portal\/noticias\/?s={search_term_string}\"},\"query-input\":\"required name=search_term_string\"}],\"inLanguage\":\"es\"},{\"@type\":\"Person\",\"@id\":\"https:\/\/www.ull.es\/portal\/noticias\/#\/schema\/person\/c3b2aa857797592927a03740d6664376\",\"name\":\"prensa2\",\"image\":{\"@type\":\"ImageObject\",\"inLanguage\":\"es\",\"@id\":\"https:\/\/www.ull.es\/portal\/noticias\/#\/schema\/person\/image\/\",\"url\":\"https:\/\/secure.gravatar.com\/avatar\/b58f310a5de5feb33d1e026d2493f23c?s=96&d=mm&r=g\",\"contentUrl\":\"https:\/\/secure.gravatar.com\/avatar\/b58f310a5de5feb33d1e026d2493f23c?s=96&d=mm&r=g\",\"caption\":\"prensa2\"},\"url\":\"https:\/\/www.ull.es\/portal\/noticias\/author\/prensa2\/\"}]}<\/script>\n<!-- \/ Yoast SEO plugin. -->","yoast_head_json":{"title":"Un proyecto debate el patrimonio cultural y el discurso de g\u00e9nero","description":"La ULL lidera una investigaci\u00f3n recientemente recopilada en un volumen que se\u00f1ala que los libros de texto no reflejan bien ambos contenidos.","robots":{"index":"index","follow":"follow","max-snippet":"max-snippet:-1","max-image-preview":"max-image-preview:large","max-video-preview":"max-video-preview:-1"},"canonical":"https:\/\/www.ull.es\/portal\/noticias\/2022\/proyecto-educativo-debate-patrimonio-cultural-discurso-genero\/","og_locale":"es_ES","og_type":"article","og_title":"Un proyecto debate el patrimonio cultural y el discurso de g\u00e9nero","og_description":"La ULL lidera una investigaci\u00f3n recientemente recopilada en un volumen que se\u00f1ala que los libros de texto no reflejan bien ambos contenidos.","og_url":"https:\/\/www.ull.es\/portal\/noticias\/2022\/proyecto-educativo-debate-patrimonio-cultural-discurso-genero\/","og_site_name":"ULL - Noticias","article_publisher":"https:\/\/www.facebook.com\/universidaddelalaguna\/","article_published_time":"2022-06-03T11:32:22+00:00","og_image":[{"width":783,"height":535,"url":"https:\/\/www.ull.es\/portal\/noticias\/wp-content\/uploads\/sites\/13\/2022\/06\/Portada-libro-Patrimonio-cultural-genero-y-educacion-copia.jpg","type":"image\/jpeg"}],"author":"prensa2","twitter_card":"summary_large_image","twitter_creator":"@CanalULL","twitter_site":"@CanalULL","twitter_misc":{"Escrito por":"prensa2","Tiempo de lectura":"4 minutos"},"schema":{"@context":"https:\/\/schema.org","@graph":[{"@type":"WebPage","@id":"https:\/\/www.ull.es\/portal\/noticias\/2022\/proyecto-educativo-debate-patrimonio-cultural-discurso-genero\/","url":"https:\/\/www.ull.es\/portal\/noticias\/2022\/proyecto-educativo-debate-patrimonio-cultural-discurso-genero\/","name":"Un proyecto debate el patrimonio cultural y el discurso de g\u00e9nero","isPartOf":{"@id":"https:\/\/www.ull.es\/portal\/noticias\/#website"},"datePublished":"2022-06-03T11:32:22+00:00","dateModified":"2022-06-03T11:32:22+00:00","author":{"@id":"https:\/\/www.ull.es\/portal\/noticias\/#\/schema\/person\/c3b2aa857797592927a03740d6664376"},"description":"La ULL lidera una investigaci\u00f3n recientemente recopilada en un volumen que se\u00f1ala que los libros de texto no reflejan bien ambos contenidos.","breadcrumb":{"@id":"https:\/\/www.ull.es\/portal\/noticias\/2022\/proyecto-educativo-debate-patrimonio-cultural-discurso-genero\/#breadcrumb"},"inLanguage":"es","potentialAction":[{"@type":"ReadAction","target":["https:\/\/www.ull.es\/portal\/noticias\/2022\/proyecto-educativo-debate-patrimonio-cultural-discurso-genero\/"]}]},{"@type":"BreadcrumbList","@id":"https:\/\/www.ull.es\/portal\/noticias\/2022\/proyecto-educativo-debate-patrimonio-cultural-discurso-genero\/#breadcrumb","itemListElement":[{"@type":"ListItem","position":1,"name":"Portada","item":"https:\/\/www.ull.es\/portal\/noticias\/"},{"@type":"ListItem","position":2,"name":"Un proyecto educativo liderado por la Universidad de La Laguna debate el patrimonio cultural y el discurso de g\u00e9nero"}]},{"@type":"WebSite","@id":"https:\/\/www.ull.es\/portal\/noticias\/#website","url":"https:\/\/www.ull.es\/portal\/noticias\/","name":"ULL - Noticias","description":"","potentialAction":[{"@type":"SearchAction","target":{"@type":"EntryPoint","urlTemplate":"https:\/\/www.ull.es\/portal\/noticias\/?s={search_term_string}"},"query-input":"required name=search_term_string"}],"inLanguage":"es"},{"@type":"Person","@id":"https:\/\/www.ull.es\/portal\/noticias\/#\/schema\/person\/c3b2aa857797592927a03740d6664376","name":"prensa2","image":{"@type":"ImageObject","inLanguage":"es","@id":"https:\/\/www.ull.es\/portal\/noticias\/#\/schema\/person\/image\/","url":"https:\/\/secure.gravatar.com\/avatar\/b58f310a5de5feb33d1e026d2493f23c?s=96&d=mm&r=g","contentUrl":"https:\/\/secure.gravatar.com\/avatar\/b58f310a5de5feb33d1e026d2493f23c?s=96&d=mm&r=g","caption":"prensa2"},"url":"https:\/\/www.ull.es\/portal\/noticias\/author\/prensa2\/"}]}},"primary_category":{"id":345,"name":"Destacado","slug":"destacado","link":"https:\/\/www.ull.es\/portal\/noticias\/category\/destacado\/"},"featured_image_thumbnail_url":"https:\/\/www.ull.es\/portal\/noticias\/wp-content\/uploads\/sites\/13\/2022\/06\/Portada-libro-Patrimonio-cultural-genero-y-educacion-copia-300x205.jpg","_links":{"self":[{"href":"https:\/\/www.ull.es\/portal\/noticias\/wp-json\/wp\/v2\/posts\/63077"}],"collection":[{"href":"https:\/\/www.ull.es\/portal\/noticias\/wp-json\/wp\/v2\/posts"}],"about":[{"href":"https:\/\/www.ull.es\/portal\/noticias\/wp-json\/wp\/v2\/types\/post"}],"author":[{"embeddable":true,"href":"https:\/\/www.ull.es\/portal\/noticias\/wp-json\/wp\/v2\/users\/21"}],"replies":[{"embeddable":true,"href":"https:\/\/www.ull.es\/portal\/noticias\/wp-json\/wp\/v2\/comments?post=63077"}],"version-history":[{"count":1,"href":"https:\/\/www.ull.es\/portal\/noticias\/wp-json\/wp\/v2\/posts\/63077\/revisions"}],"predecessor-version":[{"id":63080,"href":"https:\/\/www.ull.es\/portal\/noticias\/wp-json\/wp\/v2\/posts\/63077\/revisions\/63080"}],"wp:featuredmedia":[{"embeddable":true,"href":"https:\/\/www.ull.es\/portal\/noticias\/wp-json\/wp\/v2\/media\/63078"}],"wp:attachment":[{"href":"https:\/\/www.ull.es\/portal\/noticias\/wp-json\/wp\/v2\/media?parent=63077"}],"wp:term":[{"taxonomy":"category","embeddable":true,"href":"https:\/\/www.ull.es\/portal\/noticias\/wp-json\/wp\/v2\/categories?post=63077"},{"taxonomy":"post_tag","embeddable":true,"href":"https:\/\/www.ull.es\/portal\/noticias\/wp-json\/wp\/v2\/tags?post=63077"}],"curies":[{"name":"wp","href":"https:\/\/api.w.org\/{rel}","templated":true}]}}